{"id":3569,"date":"2026-04-23T09:47:17","date_gmt":"2026-04-23T09:47:17","guid":{"rendered":"http:\/\/blog.primor.eu:\/?p=3569"},"modified":"2026-04-23T09:47:19","modified_gmt":"2026-04-23T09:47:19","slug":"ideas-regalar-dia-la-madre-sorprendela-los-clasicos","status":"publish","type":"post","link":"https:\/\/www.primor.eu\/blog\/ideas-regalar-dia-la-madre-sorprendela-los-clasicos\/","title":{"rendered":"7 ideas para regalar el D\u00eda de la Madre! Sorpr\u00e9ndela con los cl\u00e1sicos!"},"content":{"rendered":"\n<p>Llega ese d\u00eda en que es costumbre agasajar a nuestras madres, mimarlas y recordarles que las queremos, que las necesitamos y que son un pilar fundamental en nuestra vida: el <strong><a href=\"https:\/\/www.primor.eu\/blog\/dia-la-madre-nuestras-recomendaciones\/\" data-type=\"link\" data-id=\"https:\/\/www.primor.eu\/blog\/dia-la-madre-nuestras-recomendaciones\/\">D\u00eda de la Madre<\/a><\/strong> \u00bfA\u00fan no tienes claro qu\u00e9 regalarle? Sorpr\u00e9ndela con un cl\u00e1sico\u2026 NUNCA FALLAN! Un <strong>buen perfume<\/strong> es un acierto asegurado! Un aroma con el que se identifique, con lo que se sienta especial. Os damos algunas recomendaciones primorosas para este D\u00eda de la Madre!! Otra idea para demostrar cu\u00e1nto la quieres es regalarle lo mejor para su <strong>piel<\/strong> o <strong>maquillaje<\/strong> para verse bella como nunca. Tratamientos que la mimen y conviertan en un placer esos ratitos de cuidados personales.<\/p>\n\n\n\n<h2 class=\"wp-block-heading\">Los mejores perfumes para el D\u00eda de la Madre<\/h2>\n\n\n        <product-table class=\"pr-slider\">\r\n            <product-headers class=\"grid-table-rows\">\r\n                <div>Foto<\/div>\r\n                <div>Producto<\/div>\r\n                <div>Marca<\/div>\r\n                <div>Valoraciones<\/div>\r\n                <div>Precio<\/div>\r\n            <\/product-headers>\r\n\r\n            <product-list>\r\n                                    <a href=\"https:\/\/www.primor.eu\/es_es\/givenchy-irresistible-nude-velvet-eau-de-parfum-120406.html?#854=66583\" class=\"product-item grid-table-rows\" target=\"_blank\">\r\n                        <div>\r\n                            <img decoding=\"async\" class=\"product-img\" width=\"80px\" height=\"80px\" src=\"https:\/\/cdn2.primor.eu\/media\/catalog\/product\/cache\/8d3aba296f7a18b5251ee30fa5db42b2\/3\/2\/3274872479920_a61d.jpg\" alt=\"Irresistible Nude Velvet Eau de Parfum\">\r\n                        <\/div>\r\n\r\n                        <!-- Contenido de producto  -->\r\n                        <div>\r\n                            <div class=\"product-position\">\r\n                                #1 Top Ventas                            <\/div>\r\n\r\n                            <h2>\r\n                                Irresistible Nude Velvet Eau de Parfum                            <\/h2>\r\n                        <\/div>\r\n\r\n                        <!-- Imagen y\/o nombre de la marca -->\r\n                        <div>\r\n                                                            <img decoding=\"async\" width=\"70\" src=\"https:\/\/www.primor.eu\/media\/catalog\/category\/70_1.jpg\" alt=\"Givenchy\">\r\n                                                    <\/div>\r\n\r\n                        <!-- Puntuaci\u00f3n del producto  -->\r\n                        <div class=\"rating\">\r\n                                                            <div class=\"rate\" style=\"--p:98;\"><\/div>\r\n                                <b>4.9\/5<\/b>\r\n                                <div class=\"rate-stars\">\r\n                                                                            <div\r\n                                            class=\"rate-star  \">\r\n                                        <\/div>\r\n                                                                            <div\r\n                                            class=\"rate-star  \">\r\n                                        <\/div>\r\n                                                                            <div\r\n                                            class=\"rate-star  \">\r\n                                        <\/div>\r\n                                                                            <div\r\n                                            class=\"rate-star  \">\r\n                                        <\/div>\r\n                                                                            <div\r\n                                            class=\"rate-star  \">\r\n                                        <\/div>\r\n                                                                    <\/div>\r\n                                                    <\/div>\r\n\r\n                        <!-- Bot\u00f3n de producto  -->\r\n                        <div>\r\n                            <span class=\"price-claim\">\r\n                                VER PRECIO                            <\/span>\r\n                        <\/div>\r\n                    <\/a>\r\n                                    <a href=\"https:\/\/www.primor.eu\/es_es\/yves-saint-laurent-black-opium-perfume-de-mujer-111688.html?#854=66331\" class=\"product-item grid-table-rows\" target=\"_blank\">\r\n                        <div>\r\n                            <img decoding=\"async\" class=\"product-img\" width=\"80px\" height=\"80px\" src=\"https:\/\/cdn2.primor.eu\/media\/catalog\/product\/cache\/8d3aba296f7a18b5251ee30fa5db42b2\/4\/A\/4AF05045_1_9546.jpg\" alt=\"Black Opium - Perfume de mujer\">\r\n                        <\/div>\r\n\r\n                        <!-- Contenido de producto  -->\r\n                        <div>\r\n                            <div class=\"product-position\">\r\n                                #2                            <\/div>\r\n\r\n                            <h2>\r\n                                Black Opium - Perfume de mujer                            <\/h2>\r\n                        <\/div>\r\n\r\n                        <!-- Imagen y\/o nombre de la marca -->\r\n                        <div>\r\n                                                            <img decoding=\"async\" width=\"70\" src=\"https:\/\/www.primor.eu\/media\/catalog\/category\/yves.png\" alt=\"Yves Saint Laurent\">\r\n                                                    <\/div>\r\n\r\n                        <!-- Puntuaci\u00f3n del producto  -->\r\n                        <div class=\"rating\">\r\n                                                            <div class=\"rate\" style=\"--p:98;\"><\/div>\r\n                                <b>4.9\/5<\/b>\r\n                                <div class=\"rate-stars\">\r\n                                                                            <div\r\n                                            class=\"rate-star  \">\r\n                                        <\/div>\r\n                                                                            <div\r\n                                            class=\"rate-star  \">\r\n                                        <\/div>\r\n                                                                            <div\r\n                                            class=\"rate-star  \">\r\n                                        <\/div>\r\n                                                                            <div\r\n                                            class=\"rate-star  \">\r\n                                        <\/div>\r\n                                                                            <div\r\n                                            class=\"rate-star  \">\r\n                                        <\/div>\r\n                                                                    <\/div>\r\n                                                    <\/div>\r\n\r\n                        <!-- Bot\u00f3n de producto  -->\r\n                        <div>\r\n                            <span class=\"price-claim\">\r\n                                VER PRECIO                            <\/span>\r\n                        <\/div>\r\n                    <\/a>\r\n                                    <a href=\"https:\/\/www.primor.eu\/es_es\/gucci-gucci-flora-gorgeous-orchid-eau-de-parfum-113863.html?#863=67055\" class=\"product-item grid-table-rows\" target=\"_blank\">\r\n                        <div>\r\n                            <img decoding=\"async\" class=\"product-img\" width=\"80px\" height=\"80px\" src=\"https:\/\/cdn2.primor.eu\/media\/catalog\/product\/cache\/8d3aba296f7a18b5251ee30fa5db42b2\/M\/A\/MAIN_3616305169259_729b.jpeg\" alt=\"Gucci Flora Gorgeous Orchid Eau de Parfum\">\r\n                        <\/div>\r\n\r\n                        <!-- Contenido de producto  -->\r\n                        <div>\r\n                            <div class=\"product-position\">\r\n                                #3                            <\/div>\r\n\r\n                            <h2>\r\n                                Gucci Flora Gorgeous Orchid Eau de Parfum                            <\/h2>\r\n                        <\/div>\r\n\r\n                        <!-- Imagen y\/o nombre de la marca -->\r\n                        <div>\r\n                                                            <img decoding=\"async\" width=\"70\" src=\"https:\/\/www.primor.eu\/media\/catalog\/category\/GUCCI.png\" alt=\"Gucci\">\r\n                                                    <\/div>\r\n\r\n                        <!-- Puntuaci\u00f3n del producto  -->\r\n                        <div class=\"rating\">\r\n                                                            <div class=\"rate\" style=\"--p:98;\"><\/div>\r\n                                <b>4.9\/5<\/b>\r\n                                <div class=\"rate-stars\">\r\n                                                                            <div\r\n                                            class=\"rate-star  \">\r\n                                        <\/div>\r\n                                                                            <div\r\n                                            class=\"rate-star  \">\r\n                                        <\/div>\r\n                                                                            <div\r\n                                            class=\"rate-star  \">\r\n                                        <\/div>\r\n                                                                            <div\r\n                                            class=\"rate-star  \">\r\n                                        <\/div>\r\n                                                                            <div\r\n                                            class=\"rate-star  \">\r\n                                        <\/div>\r\n                                                                    <\/div>\r\n                                                    <\/div>\r\n\r\n                        <!-- Bot\u00f3n de producto  -->\r\n                        <div>\r\n                            <span class=\"price-claim\">\r\n                                VER PRECIO                            <\/span>\r\n                        <\/div>\r\n                    <\/a>\r\n                            <\/product-list>\r\n        <\/product-table>\r\n\r\n        \n\n\n\n<h3 class=\"wp-block-heading\">Irresistible Nude Velvet Eau de Parfum de Givenchy<\/h3>\n\n\n\n<p>Inicia con toques frescos de Neroli y leche de Almendra, fusionados con facetas almizcladas del absoluto de Ambrette. En su n\u00facleo, un d\u00fao magn\u00e9tico de Rosa Damascena y Agua de Rosas se realza con la elegancia del Iris. La base de Cedro y Almizcle deja una estela sofisticada y envolvente, creando una fragancia adictiva.<\/p>\n\n\n    <a class='product' target='_blank' href='https:\/\/www.primor.eu\/es_es\/givenchy-irresistible-nude-velvet-eau-de-parfum-120406.html?#854=66583'>\r\n        <img loading='async' src='https:\/\/cdn2.primor.eu\/media\/catalog\/product\/cache\/8d3aba296f7a18b5251ee30fa5db42b2\/3\/2\/3274872479920_a61d.jpg' alt='COMPRAR AHORA'>\r\n            <div class=\"claim\">\r\n                COMPRAR AHORA            <\/div>\r\n        <\/a>\r\n    \n\n\n<h3 class=\"wp-block-heading\">Black Opium - Perfume de mujer de Yves Saint Laurent<\/h3>\n\n\n\n<p>La esencia audaz de Yves Saint Laurent, captura la esencia adictiva y atrevida de la mujer contempor\u00e1nea. Empoderada y carism\u00e1tica, esta fragancia encarna la audacia y confianza en s\u00ed misma que define a la mujer moderna. Inspirada en el esp\u00edritu joven de YSL, la mujer Black Opium no solo es glamurosa, sino tambi\u00e9n impertinente, llevando consigo una feminidad que desaf\u00eda convenciones.<\/p>\n\n\n    <a class='product' target='_blank' href='https:\/\/www.primor.eu\/es_es\/yves-saint-laurent-black-opium-perfume-de-mujer-111688.html?#854=66331'>\r\n        <img loading='async' src='https:\/\/cdn2.primor.eu\/media\/catalog\/product\/cache\/8d3aba296f7a18b5251ee30fa5db42b2\/4\/A\/4AF05045_1_9546.jpg' alt='COMPRAR AHORA'>\r\n            <div class=\"claim\">\r\n                COMPRAR AHORA            <\/div>\r\n        <\/a>\r\n    \n\n\n<h3 class=\"wp-block-heading\">Flora Gorgeous Orchid Eau de Parfum de Gucci<\/h3>\n\n\n\n<p>Las vibrantes notas c\u00e1lidas de la vainilla de este perfume para ella se infunden con el fresco acorde de ozono marino para realzar la luminosa sensualidad de la orqu\u00eddea de vainilla en el coraz\u00f3n. Su estela adictiva y tentadora se levanta con un aire fresco y rompedor que crea el equilibrio perfecto entre la riqueza floral gourmand y una brisa vigorizante.<\/p>\n\n\n    <a class='product' target='_blank' href='https:\/\/www.primor.eu\/es_es\/gucci-gucci-flora-gorgeous-orchid-eau-de-parfum-113863.html?#863=67055'>\r\n        <img loading='async' src='https:\/\/cdn2.primor.eu\/media\/catalog\/product\/cache\/8d3aba296f7a18b5251ee30fa5db42b2\/M\/A\/MAIN_3616305169259_729b.jpeg' alt='COMPRAR AHORA'>\r\n            <div class=\"claim\">\r\n                COMPRAR AHORA            <\/div>\r\n        <\/a>\r\n    \n\n\n<h2 class=\"wp-block-heading\">Los mejores tratamientos de lujo para el D\u00eda de la Madre<\/h2>\n\n\n\n<h3 class=\"wp-block-heading\">Superdefense Corrector en Gel Anti-manchas SPF40 de Clinique<\/h3>\n\n\n\n<p>Este gel refrescante de textura sedosa proporciona una defensa total contra los efectos da\u00f1inos de los rayos del sol, ayudando a reactivar la piel instant\u00e1neamente y durante todo el d\u00eda. Con 12 horas de luminosidad y un aspecto descansado, el Superdefense Corrector en Gel Anti-manchas SPF40 de CLINIQUE no solo protege contra los da\u00f1os solares, sino que tambi\u00e9n corrige visiblemente los primeros signos de envejecimiento, iguala el tono de la piel y minimiza las l\u00edneas de expresi\u00f3n.<\/p>\n\n\n    <a class='product' target='_blank' href='https:\/\/www.primor.eu\/es_es\/clinique-superdefense-corrector-en-gel-anti-manchas-spf40-13746.html'>\r\n        <img loading='async' src='https:\/\/cdn2.primor.eu\/media\/catalog\/product\/cache\/8d3aba296f7a18b5251ee30fa5db42b2\/0\/T\/0TF18606_1_13be.jpg' alt='COMPRAR AHORA'>\r\n            <div class=\"claim\">\r\n                COMPRAR AHORA            <\/div>\r\n        <\/a>\r\n    \n\n\n<h3 class=\"wp-block-heading\">Kit Descubrimiento Baume-en-Eau \u00e0 la Rose Noire de Sisley<\/h3>\n\n\n\n<p>Adem\u00e1s, cuenta con la Masque Cr\u00e8me \u00e0 la Rose Noire de 10ml, una mascarilla rejuvenecedora que suaviza los rasgos al instante y revitaliza la piel.<\/p>\n\n\n\n<p>Por \u00faltimo, la Emulsion Exquise \u00e0 la Rose Noire de 15ml es una emulsi\u00f3n ultra-hidratante que proporciona un resplandor natural y la flexibilidad propia de una piel m\u00e1s joven.<\/p>\n\n\n    <a class='product' target='_blank' href='https:\/\/www.primor.eu\/es_es\/sisley-set-descubrimiento-baume-en-eau-a-la-rose-noire-138418.html'>\r\n        <img loading='async' src='https:\/\/cdn2.primor.eu\/media\/catalog\/product\/cache\/8d3aba296f7a18b5251ee30fa5db42b2\/3\/4\/3473311320292_1_19ce.png' alt='COMPRAR AHORA'>\r\n            <div class=\"claim\">\r\n                COMPRAR AHORA            <\/div>\r\n        <\/a>\r\n    \n\n\n<h2 class=\"wp-block-heading\">Los mejores productos de maquillaje para el D\u00eda de la Madre<\/h2>\n\n\n\n<h3 class=\"wp-block-heading\">Double Wear Base de Maquillaje de Larga Duraci\u00f3n SPF 10 de Est\u00e9e Lauder<\/h3>\n\n\n\n<p>Esta base de maquillaje de lujo proporciona una cobertura media, se adapta perfectamente a la piel y se siente ligera como el aire. Adem\u00e1s, regula el exceso de sebo en el rostro, brindando un acabado impecable. Con un factor de protecci\u00f3n solar SPF +10, protege la piel de los da\u00f1os causados por el sol.<\/p>\n\n\n    <a class='product' target='_blank' href='https:\/\/www.primor.eu\/es_es\/estee-lauder-double-wear-base-de-maquillaje-de-larga-duracion-spf-10-110639.html?#803=49845'>\r\n        <img loading='async' src='https:\/\/cdn2.primor.eu\/media\/catalog\/product\/cache\/8d3aba296f7a18b5251ee30fa5db42b2\/0\/M\/0MR00330_1_6455.jpg' alt='COMPRAR AHORA'>\r\n            <div class=\"claim\">\r\n                COMPRAR AHORA            <\/div>\r\n        <\/a>\r\n    \n\n\n<h3 class=\"wp-block-heading\">Joli Rouge Carcasa de Clarins<\/h3>\n\n\n\n<p>Con su estuche recargable, Joli Rouge se reinventa y se convierte en un gesto tan comprometido como elegante. M\u00e1s que un gesto de maquillaje, Joli Rouge se puede recargar y personalizar seg\u00fan tu estilo. La carcasa Joli Rouge est\u00e1 disponible en 3 colores: rojo, blanco y dorado. Puede rellenarlo a voluntad con el acabado y el tono que deseas.<\/p>\n\n\n    <a class='product' target='_blank' href='https:\/\/www.primor.eu\/es_es\/clarins-joli-rouge-carcasa-108572.html?#803=59020'>\r\n        <img loading='async' src='https:\/\/cdn2.primor.eu\/media\/catalog\/product\/cache\/8d3aba296f7a18b5251ee30fa5db42b2\/j\/o\/joli_rouge_carcasa_ebe1.jpg' alt='COMPRAR AHORA'>\r\n            <div class=\"claim\">\r\n                COMPRAR AHORA            <\/div>\r\n        <\/a>\r\n    \n\n<div class=\"kk-star-ratings kksr-auto kksr-align-center kksr-valign-bottom\"\n    data-payload='{&quot;align&quot;:&quot;center&quot;,&quot;id&quot;:&quot;3569&quot;,&quot;slug&quot;:&quot;default&quot;,&quot;valign&quot;:&quot;bottom&quot;,&quot;ignore&quot;:&quot;&quot;,&quot;reference&quot;:&quot;auto&quot;,&quot;class&quot;:&quot;&quot;,&quot;count&quot;:&quot;0&quot;,&quot;legendonly&quot;:&quot;&quot;,&quot;readonly&quot;:&quot;&quot;,&quot;score&quot;:&quot;0&quot;,&quot;starsonly&quot;:&quot;&quot;,&quot;best&quot;:&quot;5&quot;,&quot;gap&quot;:&quot;5&quot;,&quot;greet&quot;:&quot;Valora este art\u00edculo&quot;,&quot;legend&quot;:&quot;0\\\/5 - (0 votos)&quot;,&quot;size&quot;:&quot;24&quot;,&quot;title&quot;:&quot;7 ideas para regalar el D\u00eda de la Madre! Sorpr\u00e9ndela con los cl\u00e1sicos!&quot;,&quot;width&quot;:&quot;0&quot;,&quot;_legend&quot;:&quot;{score}\\\/{best} - ({count} {votes})&quot;,&quot;font_factor&quot;:&quot;1.25&quot;}'>\n            \n<div class=\"kksr-stars\">\n    \n<div class=\"kksr-stars-inactive\">\n            <div class=\"kksr-star\" data-star=\"1\" style=\"padding-right: 5px\">\n            \n\n<div class=\"kksr-icon\" style=\"width: 24px; height: 24px;\"><\/div>\n        <\/div>\n            <div class=\"kksr-star\" data-star=\"2\" style=\"padding-right: 5px\">\n            \n\n<div class=\"kksr-icon\" style=\"width: 24px; height: 24px;\"><\/div>\n        <\/div>\n            <div class=\"kksr-star\" data-star=\"3\" style=\"padding-right: 5px\">\n            \n\n<div class=\"kksr-icon\" style=\"width: 24px; height: 24px;\"><\/div>\n        <\/div>\n            <div class=\"kksr-star\" data-star=\"4\" style=\"padding-right: 5px\">\n            \n\n<div class=\"kksr-icon\" style=\"width: 24px; height: 24px;\"><\/div>\n        <\/div>\n            <div class=\"kksr-star\" data-star=\"5\" style=\"padding-right: 5px\">\n            \n\n<div class=\"kksr-icon\" style=\"width: 24px; height: 24px;\"><\/div>\n        <\/div>\n    <\/div>\n    \n<div class=\"kksr-stars-active\" style=\"width: 0px;\">\n            <div class=\"kksr-star\" style=\"padding-right: 5px\">\n            \n\n<div class=\"kksr-icon\" style=\"width: 24px; height: 24px;\"><\/div>\n        <\/div>\n            <div class=\"kksr-star\" style=\"padding-right: 5px\">\n            \n\n<div class=\"kksr-icon\" style=\"width: 24px; height: 24px;\"><\/div>\n        <\/div>\n            <div class=\"kksr-star\" style=\"padding-right: 5px\">\n            \n\n<div class=\"kksr-icon\" style=\"width: 24px; height: 24px;\"><\/div>\n        <\/div>\n            <div class=\"kksr-star\" style=\"padding-right: 5px\">\n            \n\n<div class=\"kksr-icon\" style=\"width: 24px; height: 24px;\"><\/div>\n        <\/div>\n            <div class=\"kksr-star\" style=\"padding-right: 5px\">\n            \n\n<div class=\"kksr-icon\" style=\"width: 24px; height: 24px;\"><\/div>\n        <\/div>\n    <\/div>\n<\/div>\n                \n\n<div class=\"kksr-legend\" style=\"font-size: 19.2px;\">\n            <span class=\"kksr-muted\">Valora este art\u00edculo<\/span>\n    <\/div>\n    <\/div>\n","protected":false},"excerpt":{"rendered":"<p>Llega ese d\u00eda en que es costumbre agasajar a nuestras madres, mimarlas y recordarles que las queremos, que las necesitamos y que son un pilar fundamental en nuestra vida: el D\u00eda de la Madre \u00bfA\u00fan no tienes claro qu\u00e9 regalarle? Sorpr\u00e9ndela con un cl\u00e1sico\u2026 NUNCA FALLAN! Un buen perfume es un acierto asegurado! Un aroma [&hellip;]<\/p>\n","protected":false},"author":14,"featured_media":118878,"comment_status":"open","ping_status":"open","sticky":false,"template":"","format":"standard","meta":{"jnews-multi-image_gallery":[],"jnews_single_post":{"format":"standard"},"jnews_primary_category":[],"jnews_social_meta":[],"jnews_override_counter":[],"footnotes":""},"categories":[351],"tags":[],"class_list":["post-3569","post","type-post","status-publish","format-standard","has-post-thumbnail","hentry","category-ideas-de-regalo"],"_links":{"self":[{"href":"https:\/\/www.primor.eu\/blog\/wp-json\/wp\/v2\/posts\/3569","targetHints":{"allow":["GET"]}}],"collection":[{"href":"https:\/\/www.primor.eu\/blog\/wp-json\/wp\/v2\/posts"}],"about":[{"href":"https:\/\/www.primor.eu\/blog\/wp-json\/wp\/v2\/types\/post"}],"author":[{"embeddable":true,"href":"https:\/\/www.primor.eu\/blog\/wp-json\/wp\/v2\/users\/14"}],"replies":[{"embeddable":true,"href":"https:\/\/www.primor.eu\/blog\/wp-json\/wp\/v2\/comments?post=3569"}],"version-history":[{"count":3,"href":"https:\/\/www.primor.eu\/blog\/wp-json\/wp\/v2\/posts\/3569\/revisions"}],"predecessor-version":[{"id":141728,"href":"https:\/\/www.primor.eu\/blog\/wp-json\/wp\/v2\/posts\/3569\/revisions\/141728"}],"wp:featuredmedia":[{"embeddable":true,"href":"https:\/\/www.primor.eu\/blog\/wp-json\/wp\/v2\/media\/118878"}],"wp:attachment":[{"href":"https:\/\/www.primor.eu\/blog\/wp-json\/wp\/v2\/media?parent=3569"}],"wp:term":[{"taxonomy":"category","embeddable":true,"href":"https:\/\/www.primor.eu\/blog\/wp-json\/wp\/v2\/categories?post=3569"},{"taxonomy":"post_tag","embeddable":true,"href":"https:\/\/www.primor.eu\/blog\/wp-json\/wp\/v2\/tags?post=3569"}],"curies":[{"name":"wp","href":"https:\/\/api.w.org\/{rel}","templated":true}]}}