{"id":35581,"date":"2023-07-27T02:35:13","date_gmt":"2023-07-27T02:35:13","guid":{"rendered":"https:\/\/blog.primor.eu\/?p=35581"},"modified":"2025-12-23T12:43:03","modified_gmt":"2025-12-23T12:43:03","slug":"mejores-serums-piel-mixta","status":"publish","type":"post","link":"https:\/\/www.primor.eu\/blog\/mejores-serums-piel-mixta\/","title":{"rendered":"Los 16 mejores s\u00e9rums para piel mixta"},"content":{"rendered":"\n<p>Sin duda, conocer el tipo de piel tenemos es fundamental para encontrar <a href=\"https:\/\/www.primor.eu\/blog\/piel-mixta-que-es-productos-cosmeticos\/\">los mejores productos para cuidarla<\/a> y as\u00ed poder sacarnos el m\u00e1ximo partido. No solo a nivel belleza: tambi\u00e9n a nivel salud. Esto es especialmente importante cuanto nuestra piel sufre ciertas peculiaridades que deben ser tratadas, si bien es cierto que una de las <strong><a href=\"https:\/\/www.primor.eu\/es_es\/hidratantes-y-nutritivas-lujo\" data-type=\"link\" data-id=\"https:\/\/www.primor.eu\/es_es\/hidratantes-y-nutritivas-lujo\">pieles <\/a><\/strong>m\u00e1s comunes (tanto en mujeres como hombres) es la piel mixta. Por ello, os queremos hablar de uno de los productos cruciales que deb\u00e9is incluir en vuestra rutina si ten\u00e9is este tipo de piel. Estos son los mejores s\u00e9rums para piel mixta.<\/p>\n\n\n\n<p>Y es que este tipo de pieles combinan <a href=\"https:\/\/www.primor.eu\/es_es\/limpiadoras-tonicos-lujo\" data-type=\"link\" data-id=\"https:\/\/www.primor.eu\/es_es\/limpiadoras-tonicos-lujo\">partes m\u00e1s grasas<\/a>, con zonas de piel m\u00e1s secas. Se trata, por tanto, de una piel que se caracteriza por tener la&nbsp; de frente, nariz y barbilla (zona T) con una tendencia grasa. Eso implica que (en mencionadas zonas), los poros suelen estar abiertos, con impurezas o brillos. No obstante, y como contraposici\u00f3n, la zona de las mejillas suele ser una piel normal, incluso con tendencia seca.<\/p>\n\n\n\n<h2 class=\"wp-block-heading\">\u00bfC\u00f3mo cuidar este tipo de piel y por qu\u00e9 se necesita un s\u00e9rum para piel mixta?<\/h2>\n\n\n\n<p>Todos queremos lucir una <strong>piel perfecta, <\/strong>radiante, luminosa, libre de imperfecciones\u2026 Y s\u00ed, es posible conseguir este objetivo <em>beauty<\/em> <strong>si sabemos c\u00f3mo cuidar la piel de forma adecuada<\/strong>.<\/p>\n\n\n\n<p>Al tener que cubrir las necesidades de dos tipolog\u00edas de piel a la vez, puede parecer que cuidar la piel mixta es algo dif\u00edcil debido a ese conflicto de intereses. A menudo se olvida la hidrataci\u00f3n como parte de la rutina para estas pieles, lo que supone un gran error.<\/p>\n\n\n\n<p>Las <strong>pieles mixtas <\/strong>precisan de una hidrataci\u00f3n que no engrase, para evitar que pueda deshidratarse (sobre todo, en la zona de las mejillas). Dado que los serums penetran hasta las capas m\u00e1s profundas de la piel, haciendo que sus nutrientes sean m\u00e1s efectivos, son un gran aliado para las pieles mixtas.<\/p>\n\n\n\n<p>Por ello, incluir un s\u00e9rum para piel mixta en tu rutina es la clave para lucir una piel sana y bonita, evitando el conflicto de intereses que puede ocasionar las dos tipolog\u00edas de piel que habitan en tu rostro.<\/p>\n\n\n\n<h2 class=\"wp-block-heading\">Serum para piel mixta: el cosm\u00e9tico que no puede faltar en tu neceser<\/h2>\n\n\n        <product-table class=\"pr-slider\">\r\n            <product-headers class=\"grid-table-rows\">\r\n                <div>Foto<\/div>\r\n                <div>Producto<\/div>\r\n                <div>Marca<\/div>\r\n                <div>Valoraciones<\/div>\r\n                <div>Precio<\/div>\r\n            <\/product-headers>\r\n\r\n            <product-list>\r\n                                    <a href=\"https:\/\/www.primor.eu\/es_es\/arganour-velvet-serum-minimizador-de-poros-103910.html\" class=\"product-item grid-table-rows\" target=\"_blank\">\r\n                        <div>\r\n                            <img decoding=\"async\" class=\"product-img\" width=\"80px\" height=\"80px\" src=\"https:\/\/cdn2.primor.eu\/media\/catalog\/product\/cache\/8d3aba296f7a18b5251ee30fa5db42b2\/8\/4\/8435438601529_48a2.png\" alt=\"Velvet S\u00e9rum Minimizador De Poros\">\r\n                        <\/div>\r\n\r\n                        <!-- Contenido de producto  -->\r\n                        <div>\r\n                            <div class=\"product-position\">\r\n                                #1 Top Ventas                            <\/div>\r\n\r\n                            <h2>\r\n                                Velvet S\u00e9rum Minimizador De Poros                            <\/h2>\r\n                        <\/div>\r\n\r\n                        <!-- Imagen y\/o nombre de la marca -->\r\n                        <div>\r\n                                                            <img decoding=\"async\" width=\"70\" src=\"https:\/\/www.primor.eu\/media\/catalog\/category\/arganour.jpg\" alt=\"\">\r\n                                                    <\/div>\r\n\r\n                        <!-- Puntuaci\u00f3n del producto  -->\r\n                        <div class=\"rating\">\r\n                                                            <p>No hay valoraciones disponibles<\/p>\r\n                                                    <\/div>\r\n\r\n                        <!-- Bot\u00f3n de producto  -->\r\n                        <div>\r\n                            <span class=\"price-claim\">\r\n                                VER PRECIO                            <\/span>\r\n                        <\/div>\r\n                    <\/a>\r\n                                    <a href=\"https:\/\/www.primor.eu\/es_es\/sesderma-salises-gel-hidratante-13877.html\" class=\"product-item grid-table-rows\" target=\"_blank\">\r\n                        <div>\r\n                            <img decoding=\"async\" class=\"product-img\" width=\"80px\" height=\"80px\" src=\"https:\/\/cdn2.primor.eu\/media\/catalog\/product\/cache\/8d3aba296f7a18b5251ee30fa5db42b2\/6\/X\/6XS11106_1_f5a5.jpg\" alt=\"Salises Gel Hidratante\">\r\n                        <\/div>\r\n\r\n                        <!-- Contenido de producto  -->\r\n                        <div>\r\n                            <div class=\"product-position\">\r\n                                #2                            <\/div>\r\n\r\n                            <h2>\r\n                                Salises Gel Hidratante                            <\/h2>\r\n                        <\/div>\r\n\r\n                        <!-- Imagen y\/o nombre de la marca -->\r\n                        <div>\r\n                                                            <img decoding=\"async\" width=\"70\" src=\"https:\/\/www.primor.eu\/media\/catalog\/category\/sesderma.jpg\" alt=\"\">\r\n                                                    <\/div>\r\n\r\n                        <!-- Puntuaci\u00f3n del producto  -->\r\n                        <div class=\"rating\">\r\n                                                            <div class=\"rate\" style=\"--p:96;\"><\/div>\r\n                                <b>4.8\/5<\/b>\r\n                                <div class=\"rate-stars\">\r\n                                                                            <div\r\n                                            class=\"rate-star  \">\r\n                                        <\/div>\r\n                                                                            <div\r\n                                            class=\"rate-star  \">\r\n                                        <\/div>\r\n                                                                            <div\r\n                                            class=\"rate-star  \">\r\n                                        <\/div>\r\n                                                                            <div\r\n                                            class=\"rate-star  \">\r\n                                        <\/div>\r\n                                                                            <div\r\n                                            class=\"rate-star  \">\r\n                                        <\/div>\r\n                                                                    <\/div>\r\n                                                    <\/div>\r\n\r\n                        <!-- Bot\u00f3n de producto  -->\r\n                        <div>\r\n                            <span class=\"price-claim\">\r\n                                VER PRECIO                            <\/span>\r\n                        <\/div>\r\n                    <\/a>\r\n                                    <a href=\"https:\/\/www.primor.eu\/es_es\/it-s-skin-power-10-formula-ve-effector-nutri-knight-esencia-nutritiva-100877.html\" class=\"product-item grid-table-rows\" target=\"_blank\">\r\n                        <div>\r\n                            <img decoding=\"async\" class=\"product-img\" width=\"80px\" height=\"80px\" src=\"https:\/\/cdn2.primor.eu\/media\/catalog\/product\/cache\/8d3aba296f7a18b5251ee30fa5db42b2\/I\/T\/ITS037_8809663574932__1__fe5f.jpg\" alt=\"Power 10 Formula VE Effector Nutri Knight Esencia Nutritiva\">\r\n                        <\/div>\r\n\r\n                        <!-- Contenido de producto  -->\r\n                        <div>\r\n                            <div class=\"product-position\">\r\n                                #3                            <\/div>\r\n\r\n                            <h2>\r\n                                Power 10 Formula VE Effector Nutri Knight Esencia Nutritiva                            <\/h2>\r\n                        <\/div>\r\n\r\n                        <!-- Imagen y\/o nombre de la marca -->\r\n                        <div>\r\n                                                            <img decoding=\"async\" width=\"70\" src=\"https:\/\/www.primor.eu\/media\/catalog\/category\/It_s_Skin.jpg\" alt=\"\">\r\n                                                    <\/div>\r\n\r\n                        <!-- Puntuaci\u00f3n del producto  -->\r\n                        <div class=\"rating\">\r\n                                                            <div class=\"rate\" style=\"--p:100;\"><\/div>\r\n                                <b>5\/5<\/b>\r\n                                <div class=\"rate-stars\">\r\n                                                                            <div\r\n                                            class=\"rate-star  \">\r\n                                        <\/div>\r\n                                                                            <div\r\n                                            class=\"rate-star  \">\r\n                                        <\/div>\r\n                                                                            <div\r\n                                            class=\"rate-star  \">\r\n                                        <\/div>\r\n                                                                            <div\r\n                                            class=\"rate-star  \">\r\n                                        <\/div>\r\n                                                                            <div\r\n                                            class=\"rate-star  \">\r\n                                        <\/div>\r\n                                                                    <\/div>\r\n                                                    <\/div>\r\n\r\n                        <!-- Bot\u00f3n de producto  -->\r\n                        <div>\r\n                            <span class=\"price-claim\">\r\n                                VER PRECIO                            <\/span>\r\n                        <\/div>\r\n                    <\/a>\r\n                                    <a href=\"https:\/\/www.primor.eu\/es_es\/delia-serum-niacinamida-10-zinc-para-rostro-cuello-y-escote-18069.html\" class=\"product-item grid-table-rows\" target=\"_blank\">\r\n                        <div>\r\n                            <img decoding=\"async\" class=\"product-img\" width=\"80px\" height=\"80px\" src=\"https:\/\/cdn2.primor.eu\/media\/catalog\/product\/cache\/8d3aba296f7a18b5251ee30fa5db42b2\/0\/T\/0TF22115_1_25fb.jpg\" alt=\"S\u00e9rum Niacinamida 10% + Zinc para Rostro, Cuello y Escote\">\r\n                        <\/div>\r\n\r\n                        <!-- Contenido de producto  -->\r\n                        <div>\r\n                            <div class=\"product-position\">\r\n                                #4                            <\/div>\r\n\r\n                            <h2>\r\n                                S\u00e9rum Niacinamida 10% + Zinc para Rostro, Cuello y Escote                            <\/h2>\r\n                        <\/div>\r\n\r\n                        <!-- Imagen y\/o nombre de la marca -->\r\n                        <div>\r\n                                                            <img decoding=\"async\" width=\"70\" src=\"https:\/\/www.primor.eu\/media\/catalog\/category\/Delia_767_413.jpg\" alt=\"\">\r\n                                                    <\/div>\r\n\r\n                        <!-- Puntuaci\u00f3n del producto  -->\r\n                        <div class=\"rating\">\r\n                                                            <div class=\"rate\" style=\"--p:96;\"><\/div>\r\n                                <b>4.8\/5<\/b>\r\n                                <div class=\"rate-stars\">\r\n                                                                            <div\r\n                                            class=\"rate-star  \">\r\n                                        <\/div>\r\n                                                                            <div\r\n                                            class=\"rate-star  \">\r\n                                        <\/div>\r\n                                                                            <div\r\n                                            class=\"rate-star  \">\r\n                                        <\/div>\r\n                                                                            <div\r\n                                            class=\"rate-star  \">\r\n                                        <\/div>\r\n                                                                            <div\r\n                                            class=\"rate-star  \">\r\n                                        <\/div>\r\n                                                                    <\/div>\r\n                                                    <\/div>\r\n\r\n                        <!-- Bot\u00f3n de producto  -->\r\n                        <div>\r\n                            <span class=\"price-claim\">\r\n                                VER PRECIO                            <\/span>\r\n                        <\/div>\r\n                    <\/a>\r\n                                    <a href=\"https:\/\/www.primor.eu\/es_es\/vichy-normaderm-serum-anti-imperfecciones-56412.html\" class=\"product-item grid-table-rows\" target=\"_blank\">\r\n                        <div>\r\n                            <img decoding=\"async\" class=\"product-img\" width=\"80px\" height=\"80px\" src=\"https:\/\/cdn2.primor.eu\/media\/catalog\/product\/cache\/8d3aba296f7a18b5251ee30fa5db42b2\/3\/3\/3337875791984_ee0d.jpg\" alt=\"Normaderm Serum Anti-Imperfecciones\">\r\n                        <\/div>\r\n\r\n                        <!-- Contenido de producto  -->\r\n                        <div>\r\n                            <div class=\"product-position\">\r\n                                #5                            <\/div>\r\n\r\n                            <h2>\r\n                                Normaderm Serum Anti-Imperfecciones                            <\/h2>\r\n                        <\/div>\r\n\r\n                        <!-- Imagen y\/o nombre de la marca -->\r\n                        <div>\r\n                                                            <img decoding=\"async\" width=\"70\" src=\"https:\/\/www.primor.eu\/media\/catalog\/category\/vichy.png\" alt=\"\">\r\n                                                    <\/div>\r\n\r\n                        <!-- Puntuaci\u00f3n del producto  -->\r\n                        <div class=\"rating\">\r\n                                                            <div class=\"rate\" style=\"--p:100;\"><\/div>\r\n                                <b>5\/5<\/b>\r\n                                <div class=\"rate-stars\">\r\n                                                                            <div\r\n                                            class=\"rate-star  \">\r\n                                        <\/div>\r\n                                                                            <div\r\n                                            class=\"rate-star  \">\r\n                                        <\/div>\r\n                                                                            <div\r\n                                            class=\"rate-star  \">\r\n                                        <\/div>\r\n                                                                            <div\r\n                                            class=\"rate-star  \">\r\n                                        <\/div>\r\n                                                                            <div\r\n                                            class=\"rate-star  \">\r\n                                        <\/div>\r\n                                                                    <\/div>\r\n                                                    <\/div>\r\n\r\n                        <!-- Bot\u00f3n de producto  -->\r\n                        <div>\r\n                            <span class=\"price-claim\">\r\n                                VER PRECIO                            <\/span>\r\n                        <\/div>\r\n                    <\/a>\r\n                            <\/product-list>\r\n        <\/product-table>\r\n\r\n        \n\n\n\n<h3 class=\"wp-block-heading\">Velvet S\u00e9rum Minimizador De Poros de Arganour<\/h3>\n\n\n\n<p>Los poros, esenciales para segregar sebo y liberar sudor, pueden volverse m\u00e1s visibles debido al exceso de producci\u00f3n de sebo (especialmente en pieles mixtas y grasas), la p\u00e9rdida de col\u00e1geno con la edad, o la inflamaci\u00f3n y oscurecimiento de los poros. Velvet, un s\u00e9rum natural, est\u00e1 formulado para abordar las cinco principales preocupaciones relacionadas con los poros: tama\u00f1o, dilataci\u00f3n, inflamaci\u00f3n, color y exceso de sebo. Este s\u00e9rum combina los conocimientos de la medicina tradicional china y africana, utilizando activos como el almid\u00f3n de arroz, la cowherb y el baobab, todos ellos con eficacia comprobada. Dermatol\u00f3gicamente testado.<\/p>\n\n\n    <a class='product' target='_blank' href='https:\/\/www.primor.eu\/es_es\/arganour-velvet-serum-minimizador-de-poros-103910.html'>\r\n        <img loading='async' src='https:\/\/cdn2.primor.eu\/media\/catalog\/product\/cache\/8d3aba296f7a18b5251ee30fa5db42b2\/8\/4\/8435438601529_48a2.png' alt='COMPRAR AHORA'>\r\n            <div class=\"claim\">\r\n                COMPRAR AHORA            <\/div>\r\n        <\/a>\r\n    \n\n\n\n<h3 class=\"wp-block-heading\">Salises Gel Hidratante de Sesderma<\/h3>\n\n\n\n<p>Hidrataci\u00f3n y tratamiento para pieles mixtas con tendencia acneica.<\/p>\n\n\n\n<p>Enriquecida con \u00e1cido salic\u00edlico, Salises Gel Hidratante de Sesderma produce una exfoliaci\u00f3n eficiente en la superficie de la piel, evitando la retenci\u00f3n de sebo, eliminando impurezas y estimulando la renovaci\u00f3n celular. Regula el exceso de grasa (Sebo-rregulador). El Complejo Seborregulador y las sales de zinc reducen la producci\u00f3n de grasa. Es astringente y proporciona un efecto mate a la piel. Calma y reduce la irritaci\u00f3n. La Niacinamida, el Aloe Vera y los extractos de plantas reducen la inflamaci\u00f3n, hidratan y previenen el envejecimiento.<\/p>\n\n\n    <a class='product' target='_blank' href='https:\/\/www.primor.eu\/es_es\/sesderma-salises-gel-hidratante-13877.html'>\r\n        <img loading='async' src='https:\/\/cdn2.primor.eu\/media\/catalog\/product\/cache\/8d3aba296f7a18b5251ee30fa5db42b2\/6\/X\/6XS11106_1_f5a5.jpg' alt='COMPRAR AHORA'>\r\n            <div class=\"claim\">\r\n                COMPRAR AHORA            <\/div>\r\n        <\/a>\r\n    \n\n\n\n<h3 class=\"wp-block-heading\">Power 10 Formula VE Effector Nutri Knight Esencia Nutritiva de It's Skin<\/h3>\n\n\n\n<p>La f\u00f3rmula l\u00edquida del serum nutritivo IT'S SKIN Power 10 Formula VE Effector previene la irritaci\u00f3n, proporcionando un acabado refrescante. Este serum nutritivo es imprescindible para quienes buscan mejorar la salud y apariencia de su piel, asegurando hidrataci\u00f3n y nutrici\u00f3n profunda.<\/p>\n\n\n    <a class='product' target='_blank' href='https:\/\/www.primor.eu\/es_es\/it-s-skin-power-10-formula-ve-effector-nutri-knight-esencia-nutritiva-100877.html'>\r\n        <img loading='async' src='https:\/\/cdn2.primor.eu\/media\/catalog\/product\/cache\/8d3aba296f7a18b5251ee30fa5db42b2\/I\/T\/ITS037_8809663574932__1__fe5f.jpg' alt='COMPRAR AHORA'>\r\n            <div class=\"claim\">\r\n                COMPRAR AHORA            <\/div>\r\n        <\/a>\r\n    \n\n\n\n<h3 class=\"wp-block-heading\">S\u00e9rum Niacinamida 10% + Zinc para Rostro, Cuello y Escote de Delia&nbsp;<\/h3>\n\n\n\n<p>Es ideal para pieles grasas y mixtas. Est\u00e1 compuesto por Vitamina E y Aloe Vera, e hidrata, disminuye las manchas de la piel, ayuda a regular el sebo, minimiza los poros y, adem\u00e1s, unifica el tono.<\/p>\n\n\n    <a class='product' target='_blank' href='https:\/\/www.primor.eu\/es_es\/delia-serum-niacinamida-10-zinc-para-rostro-cuello-y-escote-18069.html'>\r\n        <img loading='async' src='https:\/\/cdn2.primor.eu\/media\/catalog\/product\/cache\/8d3aba296f7a18b5251ee30fa5db42b2\/0\/T\/0TF22115_1_25fb.jpg' alt='COMPRAR AHORA'>\r\n            <div class=\"claim\">\r\n                COMPRAR AHORA            <\/div>\r\n        <\/a>\r\n    \n\n\n\n<h3 class=\"wp-block-heading\">Normaderm Serum Antiimperfecciones de Vichy<\/h3>\n\n\n\n<p>Elaborado para corregir las imperfecciones de la piel provocadas por el acn\u00e9 y la piel grasa, est\u00e1 formulado con un 5% de activos exfoliantes (Salic\u00edlico + Glic\u00f3lico) en conjunto con fracciones prebi\u00f3ticas y agua volc\u00e1nica de Vichy, para reducir las imperfecciones a la vez que repara y fortalece la piel.\u200b<\/p>\n\n\n    <a class='product' target='_blank' href='https:\/\/www.primor.eu\/es_es\/vichy-normaderm-serum-anti-imperfecciones-56412.html'>\r\n        <img loading='async' src='https:\/\/cdn2.primor.eu\/media\/catalog\/product\/cache\/8d3aba296f7a18b5251ee30fa5db42b2\/3\/3\/3337875791984_ee0d.jpg' alt='COMPRAR AHORA'>\r\n            <div class=\"claim\">\r\n                COMPRAR AHORA            <\/div>\r\n        <\/a>\r\n    \n\n\n\n<h3 class=\"wp-block-heading\">HF Epigenetic Serum de Eucerin<\/h3>\n\n\n\n<p>Despu\u00e9s de 15 a\u00f1os de investigaci\u00f3n epigen\u00e9tica, Eucerin ha descubierto c\u00f3mo reactivar estos genes de juventud bas\u00e1ndose en la tecnolog\u00eda \"Age Clock\" Patentada: Epicelline reactiva los genes de juventud de la piel y favorece el rejuvenecimiento de las c\u00e9lulas de la piel. Este modo de acci\u00f3n logra que la apariencia de la piel sea m\u00e1s joven y revierte 10 signos de envejecimiento, lo que lleva a resultados visibles en: Firmeza, Efecto lifting, Reducci\u00f3n de arrugas, Reducci\u00f3n de l\u00edneas de expresi\u00f3n, Contorno terso, Hidrataci\u00f3n, Piel radiante, Rejuvenecimiento, Piel uniforme y Suaviza la piel.<\/p>\n\n\n    <a class='product' target='_blank' href='https:\/\/www.primor.eu\/es_es\/eucerin-hf-epigenetic-serum-113704.html?#863=67055'>\r\n        <img loading='async' src='https:\/\/cdn2.primor.eu\/media\/catalog\/product\/cache\/8d3aba296f7a18b5251ee30fa5db42b2\/2\/_\/2_3f20.png' alt='COMPRAR AHORA'>\r\n            <div class=\"claim\">\r\n                COMPRAR AHORA            <\/div>\r\n        <\/a>\r\n    \n\n\n\n<h3 class=\"wp-block-heading\">S\u00e9rum Antimanchas con Niacinamida de Byphasse<\/h3>\n\n\n\n<p>Este serum antimanchas de BYPHASSE est\u00e1 formulado con niacinamida, \u00e1cido hialur\u00f3nico, provitamina B5 y vitamina E, ofreciendo propiedades unificantes y antioxidantes para revitalizar tu piel. La f\u00f3rmula del BYPHASSE S\u00e9rum Antimanchas con Niacinamida proporciona hidrataci\u00f3n durante 24 horas y ayuda a prevenir la aparici\u00f3n de nuevas manchas.<\/p>\n\n\n    <a class='product' target='_blank' href='https:\/\/www.primor.eu\/es_es\/byphasse-serum-antimanchas-con-niacinamida-113783.html'>\r\n        <img loading='async' src='https:\/\/cdn2.primor.eu\/media\/catalog\/product\/cache\/8d3aba296f7a18b5251ee30fa5db42b2\/8\/4\/8436097096428_preview_rev_1_a5d5.png' alt='COMPRAR AHORA'>\r\n            <div class=\"claim\">\r\n                COMPRAR AHORA            <\/div>\r\n        <\/a>\r\n    \n\n\n\n<h3 class=\"wp-block-heading\">Double Serum de Clarins<\/h3>\n\n\n\n<p>El nuevo Double Serum tiene el poder de cambiar el futuro de la piel, gracias a sus d\u00faos reforzados \"planta-mol\u00e9cula\" que act\u00faan sobre el envejecimiento cronol\u00f3gico de la piel y a su innovadora tecnolog\u00eda de Defensa epi-envejecimiento que ayuda a neutralizar el 100% del envejecimiento causado por el etilo de vida.<\/p>\n\n\n    <a class='product' target='_blank' href='https:\/\/www.primor.eu\/es_es\/clarins-double-serum-light-texture-125122.html?#854=66330'>\r\n        <img loading='async' src='https:\/\/cdn2.primor.eu\/media\/catalog\/product\/cache\/8d3aba296f7a18b5251ee30fa5db42b2\/3\/6\/3666057300424_a7fd.jpg' alt='COMPRAR AHORA'>\r\n            <div class=\"claim\">\r\n                COMPRAR AHORA            <\/div>\r\n        <\/a>\r\n    \n\n\n\n<h3 class=\"wp-block-heading\">Serum Facial Nutritivo Anti-Oxidant Nourishing Milk Serum de Petite Maison<\/h3>\n\n\n\n<p>La f\u00f3rmula enriquecida con aceites naturales y extractos bot\u00e1nicos del serum nutritivo PETITE MAISON proporciona una hidrataci\u00f3n intensa y duradera, dejando la piel suave y flexible. Adem\u00e1s, ayuda a revitalizar la piel cansada y opaca, promoviendo una apariencia fresca y rejuvenecida.<\/p>\n\n\n    <a class='product' target='_blank' href='https:\/\/www.primor.eu\/es_es\/petite-maison-serum-facial-nutritivo-anti-oxidant-nourishing-milk-serum-100500.html'>\r\n        <img loading='async' src='https:\/\/cdn2.primor.eu\/media\/catalog\/product\/cache\/8d3aba296f7a18b5251ee30fa5db42b2\/8\/6\/8699954705646_ebf6.jpg' alt='COMPRAR AHORA'>\r\n            <div class=\"claim\">\r\n                COMPRAR AHORA            <\/div>\r\n        <\/a>\r\n    \n\n\n\n<h3 class=\"wp-block-heading\">Age-Defying Radiance Serum de The Conscious<\/h3>\n\n\n\n<p>S\u00e9rum facial iluminador con vitamina C antienvejecimiento y lim\u00f3n org\u00e1nico para ayudar a iluminar la apariencia de la piel, combatir las arrugas, las manchas oscuras e iluminar la opacidad para lograr un cutis m\u00e1s firme, radiante y uniforme.<\/p>\n\n\n\n<p>Testado dermatol\u00f3gicamente, formulaci\u00f3n cl\u00ednica y natural con refrescante Aceite de Lim\u00f3n procedente de agricultura ecol\u00f3gica.<\/p>\n\n\n\n<p>La vitamina C ilumina el tono de la piel y reduce la apariencia de los signos del envejecimiento.<\/p>\n\n\n\n<p>Cruelty Free - No probado en animales. Dermatol\u00f3gicamente comprobado.<\/p>\n\n\n\n<p>Apto para todo tipo de pieles; perfecto para pieles normales, mixtas y grasas.<\/p>\n\n\n\n<p>Est\u00e1 formulado sin: parabenos, microperlas de pl\u00e1stico, sulfatos SLS (lauril sulfato de sodio) y SLES, formaldeh\u00eddos, ftalatos, aceite mineral, oxibenzona, hidroquinona, triclos\u00e1n, triclocarb\u00e1n.<\/p>\n\n\n    <a class='product' target='_blank' href='https:\/\/www.primor.eu\/es_es\/the-conscious-age-defying-radiance-serum-17419.html'>\r\n        <img loading='async' src='https:\/\/cdn2.primor.eu\/media\/catalog\/product\/cache\/8d3aba296f7a18b5251ee30fa5db42b2\/0\/T\/0TF21448_1_b0df.jpg' alt='COMPRAR AHORA'>\r\n            <div class=\"claim\">\r\n                COMPRAR AHORA            <\/div>\r\n        <\/a>\r\n    \n\n\n\n<h3 class=\"wp-block-heading\">Bright Reveal S\u00e9rum con Niacinamida Anti Manchas de L'Or\u00e9al Par\u00eds<\/h3>\n\n\n\n<p>Adem\u00e1s de combatir la hiperpigmentaci\u00f3n y el tono desigual, el s\u00e9rum Bright Reveal de L'OREAL PARIS revitaliza la apariencia de la piel. Su concentraci\u00f3n del 10% de niacinamida, junto con activos hidratantes y antienvejecimiento, asegura resultados visibles en todos los tonos y tipos de piel, haciendo que las manchas oscuras sean cosa del pasado.<\/p>\n\n\n    <a class='product' target='_blank' href='https:\/\/www.primor.eu\/es_es\/l-oreal-paris-bright-reveal-serum-con-niacinamida-anti-manchas-94465.html'>\r\n        <img loading='async' src='https:\/\/cdn2.primor.eu\/media\/catalog\/product\/cache\/8d3aba296f7a18b5251ee30fa5db42b2\/3\/6\/3600524119867_1_4a05.jpg' alt='COMPRAR AHORA'>\r\n            <div class=\"claim\">\r\n                COMPRAR AHORA            <\/div>\r\n        <\/a>\r\n    \n\n\n\n<h3 class=\"wp-block-heading\">Serum Antiedad Advanced Night Repair Serum de Est\u00e9e Lauder<\/h3>\n\n\n\n<p>Su f\u00f3rmula est\u00e1 enriquecida con \u00c1cido Hialur\u00f3nico, que tiene la capacidad de retener la hidrataci\u00f3n de la piel durante hasta 72 horas. Esto previene la sequedad y la sensaci\u00f3n de tirantez, al mismo tiempo que potencia la capacidad de reparaci\u00f3n natural de la dermis. Adem\u00e1s, su poder antioxidante ilumina la piel, fortalece su barrera protectora, elimina manchas y fomenta la producci\u00f3n natural de col\u00e1geno y elastina.<\/p>\n\n\n    <a class='product' target='_blank' href='https:\/\/www.primor.eu\/es_es\/estee-lauder-serum-antiedad-advanced-night-repair-serum-106279.html?#854=66330'>\r\n        <img loading='async' src='https:\/\/cdn2.primor.eu\/media\/catalog\/product\/cache\/8d3aba296f7a18b5251ee30fa5db42b2\/0\/T\/0TF18833_1_ca29.jpg' alt='COMPRAR AHORA'>\r\n            <div class=\"claim\">\r\n                COMPRAR AHORA            <\/div>\r\n        <\/a>\r\n    \n\n\n\n<h3 class=\"wp-block-heading\">Serum Facial Oleoso Piel Mixta y Grasa de Arganour<\/h3>\n\n\n\n<p>El s\u00e9rum facial oleoso para piel grasa y mixta est\u00e1 certificado como vegano y cruelty-free por CAAE y ecol\u00f3gico por Cosmos Ecocert, lo que garantiza la calidad del producto y respalda el compromiso con la cosm\u00e9tica de origen 100% natural.<\/p>\n\n\n    <a class='product' target='_blank' href='https:\/\/www.primor.eu\/es_es\/arganour-serum-facial-piel-grasa-14572.html'>\r\n        <img loading='async' src='https:\/\/cdn2.primor.eu\/media\/catalog\/product\/cache\/8d3aba296f7a18b5251ee30fa5db42b2\/8\/4\/8435438600430_5aef.png' alt='COMPRAR AHORA'>\r\n            <div class=\"claim\">\r\n                COMPRAR AHORA            <\/div>\r\n        <\/a>\r\n    \n\n\n\n<h3 class=\"wp-block-heading\">S.O.S S\u00e9rum Facial Recuperaci\u00f3n de Manchas de Biov\u00e8ne<\/h3>\n\n\n\n<p>S.O.S Emergency Blemish-Recovery s\u00e9rum facial de tratamiento con \u00e1cidos AHA + BHA exfoliantes y aceite de \u00c1rbol de T\u00e9 Org\u00e1nico indicado para pieles grasas y mixtas, propensas a las imperfecciones y poros obstruidos y puntos negros.<\/p>\n\n\n\n<p>Principales beneficios:<\/p>\n\n\n\n<ul class=\"wp-block-list\">\n<li>Aclara la piel.<\/li>\n\n\n\n<li>Equilibra.<\/li>\n\n\n\n<li>Minimiza los poros.<\/li>\n\n\n\n<li>Lucha contra las imperfecciones.<\/li>\n\n\n\n<li>Reduce la grasa.<\/li>\n<\/ul>\n\n\n\n<p>Cruelty Free - No probado en animales.<\/p>\n\n\n    <a class='product' target='_blank' href='https:\/\/www.primor.eu\/es_es\/biovene-s-o-s-serum-facial-recuperacion-de-manchas-72301.html'>\r\n        <img loading='async' src='https:\/\/cdn2.primor.eu\/media\/catalog\/product\/cache\/8d3aba296f7a18b5251ee30fa5db42b2\/0\/T\/0TF23363_1_65b6.jpg' alt='COMPRAR AHORA'>\r\n            <div class=\"claim\">\r\n                COMPRAR AHORA            <\/div>\r\n        <\/a>\r\n    \n\n\n\n<h3 class=\"wp-block-heading\">Serum \u00c1rbol de T\u00e9 de Iunik<\/h3>\n\n\n\n<p>Es un s\u00e9rum a base de \u00c1rbol de T\u00e9 al 67% , dise\u00f1ado para tratar las pieles grasas, mixtas con acn\u00e9, gracias a las propiedades antiinflamatorias y antis\u00e9pticas de la planta. El suero hidrata y nutre la piel, asegurando frescura y sin obstrucciones en los poros. Tambi\u00e9n es ideal para hidratar y refrescar todo tipo de pieles durante la \u00e9poca estival cuando la piel no aguanta la pesadez de las cremas.<\/p>\n\n\n    <a class='product' target='_blank' href='https:\/\/www.primor.eu\/es_es\/iunik-serum-arbol-de-te-84497.html'>\r\n        <img loading='async' src='https:\/\/cdn2.primor.eu\/media\/catalog\/product\/cache\/8d3aba296f7a18b5251ee30fa5db42b2\/i\/u\/iunik_tee_tree_relief_serum_50ml_9a89.jpg' alt='COMPRAR AHORA'>\r\n            <div class=\"claim\">\r\n                COMPRAR AHORA            <\/div>\r\n        <\/a>\r\n    \n\n\n\n<h3 class=\"wp-block-heading\">Pore Tightening S\u00e9rum en Ampolla de One Day's You<\/h3>\n\n\n\n<p>Gracias al extracto de ra\u00edz de peon\u00eda tiene un efecto calmante, alivia la inflamaci\u00f3n y el enrojecimiento. Tiene un \u00edndice de pH neutro que ayuda a fortalecer la barrera protectora natural de la dermis. Adem\u00e1s, es iluminador, antienvejecimiento, unifica el tono, controla el exceso de sebo y reafirma.<\/p>\n\n\n    <a class='product' target='_blank' href='https:\/\/www.primor.eu\/es_es\/one-day-s-you-pore-tightening-serum-en-ampolla-91353.html'>\r\n        <img loading='async' src='https:\/\/cdn2.primor.eu\/media\/catalog\/product\/cache\/8d3aba296f7a18b5251ee30fa5db42b2\/8\/8\/8809452673235_a96a.jpg' alt='COMPRAR AHORA'>\r\n            <div class=\"claim\">\r\n                COMPRAR AHORA            <\/div>\r\n        <\/a>\r\n    \n\n\n<div class=\"kk-star-ratings kksr-auto kksr-align-center kksr-valign-bottom\"\n    data-payload='{&quot;align&quot;:&quot;center&quot;,&quot;id&quot;:&quot;35581&quot;,&quot;slug&quot;:&quot;default&quot;,&quot;valign&quot;:&quot;bottom&quot;,&quot;ignore&quot;:&quot;&quot;,&quot;reference&quot;:&quot;auto&quot;,&quot;class&quot;:&quot;&quot;,&quot;count&quot;:&quot;0&quot;,&quot;legendonly&quot;:&quot;&quot;,&quot;readonly&quot;:&quot;&quot;,&quot;score&quot;:&quot;0&quot;,&quot;starsonly&quot;:&quot;&quot;,&quot;best&quot;:&quot;5&quot;,&quot;gap&quot;:&quot;5&quot;,&quot;greet&quot;:&quot;Valora este art\u00edculo&quot;,&quot;legend&quot;:&quot;0\\\/5 - (0 votos)&quot;,&quot;size&quot;:&quot;24&quot;,&quot;title&quot;:&quot;Los 16 mejores s\u00e9rums para piel mixta&quot;,&quot;width&quot;:&quot;0&quot;,&quot;_legend&quot;:&quot;{score}\\\/{best} - ({count} {votes})&quot;,&quot;font_factor&quot;:&quot;1.25&quot;}'>\n            \n<div class=\"kksr-stars\">\n    \n<div class=\"kksr-stars-inactive\">\n            <div class=\"kksr-star\" data-star=\"1\" style=\"padding-right: 5px\">\n            \n\n<div class=\"kksr-icon\" style=\"width: 24px; height: 24px;\"><\/div>\n        <\/div>\n            <div class=\"kksr-star\" data-star=\"2\" style=\"padding-right: 5px\">\n            \n\n<div class=\"kksr-icon\" style=\"width: 24px; height: 24px;\"><\/div>\n        <\/div>\n            <div class=\"kksr-star\" data-star=\"3\" style=\"padding-right: 5px\">\n            \n\n<div class=\"kksr-icon\" style=\"width: 24px; height: 24px;\"><\/div>\n        <\/div>\n            <div class=\"kksr-star\" data-star=\"4\" style=\"padding-right: 5px\">\n            \n\n<div class=\"kksr-icon\" style=\"width: 24px; height: 24px;\"><\/div>\n        <\/div>\n            <div class=\"kksr-star\" data-star=\"5\" style=\"padding-right: 5px\">\n            \n\n<div class=\"kksr-icon\" style=\"width: 24px; height: 24px;\"><\/div>\n        <\/div>\n    <\/div>\n    \n<div class=\"kksr-stars-active\" style=\"width: 0px;\">\n            <div class=\"kksr-star\" style=\"padding-right: 5px\">\n            \n\n<div class=\"kksr-icon\" style=\"width: 24px; height: 24px;\"><\/div>\n        <\/div>\n            <div class=\"kksr-star\" style=\"padding-right: 5px\">\n            \n\n<div class=\"kksr-icon\" style=\"width: 24px; height: 24px;\"><\/div>\n        <\/div>\n            <div class=\"kksr-star\" style=\"padding-right: 5px\">\n            \n\n<div class=\"kksr-icon\" style=\"width: 24px; height: 24px;\"><\/div>\n        <\/div>\n            <div class=\"kksr-star\" style=\"padding-right: 5px\">\n            \n\n<div class=\"kksr-icon\" style=\"width: 24px; height: 24px;\"><\/div>\n        <\/div>\n            <div class=\"kksr-star\" style=\"padding-right: 5px\">\n            \n\n<div class=\"kksr-icon\" style=\"width: 24px; height: 24px;\"><\/div>\n        <\/div>\n    <\/div>\n<\/div>\n                \n\n<div class=\"kksr-legend\" style=\"font-size: 19.2px;\">\n            <span class=\"kksr-muted\">Valora este art\u00edculo<\/span>\n    <\/div>\n    <\/div>\n","protected":false},"excerpt":{"rendered":"<p>Sin duda, conocer el tipo de piel tenemos es fundamental para encontrar los mejores productos para cuidarla y as\u00ed poder sacarnos el m\u00e1ximo partido. No solo a nivel belleza: tambi\u00e9n a nivel salud. Esto es especialmente importante cuanto nuestra piel sufre ciertas peculiaridades que deben ser tratadas, si bien es cierto que una de las [&hellip;]<\/p>\n","protected":false},"author":14,"featured_media":122637,"comment_status":"open","ping_status":"open","sticky":false,"template":"","format":"standard","meta":{"jnews-multi-image_gallery":[],"jnews_single_post":{"subtitle":"","format":"standard","video":"","gallery":"","source_name":"","source_url":"","via_name":"","via_url":"","override_template":"0","override":[{"template":"1","single_blog_custom":"","parallax":"1","fullscreen":"1","layout":"right-sidebar","sidebar":"home-2","second_sidebar":"default-sidebar","sticky_sidebar":"0","share_position":"float","share_float_style":"share-monocrhome","show_share_counter":"1","show_view_counter":"1","show_featured":"1","show_post_meta":"1","show_post_author":"0","show_post_author_image":"1","show_post_date":"1","post_date_format":"default","post_date_format_custom":"Y\/m\/d","show_post_category":"1","show_post_reading_time":"0","post_reading_time_wpm":"300","show_zoom_button":"0","zoom_button_out_step":"2","zoom_button_in_step":"3","show_post_tag":"0","show_prev_next_post":"1","show_popup_post":"1","number_popup_post":"2","show_author_box":"0","show_post_related":"0","show_inline_post_related":"0"}],"override_image_size":"0","image_override":[{"single_post_thumbnail_size":"crop-500","single_post_gallery_size":"crop-500"}],"trending_post":"0","trending_post_position":"meta","trending_post_label":"Trending","sponsored_post":"0","sponsored_post_label":"Sponsored by","sponsored_post_name":"","sponsored_post_url":"","sponsored_post_logo_enable":"0","sponsored_post_logo":"","sponsored_post_desc":"","disable_ad":"0"},"jnews_primary_category":{"id":"","hide":""},"jnews_social_meta":{"fb_title":"","fb_description":"","fb_image":"","twitter_title":"","twitter_description":"","twitter_image":""},"jnews_override_counter":{"override_view_counter":"0","view_counter_number":"0","override_share_counter":"0","share_counter_number":"0","override_like_counter":"0","like_counter_number":"0","override_dislike_counter":"0","dislike_counter_number":"0"},"footnotes":""},"categories":[29,1791,53],"tags":[],"class_list":["post-35581","post","type-post","status-publish","format-standard","has-post-thumbnail","hentry","category-cosmetica","category-cosmetica-facial","category-piel"],"_links":{"self":[{"href":"https:\/\/www.primor.eu\/blog\/wp-json\/wp\/v2\/posts\/35581","targetHints":{"allow":["GET"]}}],"collection":[{"href":"https:\/\/www.primor.eu\/blog\/wp-json\/wp\/v2\/posts"}],"about":[{"href":"https:\/\/www.primor.eu\/blog\/wp-json\/wp\/v2\/types\/post"}],"author":[{"embeddable":true,"href":"https:\/\/www.primor.eu\/blog\/wp-json\/wp\/v2\/users\/14"}],"replies":[{"embeddable":true,"href":"https:\/\/www.primor.eu\/blog\/wp-json\/wp\/v2\/comments?post=35581"}],"version-history":[{"count":30,"href":"https:\/\/www.primor.eu\/blog\/wp-json\/wp\/v2\/posts\/35581\/revisions"}],"predecessor-version":[{"id":136620,"href":"https:\/\/www.primor.eu\/blog\/wp-json\/wp\/v2\/posts\/35581\/revisions\/136620"}],"wp:featuredmedia":[{"embeddable":true,"href":"https:\/\/www.primor.eu\/blog\/wp-json\/wp\/v2\/media\/122637"}],"wp:attachment":[{"href":"https:\/\/www.primor.eu\/blog\/wp-json\/wp\/v2\/media?parent=35581"}],"wp:term":[{"taxonomy":"category","embeddable":true,"href":"https:\/\/www.primor.eu\/blog\/wp-json\/wp\/v2\/categories?post=35581"},{"taxonomy":"post_tag","embeddable":true,"href":"https:\/\/www.primor.eu\/blog\/wp-json\/wp\/v2\/tags?post=35581"}],"curies":[{"name":"wp","href":"https:\/\/api.w.org\/{rel}","templated":true}]}}