{"id":34589,"date":"2022-03-19T12:00:54","date_gmt":"2022-03-19T11:00:54","guid":{"rendered":"https:\/\/blog.primor.eu\/?p=34589"},"modified":"2025-06-30T06:00:26","modified_gmt":"2025-06-30T06:00:26","slug":"cremas-de-cara-hombre","status":"publish","type":"post","link":"https:\/\/www.primor.eu\/blog\/cremas-de-cara-hombre\/","title":{"rendered":"Consejos para hombres: Ten una piel hidratada y radiante con estas cremas de cara para hombre"},"content":{"rendered":"<p class=\"p1\"><span class=\"s1\">Tener una piel luminosa es sin\u00f3nimo de bienestar. Sin embargo, en nuestro d\u00eda a d\u00eda se encuentra expuesta de manera continuada a factores que la deterioran como el sol, la contaminaci\u00f3n, los malos h\u00e1bitos alimenticios o el tabaco. Por ello es necesario seguir una serie de<strong> cuidados b\u00e1sicos<\/strong> adem\u00e1s de utilizar los productos cosm\u00e9ticos adecuados y de calidad que nos permitan nutrirla e hidratarla. \u00a1El secreto son las mejores cremas de cara para hombre!<\/span><\/p>\n<h2 class=\"p1\"><span class=\"s1\">6 h\u00e1bitos saludables para tener una piel hidratada y radiante:<\/span><\/h2>\n<ol class=\"ol1\">\n<li class=\"li1\"><b><\/b><span class=\"s2\"><strong>Mantener una alimentaci\u00f3n saludable<\/strong> har\u00e1 que tu piel tenga todos los nutrientes esenciales para prevenir ciertas afecciones y signos del envejecimiento.<\/span><\/li>\n<li class=\"li1\"><b><\/b><span class=\"s2\">La <strong>radiaci\u00f3n ultravioleta<\/strong> (UV) es de lo m\u00e1s perjudicial para tu dermis. Por eso aseg\u00farate de <strong>protegerte<\/strong> correctamente cuando salgas de casa.<\/span><\/li>\n<li class=\"li1\"><b><\/b><span class=\"s2\"><strong>Dormir bien y, sobre todo, descansar,<\/strong> son actividades esenciales que repercuten en la salud de nuestra piel.<\/span><\/li>\n<li class=\"li1\"><b><\/b><span class=\"s2\"><strong>Evita tanto el tabaco como el consumo excesivo de alcohol<\/strong> ya que pueden provocar que luzca opaca y seca.<\/span><\/li>\n<li class=\"li1\"><b><\/b><span class=\"s2\"><strong>Ducharse con agua fr\u00eda<\/strong> ayuda a reactivar la circulaci\u00f3n sangu\u00ednea y cierra los poros. Si a eso la exfoliaci\u00f3n de nuestra piel esta estar\u00e1 m\u00e1s receptiva a los tratamientos hidratantes.<\/span><\/li>\n<li class=\"li1\"><b><\/b><span class=\"s2\">No olvides <strong>usar cremas hidratantes<\/strong> dos veces al d\u00eda. Elige la que mejor se adapte a tu piel para conseguir un look rejuvenecido.<\/span><\/li>\n<\/ol>\n<h2 class=\"p1\"><span class=\"s1\">Tu rutina diaria tiene dos nuevos aliados<\/span><\/h2>\n<p class=\"p1\"><span class=\"s1\">Todos tenemos nuestra propia forma de cuidarnos. En Primor hemos decidido presentaros dos nuevos aliados a la hora de mantener hidratada vuestra piel: el gel Aquapower y la leche corporal de Biotherm Homme que podr\u00e9is encontrar en la Primor Box MAN.<\/span><\/p>\n<h3 class=\"p1\" style=\"text-align: center;\"><strong><span class=\"s1\">Limpiador Facial Hombre Aquapower Cleanser de Biotherm Homme<\/span><\/strong><\/h3>\n<figure id=\"attachment_34590\" aria-describedby=\"caption-attachment-34590\" style=\"width: 300px\" class=\"wp-caption aligncenter\"><img decoding=\"async\" class=\"wp-image-34590 size-full\" src=\"\/wp-content\/uploads\/2022\/03\/Aquapower-5ml-de-BIOTHERM-HOMME.jpeg\" alt=\"\" width=\"300\" height=\"300\" \/><figcaption id=\"caption-attachment-34590\" class=\"wp-caption-text\"><a href=\"https:\/\/www.primor.eu\/es_es\/biotherm-homme-limpiador-facial-hombre-aquapower-cleanser-14616.html\">Limpiador Facial Hombre Aquapower Cleanser de Biotherm Homme (20,80\u20ac)<\/a><\/figcaption><\/figure>\n<p class=\"p1\"><span class=\"s1\">Con este gel lleno de amino\u00e1cidos, vitaminas C, E y B5, junto al Life Plankton caracter\u00edstico de Biotherm tu piel estar\u00e1 perfectamente hidratada durante todo el d\u00eda.<\/span><\/p>\n<figure id=\"attachment_34592\" aria-describedby=\"caption-attachment-34592\" style=\"width: 300px\" class=\"wp-caption aligncenter\"><img decoding=\"async\" class=\"wp-image-34592 size-full\" src=\"\/wp-content\/uploads\/2022\/03\/biotherm-corporel-leche-corporal-100-ml.jpeg\" alt=\"\" width=\"300\" height=\"300\" \/><figcaption id=\"caption-attachment-34592\" class=\"wp-caption-text\"><a href=\"https:\/\/www.primor.eu\/es_es\/biotherm-crema-hidratante-corporal-lait-corporel-biotherm-11920.html\">Crema Hidratante Corporal Lait Corporel de Biotherm (19,20\u20ac)<\/a><\/figcaption><\/figure>\n<p class=\"p1\"><span class=\"s1\">Tan importante es el cuidado de la piel de la cara como la del resto del cuerpo. Por eso te recomendamos usar esta leche corporal cargada de agentes hidratantes y nutritivos derivados de la vitamina E y con el poder regenerador del Life Plankton.<\/span><\/p>\n<p class=\"p1\"><span class=\"s1\">\u00a1Empieza a cuidar tu <a href=\"https:\/\/www.primor.eu\/blog\/cremas-para-cara-hombre\/\">piel<\/a> como se merece!<\/span><\/p>\n\n\n<div class=\"kk-star-ratings kksr-auto kksr-align-center kksr-valign-bottom\"\n    data-payload='{&quot;align&quot;:&quot;center&quot;,&quot;id&quot;:&quot;34589&quot;,&quot;slug&quot;:&quot;default&quot;,&quot;valign&quot;:&quot;bottom&quot;,&quot;ignore&quot;:&quot;&quot;,&quot;reference&quot;:&quot;auto&quot;,&quot;class&quot;:&quot;&quot;,&quot;count&quot;:&quot;0&quot;,&quot;legendonly&quot;:&quot;&quot;,&quot;readonly&quot;:&quot;&quot;,&quot;score&quot;:&quot;0&quot;,&quot;starsonly&quot;:&quot;&quot;,&quot;best&quot;:&quot;5&quot;,&quot;gap&quot;:&quot;5&quot;,&quot;greet&quot;:&quot;Valora este art\u00edculo&quot;,&quot;legend&quot;:&quot;0\\\/5 - (0 votos)&quot;,&quot;size&quot;:&quot;24&quot;,&quot;title&quot;:&quot;Consejos para hombres: Ten una piel hidratada y radiante con estas cremas de cara para hombre&quot;,&quot;width&quot;:&quot;0&quot;,&quot;_legend&quot;:&quot;{score}\\\/{best} - ({count} {votes})&quot;,&quot;font_factor&quot;:&quot;1.25&quot;}'>\n            \n<div class=\"kksr-stars\">\n    \n<div class=\"kksr-stars-inactive\">\n            <div class=\"kksr-star\" data-star=\"1\" style=\"padding-right: 5px\">\n            \n\n<div class=\"kksr-icon\" style=\"width: 24px; height: 24px;\"><\/div>\n        <\/div>\n            <div class=\"kksr-star\" data-star=\"2\" style=\"padding-right: 5px\">\n            \n\n<div class=\"kksr-icon\" style=\"width: 24px; height: 24px;\"><\/div>\n        <\/div>\n            <div class=\"kksr-star\" data-star=\"3\" style=\"padding-right: 5px\">\n            \n\n<div class=\"kksr-icon\" style=\"width: 24px; height: 24px;\"><\/div>\n        <\/div>\n            <div class=\"kksr-star\" data-star=\"4\" style=\"padding-right: 5px\">\n            \n\n<div class=\"kksr-icon\" style=\"width: 24px; height: 24px;\"><\/div>\n        <\/div>\n            <div class=\"kksr-star\" data-star=\"5\" style=\"padding-right: 5px\">\n            \n\n<div class=\"kksr-icon\" style=\"width: 24px; height: 24px;\"><\/div>\n        <\/div>\n    <\/div>\n    \n<div class=\"kksr-stars-active\" style=\"width: 0px;\">\n            <div class=\"kksr-star\" style=\"padding-right: 5px\">\n            \n\n<div class=\"kksr-icon\" style=\"width: 24px; height: 24px;\"><\/div>\n        <\/div>\n            <div class=\"kksr-star\" style=\"padding-right: 5px\">\n            \n\n<div class=\"kksr-icon\" style=\"width: 24px; height: 24px;\"><\/div>\n        <\/div>\n            <div class=\"kksr-star\" style=\"padding-right: 5px\">\n            \n\n<div class=\"kksr-icon\" style=\"width: 24px; height: 24px;\"><\/div>\n        <\/div>\n            <div class=\"kksr-star\" style=\"padding-right: 5px\">\n            \n\n<div class=\"kksr-icon\" style=\"width: 24px; height: 24px;\"><\/div>\n        <\/div>\n            <div class=\"kksr-star\" style=\"padding-right: 5px\">\n            \n\n<div class=\"kksr-icon\" style=\"width: 24px; height: 24px;\"><\/div>\n        <\/div>\n    <\/div>\n<\/div>\n                \n\n<div class=\"kksr-legend\" style=\"font-size: 19.2px;\">\n            <span class=\"kksr-muted\">Valora este art\u00edculo<\/span>\n    <\/div>\n    <\/div>\n","protected":false},"excerpt":{"rendered":"<p>Tener una piel luminosa es sin\u00f3nimo de bienestar. Sin embargo, en nuestro d\u00eda a d\u00eda se encuentra expuesta de manera continuada a factores que la deterioran como el sol, la contaminaci\u00f3n, los malos h\u00e1bitos alimenticios o el tabaco. Por ello es necesario seguir una serie de cuidados b\u00e1sicos adem\u00e1s de utilizar los productos cosm\u00e9ticos adecuados [&hellip;]<\/p>\n","protected":false},"author":4,"featured_media":51433,"comment_status":"open","ping_status":"open","sticky":false,"template":"","format":"standard","meta":{"jnews-multi-image_gallery":[],"jnews_single_post":[],"jnews_primary_category":[],"jnews_social_meta":[],"jnews_override_counter":[],"footnotes":""},"categories":[1],"tags":[],"class_list":["post-34589","post","type-post","status-publish","format-standard","has-post-thumbnail","hentry","category-sin-categoria"],"_links":{"self":[{"href":"https:\/\/www.primor.eu\/blog\/wp-json\/wp\/v2\/posts\/34589","targetHints":{"allow":["GET"]}}],"collection":[{"href":"https:\/\/www.primor.eu\/blog\/wp-json\/wp\/v2\/posts"}],"about":[{"href":"https:\/\/www.primor.eu\/blog\/wp-json\/wp\/v2\/types\/post"}],"author":[{"embeddable":true,"href":"https:\/\/www.primor.eu\/blog\/wp-json\/wp\/v2\/users\/4"}],"replies":[{"embeddable":true,"href":"https:\/\/www.primor.eu\/blog\/wp-json\/wp\/v2\/comments?post=34589"}],"version-history":[{"count":4,"href":"https:\/\/www.primor.eu\/blog\/wp-json\/wp\/v2\/posts\/34589\/revisions"}],"predecessor-version":[{"id":76454,"href":"https:\/\/www.primor.eu\/blog\/wp-json\/wp\/v2\/posts\/34589\/revisions\/76454"}],"wp:featuredmedia":[{"embeddable":true,"href":"https:\/\/www.primor.eu\/blog\/wp-json\/wp\/v2\/media\/51433"}],"wp:attachment":[{"href":"https:\/\/www.primor.eu\/blog\/wp-json\/wp\/v2\/media?parent=34589"}],"wp:term":[{"taxonomy":"category","embeddable":true,"href":"https:\/\/www.primor.eu\/blog\/wp-json\/wp\/v2\/categories?post=34589"},{"taxonomy":"post_tag","embeddable":true,"href":"https:\/\/www.primor.eu\/blog\/wp-json\/wp\/v2\/tags?post=34589"}],"curies":[{"name":"wp","href":"https:\/\/api.w.org\/{rel}","templated":true}]}}