{"id":33928,"date":"2026-02-20T18:07:32","date_gmt":"2026-02-20T18:07:32","guid":{"rendered":"https:\/\/blog.primor.eu\/?p=33928"},"modified":"2026-02-20T18:07:33","modified_gmt":"2026-02-20T18:07:33","slug":"piel-de-naranja","status":"publish","type":"post","link":"https:\/\/www.primor.eu\/blog\/piel-de-naranja\/","title":{"rendered":"Cremas para eliminar la piel de naranja y los mitos m\u00e1s populares"},"content":{"rendered":"\n<p>La <strong>piel de naranja (<\/strong>o celulitis) es uno de los aspectos del cuerpo que m\u00e1s preocupa, sobre todo a las mujeres. Se trata del aspecto rugoso e irregular de la piel que parece formar<strong>hoyuelos y n\u00f3dulos <\/strong>al nivel de la superficie cut\u00e1nea. Lo cierto es que se trata de c\u00famulos de tejido graso que suelen tener lugar en los muslos, nalgas, caderas y abdomen.<\/p>\n\n\n\n<h2 class=\"wp-block-heading\">Las causas de la piel de naranja:<\/h2>\n\n\n\n<p>Si bien es cierto que <strong>no est\u00e1 claro cu\u00e1l es su origen<\/strong>, hay varias teor\u00edas que apuntan a una serie de motivos que puede tener que ver con la aparici\u00f3n de la celulitis: Aspectos como la inflamaci\u00f3n del tejido subcut\u00e1neo, una <strong>alteraci\u00f3n vascular<\/strong> o <strong>alteraciones estructurales<\/strong> que derivan en la herniaci\u00f3n de la grasa hacia capas m\u00e1s superficiales de la piel se perfilan como los principales motivos. No obstante, hay que tener en cuenta que aqu\u00ed entran en juego factores gen\u00e9ticos y hormonales, as\u00ed como otros aspectos que pueden empeorar la situaci\u00f3n tales como <strong>el sobrepeso, el exceso de hidratos de carbono, el consumo excesivo de grasas, el tabaco, el alcohol y el sedentarismo.<\/strong><\/p>\n\n\n\n<h2 class=\"wp-block-heading\">\u00bfCu\u00e1ntos tipos de piel de naranja existen?<\/h2>\n\n\n\n<p>Seg\u00fan los expertos, podemos hablar de <strong>cuatro grados<\/strong>. El m\u00e1s leve es el que se observa solo al pellizcar la piel y el m\u00e1s grave si se puede notar incluso en estado de reposo horizontal (tumbado).<\/p>\n\n\n\n<p>Tambi\u00e9n puede hablarse de <strong>celulitis fl\u00e1cida, dura, edematosa y mixta<\/strong>.<\/p>\n\n\n\n<h2 class=\"wp-block-heading\">Mitos sobre la celulitis:<\/h2>\n\n\n\n<h3 class=\"wp-block-heading\">1. Las cremas y productos cosm\u00e9ticos no ayudan a eliminar la celulitis<strong>: Falso.<\/strong><\/h3>\n\n\n\n<p>Aunque no existen curas m\u00e1gicas,&nbsp; las cremas ayudan a humectar, suavizar la zona afectada, el \u00e1rea y mejorar su aspecto.<\/p>\n\n\n\n<h3 class=\"wp-block-heading\">2. El cardio es la forma m\u00e1s efectiva para desaparecer la piel de naranja: <strong>Falso.<\/strong><\/h3>\n\n\n\n<p>Los ejercicios de resistencia y fuerza son m\u00e1s efectivos a la hora de quemar grasa. Por ello, una rutina de fuerza con un buen balance de cardio es la clave.<\/p>\n\n\n\n<h3 class=\"wp-block-heading\">3. La celulitis es sin\u00f3nimo de sobrepeso: <strong>Falso.<\/strong><\/h3>\n\n\n\n<p>La celulitis puede manifestarse en personas sin sobrepeso, pudiendo observarse incluso en gente \u201cdelgada\u201d.<\/p>\n\n\n\n<h3 class=\"wp-block-heading\">4. Est\u00e1 ligada a la falta de ejercicio: <strong>Falso.<\/strong><\/h3>\n\n\n\n<p>Si bien es cierto que el sedentarismo lo fomenta y que la aparici\u00f3n de la piel de naranja est\u00e1 relacionada con la edad y estilo de vida, hay otra serie de factores gen\u00e9ticos y hormonales condicionantes que tienen una influencia enorme.<\/p>\n\n\n\n<h3 class=\"wp-block-heading\">5. Hasta los 25 a\u00f1os no hay celulitis: <strong>Falso.<\/strong><\/h3>\n\n\n\n<p>La piel de naranja puede observarse desde la adolescencia, cuando el cuerpo se desarrolla y aumentan los niveles de estr\u00f3geno.<\/p>\n\n\n\n<h3 class=\"wp-block-heading\">6. La celulitis es irreversible: <strong>Medianamente falso<\/strong>.<\/h3>\n\n\n\n<p>Aunque la piel de naranja no desaparece, existen formas y remedios para combatirla y mejorar\u00e1 su aspecto, suavizando y mitigando su presencia.<\/p>\n\n\n\n<h3 class=\"wp-block-heading\">7. Llevar los pantalones demasiado ajustados no fomenta la aparici\u00f3n de celulitis:<strong> Falso.<\/strong><\/h3>\n\n\n\n<p>La ropa ajustada puede fomentar&nbsp; la aparici\u00f3n de estr\u00edas y celulitis al dificultar una correcta eliminaci\u00f3n de las toxinas.<\/p>\n\n\n\n<h3 class=\"wp-block-heading\">8. La grasa localizada debe combatirse igual que la celulitis: <strong>Falso.<\/strong><\/h3>\n\n\n\n<p>Estamos ante cosas diferentes. Por un lado, en la grasa localizada lo que predomina es el volumen y los l\u00edquidos. Lo que la celulitis supone en realidad es una deformaci\u00f3n del tejido. Al tratarse de situaciones diferentes las soluciones tambi\u00e9n ser\u00e1n distintas.<\/p>\n\n\n\n<h2 class=\"wp-block-heading\">Las 6 cremas para combatir piel de naranja que debes conocer:<\/h2>\n\n\n\n<h3 class=\"wp-block-heading\">Crema Termoactiva Celulitis de Somatoline<\/h3>\n\n\n\n<p>Una crema termoactiva para el tratamiento intensivo de la celulitis enriquecida con principios activos como la cafe\u00edna, el extracto de jengibre y la escina que reactivan la microcirculaci\u00f3n y ejercen una acci\u00f3n concreta frente a la grasa localizada.&nbsp;<\/p>\n\n\n    <a class='product' target='_blank' href='https:\/\/www.primor.eu\/es_es\/somatoline-crema-termoactiva-celulitis-15607.html'>\r\n        <img loading='async' src='https:\/\/cdn2.primor.eu\/media\/catalog\/product\/cache\/8d3aba296f7a18b5251ee30fa5db42b2\/8\/0\/8002410064797_a1bc.jpg' alt='COMPRAR AHORA'>\r\n            <div class=\"claim\">\r\n                COMPRAR AHORA            <\/div>\r\n        <\/a>\r\n    \n\n\n\n<h3 class=\"wp-block-heading\">Advanced Body Creator Slimming Reducer de Shiseido<\/h3>\n\n\n\n<p>Esta crema corporal destruye y quema la grasa a la vez que reafirma e hidrata la piel, evitando la posterior acumulaci\u00f3n de grasa. Gracias a ello reduce el volumen de los muslos, cadera y vientre.<\/p>\n\n\n    <a class='product' target='_blank' href='https:\/\/www.primor.eu\/es_es\/shiseido-advanced-body-creator-slimming-reducer-11951.html'>\r\n        <img loading='async' src='https:\/\/cdn2.primor.eu\/media\/catalog\/product\/cache\/8d3aba296f7a18b5251ee30fa5db42b2\/0\/T\/0TF08479_1_4372.jpg' alt='COMPRAR AHORA'>\r\n            <div class=\"claim\">\r\n                COMPRAR AHORA            <\/div>\r\n        <\/a>\r\n    \n\n\n<div class=\"kk-star-ratings kksr-auto kksr-align-center kksr-valign-bottom\"\n    data-payload='{&quot;align&quot;:&quot;center&quot;,&quot;id&quot;:&quot;33928&quot;,&quot;slug&quot;:&quot;default&quot;,&quot;valign&quot;:&quot;bottom&quot;,&quot;ignore&quot;:&quot;&quot;,&quot;reference&quot;:&quot;auto&quot;,&quot;class&quot;:&quot;&quot;,&quot;count&quot;:&quot;26&quot;,&quot;legendonly&quot;:&quot;&quot;,&quot;readonly&quot;:&quot;&quot;,&quot;score&quot;:&quot;2.9&quot;,&quot;starsonly&quot;:&quot;&quot;,&quot;best&quot;:&quot;5&quot;,&quot;gap&quot;:&quot;5&quot;,&quot;greet&quot;:&quot;Valora este art\u00edculo&quot;,&quot;legend&quot;:&quot;2.9\\\/5 - (26 votos)&quot;,&quot;size&quot;:&quot;24&quot;,&quot;title&quot;:&quot;Cremas para eliminar la piel de naranja y los mitos m\u00e1s populares&quot;,&quot;width&quot;:&quot;81.6&quot;,&quot;_legend&quot;:&quot;{score}\\\/{best} - ({count} {votes})&quot;,&quot;font_factor&quot;:&quot;1.25&quot;}'>\n            \n<div class=\"kksr-stars\">\n    \n<div class=\"kksr-stars-inactive\">\n            <div class=\"kksr-star\" data-star=\"1\" style=\"padding-right: 5px\">\n            \n\n<div class=\"kksr-icon\" style=\"width: 24px; height: 24px;\"><\/div>\n        <\/div>\n            <div class=\"kksr-star\" data-star=\"2\" style=\"padding-right: 5px\">\n            \n\n<div class=\"kksr-icon\" style=\"width: 24px; height: 24px;\"><\/div>\n        <\/div>\n            <div class=\"kksr-star\" data-star=\"3\" style=\"padding-right: 5px\">\n            \n\n<div class=\"kksr-icon\" style=\"width: 24px; height: 24px;\"><\/div>\n        <\/div>\n            <div class=\"kksr-star\" data-star=\"4\" style=\"padding-right: 5px\">\n            \n\n<div class=\"kksr-icon\" style=\"width: 24px; height: 24px;\"><\/div>\n        <\/div>\n            <div class=\"kksr-star\" data-star=\"5\" style=\"padding-right: 5px\">\n            \n\n<div class=\"kksr-icon\" style=\"width: 24px; height: 24px;\"><\/div>\n        <\/div>\n    <\/div>\n    \n<div class=\"kksr-stars-active\" style=\"width: 81.6px;\">\n            <div class=\"kksr-star\" style=\"padding-right: 5px\">\n            \n\n<div class=\"kksr-icon\" style=\"width: 24px; height: 24px;\"><\/div>\n        <\/div>\n            <div class=\"kksr-star\" style=\"padding-right: 5px\">\n            \n\n<div class=\"kksr-icon\" style=\"width: 24px; height: 24px;\"><\/div>\n        <\/div>\n            <div class=\"kksr-star\" style=\"padding-right: 5px\">\n            \n\n<div class=\"kksr-icon\" style=\"width: 24px; height: 24px;\"><\/div>\n        <\/div>\n            <div class=\"kksr-star\" style=\"padding-right: 5px\">\n            \n\n<div class=\"kksr-icon\" style=\"width: 24px; height: 24px;\"><\/div>\n        <\/div>\n            <div class=\"kksr-star\" style=\"padding-right: 5px\">\n            \n\n<div class=\"kksr-icon\" style=\"width: 24px; height: 24px;\"><\/div>\n        <\/div>\n    <\/div>\n<\/div>\n                \n\n<div class=\"kksr-legend\" style=\"font-size: 19.2px;\">\n            2.9\/5 - (26 votos)    <\/div>\n    <\/div>\n","protected":false},"excerpt":{"rendered":"<p>La piel de naranja (o celulitis) es uno de los aspectos del cuerpo que m\u00e1s preocupa, sobre todo a las mujeres. Se trata del aspecto rugoso e irregular de la piel que parece formarhoyuelos y n\u00f3dulos al nivel de la superficie cut\u00e1nea. Lo cierto es que se trata de c\u00famulos de tejido graso que suelen [&hellip;]<\/p>\n","protected":false},"author":14,"featured_media":90823,"comment_status":"open","ping_status":"open","sticky":false,"template":"","format":"standard","meta":{"jnews-multi-image_gallery":[],"jnews_single_post":{"subtitle":"","format":"standard","video":"","gallery":"","source_name":"","source_url":"","via_name":"","via_url":"","override_template":"0","override":[{"template":"1","single_blog_custom":"","parallax":"1","fullscreen":"1","layout":"right-sidebar","sidebar":"home-2","second_sidebar":"default-sidebar","sticky_sidebar":"0","share_position":"float","share_float_style":"share-monocrhome","show_share_counter":"0","show_view_counter":"0","show_featured":"1","show_post_meta":"1","show_post_author":"0","show_post_author_image":"1","show_post_date":"1","post_date_format":"default","post_date_format_custom":"Y\/m\/d","show_post_category":"1","show_post_reading_time":"0","post_reading_time_wpm":"300","show_zoom_button":"0","zoom_button_out_step":"2","zoom_button_in_step":"3","show_post_tag":"0","show_prev_next_post":"0","show_popup_post":"0","number_popup_post":"2","show_author_box":"0","show_post_related":"0","show_inline_post_related":"1"}],"override_image_size":"0","image_override":[{"single_post_thumbnail_size":"no-crop","single_post_gallery_size":"crop-500"}],"trending_post":"0","trending_post_position":"meta","trending_post_label":"Trending","sponsored_post":"0","sponsored_post_label":"Sponsored by","sponsored_post_name":"","sponsored_post_url":"","sponsored_post_logo_enable":"0","sponsored_post_logo":"","sponsored_post_desc":"","disable_ad":"0"},"jnews_primary_category":{"id":"","hide":""},"jnews_social_meta":{"fb_title":"","fb_description":"","fb_image":"","twitter_title":"","twitter_description":"","twitter_image":""},"jnews_override_counter":{"override_view_counter":"0","view_counter_number":"0","override_share_counter":"0","share_counter_number":"0","override_like_counter":"0","like_counter_number":"0","override_dislike_counter":"0","dislike_counter_number":"0"},"footnotes":""},"categories":[151,29],"tags":[],"class_list":["post-33928","post","type-post","status-publish","format-standard","has-post-thumbnail","hentry","category-corporales","category-cosmetica"],"_links":{"self":[{"href":"https:\/\/www.primor.eu\/blog\/wp-json\/wp\/v2\/posts\/33928","targetHints":{"allow":["GET"]}}],"collection":[{"href":"https:\/\/www.primor.eu\/blog\/wp-json\/wp\/v2\/posts"}],"about":[{"href":"https:\/\/www.primor.eu\/blog\/wp-json\/wp\/v2\/types\/post"}],"author":[{"embeddable":true,"href":"https:\/\/www.primor.eu\/blog\/wp-json\/wp\/v2\/users\/14"}],"replies":[{"embeddable":true,"href":"https:\/\/www.primor.eu\/blog\/wp-json\/wp\/v2\/comments?post=33928"}],"version-history":[{"count":12,"href":"https:\/\/www.primor.eu\/blog\/wp-json\/wp\/v2\/posts\/33928\/revisions"}],"predecessor-version":[{"id":139449,"href":"https:\/\/www.primor.eu\/blog\/wp-json\/wp\/v2\/posts\/33928\/revisions\/139449"}],"wp:featuredmedia":[{"embeddable":true,"href":"https:\/\/www.primor.eu\/blog\/wp-json\/wp\/v2\/media\/90823"}],"wp:attachment":[{"href":"https:\/\/www.primor.eu\/blog\/wp-json\/wp\/v2\/media?parent=33928"}],"wp:term":[{"taxonomy":"category","embeddable":true,"href":"https:\/\/www.primor.eu\/blog\/wp-json\/wp\/v2\/categories?post=33928"},{"taxonomy":"post_tag","embeddable":true,"href":"https:\/\/www.primor.eu\/blog\/wp-json\/wp\/v2\/tags?post=33928"}],"curies":[{"name":"wp","href":"https:\/\/api.w.org\/{rel}","templated":true}]}}