{"id":33844,"date":"2022-03-03T12:00:29","date_gmt":"2022-03-03T11:00:29","guid":{"rendered":"https:\/\/blog.primor.eu\/?p=33844"},"modified":"2025-06-30T06:00:08","modified_gmt":"2025-06-30T06:00:08","slug":"beneficios-aloe-vera","status":"publish","type":"post","link":"https:\/\/www.primor.eu\/blog\/beneficios-aloe-vera\/","title":{"rendered":"\u00bfConoces todos los beneficios del gel de aloe vera?"},"content":{"rendered":"\n<p><span class=\"s1\">\u201cLa planta de los mil usos\u201d, as\u00ed se conoce com\u00fanmente al <strong><a href=\"https:\/\/www.primor.eu\/blog\/usos-del-aloe-vera\/?srsltid=AfmBOoofCsyEi9Jmexxo6v7Qo_x9XjsJSaPMe2tWaKgty16XJTxXKwPV\" data-type=\"link\" data-id=\"https:\/\/www.primor.eu\/blog\/usos-del-aloe-vera\/?srsltid=AfmBOoofCsyEi9Jmexxo6v7Qo_x9XjsJSaPMe2tWaKgty16XJTxXKwPV\">aloe vera<\/a><\/strong>. \u00bfSabes por qu\u00e9? Porque esta planta esconde multitud de propiedades naturales para tu piel. Por ello, no resulta extra\u00f1o que nuestros antepasados ya la usar\u00e1n para tratar diferentes problemas cut\u00e1neos.<\/span><\/p>\n\n\n\n<p><span class=\"s1\">\u00bfY t\u00fa has usado alguna vez el aloe vera para cuidar tu piel? En este post te vamos a contar por qu\u00e9 debes de incluirlo en tu rutina de cuidados y qu\u00e9 beneficios te aporta.<\/span><\/p>\n\n\n\n<h2 class=\"wp-block-heading\"><span class=\"s1\">El secreto del aloe vera est\u00e1 en su interior<\/span><\/h2>\n\n\n\n<p><span class=\"s1\">As\u00ed es. Dentro de sus alargadas y gruesas hojas se halla un gel transparente y de textura gelatinosa, el cual se tritura para extraer todas sus propiedades y nutrientes. Como resultado, se obtiene un cosm\u00e9tico 100% de origen natural. <\/span><\/p>\n\n\n\n<p><span class=\"s1\">\u00bfSab\u00edas que existen m\u00e1s de<strong> 200 especies diferentes<\/strong> repartidas por todo el mundo? Aunque lo m\u00e1s habitual es usar la especie <i>Aloe barbadensis<\/i> que se encuentra en las zonas des\u00e9rticas y semides\u00e9rticas de \u00c1frica.<\/span><\/p>\n\n\n\n<h2 class=\"wp-block-heading\"><span class=\"s1\">\u00bfCu\u00e1les son los beneficios del aloe vera?<\/span><\/h2>\n\n\n\n<p><span class=\"s1\">Gracias a sus propiedades, el aloe vera es uno de los ingredientes estrellas dentro de la cosm\u00e9tica natural. Pero, adem\u00e1s, tambi\u00e9n es muy usado en el sector de la gastronom\u00eda y la medicina.<\/span><\/p>\n\n\n\n<p><span class=\"s1\">Su potente combinaci\u00f3n de vitaminas, minerales, amino\u00e1cidos, az\u00facares, \u00e1cidos grasos y antraquinonas proporciona a la piel todos los cuidados que necesita. Actualmente existen multitud de estudios cient\u00edficos que certifican todos sus beneficios y propiedades.<\/span><\/p>\n\n\n\n<ul class=\"wp-block-list\">\n<li><span class=\"s1\"><b>Propiedades hidratantes y nutritivas:<\/b> hidrata y nutre en profundidad la piel, sin dejar una sensaci\u00f3n pegajosa.<\/span><\/li>\n\n\n\n<li><span class=\"s1\"><b>Propiedades regenerativas:<\/b> acelera la cicatrizaci\u00f3n de heridas ya que se encarga de regenerar r\u00e1pidamente la piel.<\/span><\/li>\n\n\n\n<li><span class=\"s1\"><b>Propiedades calmantes:<\/b> calma y alivia los problemas cut\u00e1neos como picores, irritaciones, picaduras, heridas, espinillas, etc.<\/span><\/li>\n\n\n\n<li><span class=\"s1\"><b>Propiedades curativas:<\/b> el jugo de aloe vera ayuda a tratar los problemas bucales y gastrointestionales.<\/span><\/li>\n<\/ul>\n\n\n\n<figure class=\"wp-block-image\"><img decoding=\"async\" src=\"\/wp-content\/uploads\/2022\/03\/271797867_3048629425376114_4472995553766287711_n.jpg\" alt=\"\" class=\"wp-image-33992\"\/><\/figure>\n\n\n\n<h2 class=\"wp-block-heading\"><span class=\"s1\">\u00a1Introduce el gel de aloe verano en tu rutina!<\/span><\/h2>\n\n\n\n<p><span class=\"s1\">La mejor decisi\u00f3n que puedes tomar para cuidar tu piel es usar el <b>gel de aloe vera<\/b>. Para ello, tan solo tienes que aplicarlo sobre la piel limpia y seca despu\u00e9s de la ducha. Su textura suave, ligera y fresquita se absorbe r\u00e1pidamente, proporcionando un resultado radiante. <\/span><\/p>\n\n\n\n<h2 class=\"wp-block-heading\"><span class=\"s1\">\u00bfQu\u00e9 gel de aloe vera elegir?<\/span><\/h2>\n\n\n        <product-table class=\"pr-slider\">\r\n            <product-headers class=\"grid-table-rows\">\r\n                <div>Foto<\/div>\r\n                <div>Producto<\/div>\r\n                <div>Marca<\/div>\r\n                <div>Valoraciones<\/div>\r\n                <div>Precio<\/div>\r\n            <\/product-headers>\r\n\r\n            <product-list>\r\n                                    <a href=\"https:\/\/www.primor.eu\/es_es\/arganour-gel-aloe-vera-100-natural-bio-12578.html\" class=\"product-item grid-table-rows\" target=\"_blank\">\r\n                        <div>\r\n                            <img decoding=\"async\" class=\"product-img\" width=\"80px\" height=\"80px\" src=\"https:\/\/www.primor.eu\/blog\/wp-content\/uploads\/2024\/08\/8435438600690_Gel_Aloe_Vera_Arganour_7068.png\" alt=\"Arganour Gel Aloe Vera 97% Ecol\u00f3gico\">\r\n                        <\/div>\r\n\r\n                        <!-- Contenido de producto  -->\r\n                        <div>\r\n                            <div class=\"product-position\">\r\n                                #1 Top Ventas                            <\/div>\r\n\r\n                            <h2>\r\n                                Arganour Gel Aloe Vera 97% Ecol\u00f3gico                            <\/h2>\r\n                        <\/div>\r\n\r\n                        <!-- Imagen y\/o nombre de la marca -->\r\n                        <div>\r\n                                                            <img decoding=\"async\" width=\"70\" src=\"https:\/\/www.primor.eu\/blog\/wp-content\/uploads\/2023\/07\/arganour.jpg\" alt=\"83076\">\r\n                                                    <\/div>\r\n\r\n                        <!-- Puntuaci\u00f3n del producto  -->\r\n                        <div class=\"rating\">\r\n                                                            <div class=\"rate\" style=\"--p:98;\"><\/div>\r\n                                <b>4.9\/5<\/b>\r\n                                <div class=\"rate-stars\">\r\n                                                                            <div\r\n                                            class=\"rate-star  \">\r\n                                        <\/div>\r\n                                                                            <div\r\n                                            class=\"rate-star  \">\r\n                                        <\/div>\r\n                                                                            <div\r\n                                            class=\"rate-star  \">\r\n                                        <\/div>\r\n                                                                            <div\r\n                                            class=\"rate-star  \">\r\n                                        <\/div>\r\n                                                                            <div\r\n                                            class=\"rate-star  \">\r\n                                        <\/div>\r\n                                                                    <\/div>\r\n                                                    <\/div>\r\n\r\n                        <!-- Bot\u00f3n de producto  -->\r\n                        <div>\r\n                            <span class=\"price-claim\">\r\n                                VER PRECIO                            <\/span>\r\n                        <\/div>\r\n                    <\/a>\r\n                                    <a href=\"https:\/\/www.primor.eu\/es_es\/dr-organic-aloe-vera-gel-24863.html\" class=\"product-item grid-table-rows\" target=\"_blank\">\r\n                        <div>\r\n                            <img decoding=\"async\" class=\"product-img\" width=\"80px\" height=\"80px\" src=\"https:\/\/www.primor.eu\/blog\/wp-content\/uploads\/2024\/06\/5060176671355_principal_gel_aloe_vera_72a4.jpg\" alt=\"Dr Organic Aloe Vera Gel\">\r\n                        <\/div>\r\n\r\n                        <!-- Contenido de producto  -->\r\n                        <div>\r\n                            <div class=\"product-position\">\r\n                                #2                            <\/div>\r\n\r\n                            <h2>\r\n                                Dr Organic Aloe Vera Gel                            <\/h2>\r\n                        <\/div>\r\n\r\n                        <!-- Imagen y\/o nombre de la marca -->\r\n                        <div>\r\n                                                            <p class=\"brand-name\"><b>Dr Organic<\/b><\/p>\r\n                                                    <\/div>\r\n\r\n                        <!-- Puntuaci\u00f3n del producto  -->\r\n                        <div class=\"rating\">\r\n                                                            <div class=\"rate\" style=\"--p:100;\"><\/div>\r\n                                <b>5\/5<\/b>\r\n                                <div class=\"rate-stars\">\r\n                                                                            <div\r\n                                            class=\"rate-star  \">\r\n                                        <\/div>\r\n                                                                            <div\r\n                                            class=\"rate-star  \">\r\n                                        <\/div>\r\n                                                                            <div\r\n                                            class=\"rate-star  \">\r\n                                        <\/div>\r\n                                                                            <div\r\n                                            class=\"rate-star  \">\r\n                                        <\/div>\r\n                                                                            <div\r\n                                            class=\"rate-star  \">\r\n                                        <\/div>\r\n                                                                    <\/div>\r\n                                                    <\/div>\r\n\r\n                        <!-- Bot\u00f3n de producto  -->\r\n                        <div>\r\n                            <span class=\"price-claim\">\r\n                                VER PRECIO                            <\/span>\r\n                        <\/div>\r\n                    <\/a>\r\n                                    <a href=\"https:\/\/www.primor.eu\/es_es\/idc-institute-gel-aloe-vera-15373.html\" class=\"product-item grid-table-rows\" target=\"_blank\">\r\n                        <div>\r\n                            <img decoding=\"async\" class=\"product-img\" width=\"80px\" height=\"80px\" src=\"https:\/\/www.primor.eu\/blog\/wp-content\/uploads\/2024\/08\/0TF12875_1_961f.jpg\" alt=\"IDC INSTITUTE Gel Aloe Vera\">\r\n                        <\/div>\r\n\r\n                        <!-- Contenido de producto  -->\r\n                        <div>\r\n                            <div class=\"product-position\">\r\n                                #3                            <\/div>\r\n\r\n                            <h2>\r\n                                IDC INSTITUTE Gel Aloe Vera                            <\/h2>\r\n                        <\/div>\r\n\r\n                        <!-- Imagen y\/o nombre de la marca -->\r\n                        <div>\r\n                                                            <img decoding=\"async\" width=\"70\" src=\"https:\/\/www.primor.eu\/blog\/wp-content\/uploads\/2024\/01\/793.jpg\" alt=\"94630\">\r\n                                                    <\/div>\r\n\r\n                        <!-- Puntuaci\u00f3n del producto  -->\r\n                        <div class=\"rating\">\r\n                                                            <div class=\"rate\" style=\"--p:96;\"><\/div>\r\n                                <b>4.8\/5<\/b>\r\n                                <div class=\"rate-stars\">\r\n                                                                            <div\r\n                                            class=\"rate-star  \">\r\n                                        <\/div>\r\n                                                                            <div\r\n                                            class=\"rate-star  \">\r\n                                        <\/div>\r\n                                                                            <div\r\n                                            class=\"rate-star  \">\r\n                                        <\/div>\r\n                                                                            <div\r\n                                            class=\"rate-star  \">\r\n                                        <\/div>\r\n                                                                            <div\r\n                                            class=\"rate-star  \">\r\n                                        <\/div>\r\n                                                                    <\/div>\r\n                                                    <\/div>\r\n\r\n                        <!-- Bot\u00f3n de producto  -->\r\n                        <div>\r\n                            <span class=\"price-claim\">\r\n                                VER PRECIO                            <\/span>\r\n                        <\/div>\r\n                    <\/a>\r\n                                    <a href=\"https:\/\/www.primor.eu\/es_es\/nacomi-gel-facial-aloe-vera-13664.html\" class=\"product-item grid-table-rows\" target=\"_blank\">\r\n                        <div>\r\n                            <img decoding=\"async\" class=\"product-img\" width=\"80px\" height=\"80px\" src=\"https:\/\/www.primor.eu\/blog\/wp-content\/uploads\/2024\/08\/0TF15260_1_4500.jpg\" alt=\"Nacomi Gel Facial Aloe Vera\">\r\n                        <\/div>\r\n\r\n                        <!-- Contenido de producto  -->\r\n                        <div>\r\n                            <div class=\"product-position\">\r\n                                #4                            <\/div>\r\n\r\n                            <h2>\r\n                                Nacomi Gel Facial Aloe Vera                            <\/h2>\r\n                        <\/div>\r\n\r\n                        <!-- Imagen y\/o nombre de la marca -->\r\n                        <div>\r\n                                                            <img decoding=\"async\" width=\"70\" src=\"https:\/\/www.primor.eu\/blog\/wp-content\/uploads\/2023\/08\/nacomi.jpg\" alt=\"84609\">\r\n                                                    <\/div>\r\n\r\n                        <!-- Puntuaci\u00f3n del producto  -->\r\n                        <div class=\"rating\">\r\n                                                            <p>No hay valoraciones disponibles<\/p>\r\n                                                    <\/div>\r\n\r\n                        <!-- Bot\u00f3n de producto  -->\r\n                        <div>\r\n                            <span class=\"price-claim\">\r\n                                VER PRECIO                            <\/span>\r\n                        <\/div>\r\n                    <\/a>\r\n                                    <a href=\"https:\/\/www.primor.eu\/es_es\/bio-glow-gel-aloe-vera-puro-13049.html\" class=\"product-item grid-table-rows\" target=\"_blank\">\r\n                        <div>\r\n                            <img decoding=\"async\" class=\"product-img\" width=\"80px\" height=\"80px\" src=\"https:\/\/www.primor.eu\/blog\/wp-content\/uploads\/2024\/04\/0TN02075_1_3de1.jpg\" alt=\"Bio Glow Gel Aloe Vera Puro\">\r\n                        <\/div>\r\n\r\n                        <!-- Contenido de producto  -->\r\n                        <div>\r\n                            <div class=\"product-position\">\r\n                                #5                            <\/div>\r\n\r\n                            <h2>\r\n                                Bio Glow Gel Aloe Vera Puro                            <\/h2>\r\n                        <\/div>\r\n\r\n                        <!-- Imagen y\/o nombre de la marca -->\r\n                        <div>\r\n                                                            <img decoding=\"async\" width=\"70\" src=\"https:\/\/www.primor.eu\/blog\/wp-content\/uploads\/2023\/11\/1281_1.jpg\" alt=\"89086\">\r\n                                                    <\/div>\r\n\r\n                        <!-- Puntuaci\u00f3n del producto  -->\r\n                        <div class=\"rating\">\r\n                                                            <div class=\"rate\" style=\"--p:92;\"><\/div>\r\n                                <b>4.6\/5<\/b>\r\n                                <div class=\"rate-stars\">\r\n                                                                            <div\r\n                                            class=\"rate-star  \">\r\n                                        <\/div>\r\n                                                                            <div\r\n                                            class=\"rate-star  \">\r\n                                        <\/div>\r\n                                                                            <div\r\n                                            class=\"rate-star  \">\r\n                                        <\/div>\r\n                                                                            <div\r\n                                            class=\"rate-star  \">\r\n                                        <\/div>\r\n                                                                            <div\r\n                                            class=\"rate-star  \">\r\n                                        <\/div>\r\n                                                                    <\/div>\r\n                                                    <\/div>\r\n\r\n                        <!-- Bot\u00f3n de producto  -->\r\n                        <div>\r\n                            <span class=\"price-claim\">\r\n                                VER PRECIO                            <\/span>\r\n                        <\/div>\r\n                    <\/a>\r\n                            <\/product-list>\r\n        <\/product-table>\r\n\r\n        \n\n\n\n<h3 class=\"wp-block-heading\">Gel Aloe Vera 97% Ecol\u00f3gico de Arganour<\/h3>\n\n\n\n<p>refresca la piel y evita la sequedad. Alivia las irritaciones cut\u00e1neas e inflamaciones aportando un tacto suave y sedoso. Su alto contenido en vitaminas A, B, C, D y E evita la aparici\u00f3n de grietas y los signos de la edad.<\/p>\n\n\n    <a class='product' target='_blank' href='https:\/\/www.primor.eu\/es_es\/arganour-gel-aloe-vera-100-natural-bio-12578.html'>\r\n        <img loading='async' src='https:\/\/cdn2.primor.eu\/media\/catalog\/product\/cache\/8d3aba296f7a18b5251ee30fa5db42b2\/8\/4\/8435438600690_Gel_Aloe_Vera_1_ddc4.png' alt='COMPRAR AHORA'>\r\n            <div class=\"claim\">\r\n                COMPRAR AHORA            <\/div>\r\n        <\/a>\r\n    \n\n\n\n<h3 class=\"wp-block-heading\">Aloe Vera Gel de Dr Organic<\/h3>\n\n\n\n<p>Gel refrescante e hidratante instant\u00e1neo dise\u00f1ado para pieles secas, irritadas y expuestas al sol. Ofrece una acci\u00f3n calmante y beneficios clave de hidrataci\u00f3n y restauraci\u00f3n. Apto para todo tipo de piel, es ideal para calmar, hidratar y revitalizar la piel despu\u00e9s de la exposici\u00f3n solar. Proporciona una sensaci\u00f3n saludable y suave de forma instant\u00e1nea, con una fragancia fresca, limpia y herbal.<\/p>\n\n\n    <a class='product' target='_blank' href='https:\/\/www.primor.eu\/es_es\/dr-organic-aloe-vera-gel-24863.html'>\r\n        <img loading='async' src='https:\/\/cdn2.primor.eu\/media\/catalog\/product\/cache\/8d3aba296f7a18b5251ee30fa5db42b2\/5\/0\/5060176671355_principal_gel_aloe_vera_72a4.jpg' alt='COMPRAR AHORA'>\r\n            <div class=\"claim\">\r\n                COMPRAR AHORA            <\/div>\r\n        <\/a>\r\n    \n\n\n\n<h3 class=\"wp-block-heading\">Gel Aloe Vera de IDC Institute<\/h3>\n\n\n\n<p>Es un gel que contiene el 100% de aloe vera de origen natural que ayuda a tener una piel m\u00e1s sana y cuidada gracias a sus propiedades calmantes, regeneradoras e hidratantes. Gel Aloe Vera de IDC Institute es ideal para tratar las quemaduras, rojeces y las irritaciones de la piel. El aloe vera tambi\u00e9n es un excelente descongestionante, por lo que, aplicada a modo de mascarilla en las bolsas de los ojos ayuda a reducirlas.<\/p>\n\n\n    <a class='product' target='_blank' href='https:\/\/www.primor.eu\/es_es\/idc-institute-gel-aloe-vera-15373.html'>\r\n        <img loading='async' src='https:\/\/cdn2.primor.eu\/media\/catalog\/product\/cache\/8d3aba296f7a18b5251ee30fa5db42b2\/0\/T\/0TF12875_1_961f.jpg' alt='COMPRAR AHORA'>\r\n            <div class=\"claim\">\r\n                COMPRAR AHORA            <\/div>\r\n        <\/a>\r\n    \n\n\n\n<h3 class=\"wp-block-heading\">Gel Facial Aloe Vera de Nacomi<\/h3>\n\n\n\n<p>Contiene \u00e1cido hialur\u00f3nico de bajo peso molecular, col\u00e1geno marino y elastina hidrolizada. Brinda\u00a0hidrataci\u00f3n intensa\u00a0y aumenta\u00a0la elasticidad y suavidad de la piel.<\/p>\n\n\n       \r\n        \n\n\n\n<h3 class=\"wp-block-heading\">Gel Aloe Vera Puro de Bio Glow<\/h3>\n\n\n\n<p>Procedente de Cultivo Ecol\u00f3gico, regenera y calma. Elaborado con jugo de Aloe Vera 100% Puro y Ecol\u00f3gico. Indicado para todo tipo de pieles despu\u00e9s de la exposici\u00f3n solar, post depilaci\u00f3n o fotodepilaci\u00f3n, afeitado, quemaduras e irritaciones de la piel.<\/p>\n\n\n    <a class='product' target='_blank' href='https:\/\/www.primor.eu\/es_es\/bio-glow-gel-aloe-vera-puro-13049.html'>\r\n        <img loading='async' src='https:\/\/cdn2.primor.eu\/media\/catalog\/product\/cache\/8d3aba296f7a18b5251ee30fa5db42b2\/0\/T\/0TN02075_1_3de1.jpg' alt='COMPRAR AHORA'>\r\n            <div class=\"claim\">\r\n                COMPRAR AHORA            <\/div>\r\n        <\/a>\r\n    \n\n\n<div class=\"kk-star-ratings kksr-auto kksr-align-center kksr-valign-bottom\"\n    data-payload='{&quot;align&quot;:&quot;center&quot;,&quot;id&quot;:&quot;33844&quot;,&quot;slug&quot;:&quot;default&quot;,&quot;valign&quot;:&quot;bottom&quot;,&quot;ignore&quot;:&quot;&quot;,&quot;reference&quot;:&quot;auto&quot;,&quot;class&quot;:&quot;&quot;,&quot;count&quot;:&quot;0&quot;,&quot;legendonly&quot;:&quot;&quot;,&quot;readonly&quot;:&quot;&quot;,&quot;score&quot;:&quot;0&quot;,&quot;starsonly&quot;:&quot;&quot;,&quot;best&quot;:&quot;5&quot;,&quot;gap&quot;:&quot;5&quot;,&quot;greet&quot;:&quot;Valora este art\u00edculo&quot;,&quot;legend&quot;:&quot;0\\\/5 - (0 votos)&quot;,&quot;size&quot;:&quot;24&quot;,&quot;title&quot;:&quot;\u00bfConoces todos los beneficios del gel de aloe vera?&quot;,&quot;width&quot;:&quot;0&quot;,&quot;_legend&quot;:&quot;{score}\\\/{best} - ({count} {votes})&quot;,&quot;font_factor&quot;:&quot;1.25&quot;}'>\n            \n<div class=\"kksr-stars\">\n    \n<div class=\"kksr-stars-inactive\">\n            <div class=\"kksr-star\" data-star=\"1\" style=\"padding-right: 5px\">\n            \n\n<div class=\"kksr-icon\" style=\"width: 24px; height: 24px;\"><\/div>\n        <\/div>\n            <div class=\"kksr-star\" data-star=\"2\" style=\"padding-right: 5px\">\n            \n\n<div class=\"kksr-icon\" style=\"width: 24px; height: 24px;\"><\/div>\n        <\/div>\n            <div class=\"kksr-star\" data-star=\"3\" style=\"padding-right: 5px\">\n            \n\n<div class=\"kksr-icon\" style=\"width: 24px; height: 24px;\"><\/div>\n        <\/div>\n            <div class=\"kksr-star\" data-star=\"4\" style=\"padding-right: 5px\">\n            \n\n<div class=\"kksr-icon\" style=\"width: 24px; height: 24px;\"><\/div>\n        <\/div>\n            <div class=\"kksr-star\" data-star=\"5\" style=\"padding-right: 5px\">\n            \n\n<div class=\"kksr-icon\" style=\"width: 24px; height: 24px;\"><\/div>\n        <\/div>\n    <\/div>\n    \n<div class=\"kksr-stars-active\" style=\"width: 0px;\">\n            <div class=\"kksr-star\" style=\"padding-right: 5px\">\n            \n\n<div class=\"kksr-icon\" style=\"width: 24px; height: 24px;\"><\/div>\n        <\/div>\n            <div class=\"kksr-star\" style=\"padding-right: 5px\">\n            \n\n<div class=\"kksr-icon\" style=\"width: 24px; height: 24px;\"><\/div>\n        <\/div>\n            <div class=\"kksr-star\" style=\"padding-right: 5px\">\n            \n\n<div class=\"kksr-icon\" style=\"width: 24px; height: 24px;\"><\/div>\n        <\/div>\n            <div class=\"kksr-star\" style=\"padding-right: 5px\">\n            \n\n<div class=\"kksr-icon\" style=\"width: 24px; height: 24px;\"><\/div>\n        <\/div>\n            <div class=\"kksr-star\" style=\"padding-right: 5px\">\n            \n\n<div class=\"kksr-icon\" style=\"width: 24px; height: 24px;\"><\/div>\n        <\/div>\n    <\/div>\n<\/div>\n                \n\n<div class=\"kksr-legend\" style=\"font-size: 19.2px;\">\n            <span class=\"kksr-muted\">Valora este art\u00edculo<\/span>\n    <\/div>\n    <\/div>\n","protected":false},"excerpt":{"rendered":"<p>\u201cLa planta de los mil usos\u201d, as\u00ed se conoce com\u00fanmente al aloe vera. \u00bfSabes por qu\u00e9? Porque esta planta esconde multitud de propiedades naturales para tu piel. Por ello, no resulta extra\u00f1o que nuestros antepasados ya la usar\u00e1n para tratar diferentes problemas cut\u00e1neos. \u00bfY t\u00fa has usado alguna vez el aloe vera para cuidar tu [&hellip;]<\/p>\n","protected":false},"author":4,"featured_media":112056,"comment_status":"open","ping_status":"open","sticky":false,"template":"","format":"standard","meta":{"jnews-multi-image_gallery":[],"jnews_single_post":{"subtitle":"","format":"standard","video":"","gallery":"","source_name":"","source_url":"","via_name":"","via_url":"","override_template":"0","override":[{"template":"1","single_blog_custom":"","parallax":"1","fullscreen":"1","layout":"right-sidebar","sidebar":"home-2","second_sidebar":"default-sidebar","sticky_sidebar":"0","share_position":"float","share_float_style":"share-monocrhome","show_share_counter":"0","show_view_counter":"0","show_featured":"1","show_post_meta":"1","show_post_author":"0","show_post_author_image":"1","show_post_date":"1","post_date_format":"default","post_date_format_custom":"Y\/m\/d","show_post_category":"1","show_post_reading_time":"0","post_reading_time_wpm":"300","show_zoom_button":"0","zoom_button_out_step":"2","zoom_button_in_step":"3","show_post_tag":"0","show_prev_next_post":"0","show_popup_post":"0","number_popup_post":"2","show_author_box":"0","show_post_related":"0","show_inline_post_related":"1"}],"override_image_size":"0","image_override":[{"single_post_thumbnail_size":"no-crop","single_post_gallery_size":"crop-500"}],"trending_post":"0","trending_post_position":"meta","trending_post_label":"Trending","sponsored_post":"0","sponsored_post_label":"Sponsored by","sponsored_post_name":"","sponsored_post_url":"","sponsored_post_logo_enable":"0","sponsored_post_logo":"","sponsored_post_desc":"","disable_ad":"0"},"jnews_primary_category":{"id":"","hide":""},"jnews_social_meta":{"fb_title":"","fb_description":"","fb_image":"","twitter_title":"","twitter_description":"","twitter_image":""},"jnews_override_counter":{"override_view_counter":"0","view_counter_number":"0","override_share_counter":"0","share_counter_number":"0","override_like_counter":"0","like_counter_number":"0","override_dislike_counter":"0","dislike_counter_number":"0"},"footnotes":""},"categories":[151],"tags":[],"class_list":["post-33844","post","type-post","status-publish","format-standard","has-post-thumbnail","hentry","category-corporales"],"_links":{"self":[{"href":"https:\/\/www.primor.eu\/blog\/wp-json\/wp\/v2\/posts\/33844","targetHints":{"allow":["GET"]}}],"collection":[{"href":"https:\/\/www.primor.eu\/blog\/wp-json\/wp\/v2\/posts"}],"about":[{"href":"https:\/\/www.primor.eu\/blog\/wp-json\/wp\/v2\/types\/post"}],"author":[{"embeddable":true,"href":"https:\/\/www.primor.eu\/blog\/wp-json\/wp\/v2\/users\/4"}],"replies":[{"embeddable":true,"href":"https:\/\/www.primor.eu\/blog\/wp-json\/wp\/v2\/comments?post=33844"}],"version-history":[{"count":2,"href":"https:\/\/www.primor.eu\/blog\/wp-json\/wp\/v2\/posts\/33844\/revisions"}],"predecessor-version":[{"id":112061,"href":"https:\/\/www.primor.eu\/blog\/wp-json\/wp\/v2\/posts\/33844\/revisions\/112061"}],"wp:featuredmedia":[{"embeddable":true,"href":"https:\/\/www.primor.eu\/blog\/wp-json\/wp\/v2\/media\/112056"}],"wp:attachment":[{"href":"https:\/\/www.primor.eu\/blog\/wp-json\/wp\/v2\/media?parent=33844"}],"wp:term":[{"taxonomy":"category","embeddable":true,"href":"https:\/\/www.primor.eu\/blog\/wp-json\/wp\/v2\/categories?post=33844"},{"taxonomy":"post_tag","embeddable":true,"href":"https:\/\/www.primor.eu\/blog\/wp-json\/wp\/v2\/tags?post=33844"}],"curies":[{"name":"wp","href":"https:\/\/api.w.org\/{rel}","templated":true}]}}