{"id":33083,"date":"2022-03-04T10:00:11","date_gmt":"2022-03-04T09:00:11","guid":{"rendered":"https:\/\/blog.primor.eu\/?p=33083"},"modified":"2025-06-30T06:00:11","modified_gmt":"2025-06-30T06:00:11","slug":"efecto-photofocus","status":"publish","type":"post","link":"https:\/\/www.primor.eu\/blog\/efecto-photofocus\/","title":{"rendered":"\u00bfQu\u00e9 es el Efecto PhotoFocus? Tu aliado perfecto para los selfies"},"content":{"rendered":"<p class=\"p1\"><span class=\"s1\">Si algo detestamos todas es salir mal en las fotos. Seguro que has sufrido ese efecto flash con el que apareces m\u00e1s p\u00e1lida de lo que est\u00e1s en las fotos o te ha aparecido un reflejo blanco en la zona del corrector por una mala iluminaci\u00f3n. Por ello es fundamental usar <strong>una base de calidad<\/strong> para combatir las iluminaciones extremas. Dile adi\u00f3s al <a href=\"https:\/\/www.primor.eu\/blog\/efecto-flash-que-es\/\">efecto flash <\/a>y descubre el <strong>efecto photofocus.<\/strong><\/span><\/p>\n<p><img decoding=\"async\" class=\"alignnone size-full wp-image-33086\" src=\"\/wp-content\/uploads\/2022\/02\/1366_2000.jpeg\" alt=\"\" width=\"1139\" height=\"1476\" \/><\/p>\n<h2 class=\"p1\"><span class=\"s1\"><b>Efecto PhotoFocus al rescate<\/b><\/span><\/h2>\n<p class=\"p1\"><span class=\"s1\">La clave para evitar este tipo de efectos indeseados es usar un fondo de maquillaje que ofrece <strong>cobertura total edificable<\/strong>, ya que seg<\/span><span class=\"s2\">\u00fa<\/span><span class=\"s1\">n la cantidad aplicada llegar<\/span><span class=\"s2\">\u00e1<\/span><span class=\"s1\">s a conseguir la cobertura deseada. Estas son de las mejores opciones para tu piel, ya que dejan respirar tus poros sin problema. Te recomendamos que la base no sea especialmente oleosa, si no tendr\u00e1s una sensaci\u00f3n grasienta todo el d\u00eda. Recuerda siempre usar una base de tu tono de piel, as<\/span><span class=\"s2\">\u00ed<\/span><span class=\"s1\"> evitar<\/span><span class=\"s2\">\u00e1<\/span><span class=\"s1\">s tonos artificiales o que sean los indicados para tu piel. A la hora de aplicar el producto sobre el rostro es importante que uses una brocha de base o una esponja para obtener un acabado perfecto y aterciopelado en tu rostro.<\/span><\/p>\n<figure id=\"attachment_33088\" aria-describedby=\"caption-attachment-33088\" style=\"width: 300px\" class=\"wp-caption aligncenter\"><img decoding=\"async\" class=\"wp-image-33088 size-full\" src=\"\/wp-content\/uploads\/2022\/02\/WetNWild.jpg\" alt=\"\" width=\"300\" height=\"300\" \/><figcaption id=\"caption-attachment-33088\" class=\"wp-caption-text\"><a href=\"https:\/\/www.primor.eu\/es_es\/wet-n-wild-photo-focus-base-de-maquillaje-46012.html\">Photo Focus Base de Maquillaje de Wet N Wild (6,99\u20ac)<\/a><\/figcaption><\/figure>\n<h2 class=\"p1\"><span class=\"s1\"><b>\u00a1Bye, bye efecto flash!<\/b><\/span><\/h2>\n<p class=\"p1\"><span class=\"s1\">Desde Primor Box queremos que est\u00e9s perfecta en tus selfies la pr\u00f3xima vez que salgas de fiesta. Por eso hemos incluido la <b>base de maquillaje Photo Focus de Wet N Wild<\/b>. <\/span><span class=\"s2\">La PhotoFocus Dewy Foundation de Wet N Wild es una base perfeccionadora de alto rendimiento que ayuda a disimular poros e imperfecciones. Se difumina perfectamente en la piel logrando un acabado luminoso e hidratado. Se adapta a todo tipo de pieles: de normales a secas. Adem\u00e1s, cuenta con el efecto Photofocus que se convertir\u00e1 en tu aliado perfecto para los Selfies. <b>Luce una piel bonita y sin brillos.<\/b><\/span><\/p>\n\n\n<div class=\"kk-star-ratings kksr-auto kksr-align-center kksr-valign-bottom\"\n    data-payload='{&quot;align&quot;:&quot;center&quot;,&quot;id&quot;:&quot;33083&quot;,&quot;slug&quot;:&quot;default&quot;,&quot;valign&quot;:&quot;bottom&quot;,&quot;ignore&quot;:&quot;&quot;,&quot;reference&quot;:&quot;auto&quot;,&quot;class&quot;:&quot;&quot;,&quot;count&quot;:&quot;0&quot;,&quot;legendonly&quot;:&quot;&quot;,&quot;readonly&quot;:&quot;&quot;,&quot;score&quot;:&quot;0&quot;,&quot;starsonly&quot;:&quot;&quot;,&quot;best&quot;:&quot;5&quot;,&quot;gap&quot;:&quot;5&quot;,&quot;greet&quot;:&quot;Valora este art\u00edculo&quot;,&quot;legend&quot;:&quot;0\\\/5 - (0 votos)&quot;,&quot;size&quot;:&quot;24&quot;,&quot;title&quot;:&quot;\u00bfQu\u00e9 es el Efecto PhotoFocus? Tu aliado perfecto para los selfies&quot;,&quot;width&quot;:&quot;0&quot;,&quot;_legend&quot;:&quot;{score}\\\/{best} - ({count} {votes})&quot;,&quot;font_factor&quot;:&quot;1.25&quot;}'>\n            \n<div class=\"kksr-stars\">\n    \n<div class=\"kksr-stars-inactive\">\n            <div class=\"kksr-star\" data-star=\"1\" style=\"padding-right: 5px\">\n            \n\n<div class=\"kksr-icon\" style=\"width: 24px; height: 24px;\"><\/div>\n        <\/div>\n            <div class=\"kksr-star\" data-star=\"2\" style=\"padding-right: 5px\">\n            \n\n<div class=\"kksr-icon\" style=\"width: 24px; height: 24px;\"><\/div>\n        <\/div>\n            <div class=\"kksr-star\" data-star=\"3\" style=\"padding-right: 5px\">\n            \n\n<div class=\"kksr-icon\" style=\"width: 24px; height: 24px;\"><\/div>\n        <\/div>\n            <div class=\"kksr-star\" data-star=\"4\" style=\"padding-right: 5px\">\n            \n\n<div class=\"kksr-icon\" style=\"width: 24px; height: 24px;\"><\/div>\n        <\/div>\n            <div class=\"kksr-star\" data-star=\"5\" style=\"padding-right: 5px\">\n            \n\n<div class=\"kksr-icon\" style=\"width: 24px; height: 24px;\"><\/div>\n        <\/div>\n    <\/div>\n    \n<div class=\"kksr-stars-active\" style=\"width: 0px;\">\n            <div class=\"kksr-star\" style=\"padding-right: 5px\">\n            \n\n<div class=\"kksr-icon\" style=\"width: 24px; height: 24px;\"><\/div>\n        <\/div>\n            <div class=\"kksr-star\" style=\"padding-right: 5px\">\n            \n\n<div class=\"kksr-icon\" style=\"width: 24px; height: 24px;\"><\/div>\n        <\/div>\n            <div class=\"kksr-star\" style=\"padding-right: 5px\">\n            \n\n<div class=\"kksr-icon\" style=\"width: 24px; height: 24px;\"><\/div>\n        <\/div>\n            <div class=\"kksr-star\" style=\"padding-right: 5px\">\n            \n\n<div class=\"kksr-icon\" style=\"width: 24px; height: 24px;\"><\/div>\n        <\/div>\n            <div class=\"kksr-star\" style=\"padding-right: 5px\">\n            \n\n<div class=\"kksr-icon\" style=\"width: 24px; height: 24px;\"><\/div>\n        <\/div>\n    <\/div>\n<\/div>\n                \n\n<div class=\"kksr-legend\" style=\"font-size: 19.2px;\">\n            <span class=\"kksr-muted\">Valora este art\u00edculo<\/span>\n    <\/div>\n    <\/div>\n","protected":false},"excerpt":{"rendered":"<p>Si algo detestamos todas es salir mal en las fotos. Seguro que has sufrido ese efecto flash con el que apareces m\u00e1s p\u00e1lida de lo que est\u00e1s en las fotos o te ha aparecido un reflejo blanco en la zona del corrector por una mala iluminaci\u00f3n. Por ello es fundamental usar una base de calidad [&hellip;]<\/p>\n","protected":false},"author":4,"featured_media":65936,"comment_status":"open","ping_status":"open","sticky":false,"template":"","format":"standard","meta":{"jnews-multi-image_gallery":[],"jnews_single_post":[],"jnews_primary_category":[],"jnews_social_meta":[],"jnews_override_counter":[],"footnotes":""},"categories":[41],"tags":[],"class_list":["post-33083","post","type-post","status-publish","format-standard","has-post-thumbnail","hentry","category-maquillaje"],"_links":{"self":[{"href":"https:\/\/www.primor.eu\/blog\/wp-json\/wp\/v2\/posts\/33083","targetHints":{"allow":["GET"]}}],"collection":[{"href":"https:\/\/www.primor.eu\/blog\/wp-json\/wp\/v2\/posts"}],"about":[{"href":"https:\/\/www.primor.eu\/blog\/wp-json\/wp\/v2\/types\/post"}],"author":[{"embeddable":true,"href":"https:\/\/www.primor.eu\/blog\/wp-json\/wp\/v2\/users\/4"}],"replies":[{"embeddable":true,"href":"https:\/\/www.primor.eu\/blog\/wp-json\/wp\/v2\/comments?post=33083"}],"version-history":[{"count":1,"href":"https:\/\/www.primor.eu\/blog\/wp-json\/wp\/v2\/posts\/33083\/revisions"}],"predecessor-version":[{"id":76520,"href":"https:\/\/www.primor.eu\/blog\/wp-json\/wp\/v2\/posts\/33083\/revisions\/76520"}],"wp:featuredmedia":[{"embeddable":true,"href":"https:\/\/www.primor.eu\/blog\/wp-json\/wp\/v2\/media\/65936"}],"wp:attachment":[{"href":"https:\/\/www.primor.eu\/blog\/wp-json\/wp\/v2\/media?parent=33083"}],"wp:term":[{"taxonomy":"category","embeddable":true,"href":"https:\/\/www.primor.eu\/blog\/wp-json\/wp\/v2\/categories?post=33083"},{"taxonomy":"post_tag","embeddable":true,"href":"https:\/\/www.primor.eu\/blog\/wp-json\/wp\/v2\/tags?post=33083"}],"curies":[{"name":"wp","href":"https:\/\/api.w.org\/{rel}","templated":true}]}}