{"id":32708,"date":"2026-02-06T14:59:04","date_gmt":"2026-02-06T14:59:04","guid":{"rendered":"https:\/\/blog.primor.eu\/?p=32708"},"modified":"2026-02-06T14:59:08","modified_gmt":"2026-02-06T14:59:08","slug":"maquillaje-para-carnaval","status":"publish","type":"post","link":"https:\/\/www.primor.eu\/blog\/maquillaje-para-carnaval\/","title":{"rendered":"C\u00f3mo conseguir el mejor maquillaje de carnaval: los mejores productos de 2026"},"content":{"rendered":"\n<p><span style=\"font-weight: 400;\">\u00a1El d\u00eda se acerca! Carnaval est\u00e1 aqu\u00ed y, querida beauty hunter, sabemos que est\u00e1s deseando saber todas las tendencias en maquillaje y productos que puedes utilizar para conseguir un disfraz de diez. <strong>Desde cl\u00e1sicos como Cruella de Vil hasta otros m\u00e1s rompedores como los looks beauty de Euphoria.<\/strong> As\u00ed que, atenta y no te pierdas los mejores productos para conseguir el mejor <strong><a href=\"https:\/\/www.primor.eu\/es_es\/maquillaje-de-carnaval\" data-type=\"link\" data-id=\"https:\/\/www.primor.eu\/es_es\/maquillaje-de-carnaval\">maquillaje para carnaval<\/a>.<\/strong><\/span><\/p>\n\n\n\n<h2 class=\"wp-block-heading\">Trucos para que tu maquillaje para carnaval dure m\u00e1s<\/h2>\n\n\n\n<ul class=\"wp-block-list\">\n<li><b>Hidrata tu piel.<\/b><span style=\"font-weight: 400;\"> Posiblemente lleves m\u00e1s cantidad de maquillaje que en otras ocasiones. Para que resista y la piel no se te caiga a trozos, utiliza buenas hidratantes. As\u00ed como un premier o booster. \u00a1Lo notar\u00e1s!<\/span><\/li>\n\n\n\n<li><b>Productos no comedog\u00e9nicos<\/b><span style=\"font-weight: 400;\">. Esto es una recomendaci\u00f3n para todas las pieles; pero en especial para aquellas teces grasas o con patolog\u00edas. Cualquier producto que sea no comedog\u00e9nico no obstruir\u00e1 los poros y no provocar\u00e1 imperfecciones, brotes de acn\u00e9 o irritaciones.<\/span><\/li>\n\n\n\n<li><b>Fija tu maquillaje<\/b><span style=\"font-weight: 400;\">. De nada sirve que consigas un maquillaje de revista si no lo fijas bien. \u00a1Recuerda a\u00f1adir a tu wishlist un buen fijador que selle todo tu trabajo!<\/span><\/li>\n\n\n\n<li><b>Desmaquillarte bien. <\/b>Y recuerda, es casi m\u00e1s importante este paso que todos los anteriores. Te recomendamos que, despu\u00e9s de retirar tu maquillaje utilices la<a href=\"https:\/\/www.primor.eu\/blog\/limpieza-facial-en-casa\/\"> rutina de limpieza en cinco pasos que te explicamos aqu\u00ed.<\/a> \u00a1Tu piel volver\u00e1 a estar como nueva!<\/li>\n<\/ul>\n\n\n\n<h2 class=\"wp-block-heading\">Productos para un maquillaje de carnaval profesional y bonito<\/h2>\n\n\n        <product-table class=\"pr-slider\">\r\n            <product-headers class=\"grid-table-rows\">\r\n                <div>Foto<\/div>\r\n                <div>Producto<\/div>\r\n                <div>Marca<\/div>\r\n                <div>Valoraciones<\/div>\r\n                <div>Precio<\/div>\r\n            <\/product-headers>\r\n\r\n            <product-list>\r\n                                    <a href=\"https:\/\/www.primor.eu\/es_es\/revolution-paleta-de-sombras-forever-flawless-birds-of-paradise-33937.html\" class=\"product-item grid-table-rows\" target=\"_blank\">\r\n                        <div>\r\n                            <img decoding=\"async\" class=\"product-img\" width=\"80px\" height=\"80px\" src=\"https:\/\/cdn2.primor.eu\/media\/catalog\/product\/cache\/8d3aba296f7a18b5251ee30fa5db42b2\/0\/M\/0MR18493_1_96cf.jpg\" alt=\"Paleta de Sombras Forever Flawless Birds Of Paradise\">\r\n                        <\/div>\r\n\r\n                        <!-- Contenido de producto  -->\r\n                        <div>\r\n                            <div class=\"product-position\">\r\n                                #1 Top Ventas                            <\/div>\r\n\r\n                            <h2>\r\n                                Paleta de Sombras Forever Flawless Birds Of Paradise                            <\/h2>\r\n                        <\/div>\r\n\r\n                        <!-- Imagen y\/o nombre de la marca -->\r\n                        <div>\r\n                                                            <img decoding=\"async\" width=\"70\" src=\"https:\/\/www.primor.eu\/media\/catalog\/category\/revolution.png\" alt=\"\">\r\n                                                    <\/div>\r\n\r\n                        <!-- Puntuaci\u00f3n del producto  -->\r\n                        <div class=\"rating\">\r\n                                                            <div class=\"rate\" style=\"--p:96;\"><\/div>\r\n                                <b>4.8\/5<\/b>\r\n                                <div class=\"rate-stars\">\r\n                                                                            <div\r\n                                            class=\"rate-star  \">\r\n                                        <\/div>\r\n                                                                            <div\r\n                                            class=\"rate-star  \">\r\n                                        <\/div>\r\n                                                                            <div\r\n                                            class=\"rate-star  \">\r\n                                        <\/div>\r\n                                                                            <div\r\n                                            class=\"rate-star  \">\r\n                                        <\/div>\r\n                                                                            <div\r\n                                            class=\"rate-star  \">\r\n                                        <\/div>\r\n                                                                    <\/div>\r\n                                                    <\/div>\r\n\r\n                        <!-- Bot\u00f3n de producto  -->\r\n                        <div>\r\n                            <span class=\"price-claim\">\r\n                                VER PRECIO                            <\/span>\r\n                        <\/div>\r\n                    <\/a>\r\n                                    <a href=\"https:\/\/www.primor.eu\/es_es\/urban-decay-all-nighter-setting-spray-fijador-de-maquillaje-122463.html?#863=69585\" class=\"product-item grid-table-rows\" target=\"_blank\">\r\n                        <div>\r\n                            <img decoding=\"async\" class=\"product-img\" width=\"80px\" height=\"80px\" src=\"https:\/\/cdn2.primor.eu\/media\/catalog\/product\/cache\/8d3aba296f7a18b5251ee30fa5db42b2\/3\/6\/3605971305887_1_f72f.jpg\" alt=\"All Nighter Setting Spray Fijador de Maquillaje\">\r\n                        <\/div>\r\n\r\n                        <!-- Contenido de producto  -->\r\n                        <div>\r\n                            <div class=\"product-position\">\r\n                                #2                            <\/div>\r\n\r\n                            <h2>\r\n                                All Nighter Setting Spray Fijador de Maquillaje                            <\/h2>\r\n                        <\/div>\r\n\r\n                        <!-- Imagen y\/o nombre de la marca -->\r\n                        <div>\r\n                                                            <img decoding=\"async\" width=\"70\" src=\"https:\/\/www.primor.eu\/media\/catalog\/category\/Urban_Decay.png\" alt=\"Urban Decay\">\r\n                                                    <\/div>\r\n\r\n                        <!-- Puntuaci\u00f3n del producto  -->\r\n                        <div class=\"rating\">\r\n                                                            <div class=\"rate\" style=\"--p:94;\"><\/div>\r\n                                <b>4.7\/5<\/b>\r\n                                <div class=\"rate-stars\">\r\n                                                                            <div\r\n                                            class=\"rate-star  \">\r\n                                        <\/div>\r\n                                                                            <div\r\n                                            class=\"rate-star  \">\r\n                                        <\/div>\r\n                                                                            <div\r\n                                            class=\"rate-star  \">\r\n                                        <\/div>\r\n                                                                            <div\r\n                                            class=\"rate-star  \">\r\n                                        <\/div>\r\n                                                                            <div\r\n                                            class=\"rate-star  \">\r\n                                        <\/div>\r\n                                                                    <\/div>\r\n                                                    <\/div>\r\n\r\n                        <!-- Bot\u00f3n de producto  -->\r\n                        <div>\r\n                            <span class=\"price-claim\">\r\n                                VER PRECIO                            <\/span>\r\n                        <\/div>\r\n                    <\/a>\r\n                                    <a href=\"https:\/\/www.primor.eu\/es_es\/3ina-mascara-de-pestanas-the-color-mascara-109948.html?#803=83201\" class=\"product-item grid-table-rows\" target=\"_blank\">\r\n                        <div>\r\n                            <img decoding=\"async\" class=\"product-img\" width=\"80px\" height=\"80px\" src=\"https:\/\/cdn2.primor.eu\/media\/catalog\/product\/cache\/8d3aba296f7a18b5251ee30fa5db42b2\/8\/4\/8435446418676_1_3174.jpg\" alt=\"M\u00e1scara de Pesta\u00f1as The Color Mascara\">\r\n                        <\/div>\r\n\r\n                        <!-- Contenido de producto  -->\r\n                        <div>\r\n                            <div class=\"product-position\">\r\n                                #3                            <\/div>\r\n\r\n                            <h2>\r\n                                M\u00e1scara de Pesta\u00f1as The Color Mascara                            <\/h2>\r\n                        <\/div>\r\n\r\n                        <!-- Imagen y\/o nombre de la marca -->\r\n                        <div>\r\n                                                            <img decoding=\"async\" width=\"70\" src=\"https:\/\/www.primor.eu\/media\/catalog\/category\/3ina.jpg\" alt=\"3ina\">\r\n                                                    <\/div>\r\n\r\n                        <!-- Puntuaci\u00f3n del producto  -->\r\n                        <div class=\"rating\">\r\n                                                            <div class=\"rate\" style=\"--p:74;\"><\/div>\r\n                                <b>3.7\/5<\/b>\r\n                                <div class=\"rate-stars\">\r\n                                                                            <div\r\n                                            class=\"rate-star  \">\r\n                                        <\/div>\r\n                                                                            <div\r\n                                            class=\"rate-star  \">\r\n                                        <\/div>\r\n                                                                            <div\r\n                                            class=\"rate-star  \">\r\n                                        <\/div>\r\n                                                                            <div\r\n                                            class=\"rate-star  \">\r\n                                        <\/div>\r\n                                                                            <div\r\n                                            class=\"rate-star disable \">\r\n                                        <\/div>\r\n                                                                    <\/div>\r\n                                                    <\/div>\r\n\r\n                        <!-- Bot\u00f3n de producto  -->\r\n                        <div>\r\n                            <span class=\"price-claim\">\r\n                                VER PRECIO                            <\/span>\r\n                        <\/div>\r\n                    <\/a>\r\n                                    <a href=\"https:\/\/www.primor.eu\/es_es\/nyx-professional-make-up-aceite-labial-fat-oil-lip-drip-108610.html?#803=79522\" class=\"product-item grid-table-rows\" target=\"_blank\">\r\n                        <div>\r\n                            <img decoding=\"async\" class=\"product-img\" width=\"80px\" height=\"80px\" src=\"https:\/\/cdn2.primor.eu\/media\/catalog\/product\/cache\/8d3aba296f7a18b5251ee30fa5db42b2\/8\/0\/800897233976_49e3.jpg\" alt=\"Aceite Labial Fat Oil Lip Drip\">\r\n                        <\/div>\r\n\r\n                        <!-- Contenido de producto  -->\r\n                        <div>\r\n                            <div class=\"product-position\">\r\n                                #4                            <\/div>\r\n\r\n                            <h2>\r\n                                Aceite Labial Fat Oil Lip Drip                            <\/h2>\r\n                        <\/div>\r\n\r\n                        <!-- Imagen y\/o nombre de la marca -->\r\n                        <div>\r\n                                                            <img decoding=\"async\" width=\"70\" src=\"https:\/\/www.primor.eu\/media\/catalog\/category\/nyx.png\" alt=\"NYX Professional Make Up\">\r\n                                                    <\/div>\r\n\r\n                        <!-- Puntuaci\u00f3n del producto  -->\r\n                        <div class=\"rating\">\r\n                                                            <div class=\"rate\" style=\"--p:92;\"><\/div>\r\n                                <b>4.6\/5<\/b>\r\n                                <div class=\"rate-stars\">\r\n                                                                            <div\r\n                                            class=\"rate-star  \">\r\n                                        <\/div>\r\n                                                                            <div\r\n                                            class=\"rate-star  \">\r\n                                        <\/div>\r\n                                                                            <div\r\n                                            class=\"rate-star  \">\r\n                                        <\/div>\r\n                                                                            <div\r\n                                            class=\"rate-star  \">\r\n                                        <\/div>\r\n                                                                            <div\r\n                                            class=\"rate-star  \">\r\n                                        <\/div>\r\n                                                                    <\/div>\r\n                                                    <\/div>\r\n\r\n                        <!-- Bot\u00f3n de producto  -->\r\n                        <div>\r\n                            <span class=\"price-claim\">\r\n                                VER PRECIO                            <\/span>\r\n                        <\/div>\r\n                    <\/a>\r\n                            <\/product-list>\r\n        <\/product-table>\r\n\r\n        \n\n\n\n<h3 class=\"wp-block-heading\">Paleta de Sombras Forever Flawless Birds Of Paradise de Revolution<\/h3>\n\n\n\n<p>Una paleta de 18 sombras con tonos s\u00faper vivos y llamativos ideales para un look de carnaval. Son de alta pigmentaci\u00f3n, f\u00e1ciles de aplicar, difuminar y con acabados mate, met\u00e1lico y glitter.<\/p>\n\n\n    <a class='product' target='_blank' href='https:\/\/www.primor.eu\/es_es\/revolution-paleta-de-sombras-forever-flawless-birds-of-paradise-33937.html'>\r\n        <img loading='async' src='https:\/\/cdn2.primor.eu\/media\/catalog\/product\/cache\/8d3aba296f7a18b5251ee30fa5db42b2\/0\/M\/0MR18493_1_96cf.jpg' alt='COMPRAR AHORA'>\r\n            <div class=\"claim\">\r\n                COMPRAR AHORA            <\/div>\r\n        <\/a>\r\n    \n\n\n\n<h3 class=\"wp-block-heading\">All Nighter Setting Spray de Urban Decay<\/h3>\n\n\n\n<p>Si ya has conseguido un maquillaje a la altura, \u00a1no olvides fijarlo! All Nighter Setting Spray de Urban Decay es un spray 100% vegano que mantendr\u00e1 tu maquillaje fijo hasta el final del d\u00eda o de la noche. Aguanta 16 horas intacto sin resecarse, ni brillos. \u00a1Ideal para carnaval!<\/p>\n\n\n    <a class='product' target='_blank' href='https:\/\/www.primor.eu\/es_es\/urban-decay-all-nighter-setting-spray-fijador-de-maquillaje-122463.html?#863=69585'>\r\n        <img loading='async' src='https:\/\/cdn2.primor.eu\/media\/catalog\/product\/cache\/8d3aba296f7a18b5251ee30fa5db42b2\/3\/6\/3605971305887_1_f72f.jpg' alt='COMPRAR AHORA'>\r\n            <div class=\"claim\">\r\n                COMPRAR AHORA            <\/div>\r\n        <\/a>\r\n    \n\n\n\n<h3 class=\"wp-block-heading\">The Color Mascara M\u00e1scara de Pesta\u00f1as 3ina<\/h3>\n\n\n\n<p>Pon tu toque de color a tus pesta\u00f1as mientras fortaleces sus fibras capilares con estas irresistibles m\u00e1scaras de 3ina enriquecidas con queratina natural. Disponibles en 9 tonos que van desde el cl\u00e1sico marr\u00f3n hasta el ic\u00f3nico azul el\u00e9ctrico.&nbsp;<\/p>\n\n\n    <a class='product' target='_blank' href='https:\/\/www.primor.eu\/es_es\/3ina-mascara-de-pestanas-the-color-mascara-109948.html?#803=83201'>\r\n        <img loading='async' src='https:\/\/cdn2.primor.eu\/media\/catalog\/product\/cache\/8d3aba296f7a18b5251ee30fa5db42b2\/8\/4\/8435446418676_1_3174.jpg' alt='COMPRAR AHORA'>\r\n            <div class=\"claim\">\r\n                COMPRAR AHORA            <\/div>\r\n        <\/a>\r\n    \n\n\n\n<h3 class=\"wp-block-heading\">Aceite Labial Fat Oil Lip Drip Nyx Professional Make Up<\/h3>\n\n\n\n<p>Es la opci\u00f3n segura de quienes buscan un brillo con acabado radiante, duradero y no pegajoso. Su f\u00f3rmula combina 12 horas de hidrataci\u00f3n y suavidad con un toque de color para tus labios.<\/p>\n\n\n    <a class='product' target='_blank' href='https:\/\/www.primor.eu\/es_es\/nyx-professional-make-up-aceite-labial-fat-oil-lip-drip-108610.html?#803=79522'>\r\n        <img loading='async' src='https:\/\/cdn2.primor.eu\/media\/catalog\/product\/cache\/8d3aba296f7a18b5251ee30fa5db42b2\/8\/0\/800897233976_49e3.jpg' alt='COMPRAR AHORA'>\r\n            <div class=\"claim\">\r\n                COMPRAR AHORA            <\/div>\r\n        <\/a>\r\n    \n\n\n\n<h3 class=\"wp-block-heading\">Eyeliner L\u00edquido Glitter Carnival Technic<\/h3>\n\n\n\n<p>Un eyeliner altamente pigmentado que nos ofrece un acabado intenso y brillante ideal para usar tanto solo como acompa\u00f1ado de tu delineador favorito.&nbsp;<\/p>\n\n\n    <a class='product' target='_blank' href='https:\/\/www.primor.eu\/es_es\/technic-eyeliner-liquido-glitter-carnival-110624.html?#803=57890'>\r\n        <img loading='async' src='https:\/\/cdn2.primor.eu\/media\/catalog\/product\/cache\/8d3aba296f7a18b5251ee30fa5db42b2\/0\/M\/0MO20839_1_2598.jpg' alt='COMPRAR AHORA'>\r\n            <div class=\"claim\">\r\n                COMPRAR AHORA            <\/div>\r\n        <\/a>\r\n    \n\n\n\n<h3 class=\"wp-block-heading\">Paleta de Sombras y Pigmentos Prensados Mardi Gras de W7<\/h3>\n\n\n\n<p>Tienes delante de ti una paleta de sombra de ojos que es una explosi\u00f3n de color: verdes, rosas, azules, morados,\u2026 \u00a1Todo el colorido a tus pies! Esta paleta de sombras contiene 40 tonos ultra pigmentados: 31 sombras en acabado mate, 3 metalizadas y 6 shimmer. Sombras muy f\u00e1ciles de trabajar. La Paleta de Sombras Mardi Gras te sorprender\u00e1 por su acabado profesional a un precio low cost.<\/p>\n\n\n    <a class='product' target='_blank' href='https:\/\/www.primor.eu\/es_es\/w7-paleta-de-sombras-y-pigmentos-prensados-mardi-gras-39773.html'>\r\n        <img loading='async' src='https:\/\/cdn2.primor.eu\/media\/catalog\/product\/cache\/8d3aba296f7a18b5251ee30fa5db42b2\/0\/M\/0MO22074_1_fd87.jpg' alt='COMPRAR AHORA'>\r\n            <div class=\"claim\">\r\n                COMPRAR AHORA            <\/div>\r\n        <\/a>\r\n    \n\n\n\n<h3 class=\"wp-block-heading\">Labial L\u00edquido Mate SuperStay Matte Ink de Maybelline New York<\/h3>\n\n\n\n<p>Este ic\u00f3nico labial l\u00edquido mate de Maybelline New York es conocido por su duraci\u00f3n excepcional de hasta 16 horas y su resistencia a los besos. Su f\u00f3rmula de tinta l\u00edquida presenta pigmentos de color ultrasaturados que no se cuartean ni resecan los labios, manteniendo un aspecto impecable durante todo el d\u00eda. Gracias a la tecnolog\u00eda de tinta el\u00e1stica te brinda la confianza de unos labios perfectos que permanecen intactos incluso en las situaciones m\u00e1s desafiantes.<\/p>\n\n\n    <a class='product' target='_blank' href='https:\/\/www.primor.eu\/es_es\/maybelline-new-york-labial-liquido-mate-superstay-matte-ink-108119.html?#803=47890'>\r\n        <img loading='async' src='https:\/\/cdn2.primor.eu\/media\/catalog\/product\/cache\/8d3aba296f7a18b5251ee30fa5db42b2\/0\/M\/0ML21209_1_ac93.jpg' alt='COMPRAR AHORA'>\r\n            <div class=\"claim\">\r\n                COMPRAR AHORA            <\/div>\r\n        <\/a>\r\n    \n\n\n\n<h3 class=\"wp-block-heading\">Estuche de Maquillaje Arco\u00edris de Chit &amp; Chat<\/h3>\n\n\n\n<p>El Estuche de Maquillaje Arco\u00edris Chit Chat abre un mundo lleno de color, brillo y creatividad. Con un dise\u00f1o en forma de arco\u00edris, este kit incluye sombras de ojos, brillos de labios y rubor, todo en f\u00f3rmulas seguras y pensadas para ni\u00f1as y ni\u00f1os que empiezan a explorar el maquillaje de forma divertida. Adem\u00e1s, el estuche es reutilizable: perfecto para guardar accesorios, joyitas o peque\u00f1os tesoros una vez que se termine el maquillaje.<br><\/p>\n\n\n    <a class='product' target='_blank' href='https:\/\/www.primor.eu\/es_es\/chit-chat-estuche-de-maquillaje-arcoiris-133096.html'>\r\n        <img loading='async' src='https:\/\/cdn2.primor.eu\/media\/catalog\/product\/cache\/8d3aba296f7a18b5251ee30fa5db42b2\/5\/0\/5021769827191_5fc4.jpg' alt='COMPRAR AHORA'>\r\n            <div class=\"claim\">\r\n                COMPRAR AHORA            <\/div>\r\n        <\/a>\r\n    \n\n\n\n<h3 class=\"wp-block-heading\">Kind &amp; Free Glow It Up Base de Maquillaje Hidratante de Rimmel<\/h3>\n\n\n\n<p>Gracias a su combinaci\u00f3n de ingredientes como aloe vera y vitaminas E + B5, la\u00a0<strong>base de maquillaje Kind &amp; Free Glow It Up de RIMMEL<\/strong>\u00a0ayuda a unificar el tono, difuminar imperfecciones y reducir rojeces. Su f\u00f3rmula est\u00e1 especialmente desarrollada para pieles secas y sensibles, manteniendo la hidrataci\u00f3n sin sensaci\u00f3n pesada.<br><\/p>\n\n\n    <a class='product' target='_blank' href='https:\/\/www.primor.eu\/es_es\/rimmel-kind-free-glow-it-up-base-de-maquillaje-hidratante-121576.html?#803=48586'>\r\n        <img loading='async' src='https:\/\/cdn2.primor.eu\/media\/catalog\/product\/cache\/8d3aba296f7a18b5251ee30fa5db42b2\/M\/A\/MAIN_3616306361515_b8f0.png' alt='COMPRAR AHORA'>\r\n            <div class=\"claim\">\r\n                COMPRAR AHORA            <\/div>\r\n        <\/a>\r\n    \n\n\n<div class=\"kk-star-ratings kksr-auto kksr-align-center kksr-valign-bottom\"\n    data-payload='{&quot;align&quot;:&quot;center&quot;,&quot;id&quot;:&quot;32708&quot;,&quot;slug&quot;:&quot;default&quot;,&quot;valign&quot;:&quot;bottom&quot;,&quot;ignore&quot;:&quot;&quot;,&quot;reference&quot;:&quot;auto&quot;,&quot;class&quot;:&quot;&quot;,&quot;count&quot;:&quot;0&quot;,&quot;legendonly&quot;:&quot;&quot;,&quot;readonly&quot;:&quot;&quot;,&quot;score&quot;:&quot;0&quot;,&quot;starsonly&quot;:&quot;&quot;,&quot;best&quot;:&quot;5&quot;,&quot;gap&quot;:&quot;5&quot;,&quot;greet&quot;:&quot;Valora este art\u00edculo&quot;,&quot;legend&quot;:&quot;0\\\/5 - (0 votos)&quot;,&quot;size&quot;:&quot;24&quot;,&quot;title&quot;:&quot;C\u00f3mo conseguir el mejor maquillaje de carnaval: los mejores productos de 2026&quot;,&quot;width&quot;:&quot;0&quot;,&quot;_legend&quot;:&quot;{score}\\\/{best} - ({count} {votes})&quot;,&quot;font_factor&quot;:&quot;1.25&quot;}'>\n            \n<div class=\"kksr-stars\">\n    \n<div class=\"kksr-stars-inactive\">\n            <div class=\"kksr-star\" data-star=\"1\" style=\"padding-right: 5px\">\n            \n\n<div class=\"kksr-icon\" style=\"width: 24px; height: 24px;\"><\/div>\n        <\/div>\n            <div class=\"kksr-star\" data-star=\"2\" style=\"padding-right: 5px\">\n            \n\n<div class=\"kksr-icon\" style=\"width: 24px; height: 24px;\"><\/div>\n        <\/div>\n            <div class=\"kksr-star\" data-star=\"3\" style=\"padding-right: 5px\">\n            \n\n<div class=\"kksr-icon\" style=\"width: 24px; height: 24px;\"><\/div>\n        <\/div>\n            <div class=\"kksr-star\" data-star=\"4\" style=\"padding-right: 5px\">\n            \n\n<div class=\"kksr-icon\" style=\"width: 24px; height: 24px;\"><\/div>\n        <\/div>\n            <div class=\"kksr-star\" data-star=\"5\" style=\"padding-right: 5px\">\n            \n\n<div class=\"kksr-icon\" style=\"width: 24px; height: 24px;\"><\/div>\n        <\/div>\n    <\/div>\n    \n<div class=\"kksr-stars-active\" style=\"width: 0px;\">\n            <div class=\"kksr-star\" style=\"padding-right: 5px\">\n            \n\n<div class=\"kksr-icon\" style=\"width: 24px; height: 24px;\"><\/div>\n        <\/div>\n            <div class=\"kksr-star\" style=\"padding-right: 5px\">\n            \n\n<div class=\"kksr-icon\" style=\"width: 24px; height: 24px;\"><\/div>\n        <\/div>\n            <div class=\"kksr-star\" style=\"padding-right: 5px\">\n            \n\n<div class=\"kksr-icon\" style=\"width: 24px; height: 24px;\"><\/div>\n        <\/div>\n            <div class=\"kksr-star\" style=\"padding-right: 5px\">\n            \n\n<div class=\"kksr-icon\" style=\"width: 24px; height: 24px;\"><\/div>\n        <\/div>\n            <div class=\"kksr-star\" style=\"padding-right: 5px\">\n            \n\n<div class=\"kksr-icon\" style=\"width: 24px; height: 24px;\"><\/div>\n        <\/div>\n    <\/div>\n<\/div>\n                \n\n<div class=\"kksr-legend\" style=\"font-size: 19.2px;\">\n            <span class=\"kksr-muted\">Valora este art\u00edculo<\/span>\n    <\/div>\n    <\/div>\n","protected":false},"excerpt":{"rendered":"<p>\u00a1El d\u00eda se acerca! Carnaval est\u00e1 aqu\u00ed y, querida beauty hunter, sabemos que est\u00e1s deseando saber todas las tendencias en maquillaje y productos que puedes utilizar para conseguir un disfraz de diez. Desde cl\u00e1sicos como Cruella de Vil hasta otros m\u00e1s rompedores como los looks beauty de Euphoria. As\u00ed que, atenta y no te pierdas [&hellip;]<\/p>\n","protected":false},"author":14,"featured_media":95869,"comment_status":"open","ping_status":"open","sticky":false,"template":"","format":"standard","meta":{"jnews-multi-image_gallery":[],"jnews_single_post":{"subtitle":"","format":"standard","video":"","gallery":"","source_name":"","source_url":"","via_name":"","via_url":"","override_template":"0","override":[{"template":"1","single_blog_custom":"","parallax":"1","fullscreen":"1","layout":"right-sidebar","sidebar":"home-2","second_sidebar":"default-sidebar","sticky_sidebar":"0","share_position":"float","share_float_style":"share-monocrhome","show_share_counter":"0","show_view_counter":"0","show_featured":"1","show_post_meta":"1","show_post_author":"0","show_post_author_image":"1","show_post_date":"1","post_date_format":"default","post_date_format_custom":"Y\/m\/d","show_post_category":"1","show_post_reading_time":"0","post_reading_time_wpm":"300","show_zoom_button":"0","zoom_button_out_step":"2","zoom_button_in_step":"3","show_post_tag":"0","show_prev_next_post":"0","show_popup_post":"0","number_popup_post":"2","show_author_box":"0","show_post_related":"0","show_inline_post_related":"1"}],"override_image_size":"0","image_override":[{"single_post_thumbnail_size":"no-crop","single_post_gallery_size":"crop-500"}],"trending_post":"0","trending_post_position":"meta","trending_post_label":"Trending","sponsored_post":"0","sponsored_post_label":"Sponsored by","sponsored_post_name":"","sponsored_post_url":"","sponsored_post_logo_enable":"0","sponsored_post_logo":"","sponsored_post_desc":"","disable_ad":"0"},"jnews_primary_category":{"id":"","hide":""},"jnews_social_meta":{"fb_title":"","fb_description":"","fb_image":"","twitter_title":"","twitter_description":"","twitter_image":""},"jnews_override_counter":{"override_view_counter":"0","view_counter_number":"0","override_share_counter":"0","share_counter_number":"0","override_like_counter":"0","like_counter_number":"0","override_dislike_counter":"0","dislike_counter_number":"0"},"footnotes":""},"categories":[29,41],"tags":[],"class_list":["post-32708","post","type-post","status-publish","format-standard","has-post-thumbnail","hentry","category-cosmetica","category-maquillaje"],"_links":{"self":[{"href":"https:\/\/www.primor.eu\/blog\/wp-json\/wp\/v2\/posts\/32708","targetHints":{"allow":["GET"]}}],"collection":[{"href":"https:\/\/www.primor.eu\/blog\/wp-json\/wp\/v2\/posts"}],"about":[{"href":"https:\/\/www.primor.eu\/blog\/wp-json\/wp\/v2\/types\/post"}],"author":[{"embeddable":true,"href":"https:\/\/www.primor.eu\/blog\/wp-json\/wp\/v2\/users\/14"}],"replies":[{"embeddable":true,"href":"https:\/\/www.primor.eu\/blog\/wp-json\/wp\/v2\/comments?post=32708"}],"version-history":[{"count":24,"href":"https:\/\/www.primor.eu\/blog\/wp-json\/wp\/v2\/posts\/32708\/revisions"}],"predecessor-version":[{"id":138720,"href":"https:\/\/www.primor.eu\/blog\/wp-json\/wp\/v2\/posts\/32708\/revisions\/138720"}],"wp:featuredmedia":[{"embeddable":true,"href":"https:\/\/www.primor.eu\/blog\/wp-json\/wp\/v2\/media\/95869"}],"wp:attachment":[{"href":"https:\/\/www.primor.eu\/blog\/wp-json\/wp\/v2\/media?parent=32708"}],"wp:term":[{"taxonomy":"category","embeddable":true,"href":"https:\/\/www.primor.eu\/blog\/wp-json\/wp\/v2\/categories?post=32708"},{"taxonomy":"post_tag","embeddable":true,"href":"https:\/\/www.primor.eu\/blog\/wp-json\/wp\/v2\/tags?post=32708"}],"curies":[{"name":"wp","href":"https:\/\/api.w.org\/{rel}","templated":true}]}}