{"id":3231,"date":"2017-01-18T10:34:45","date_gmt":"2017-01-18T08:34:45","guid":{"rendered":"http:\/\/blog.primor.eu:\/?p=3231"},"modified":"2017-01-18T10:34:45","modified_gmt":"2017-01-18T08:34:45","slug":"primer-encuentro-blogger-youtuber-primor-granada","status":"publish","type":"post","link":"https:\/\/www.primor.eu\/blog\/primer-encuentro-blogger-youtuber-primor-granada\/","title":{"rendered":"Primer encuentro Blogger y Youtuber en Primor Granada"},"content":{"rendered":"<p><a href=\"http:\/\/blog.primor.eu\/wp-content\/uploads\/2024\/01\/IMG_0385.jpg\" target=\"_blank\" rel=\"noopener\"><img decoding=\"async\" class=\"alignnone wp-image-3248 size-full\" src=\"http:\/\/blog.primor.eu\/wp-content\/uploads\/2024\/01\/IMG_0385.jpg\" width=\"5184\" height=\"2912\" \/><\/a><\/p>\n<p>Hola Primores!!<\/p>\n<p>Ya sab\u00e9is que Primor est\u00e1 siempre al d\u00eda en las \u00faltimas novedades del mercado de la cosm\u00e9tica y los cuidados corporales, faciales y capilares y que cada d\u00eda se innova en el cat\u00e1logo de productos para que las tendencias de cada momento est\u00e9n presentes en nuestras estanter\u00edas!<\/p>\n<p>En eso tiene mucho que ver el mundo blogger, al que estamos siempre prestando la atenci\u00f3n que se merece ya que, a menudo, son creadores de tendencia desde sus rinconcitos virtuales.<\/p>\n<p>Nos encanta tener contacto directo con las bloggers y youtubers por lo que nos entusiasma la posibilidad de charlar con ellas en estos encuentros, que tan productivos nos resultan!<\/p>\n<p><!--more--><\/p>\n<p><a href=\"http:\/\/blog.primor.eu\/wp-content\/uploads\/2024\/01\/IMG_0391.jpg\" target=\"_blank\" rel=\"noopener\"><img decoding=\"async\" class=\"alignnone wp-image-3249 size-full\" src=\"http:\/\/blog.primor.eu\/wp-content\/uploads\/2024\/01\/IMG_0391.jpg\" width=\"5184\" height=\"3456\" \/><\/a><\/p>\n<p>Nuestro \u00faltimo encuentro con Bloggers y Youtubers ha tenido lugar en nuestra tienda situada en la c\u00e9ntrica calle Recogidas, en Granada. Es una de las tiendas m\u00e1s coquetas de PRIMOR y cuenta con algunas joyas que no est\u00e1n presentes en todas las tiendas como un Stand propio para Milani, un mueble enorme de w7 y expositores de las incorporaciones estrella de Gosh y Palladio.<\/p>\n<p><a href=\"http:\/\/blog.primor.eu\/wp-content\/uploads\/2024\/01\/IMG_0389.jpg\" target=\"_blank\" rel=\"noopener\"><img decoding=\"async\" class=\"alignnone wp-image-3250 size-full\" src=\"http:\/\/blog.primor.eu\/wp-content\/uploads\/2024\/01\/IMG_0389.jpg\" width=\"5184\" height=\"3456\" \/><\/a><\/p>\n<p>Las asistentes fueron: <a href=\"https:\/\/www.instagram.com\/crisvl89\/ https:\/\/www.instagram.com\/conmaquillajeyaloloco\/ https:\/\/www.instagram.com\/fashionartistslove\/ https:\/\/www.instagram.com\/conbdebelleza\/ https:\/\/www.instagram.com\/anitasima\/ https:\/\/www.instagram.com\/carlilla_aquiestoyblog\/ https:\/\/www.instagram.com\/lauras_indo\/ https:\/\/www.instagram.com\/esthervic\/ https:\/\/www.instagram.com\/beautyconsejo\/ https:\/\/www.instagram.com\/nievesanaya\/ https:\/\/www.instagram.com\/tativiap\/ https:\/\/www.instagram.com\/el_mundo_de_alma\/ https:\/\/www.instagram.com\/srtahachi\/ https:\/\/www.instagram.com\/kisses_by_isel\/ https:\/\/www.instagram.com\/elrincondlola\/ https:\/\/www.instagram.com\/ana.garcia.e\/ https:\/\/www.instagram.com\/kowai_nana\/ https:\/\/www.instagram.com\/guapaya\/ https:\/\/www.instagram.com\/sandycdeb\/\" target=\"_blank\" rel=\"noopener\">Borainilla<\/a>, <a href=\"https:\/\/www.instagram.com\/crisvl89\/\" target=\"_blank\" rel=\"noopener\">CrisVl89<\/a>, \u00a0<a href=\"https:\/\/www.instagram.com\/conmaquillajeyaloloco\/\" target=\"_blank\" rel=\"noopener\">Con maquillaje y a lo loco<\/a>, <a href=\"https:\/\/www.instagram.com\/fashionartistslove\/\" target=\"_blank\" rel=\"noopener\">Fashionartistlove,<\/a>\u00a0<a href=\"https:\/\/www.instagram.com\/conbdebelleza\/\" target=\"_blank\" rel=\"noopener\">Con B de Belleza<\/a>, <a href=\"https:\/\/www.instagram.com\/anitasima\/\" target=\"_blank\" rel=\"noopener\">Anitasima<\/a>, <a href=\"https:\/\/www.instagram.com\/carlilla_aquiestoyblog\/\" target=\"_blank\" rel=\"noopener\">CarlillaAqu\u00edEstoyYo<\/a>, <a href=\"https:\/\/www.instagram.com\/lauras_indo\/\" target=\"_blank\" rel=\"noopener\">Laura Rodr\u00edguez,<\/a>\u00a0<a href=\"https:\/\/www.instagram.com\/esthervic\/\" target=\"_blank\" rel=\"noopener\">Esther Cabello<\/a>, <a href=\"https:\/\/www.instagram.com\/beautyconsejo\/\" target=\"_blank\" rel=\"noopener\">BeautyConsejo,\u00a0<\/a>\u00a0<a href=\"https:\/\/www.instagram.com\/nievesanaya\/\" target=\"_blank\" rel=\"noopener\">Nieves Anaya,\u00a0<\/a><a href=\"https:\/\/www.instagram.com\/tativiap\/\" target=\"_blank\" rel=\"noopener\">Tativiap,\u00a0<\/a>\u00a0EL <a href=\"https:\/\/www.instagram.com\/el_mundo_de_alma\/\" target=\"_blank\" rel=\"noopener\">Mundo de Alma,\u00a0<\/a>\u00a0<a href=\"https:\/\/www.instagram.com\/srtahachi\/\" target=\"_blank\" rel=\"noopener\">Srta Hachi\u00a0<\/a>, <a href=\"https:\/\/www.instagram.com\/kisses_by_isel\/\" target=\"_blank\" rel=\"noopener\">Kisses By Isel,\u00a0<\/a>\u00a0<a href=\"https:\/\/www.instagram.com\/elrincondlola\/\" target=\"_blank\" rel=\"noopener\">El Rinc\u00f3n de Lola,\u00a0<\/a>\u00a0<a href=\"https:\/\/www.instagram.com\/ana.garcia.e\/\" target=\"_blank\" rel=\"noopener\">Ana Garc\u00eda,\u00a0<\/a>\u00a0<a href=\"https:\/\/www.instagram.com\/kowai_nana\/\" target=\"_blank\" rel=\"noopener\">Kowai Nana,\u00a0<\/a>\u00a0<a href=\"https:\/\/www.instagram.com\/guapaya\/\" target=\"_blank\" rel=\"noopener\">Guapaya,\u00a0<\/a>\u00a0<a href=\"https:\/\/www.instagram.com\/sandycdeb\/\" target=\"_blank\" rel=\"noopener\">SandyCdeb.<\/a><\/p>\n<p>&nbsp;<\/p>\n<p><a href=\"http:\/\/blog.primor.eu\/wp-content\/uploads\/2024\/01\/IMG_0392.jpg\" target=\"_blank\" rel=\"noopener\"><img decoding=\"async\" class=\"alignnone wp-image-3247 size-full\" src=\"http:\/\/blog.primor.eu\/wp-content\/uploads\/2024\/01\/IMG_0392.jpg\" width=\"5184\" height=\"3456\" \/><\/a><a href=\"http:\/\/blog.primor.eu\/wp-content\/uploads\/2024\/01\/IMG_0394.jpg\" target=\"_blank\" rel=\"noopener\"><img decoding=\"async\" class=\"alignnone wp-image-3246 size-full\" src=\"http:\/\/blog.primor.eu\/wp-content\/uploads\/2024\/01\/IMG_0394.jpg\" width=\"3827\" height=\"2551\" \/><\/a><a href=\"http:\/\/blog.primor.eu\/wp-content\/uploads\/2024\/01\/IMG_0466.jpg\" target=\"_blank\" rel=\"noopener\"><img decoding=\"async\" class=\"alignnone wp-image-3232 size-full\" src=\"http:\/\/blog.primor.eu\/wp-content\/uploads\/2024\/01\/IMG_0466.jpg\" width=\"5184\" height=\"3456\" \/><\/a><\/p>\n<p>A las asistentes se les habl\u00f3 de los inicios de Primor como empresa y de su concepto y filosof\u00eda actual. Se inform\u00f3 de las nuevas marcas que pr\u00f3ximamente har\u00e1n las delicias de las amantes de la cosm\u00e9tica y se les pidieron ideas y opiniones acerca de c\u00f3mo mejorar y qu\u00e9 nuevas marcas traer a nuestras tiendas.<\/p>\n<p><a href=\"http:\/\/blog.primor.eu\/wp-content\/uploads\/2024\/01\/IMG_0396.jpg\" target=\"_blank\" rel=\"noopener\"><img decoding=\"async\" class=\"alignnone wp-image-3245 size-full\" src=\"http:\/\/blog.primor.eu\/wp-content\/uploads\/2024\/01\/IMG_0396.jpg\" width=\"5184\" height=\"3456\" \/><\/a> <a href=\"http:\/\/blog.primor.eu\/wp-content\/uploads\/2024\/01\/IMG_0405.jpg\" target=\"_blank\" rel=\"noopener\"><img decoding=\"async\" class=\"alignnone wp-image-3244 size-full\" src=\"http:\/\/blog.primor.eu\/wp-content\/uploads\/2024\/01\/IMG_0405.jpg\" width=\"5184\" height=\"3456\" \/><\/a> <a href=\"http:\/\/blog.primor.eu\/wp-content\/uploads\/2024\/01\/IMG_0410.jpg\" target=\"_blank\" rel=\"noopener\"><img decoding=\"async\" class=\"alignnone wp-image-3243 size-full\" src=\"http:\/\/blog.primor.eu\/wp-content\/uploads\/2024\/01\/IMG_0410.jpg\" width=\"5184\" height=\"3456\" \/><\/a><\/p>\n<p><a href=\"http:\/\/blog.primor.eu\/wp-content\/uploads\/2024\/01\/IMG_0415.jpg\" target=\"_blank\" rel=\"noopener\"><img decoding=\"async\" class=\"alignnone wp-image-3242 size-full\" src=\"http:\/\/blog.primor.eu\/wp-content\/uploads\/2024\/01\/IMG_0415.jpg\" width=\"5184\" height=\"3456\" \/><\/a> <a href=\"http:\/\/blog.primor.eu\/wp-content\/uploads\/2024\/01\/IMG_0418.jpg\" target=\"_blank\" rel=\"noopener\"><img decoding=\"async\" class=\"alignnone wp-image-3241 size-full\" src=\"http:\/\/blog.primor.eu\/wp-content\/uploads\/2024\/01\/IMG_0418.jpg\" width=\"5184\" height=\"3456\" \/><\/a> <a href=\"http:\/\/blog.primor.eu\/wp-content\/uploads\/2024\/01\/IMG_0423.jpg\" target=\"_blank\" rel=\"noopener\"><img decoding=\"async\" class=\"alignnone wp-image-3240 size-full\" src=\"http:\/\/blog.primor.eu\/wp-content\/uploads\/2024\/01\/IMG_0423.jpg\" width=\"5184\" height=\"3456\" \/><\/a> <a href=\"http:\/\/blog.primor.eu\/wp-content\/uploads\/2024\/01\/IMG_0427.jpg\" target=\"_blank\" rel=\"noopener\"><img decoding=\"async\" class=\"alignnone wp-image-3239 size-full\" src=\"http:\/\/blog.primor.eu\/wp-content\/uploads\/2024\/01\/IMG_0427.jpg\" width=\"5184\" height=\"3456\" \/><\/a> <a href=\"http:\/\/blog.primor.eu\/wp-content\/uploads\/2024\/01\/IMG_0433.jpg\" target=\"_blank\" rel=\"noopener\"><img decoding=\"async\" class=\"alignnone wp-image-3237 size-full\" src=\"http:\/\/blog.primor.eu\/wp-content\/uploads\/2024\/01\/IMG_0433.jpg\" width=\"5184\" height=\"3456\" \/><\/a> <a href=\"http:\/\/blog.primor.eu\/wp-content\/uploads\/2024\/01\/IMG_0436.jpg\" target=\"_blank\" rel=\"noopener\"><img decoding=\"async\" class=\"alignnone wp-image-3236 size-full\" src=\"http:\/\/blog.primor.eu\/wp-content\/uploads\/2024\/01\/IMG_0436.jpg\" width=\"5184\" height=\"3456\" \/><\/a> <a href=\"http:\/\/blog.primor.eu\/wp-content\/uploads\/2024\/01\/IMG_0438.jpg\" target=\"_blank\" rel=\"noopener\"><img decoding=\"async\" class=\"alignnone wp-image-3235 size-full\" src=\"http:\/\/blog.primor.eu\/wp-content\/uploads\/2024\/01\/IMG_0438.jpg\" width=\"5184\" height=\"3456\" \/><\/a> <a href=\"http:\/\/blog.primor.eu\/wp-content\/uploads\/2024\/01\/IMG_0454.jpg\" target=\"_blank\" rel=\"noopener\"><img decoding=\"async\" class=\"alignnone wp-image-3234 size-full\" src=\"http:\/\/blog.primor.eu\/wp-content\/uploads\/2024\/01\/IMG_0454.jpg\" width=\"2700\" height=\"1800\" \/><\/a> <a href=\"http:\/\/blog.primor.eu\/wp-content\/uploads\/2024\/01\/IMG_0464.jpg\" target=\"_blank\" rel=\"noopener\"><img decoding=\"async\" class=\"alignnone wp-image-3233 size-full\" src=\"http:\/\/blog.primor.eu\/wp-content\/uploads\/2024\/01\/IMG_0464.jpg\" width=\"5184\" height=\"3456\" \/><\/a><\/p>\n<p>Con este tipo de encuentros queremos fomentar la relaci\u00f3n directa entre las bloggers que crean tendencia y Primor, para seguir estando siempre en primera l\u00ednea de innovaci\u00f3n en el mundo de las perfumer\u00edas espa\u00f1olas.<\/p>\n<p>Esa ma\u00f1ana se cre\u00f3 un ambiente excelente y muy productivo en el que, tanto las chicas como el equipo Primor aprendi\u00f3 much\u00edsimo!<\/p>\n<p>Agradecemos a las asistentes su compa\u00f1\u00eda y atenci\u00f3n y esperamos seguir conociendo a muchas m\u00e1s bloggers en el resto de Espa\u00f1a<\/p>\n<p>&nbsp;<\/p>\n<p><a href=\"http:\/\/blog.primor.eu\/wp-content\/uploads\/2024\/01\/IMG_0382.jpg\" target=\"_blank\" rel=\"noopener\"><img decoding=\"async\" class=\"alignnone wp-image-3251 size-full\" src=\"http:\/\/blog.primor.eu\/wp-content\/uploads\/2024\/01\/IMG_0382.jpg\" width=\"5184\" height=\"2912\" \/><\/a><\/p>\n<p>&nbsp;<\/p>\n<p>Esperamos que os haya gustado el post!<\/p>\n<p>&nbsp;<\/p>\n<p>Hasta el pr\u00f3ximo, Primores!!<\/p>\n<p>&nbsp;<\/p>\n<p>&nbsp;<\/p>\n<p>&nbsp;<\/p>\n\n\n<div class=\"kk-star-ratings kksr-auto kksr-align-center kksr-valign-bottom\"\n    data-payload='{&quot;align&quot;:&quot;center&quot;,&quot;id&quot;:&quot;3231&quot;,&quot;slug&quot;:&quot;default&quot;,&quot;valign&quot;:&quot;bottom&quot;,&quot;ignore&quot;:&quot;&quot;,&quot;reference&quot;:&quot;auto&quot;,&quot;class&quot;:&quot;&quot;,&quot;count&quot;:&quot;0&quot;,&quot;legendonly&quot;:&quot;&quot;,&quot;readonly&quot;:&quot;&quot;,&quot;score&quot;:&quot;0&quot;,&quot;starsonly&quot;:&quot;&quot;,&quot;best&quot;:&quot;5&quot;,&quot;gap&quot;:&quot;5&quot;,&quot;greet&quot;:&quot;Valora este art\u00edculo&quot;,&quot;legend&quot;:&quot;0\\\/5 - (0 votos)&quot;,&quot;size&quot;:&quot;24&quot;,&quot;title&quot;:&quot;Primer encuentro Blogger y Youtuber en Primor Granada&quot;,&quot;width&quot;:&quot;0&quot;,&quot;_legend&quot;:&quot;{score}\\\/{best} - ({count} {votes})&quot;,&quot;font_factor&quot;:&quot;1.25&quot;}'>\n            \n<div class=\"kksr-stars\">\n    \n<div class=\"kksr-stars-inactive\">\n            <div class=\"kksr-star\" data-star=\"1\" style=\"padding-right: 5px\">\n            \n\n<div class=\"kksr-icon\" style=\"width: 24px; height: 24px;\"><\/div>\n        <\/div>\n            <div class=\"kksr-star\" data-star=\"2\" style=\"padding-right: 5px\">\n            \n\n<div class=\"kksr-icon\" style=\"width: 24px; height: 24px;\"><\/div>\n        <\/div>\n            <div class=\"kksr-star\" data-star=\"3\" style=\"padding-right: 5px\">\n            \n\n<div class=\"kksr-icon\" style=\"width: 24px; height: 24px;\"><\/div>\n        <\/div>\n            <div class=\"kksr-star\" data-star=\"4\" style=\"padding-right: 5px\">\n            \n\n<div class=\"kksr-icon\" style=\"width: 24px; height: 24px;\"><\/div>\n        <\/div>\n            <div class=\"kksr-star\" data-star=\"5\" style=\"padding-right: 5px\">\n            \n\n<div class=\"kksr-icon\" style=\"width: 24px; height: 24px;\"><\/div>\n        <\/div>\n    <\/div>\n    \n<div class=\"kksr-stars-active\" style=\"width: 0px;\">\n            <div class=\"kksr-star\" style=\"padding-right: 5px\">\n            \n\n<div class=\"kksr-icon\" style=\"width: 24px; height: 24px;\"><\/div>\n        <\/div>\n            <div class=\"kksr-star\" style=\"padding-right: 5px\">\n            \n\n<div class=\"kksr-icon\" style=\"width: 24px; height: 24px;\"><\/div>\n        <\/div>\n            <div class=\"kksr-star\" style=\"padding-right: 5px\">\n            \n\n<div class=\"kksr-icon\" style=\"width: 24px; height: 24px;\"><\/div>\n        <\/div>\n            <div class=\"kksr-star\" style=\"padding-right: 5px\">\n            \n\n<div class=\"kksr-icon\" style=\"width: 24px; height: 24px;\"><\/div>\n        <\/div>\n            <div class=\"kksr-star\" style=\"padding-right: 5px\">\n            \n\n<div class=\"kksr-icon\" style=\"width: 24px; height: 24px;\"><\/div>\n        <\/div>\n    <\/div>\n<\/div>\n                \n\n<div class=\"kksr-legend\" style=\"font-size: 19.2px;\">\n            <span class=\"kksr-muted\">Valora este art\u00edculo<\/span>\n    <\/div>\n    <\/div>\n","protected":false},"excerpt":{"rendered":"<p>Hola Primores!! Ya sab\u00e9is que Primor est\u00e1 siempre al d\u00eda en las \u00faltimas novedades del mercado de la cosm\u00e9tica y los cuidados corporales, faciales y capilares y que cada d\u00eda se innova en el cat\u00e1logo de productos para que las tendencias de cada momento est\u00e9n presentes en nuestras estanter\u00edas! En eso tiene mucho que ver [&hellip;]<\/p>\n","protected":false},"author":4,"featured_media":3248,"comment_status":"open","ping_status":"open","sticky":false,"template":"","format":"standard","meta":{"jnews-multi-image_gallery":[],"jnews_single_post":[],"jnews_primary_category":[],"jnews_social_meta":[],"jnews_override_counter":[],"footnotes":""},"categories":[34,342,213],"tags":[],"class_list":["post-3231","post","type-post","status-publish","format-standard","has-post-thumbnail","hentry","category-eventos","category-primor","category-tiendas"],"_links":{"self":[{"href":"https:\/\/www.primor.eu\/blog\/wp-json\/wp\/v2\/posts\/3231","targetHints":{"allow":["GET"]}}],"collection":[{"href":"https:\/\/www.primor.eu\/blog\/wp-json\/wp\/v2\/posts"}],"about":[{"href":"https:\/\/www.primor.eu\/blog\/wp-json\/wp\/v2\/types\/post"}],"author":[{"embeddable":true,"href":"https:\/\/www.primor.eu\/blog\/wp-json\/wp\/v2\/users\/4"}],"replies":[{"embeddable":true,"href":"https:\/\/www.primor.eu\/blog\/wp-json\/wp\/v2\/comments?post=3231"}],"version-history":[{"count":0,"href":"https:\/\/www.primor.eu\/blog\/wp-json\/wp\/v2\/posts\/3231\/revisions"}],"wp:featuredmedia":[{"embeddable":true,"href":"https:\/\/www.primor.eu\/blog\/wp-json\/"}],"wp:attachment":[{"href":"https:\/\/www.primor.eu\/blog\/wp-json\/wp\/v2\/media?parent=3231"}],"wp:term":[{"taxonomy":"category","embeddable":true,"href":"https:\/\/www.primor.eu\/blog\/wp-json\/wp\/v2\/categories?post=3231"},{"taxonomy":"post_tag","embeddable":true,"href":"https:\/\/www.primor.eu\/blog\/wp-json\/wp\/v2\/tags?post=3231"}],"curies":[{"name":"wp","href":"https:\/\/api.w.org\/{rel}","templated":true}]}}