{"id":3098,"date":"2016-11-16T09:00:02","date_gmt":"2016-11-16T07:00:02","guid":{"rendered":"http:\/\/blog.primor.eu:\/?p=3098"},"modified":"2016-11-16T09:00:02","modified_gmt":"2016-11-16T07:00:02","slug":"novedades-revlon-mascara-collection","status":"publish","type":"post","link":"https:\/\/www.primor.eu\/blog\/novedades-revlon-mascara-collection\/","title":{"rendered":"Novedades REVLON! M\u00e1scara Collection"},"content":{"rendered":"<p><a href=\"http:\/\/blog.primor.eu\/wp-content\/uploads\/2024\/11\/IMG_9238.jpg\" target=\"_blank\" rel=\"noopener\"><img decoding=\"async\" class=\"alignnone wp-image-3110 size-full\" src=\"http:\/\/blog.primor.eu\/wp-content\/uploads\/2024\/11\/IMG_9238.jpg\" alt=\"img_9238\" width=\"5184\" height=\"3456\" \/><\/a><\/p>\n<p>Hola Primores!!<\/p>\n<p>Bienvenid@s a un nuevo post en el Blog Primor! Hoy queremos ense\u00f1aros las novedades que han llegado de la mano de Revlon! Su nueva colecci\u00f3n de M\u00e1scaras.<\/p>\n<p><!--more--><\/p>\n<p><a href=\"http:\/\/blog.primor.eu\/wp-content\/uploads\/2024\/11\/IMG_9244.jpg\" target=\"_blank\" rel=\"noopener\"><img decoding=\"async\" class=\"alignnone wp-image-3109 size-full\" src=\"http:\/\/blog.primor.eu\/wp-content\/uploads\/2024\/11\/IMG_9244.jpg\" alt=\"img_9244\" width=\"5184\" height=\"3456\" \/><\/a><\/p>\n<p>Revlon ha lanzado esta colecci\u00f3n de m\u00e1scaras de pesta\u00f1as con una premisa; ayudar a las mujeres a elegir su favorita con nombres claros y con precisas indicaciones.<\/p>\n<p>Las f\u00f3rmulas y los cepillos son diferentes, aportando a nuestro look lo que estemos buscando, volumen, definici\u00f3n, longitud...<\/p>\n<p>Os contamos para qu\u00e9 sirve cada una.<\/p>\n<p>VOLUME + LENGHT<\/p>\n<p><a href=\"http:\/\/www.primor.eu\/revlon\/40168-volumelength-mascara-de-pestanas.html\"><img decoding=\"async\" class=\"alignnone wp-image-3100 size-full\" src=\"http:\/\/blog.primor.eu\/wp-content\/uploads\/2024\/11\/IMG_9257.jpg\" alt=\"img_9257\" width=\"5184\" height=\"3456\" \/><\/a><\/p>\n<p>Aumenta el volumen y la longitud de las pesta\u00f1as. La f\u00f3rmula lleva fibras de color intenso que provocan que se vea m\u00e1s cantidad de pesta\u00f1as.<\/p>\n<p>Su cepillo tiene forma cuadrada, ayudando a fijar las fibras sobre las pesta\u00f1as.<\/p>\n<p><a href=\"http:\/\/www.primor.eu\/revlon\/40168-volumelength-mascara-de-pestanas.html\"><img decoding=\"async\" class=\"alignnone wp-image-3099 size-full\" src=\"http:\/\/blog.primor.eu\/wp-content\/uploads\/2024\/11\/IMG_9258.jpg\" alt=\"img_9258\" width=\"5184\" height=\"3456\" \/><\/a><\/p>\n<p>REVLON ULTRA VOLUME<\/p>\n<p><a href=\"http:\/\/www.primor.eu\/revlon\/40167-ultra-volumen-mascara-de-pestanas.html\"><img decoding=\"async\" class=\"alignnone wp-image-3102 size-full\" src=\"http:\/\/blog.primor.eu\/wp-content\/uploads\/2024\/11\/IMG_9255.jpg\" alt=\"img_9255\" width=\"5184\" height=\"3456\" \/><\/a><\/p>\n<p>Formulada para aumentar el volumen de las pesta\u00f1as. La f\u00f3rmula fortalece las pesta\u00f1as y les da volumen sin crear grumos.<\/p>\n<p>El cepillo tiene puas a diferentes alturas. Al estar a tres alturas distintas se deposita bastante cantidad de producto en las pesta\u00f1as pero la vez quedan peinadas retirando los posibles grumos.<\/p>\n<p><a href=\"http:\/\/www.primor.eu\/revlon\/40167-ultra-volumen-mascara-de-pestanas.html\"><img decoding=\"async\" class=\"alignnone wp-image-3101 size-full\" src=\"http:\/\/blog.primor.eu\/wp-content\/uploads\/2024\/11\/IMG_9256.jpg\" alt=\"img_9256\" width=\"5184\" height=\"3456\" \/><\/a><\/p>\n<p>SUPER LENGHT<\/p>\n<p><a href=\"http:\/\/www.primor.eu\/revlon\/40166-super-length-mascara-de-pestanas.html\"><img decoding=\"async\" class=\"alignnone wp-image-3104 size-full\" src=\"http:\/\/blog.primor.eu\/wp-content\/uploads\/2024\/11\/IMG_9253.jpg\" alt=\"img_9253\" width=\"5184\" height=\"3456\" \/><\/a><\/p>\n<p>Dise\u00f1ada para alargar las pesta\u00f1as. La f\u00f3rmula est\u00e1 pensada para que se deslice muy f\u00e1cilmente, alcanzando hasta el final de la pesta\u00f1a.<\/p>\n<p>El cepillo est\u00e1 dise\u00f1ado con cerdas largas y punta c\u00f3nica para alcanzar hasta las pesta\u00f1as m\u00e1s peque\u00f1as, aumentando la longitud de todas ellas.<\/p>\n<p><a href=\"http:\/\/www.primor.eu\/revlon\/40166-super-length-mascara-de-pestanas.html\"><img decoding=\"async\" class=\"alignnone wp-image-3103 size-full\" src=\"http:\/\/blog.primor.eu\/wp-content\/uploads\/2024\/11\/IMG_9254.jpg\" alt=\"img_9254\" width=\"5184\" height=\"3456\" \/><\/a><\/p>\n<p>DRAMATIC DEFINITION<\/p>\n<p><a href=\"http:\/\/www.primor.eu\/revlon\/40165-dramatic-definition-mascara-de-pestanas.html\"><img decoding=\"async\" class=\"alignnone wp-image-3106 size-full\" src=\"http:\/\/blog.primor.eu\/wp-content\/uploads\/2024\/11\/IMG_9251.jpg\" alt=\"img_9251\" width=\"5184\" height=\"3456\" \/><\/a><\/p>\n<p>Dise\u00f1ada para definir las pesta\u00f1as sin recargar. Las cubre y las separa pero sin dejar ning\u00fan tipo de grumo.<\/p>\n<p>El cepillo est\u00e1 dise\u00f1ado para separar y definir las pesta\u00f1as mediante la colocaci\u00f3n escalada de las cerdas.<\/p>\n<p><a href=\"http:\/\/www.primor.eu\/revlon\/40165-dramatic-definition-mascara-de-pestanas.html\"><img decoding=\"async\" class=\"alignnone wp-image-3105 size-full\" src=\"http:\/\/blog.primor.eu\/wp-content\/uploads\/2024\/11\/IMG_9252.jpg\" alt=\"img_9252\" width=\"5184\" height=\"3456\" \/><\/a><\/p>\n<p>ALL IN ONE<\/p>\n<p><a href=\"http:\/\/www.primor.eu\/revlon\/40164-ultimate-all-in-one-mascara-de-pestanas.html\"><img decoding=\"async\" class=\"alignnone wp-image-3108 size-full\" src=\"http:\/\/blog.primor.eu\/wp-content\/uploads\/2024\/11\/IMG_9248.jpg\" alt=\"img_9248\" width=\"5184\" height=\"3456\" \/><\/a><\/p>\n<p>Es el \"todo en uno\" de esta colecci\u00f3n de m\u00e1scaras. Cinco beneficios en una sola m\u00e1scara: Da volumen, alarga, define la pesta\u00f1a, las curva y les aporta color intenso.<\/p>\n<p>EL cepillo es muy peque\u00f1o y compacto. Tiene forma de diamante. \u00a0Est\u00e1 dise\u00f1ado para depositar bastante cantidad de producto en las pesta\u00f1as, dando intensidad de color. La punta es redondeada para ayudarnos a llegar a todas las pesta\u00f1as.<\/p>\n<p>Es casi de la mitad de tama\u00f1o que un cepillo convencional.<\/p>\n<p>&nbsp;<\/p>\n<p><a href=\"http:\/\/www.primor.eu\/revlon\/40164-ultimate-all-in-one-mascara-de-pestanas.html\"><img decoding=\"async\" class=\"alignnone wp-image-3107 size-full\" src=\"http:\/\/blog.primor.eu\/wp-content\/uploads\/2024\/11\/IMG_9250.jpg\" alt=\"img_9250\" width=\"5184\" height=\"3456\" \/><\/a><\/p>\n<p>Ya v\u00e9is, Primores. Es imposible no encontrar lo que estamos buscando entre las m\u00e1scaras de esta colecci\u00f3n.<\/p>\n<p><a href=\"http:\/\/www.primor.eu\/403_revlon\/51-mascaras-de-pestanas\"><img decoding=\"async\" class=\"alignnone wp-image-3111 size-full\" src=\"http:\/\/blog.primor.eu\/wp-content\/uploads\/2024\/11\/exhibidordepie_madonna-02.jpg\" alt=\"exhibidordepie_madonna-02\" width=\"726\" height=\"400\" \/><\/a><\/p>\n<p>&nbsp;<\/p>\n<p>Recordad que las ten\u00e9is siempre al mejor precio en PRIMOR!<\/p>\n<p>Contadnos, Primores. Con cual os qued\u00e1is?<\/p>\n<p>&nbsp;<\/p>\n<p>Hasta el pr\u00f3ximo post!<\/p>\n\n\n<div class=\"kk-star-ratings kksr-auto kksr-align-center kksr-valign-bottom\"\n    data-payload='{&quot;align&quot;:&quot;center&quot;,&quot;id&quot;:&quot;3098&quot;,&quot;slug&quot;:&quot;default&quot;,&quot;valign&quot;:&quot;bottom&quot;,&quot;ignore&quot;:&quot;&quot;,&quot;reference&quot;:&quot;auto&quot;,&quot;class&quot;:&quot;&quot;,&quot;count&quot;:&quot;0&quot;,&quot;legendonly&quot;:&quot;&quot;,&quot;readonly&quot;:&quot;&quot;,&quot;score&quot;:&quot;0&quot;,&quot;starsonly&quot;:&quot;&quot;,&quot;best&quot;:&quot;5&quot;,&quot;gap&quot;:&quot;5&quot;,&quot;greet&quot;:&quot;Valora este art\u00edculo&quot;,&quot;legend&quot;:&quot;0\\\/5 - (0 votos)&quot;,&quot;size&quot;:&quot;24&quot;,&quot;title&quot;:&quot;Novedades REVLON! M\u00e1scara Collection&quot;,&quot;width&quot;:&quot;0&quot;,&quot;_legend&quot;:&quot;{score}\\\/{best} - ({count} {votes})&quot;,&quot;font_factor&quot;:&quot;1.25&quot;}'>\n            \n<div class=\"kksr-stars\">\n    \n<div class=\"kksr-stars-inactive\">\n            <div class=\"kksr-star\" data-star=\"1\" style=\"padding-right: 5px\">\n            \n\n<div class=\"kksr-icon\" style=\"width: 24px; height: 24px;\"><\/div>\n        <\/div>\n            <div class=\"kksr-star\" data-star=\"2\" style=\"padding-right: 5px\">\n            \n\n<div class=\"kksr-icon\" style=\"width: 24px; height: 24px;\"><\/div>\n        <\/div>\n            <div class=\"kksr-star\" data-star=\"3\" style=\"padding-right: 5px\">\n            \n\n<div class=\"kksr-icon\" style=\"width: 24px; height: 24px;\"><\/div>\n        <\/div>\n            <div class=\"kksr-star\" data-star=\"4\" style=\"padding-right: 5px\">\n            \n\n<div class=\"kksr-icon\" style=\"width: 24px; height: 24px;\"><\/div>\n        <\/div>\n            <div class=\"kksr-star\" data-star=\"5\" style=\"padding-right: 5px\">\n            \n\n<div class=\"kksr-icon\" style=\"width: 24px; height: 24px;\"><\/div>\n        <\/div>\n    <\/div>\n    \n<div class=\"kksr-stars-active\" style=\"width: 0px;\">\n            <div class=\"kksr-star\" style=\"padding-right: 5px\">\n            \n\n<div class=\"kksr-icon\" style=\"width: 24px; height: 24px;\"><\/div>\n        <\/div>\n            <div class=\"kksr-star\" style=\"padding-right: 5px\">\n            \n\n<div class=\"kksr-icon\" style=\"width: 24px; height: 24px;\"><\/div>\n        <\/div>\n            <div class=\"kksr-star\" style=\"padding-right: 5px\">\n            \n\n<div class=\"kksr-icon\" style=\"width: 24px; height: 24px;\"><\/div>\n        <\/div>\n            <div class=\"kksr-star\" style=\"padding-right: 5px\">\n            \n\n<div class=\"kksr-icon\" style=\"width: 24px; height: 24px;\"><\/div>\n        <\/div>\n            <div class=\"kksr-star\" style=\"padding-right: 5px\">\n            \n\n<div class=\"kksr-icon\" style=\"width: 24px; height: 24px;\"><\/div>\n        <\/div>\n    <\/div>\n<\/div>\n                \n\n<div class=\"kksr-legend\" style=\"font-size: 19.2px;\">\n            <span class=\"kksr-muted\">Valora este art\u00edculo<\/span>\n    <\/div>\n    <\/div>\n","protected":false},"excerpt":{"rendered":"<p>Hola Primores!! Bienvenid@s a un nuevo post en el Blog Primor! Hoy queremos ense\u00f1aros las novedades que han llegado de la mano de Revlon! Su nueva colecci\u00f3n de M\u00e1scaras.<\/p>\n","protected":false},"author":4,"featured_media":3109,"comment_status":"open","ping_status":"open","sticky":false,"template":"","format":"standard","meta":{"jnews-multi-image_gallery":[],"jnews_single_post":[],"jnews_primary_category":[],"jnews_social_meta":[],"jnews_override_counter":[],"footnotes":""},"categories":[41],"tags":[],"class_list":["post-3098","post","type-post","status-publish","format-standard","has-post-thumbnail","hentry","category-maquillaje"],"_links":{"self":[{"href":"https:\/\/www.primor.eu\/blog\/wp-json\/wp\/v2\/posts\/3098","targetHints":{"allow":["GET"]}}],"collection":[{"href":"https:\/\/www.primor.eu\/blog\/wp-json\/wp\/v2\/posts"}],"about":[{"href":"https:\/\/www.primor.eu\/blog\/wp-json\/wp\/v2\/types\/post"}],"author":[{"embeddable":true,"href":"https:\/\/www.primor.eu\/blog\/wp-json\/wp\/v2\/users\/4"}],"replies":[{"embeddable":true,"href":"https:\/\/www.primor.eu\/blog\/wp-json\/wp\/v2\/comments?post=3098"}],"version-history":[{"count":0,"href":"https:\/\/www.primor.eu\/blog\/wp-json\/wp\/v2\/posts\/3098\/revisions"}],"wp:featuredmedia":[{"embeddable":true,"href":"https:\/\/www.primor.eu\/blog\/wp-json\/"}],"wp:attachment":[{"href":"https:\/\/www.primor.eu\/blog\/wp-json\/wp\/v2\/media?parent=3098"}],"wp:term":[{"taxonomy":"category","embeddable":true,"href":"https:\/\/www.primor.eu\/blog\/wp-json\/wp\/v2\/categories?post=3098"},{"taxonomy":"post_tag","embeddable":true,"href":"https:\/\/www.primor.eu\/blog\/wp-json\/wp\/v2\/tags?post=3098"}],"curies":[{"name":"wp","href":"https:\/\/api.w.org\/{rel}","templated":true}]}}