{"id":30648,"date":"2025-12-30T11:55:38","date_gmt":"2025-12-30T11:55:38","guid":{"rendered":"https:\/\/blog.primor.eu\/?p=30648"},"modified":"2026-01-29T08:58:23","modified_gmt":"2026-01-29T08:58:23","slug":"rebajas-de-enero","status":"publish","type":"post","link":"https:\/\/www.primor.eu\/blog\/rebajas-de-enero\/","title":{"rendered":"Rebajas en Primor: las mejores ofertas disponibles durante todo el mes de enero de 2026"},"content":{"rendered":"\n<p>Seguro que ya te has hecho esta pregunta...<strong> \u00a1El tiempo vuela beauty hunter!<\/strong> Y mientras que muchos piensan en dar la bienvenida al a\u00f1o nuevo con el guapo subido (y un beauty look impresionante), muchos ya tienen la mente puesta en las <strong><a href=\"https:\/\/www.primor.eu\/es_es\/rebajas\" data-type=\"link\" data-id=\"https:\/\/www.primor.eu\/es_es\/rebajas\">rebajas de enero<\/a><\/strong>. \u00a1Y no nos extra\u00f1a! Este 2026, venimos cargaditos de sorpresas.<\/p>\n\n\n\n<h2 class=\"wp-block-heading\">\u00bfCu\u00e1ndo empiezan las rebajas de enero 2026 en Primor?<\/h2>\n\n\n\n<p><span style=\"font-weight: 400;\">En Primor queremos<\/span><b> empezar el a\u00f1o con buen pie<\/b><span style=\"font-weight: 400;\">. Por eso lanzamos <\/span><b>Rebajas<\/b><span style=\"font-weight: 400;\">. Un mes donde encontrar\u00e1s tus productos favoritos de<\/span><b> <a href=\"https:\/\/www.primor.eu\/es_es\/rebajas-cosmetica\" data-type=\"link\" data-id=\"https:\/\/www.primor.eu\/es_es\/rebajas-cosmetica\">cosm\u00e9tica<\/a>, <a href=\"https:\/\/www.primor.eu\/es_es\/cabello\" data-type=\"link\" data-id=\"https:\/\/www.primor.eu\/es_es\/cabello\">cabello<\/a>, <a href=\"https:\/\/www.primor.eu\/es_es\/rebajas-maquillaje\" data-type=\"link\" data-id=\"https:\/\/www.primor.eu\/es_es\/rebajas-maquillaje\">maquillaje<\/a> y <a href=\"https:\/\/www.primor.eu\/es_es\/perfumes\" data-type=\"link\" data-id=\"https:\/\/www.primor.eu\/es_es\/perfumes\">perfumes<\/a>,<\/b><span style=\"font-weight: 400;\"> entre otros, <\/span><b>a precios imbatibles<\/b><span style=\"font-weight: 400;\">. Nuestras rebajas de invierno 2026 <\/span><b>comienzan a principios de enero<\/b><span style=\"font-weight: 400;\">. As\u00ed que, prepara tu <em>wishlist<\/em> porque este a\u00f1o la cuesta de enero va hacia abajo.<\/span><\/p>\n\n\n\n<h2 class=\"wp-block-heading\">\u00bfCu\u00e1nto duran las rebajas de enero de 2026 en Primor?<\/h2>\n\n\n\n<p>\u00a1Todo un mes! Como te lo contamos, las <strong>rebajas de enero 2026<\/strong> comienzan a principios de mes y duran hasta el d\u00eda 31. Lo que se traduce en todo un mes de descuentos y ofertas para conseguir tus productos favoritos al mejor precio. Suscr\u00edbete a nuestra <strong>newsletter<\/strong> y activa las <strong>notificaciones de la app<\/strong> para enterarte de nuestras promociones antes que nadie.\u00a0<\/p>\n\n\n\n<h2 class=\"wp-block-heading\">\u00bfD\u00f3nde puedo encontrar los productos de rebajas en Primor?<\/h2>\n\n\n\n<p><span style=\"font-weight: 400;\">\u00bfNuestro objetivo? Que puedas encontra<\/span><b>r los mejores productos de maquillaje, perfumer\u00eda, cabello y cuidado de la piel al mejor precio<\/b><span style=\"font-weight: 400;\">. En Primor, queremos facilitarte tus compras post-navide\u00f1as. Por eso, nuestras rebajas de invierno estar\u00e1n disponibles en todos nuestros canales: <\/span><b>en tienda, en la web y en nuestra aplicaci\u00f3n. <\/b><span style=\"font-weight: 400;\">\u00a1S\u00e1cate el m\u00e1ximo partido!<\/span><\/p>\n\n\n\n<h2 class=\"wp-block-heading\">\u00bfCu\u00e1ndo terminan las rebajas de enero 2026 en Primor?<\/h2>\n\n\n\n<p><span style=\"font-weight: 400;\">Todo lo bueno acaba, hasta nuestras ofertas de invierno. As\u00ed que, apunta y que no se te olvide: las rebajas de invierno 2026 de Primor <\/span><b>acaban el 025 <\/b><span style=\"font-weight: 400;\">o hasta agotar existencias.<\/span> <span style=\"font-weight: 400;\">\u00a1No te quedes sin tus productos favoritos!\u00a0<\/span><\/p>\n\n\n\n<h2 class=\"wp-block-heading\">Ideas para comprar en las rebajas de enero de Primor<\/h2>\n\n\n\n<p><span style=\"font-weight: 400;\">Te lo advertimos: es una oportunidad que no puedes (ni debes) dejar escapar. En las <\/span><b>rebajas de enero 2026 de <\/b>Primor<span style=\"font-weight: 400;\"> encontrar\u00e1s multitud de productos de <\/span><b>maquillaje, cosm\u00e9tica, productos para el cabello, corporales, perfumes de mujer, perfumes para hombre\u2026 <\/b><span style=\"font-weight: 400;\">Y un sinf\u00edn de productos de tus marcas favoritas con los que empezar\u00e1s el a\u00f1o con buen pie.\u00a0<\/span><\/p>\n\n\n\n<p>\u00bfSientes ya la necesidad de hacerte con uno o varios de tus beauty imprescindibles? Mima tu piel con los mejores productos y toma ideas para regalar (o regalarte). Y si no sabes por d\u00f3nde empezar, <strong>ah\u00ed van un par de ideas que toda adicta a la belleza quiere tener en su arsenal<\/strong>. \u00a1<em>Wishlist<\/em> a la vista!<\/p>\n\n\n        <product-table class=\"pr-slider\">\r\n            <product-headers class=\"grid-table-rows\">\r\n                <div>Foto<\/div>\r\n                <div>Producto<\/div>\r\n                <div>Marca<\/div>\r\n                <div>Valoraciones<\/div>\r\n                <div>Precio<\/div>\r\n            <\/product-headers>\r\n\r\n            <product-list>\r\n                                    <a href=\"https:\/\/www.primor.eu\/es_es\/hugo-boss-boss-alive-edp-54445.html\" class=\"product-item grid-table-rows\" target=\"_blank\">\r\n                        <div>\r\n                            <img decoding=\"async\" class=\"product-img\" width=\"80px\" height=\"80px\" src=\"https:\/\/www.primor.eu\/blog\/wp-content\/uploads\/2023\/12\/img_M_4AF06471_1_3713.jpg\" alt=\"Hugo Boss    n        Boss Alive EDP\">\r\n                        <\/div>\r\n\r\n                        <!-- Contenido de producto  -->\r\n                        <div>\r\n                            <div class=\"product-position\">\r\n                                #1 Top Ventas                            <\/div>\r\n\r\n                            <h2>\r\n                                Hugo Boss    n        Boss Alive EDP                            <\/h2>\r\n                        <\/div>\r\n\r\n                        <!-- Imagen y\/o nombre de la marca -->\r\n                        <div>\r\n                                                            <img decoding=\"async\" width=\"70\" src=\"https:\/\/www.primor.eu\/blog\/wp-content\/uploads\/2023\/08\/hugo-boss.png\" alt=\"84359\">\r\n                                                    <\/div>\r\n\r\n                        <!-- Puntuaci\u00f3n del producto  -->\r\n                        <div class=\"rating\">\r\n                                                            <div class=\"rate\" style=\"--p:100;\"><\/div>\r\n                                <b>5\/5<\/b>\r\n                                <div class=\"rate-stars\">\r\n                                                                            <div\r\n                                            class=\"rate-star  \">\r\n                                        <\/div>\r\n                                                                            <div\r\n                                            class=\"rate-star  \">\r\n                                        <\/div>\r\n                                                                            <div\r\n                                            class=\"rate-star  \">\r\n                                        <\/div>\r\n                                                                            <div\r\n                                            class=\"rate-star  \">\r\n                                        <\/div>\r\n                                                                            <div\r\n                                            class=\"rate-star  \">\r\n                                        <\/div>\r\n                                                                    <\/div>\r\n                                                    <\/div>\r\n\r\n                        <!-- Bot\u00f3n de producto  -->\r\n                        <div>\r\n                            <span class=\"price-claim\">\r\n                                VER PRECIO                            <\/span>\r\n                        <\/div>\r\n                    <\/a>\r\n                                    <a href=\"https:\/\/www.primor.eu\/es_es\/nyx-professional-make-up-ultimate-utopia-paleta-de-sombras-71030.html\" class=\"product-item grid-table-rows\" target=\"_blank\">\r\n                        <div>\r\n                            <img decoding=\"async\" class=\"product-img\" width=\"80px\" height=\"80px\" src=\"https:\/\/www.primor.eu\/blog\/wp-content\/uploads\/2023\/11\/0MO24278_1_916c.jpg\" alt=\"NYX Professional Make Up    n        Ultimate Utopia Paleta de Sombras\">\r\n                        <\/div>\r\n\r\n                        <!-- Contenido de producto  -->\r\n                        <div>\r\n                            <div class=\"product-position\">\r\n                                #2                            <\/div>\r\n\r\n                            <h2>\r\n                                NYX Professional Make Up    n        Ultimate Utopia Paleta de Sombras                            <\/h2>\r\n                        <\/div>\r\n\r\n                        <!-- Imagen y\/o nombre de la marca -->\r\n                        <div>\r\n                                                            <img decoding=\"async\" width=\"70\" src=\"https:\/\/www.primor.eu\/blog\/wp-content\/uploads\/2023\/08\/nyx.png\" alt=\"85112\">\r\n                                                    <\/div>\r\n\r\n                        <!-- Puntuaci\u00f3n del producto  -->\r\n                        <div class=\"rating\">\r\n                                                            <div class=\"rate\" style=\"--p:100;\"><\/div>\r\n                                <b>5\/5<\/b>\r\n                                <div class=\"rate-stars\">\r\n                                                                            <div\r\n                                            class=\"rate-star  \">\r\n                                        <\/div>\r\n                                                                            <div\r\n                                            class=\"rate-star  \">\r\n                                        <\/div>\r\n                                                                            <div\r\n                                            class=\"rate-star  \">\r\n                                        <\/div>\r\n                                                                            <div\r\n                                            class=\"rate-star  \">\r\n                                        <\/div>\r\n                                                                            <div\r\n                                            class=\"rate-star  \">\r\n                                        <\/div>\r\n                                                                    <\/div>\r\n                                                    <\/div>\r\n\r\n                        <!-- Bot\u00f3n de producto  -->\r\n                        <div>\r\n                            <span class=\"price-claim\">\r\n                                VER PRECIO                            <\/span>\r\n                        <\/div>\r\n                    <\/a>\r\n                                    <a href=\"https:\/\/www.primor.eu\/es_es\/diesel-diesel-perfume-hombre-only-the-brave-eau-de-toilette-53546.html\" class=\"product-item grid-table-rows\" target=\"_blank\">\r\n                        <div>\r\n                            <img decoding=\"async\" class=\"product-img\" width=\"80px\" height=\"80px\" src=\"https:\/\/www.primor.eu\/blog\/wp-content\/uploads\/2023\/08\/img_M_4AM00984_1_9319.jpg\" alt=\"Diesel    n        Only The Brave Eau de Toilette\">\r\n                        <\/div>\r\n\r\n                        <!-- Contenido de producto  -->\r\n                        <div>\r\n                            <div class=\"product-position\">\r\n                                #3                            <\/div>\r\n\r\n                            <h2>\r\n                                Diesel    n        Only The Brave Eau de Toilette                            <\/h2>\r\n                        <\/div>\r\n\r\n                        <!-- Imagen y\/o nombre de la marca -->\r\n                        <div>\r\n                                                            <img decoding=\"async\" width=\"70\" src=\"https:\/\/www.primor.eu\/blog\/wp-content\/uploads\/2023\/08\/diesel.png\" alt=\"84982\">\r\n                                                    <\/div>\r\n\r\n                        <!-- Puntuaci\u00f3n del producto  -->\r\n                        <div class=\"rating\">\r\n                                                            <div class=\"rate\" style=\"--p:80;\"><\/div>\r\n                                <b>4\/5<\/b>\r\n                                <div class=\"rate-stars\">\r\n                                                                            <div\r\n                                            class=\"rate-star  \">\r\n                                        <\/div>\r\n                                                                            <div\r\n                                            class=\"rate-star  \">\r\n                                        <\/div>\r\n                                                                            <div\r\n                                            class=\"rate-star  \">\r\n                                        <\/div>\r\n                                                                            <div\r\n                                            class=\"rate-star  \">\r\n                                        <\/div>\r\n                                                                            <div\r\n                                            class=\"rate-star disable \">\r\n                                        <\/div>\r\n                                                                    <\/div>\r\n                                                    <\/div>\r\n\r\n                        <!-- Bot\u00f3n de producto  -->\r\n                        <div>\r\n                            <span class=\"price-claim\">\r\n                                VER PRECIO                            <\/span>\r\n                        <\/div>\r\n                    <\/a>\r\n                                    <a href=\"https:\/\/www.primor.eu\/es_es\/clinique-moisture-surgetm-100h-auto-replenishing-hydrator-18805.html\" class=\"product-item grid-table-rows\" target=\"_blank\">\r\n                        <div>\r\n                            <img decoding=\"async\" class=\"product-img\" width=\"80px\" height=\"80px\" src=\"https:\/\/www.primor.eu\/blog\/wp-content\/uploads\/2023\/10\/img_M_0TF19862_1_a0d3.jpg\" alt=\"Clinique    n        Moisture Surge\u2122 100h Auto-Replenishing Hydrator Crema Hidratante\">\r\n                        <\/div>\r\n\r\n                        <!-- Contenido de producto  -->\r\n                        <div>\r\n                            <div class=\"product-position\">\r\n                                #4                            <\/div>\r\n\r\n                            <h2>\r\n                                Clinique    n        Moisture Surge\u2122 100h Auto-Replenishing Hydrator Crema Hidratante                            <\/h2>\r\n                        <\/div>\r\n\r\n                        <!-- Imagen y\/o nombre de la marca -->\r\n                        <div>\r\n                                                            <img decoding=\"async\" width=\"70\" src=\"https:\/\/www.primor.eu\/blog\/wp-content\/uploads\/2023\/09\/clinique.png\" alt=\"85294\">\r\n                                                    <\/div>\r\n\r\n                        <!-- Puntuaci\u00f3n del producto  -->\r\n                        <div class=\"rating\">\r\n                                                            <div class=\"rate\" style=\"--p:80;\"><\/div>\r\n                                <b>4\/5<\/b>\r\n                                <div class=\"rate-stars\">\r\n                                                                            <div\r\n                                            class=\"rate-star  \">\r\n                                        <\/div>\r\n                                                                            <div\r\n                                            class=\"rate-star  \">\r\n                                        <\/div>\r\n                                                                            <div\r\n                                            class=\"rate-star  \">\r\n                                        <\/div>\r\n                                                                            <div\r\n                                            class=\"rate-star  \">\r\n                                        <\/div>\r\n                                                                            <div\r\n                                            class=\"rate-star disable \">\r\n                                        <\/div>\r\n                                                                    <\/div>\r\n                                                    <\/div>\r\n\r\n                        <!-- Bot\u00f3n de producto  -->\r\n                        <div>\r\n                            <span class=\"price-claim\">\r\n                                VER PRECIO                            <\/span>\r\n                        <\/div>\r\n                    <\/a>\r\n                            <\/product-list>\r\n        <\/product-table>\r\n\r\n        \n\n\n\n<h3 class=\"wp-block-heading\">Id\u00f4le Eau de parfum EDP de Lanc\u00f4me<\/h3>\n\n\n\n<p>Un perfume femenino que reivindica la fortaleza de la mujer a trav\u00e9s de un caleidoscopio de rosas y jazmines. Una fragancia floral limpia con un coraz\u00f3n de flores y un fondo de almizcle blanco, chipre y vainilla.<\/p>\n\n\n    <a class='product' target='_blank' href='https:\/\/www.primor.eu\/es_es\/lancome-idole-eau-de-parfum-111830.html?#863=66863'>\r\n        <img loading='async' src='https:\/\/cdn2.primor.eu\/media\/catalog\/product\/cache\/8d3aba296f7a18b5251ee30fa5db42b2\/3\/6\/3614273069175_1_529c.png' alt='COMPRAR AHORA'>\r\n            <div class=\"claim\">\r\n                COMPRAR AHORA            <\/div>\r\n        <\/a>\r\n    \n\n\n\n<h3 class=\"wp-block-heading\">Contorno de Ojos Doble Serum de Clarins<\/h3>\n\n\n\n<p>Un tratamiento completo antiedad para los ojos con una exclusiva doble f\u00f3rmula (h\u00eddrica + hidrolip\u00eddica), 96% de origen natural. Enriquecida con 13 potentes extractos de plantas, entre ellos, la cicutaria silvestre bio y la c\u00farcuma, para una eficacia visible sobre todos los signos de la edad. Alisa las arrugas, reduce las bolsas y las ojeras, fortalece la piel del contorno de los ojos e ilumina la mirada.<\/p>\n\n\n    <a class='product' target='_blank' href='https:\/\/www.primor.eu\/es_es\/clarins-contorno-de-ojos-double-serum-16968.html'>\r\n        <img loading='async' src='https:\/\/cdn2.primor.eu\/media\/catalog\/product\/cache\/8d3aba296f7a18b5251ee30fa5db42b2\/0\/T\/0TF20410_1_1ee0.jpg' alt='COMPRAR AHORA'>\r\n            <div class=\"claim\">\r\n                COMPRAR AHORA            <\/div>\r\n        <\/a>\r\n    \n\n\n\n<h3 class=\"wp-block-heading\">Boss Alive de Hugo Boss<\/h3>\n\n\n\n<p>Inspirada en vivir la vida al m\u00e1ximo encontrando el camino de cada una, Boss Alive empodera a las mujeres en su camino hacia el \u00e9xito. \u00bfC\u00f3mo? Gracias a una fragancia contempor\u00e1nea y llena de confianza que fusiona notas suaves y audaces para dar como resultado un aroma sensual, dulce y lleno de energ\u00eda positiva.<\/p>\n\n\n    <a class='product' target='_blank' href='https:\/\/www.primor.eu\/es_es\/hugo-boss-boss-alive-edp-111849.html?#854=66334'>\r\n        <img loading='async' src='https:\/\/cdn2.primor.eu\/media\/catalog\/product\/cache\/8d3aba296f7a18b5251ee30fa5db42b2\/4\/A\/4AF06471_1_488d.jpg' alt='COMPRAR AHORA'>\r\n            <div class=\"claim\">\r\n                COMPRAR AHORA            <\/div>\r\n        <\/a>\r\n    \n\n\n\n<h3 class=\"wp-block-heading\">Ultimate Utopia Paleta de Sombras de NYX<\/h3>\n\n\n\n<p>Esta paleta de sombras de alta pigmentaci\u00f3n y f\u00e1cil aplicaci\u00f3n te permite conseguir un resultado de maquillaje profesional. Contiene 40 sombras de ojos incre\u00edblemente cremosas, tonos s\u00faper saturados en acabados met\u00e1licos y mate.<\/p>\n\n\n    <a class='product' target='_blank' href='https:\/\/www.primor.eu\/es_es\/nyx-professional-make-up-ultimate-utopia-paleta-de-sombras-71030.html'>\r\n        <img loading='async' src='https:\/\/cdn2.primor.eu\/media\/catalog\/product\/cache\/8d3aba296f7a18b5251ee30fa5db42b2\/0\/M\/0MO24278_1_916c.jpg' alt='COMPRAR AHORA'>\r\n            <div class=\"claim\">\r\n                COMPRAR AHORA            <\/div>\r\n        <\/a>\r\n    \n\n\n\n<h3 class=\"wp-block-heading\">Only The Brave Eau de Toilette de Diesel<\/h3>\n\n\n\n<p>Una fragancia disruptora. Es Only the Brave eau de toilette (EDT), y ha llegado para quedarse. El perfume de Diesel busca transgredir, provocar y diferenciar a todo aquel que la use. Est\u00e1 pensado para un hombre moderno, atractivo y seguro de s\u00ed mismo que no para hasta conseguir lo que se propone.<\/p>\n\n\n    <a class='product' target='_blank' href='https:\/\/www.primor.eu\/es_es\/diesel-only-the-brave-eau-de-toilette-112292.html?#854=66583'>\r\n        <img loading='async' src='https:\/\/cdn2.primor.eu\/media\/catalog\/product\/cache\/8d3aba296f7a18b5251ee30fa5db42b2\/4\/A\/4AM00984_1_a81f.jpg' alt='COMPRAR AHORA'>\r\n            <div class=\"claim\">\r\n                COMPRAR AHORA            <\/div>\r\n        <\/a>\r\n    \n\n\n\n<h3 class=\"wp-block-heading\">Moisture Surge intense de Clinique<\/h3>\n\n\n\n<p>Moisture Surge intense de Clinique solo necesita 72 horas para empezar a revertir tu situaci\u00f3n. La crema te proporciona una hidrataci\u00f3n m\u00e1xima que repara las barreras internas de la dermis convirti\u00e9ndola en una opci\u00f3n perfecta para aquellas personas que tengan pieles secas o delicadas. Gracias a su f\u00f3rmula, esta crema hidratante enriquecida con Aloe Vera, \u00c1cido Hialur\u00f3nico y Cica obtiene una hidrataci\u00f3n ininterrumpida que ayuda a calmar las pieles secas.<\/p>\n\n\n    <a class='product' target='_blank' href='https:\/\/www.primor.eu\/es_es\/clinique-moisture-surgetm-100h-auto-replenishing-hydrator-crema-hidratante-106294.html?#854=66449'>\r\n        <img loading='async' src='https:\/\/cdn2.primor.eu\/media\/catalog\/product\/cache\/8d3aba296f7a18b5251ee30fa5db42b2\/1\/9\/192333066928_1_73eb.jpg' alt='COMPRAR AHORA'>\r\n            <div class=\"claim\">\r\n                COMPRAR AHORA            <\/div>\r\n        <\/a>\r\n    \n\n\n\n<h3 class=\"wp-block-heading\">The Scent&nbsp;de Hugo Boss<\/h3>\n\n\n\n<p>Es un perfume de Hugo Boss que representa la elegancia masculina con una c\u00e1lida y cautivadora seducci\u00f3n. Fragancia irresistible, inolvidable con notas exquisitas de Jengibre, ex\u00f3tica Maninka y Cuero que se desatan progresivamente seduciendo los sentidos.<\/p>\n\n\n    <a class='product' target='_blank' href='https:\/\/www.primor.eu\/es_es\/hugo-boss-the-scent-edt-112330.html?#854=66330'>\r\n        <img loading='async' src='https:\/\/cdn2.primor.eu\/media\/catalog\/product\/cache\/8d3aba296f7a18b5251ee30fa5db42b2\/M\/A\/MAIN_3616305040473_1aa5.png' alt='COMPRAR AHORA'>\r\n            <div class=\"claim\">\r\n                COMPRAR AHORA            <\/div>\r\n        <\/a>\r\n    \n\n\n\n<h3 class=\"wp-block-heading\">Accord Parfait True Match Nude S\u00e9rum con Color de L'Or\u00e9al Par\u00eds<\/h3>\n\n\n\n<p>Con 1% de \u00c1cido Hialur\u00f3nico, es la combinaci\u00f3n perfecta de cuidado de la piel y maquillaje. Esta f\u00f3rmula innovadora combina los beneficios de un suero para el cuidado de la piel con la luminosidad y la cobertura de una base.<\/p>\n\n\n    <a class='product' target='_blank' href='https:\/\/www.primor.eu\/es_es\/l-oreal-paris-accord-parfait-true-match-nude-serum-con-color-111023.html?#803=43227'>\r\n        <img loading='async' src='https:\/\/cdn2.primor.eu\/media\/catalog\/product\/cache\/8d3aba296f7a18b5251ee30fa5db42b2\/0\/M\/0MR20672_1_a649.jpg' alt='COMPRAR AHORA'>\r\n            <div class=\"claim\">\r\n                COMPRAR AHORA            <\/div>\r\n        <\/a>\r\n    \n\n\n\n<h3 class=\"wp-block-heading\">Advanced Night Repair S\u00e9rum de Est\u00e9e Lauder <\/h3>\n\n\n\n<p>Sea cual sea tu tipo de piel y tu edad, lo amar\u00e1s. \u00a1Los efectos se notan desde la primera aplicaci\u00f3n! Est\u00e9e Lauder Advanced Night Repair S\u00e9rum fomenta la producci\u00f3n natural de col\u00e1geno, potenciando las c\u00e9lulas sanas de la piel para un resultado firme, saludable y sin arrugas. Gracias a su poder antioxidante y al \u00c1cido Hialur\u00f3nico como componente estrella, crea una barrera protectora en tu piel que te protege de la presencia de radicales libres. \u00a1Es todo un cosm\u00e9tico todoterreno!<\/p>\n\n\n    <a class='product' target='_blank' href='https:\/\/www.primor.eu\/es_es\/estee-lauder-serum-antiedad-advanced-night-repair-serum-106279.html?#854=66330'>\r\n        <img loading='async' src='https:\/\/cdn2.primor.eu\/media\/catalog\/product\/cache\/8d3aba296f7a18b5251ee30fa5db42b2\/0\/T\/0TF18833_1_ca29.jpg' alt='COMPRAR AHORA'>\r\n            <div class=\"claim\">\r\n                COMPRAR AHORA            <\/div>\r\n        <\/a>\r\n    \n\n\n\n<h3 class=\"wp-block-heading\">Party Love Edici\u00f3n Limitada Perfume para mujer de Escada<\/h3>\n\n\n\n<p>En este perfume vegano certificado, la experiencia gourmand se inicia con un seductor acorde de cereza en alm\u00edbar que se funde a la perfecci\u00f3n con un acorde et\u00e9reo de nata montada sobre un delicioso cupcake de vainilla aterciopelada: el aroma perfecto para esas noches especiales de chicas.<\/p>\n\n\n    <a class='product' target='_blank' href='https:\/\/www.primor.eu\/es_es\/escada-party-love-edicion-limitada-perfume-para-mujer-112115.html?#854=66334'>\r\n        <img loading='async' src='https:\/\/cdn2.primor.eu\/media\/catalog\/product\/cache\/8d3aba296f7a18b5251ee30fa5db42b2\/M\/A\/MAIN_3616304668777_699e.jpeg' alt='COMPRAR AHORA'>\r\n            <div class=\"claim\">\r\n                COMPRAR AHORA            <\/div>\r\n        <\/a>\r\n    \n\n\n\n<h3 class=\"wp-block-heading\">NOT Ordinary Treatment Blush Vibes Colorete Fluido de Collistar<\/h3>\n\n\n\n<p>Ofrece un acabado radiante y saludable, ideal tanto para el d\u00eda como para la noche, sin necesidad de retirarlo antes de dormir. Su f\u00f3rmula fluida y suave, con un acabado aterciopelado, es perfecta para usar sola o mezclada con otros productos de maquillaje y cuidado de la piel, proporcionando un aspecto de \"piel saludable y bronceada\".<\/p>\n\n\n    <a class='product' target='_blank' href='https:\/\/www.primor.eu\/es_es\/collistar-not-blush-vibes-colorete-fluido-117389.html?#803=86848'>\r\n        <img loading='async' src='https:\/\/cdn2.primor.eu\/media\/catalog\/product\/cache\/8d3aba296f7a18b5251ee30fa5db42b2\/8\/0\/8015150003780_6b1e.jpg' alt='COMPRAR AHORA'>\r\n            <div class=\"claim\">\r\n                COMPRAR AHORA            <\/div>\r\n        <\/a>\r\n    \n\n\n<div class=\"kk-star-ratings kksr-auto kksr-align-center kksr-valign-bottom\"\n    data-payload='{&quot;align&quot;:&quot;center&quot;,&quot;id&quot;:&quot;30648&quot;,&quot;slug&quot;:&quot;default&quot;,&quot;valign&quot;:&quot;bottom&quot;,&quot;ignore&quot;:&quot;&quot;,&quot;reference&quot;:&quot;auto&quot;,&quot;class&quot;:&quot;&quot;,&quot;count&quot;:&quot;0&quot;,&quot;legendonly&quot;:&quot;&quot;,&quot;readonly&quot;:&quot;&quot;,&quot;score&quot;:&quot;0&quot;,&quot;starsonly&quot;:&quot;&quot;,&quot;best&quot;:&quot;5&quot;,&quot;gap&quot;:&quot;5&quot;,&quot;greet&quot;:&quot;Valora este art\u00edculo&quot;,&quot;legend&quot;:&quot;0\\\/5 - (0 votos)&quot;,&quot;size&quot;:&quot;24&quot;,&quot;title&quot;:&quot;Rebajas en Primor: las mejores ofertas disponibles durante todo el mes de enero de 2026&quot;,&quot;width&quot;:&quot;0&quot;,&quot;_legend&quot;:&quot;{score}\\\/{best} - ({count} {votes})&quot;,&quot;font_factor&quot;:&quot;1.25&quot;}'>\n            \n<div class=\"kksr-stars\">\n    \n<div class=\"kksr-stars-inactive\">\n            <div class=\"kksr-star\" data-star=\"1\" style=\"padding-right: 5px\">\n            \n\n<div class=\"kksr-icon\" style=\"width: 24px; height: 24px;\"><\/div>\n        <\/div>\n            <div class=\"kksr-star\" data-star=\"2\" style=\"padding-right: 5px\">\n            \n\n<div class=\"kksr-icon\" style=\"width: 24px; height: 24px;\"><\/div>\n        <\/div>\n            <div class=\"kksr-star\" data-star=\"3\" style=\"padding-right: 5px\">\n            \n\n<div class=\"kksr-icon\" style=\"width: 24px; height: 24px;\"><\/div>\n        <\/div>\n            <div class=\"kksr-star\" data-star=\"4\" style=\"padding-right: 5px\">\n            \n\n<div class=\"kksr-icon\" style=\"width: 24px; height: 24px;\"><\/div>\n        <\/div>\n            <div class=\"kksr-star\" data-star=\"5\" style=\"padding-right: 5px\">\n            \n\n<div class=\"kksr-icon\" style=\"width: 24px; height: 24px;\"><\/div>\n        <\/div>\n    <\/div>\n    \n<div class=\"kksr-stars-active\" style=\"width: 0px;\">\n            <div class=\"kksr-star\" style=\"padding-right: 5px\">\n            \n\n<div class=\"kksr-icon\" style=\"width: 24px; height: 24px;\"><\/div>\n        <\/div>\n            <div class=\"kksr-star\" style=\"padding-right: 5px\">\n            \n\n<div class=\"kksr-icon\" style=\"width: 24px; height: 24px;\"><\/div>\n        <\/div>\n            <div class=\"kksr-star\" style=\"padding-right: 5px\">\n            \n\n<div class=\"kksr-icon\" style=\"width: 24px; height: 24px;\"><\/div>\n        <\/div>\n            <div class=\"kksr-star\" style=\"padding-right: 5px\">\n            \n\n<div class=\"kksr-icon\" style=\"width: 24px; height: 24px;\"><\/div>\n        <\/div>\n            <div class=\"kksr-star\" style=\"padding-right: 5px\">\n            \n\n<div class=\"kksr-icon\" style=\"width: 24px; height: 24px;\"><\/div>\n        <\/div>\n    <\/div>\n<\/div>\n                \n\n<div class=\"kksr-legend\" style=\"font-size: 19.2px;\">\n            <span class=\"kksr-muted\">Valora este art\u00edculo<\/span>\n    <\/div>\n    <\/div>\n","protected":false},"excerpt":{"rendered":"<p>Seguro que ya te has hecho esta pregunta&#8230; \u00a1El tiempo vuela beauty hunter! Y mientras que muchos piensan en dar la bienvenida al a\u00f1o nuevo con el guapo subido (y un beauty look impresionante), muchos ya tienen la mente puesta en las rebajas de enero. \u00a1Y no nos extra\u00f1a! Este 2026, venimos cargaditos de sorpresas. [&hellip;]<\/p>\n","protected":false},"author":4,"featured_media":120234,"comment_status":"open","ping_status":"open","sticky":false,"template":"","format":"standard","meta":{"jnews-multi-image_gallery":[],"jnews_single_post":{"subtitle":"","format":"standard","video":"","gallery":"","source_name":"","source_url":"","via_name":"","via_url":"","override_template":"0","override":[{"template":"1","single_blog_custom":"","parallax":"1","fullscreen":"1","layout":"right-sidebar","sidebar":"home-2","second_sidebar":"default-sidebar","sticky_sidebar":"0","share_position":"float","share_float_style":"share-monocrhome","show_share_counter":"0","show_view_counter":"0","show_featured":"1","show_post_meta":"1","show_post_author":"0","show_post_author_image":"1","show_post_date":"1","post_date_format":"default","post_date_format_custom":"Y\/m\/d","show_post_category":"1","show_post_reading_time":"0","post_reading_time_wpm":"300","show_zoom_button":"0","zoom_button_out_step":"2","zoom_button_in_step":"3","show_post_tag":"0","show_prev_next_post":"0","show_popup_post":"0","number_popup_post":"2","show_author_box":"0","show_post_related":"0","show_inline_post_related":"1"}],"override_image_size":"0","image_override":[{"single_post_thumbnail_size":"no-crop","single_post_gallery_size":"crop-500"}],"trending_post":"0","trending_post_position":"meta","trending_post_label":"Trending","sponsored_post":"0","sponsored_post_label":"Sponsored by","sponsored_post_name":"","sponsored_post_url":"","sponsored_post_logo_enable":"0","sponsored_post_logo":"","sponsored_post_desc":"","disable_ad":"0"},"jnews_primary_category":{"id":"","hide":""},"jnews_social_meta":{"fb_title":"","fb_description":"","fb_image":"","twitter_title":"","twitter_description":"","twitter_image":""},"jnews_override_counter":{"override_view_counter":"0","view_counter_number":"0","override_share_counter":"0","share_counter_number":"0","override_like_counter":"0","like_counter_number":"0","override_dislike_counter":"0","dislike_counter_number":"0"},"footnotes":""},"categories":[36,342],"tags":[],"class_list":["post-30648","post","type-post","status-publish","format-standard","has-post-thumbnail","hentry","category-consejos-belleza","category-primor"],"_links":{"self":[{"href":"https:\/\/www.primor.eu\/blog\/wp-json\/wp\/v2\/posts\/30648","targetHints":{"allow":["GET"]}}],"collection":[{"href":"https:\/\/www.primor.eu\/blog\/wp-json\/wp\/v2\/posts"}],"about":[{"href":"https:\/\/www.primor.eu\/blog\/wp-json\/wp\/v2\/types\/post"}],"author":[{"embeddable":true,"href":"https:\/\/www.primor.eu\/blog\/wp-json\/wp\/v2\/users\/4"}],"replies":[{"embeddable":true,"href":"https:\/\/www.primor.eu\/blog\/wp-json\/wp\/v2\/comments?post=30648"}],"version-history":[{"count":13,"href":"https:\/\/www.primor.eu\/blog\/wp-json\/wp\/v2\/posts\/30648\/revisions"}],"predecessor-version":[{"id":138357,"href":"https:\/\/www.primor.eu\/blog\/wp-json\/wp\/v2\/posts\/30648\/revisions\/138357"}],"wp:featuredmedia":[{"embeddable":true,"href":"https:\/\/www.primor.eu\/blog\/wp-json\/wp\/v2\/media\/120234"}],"wp:attachment":[{"href":"https:\/\/www.primor.eu\/blog\/wp-json\/wp\/v2\/media?parent=30648"}],"wp:term":[{"taxonomy":"category","embeddable":true,"href":"https:\/\/www.primor.eu\/blog\/wp-json\/wp\/v2\/categories?post=30648"},{"taxonomy":"post_tag","embeddable":true,"href":"https:\/\/www.primor.eu\/blog\/wp-json\/wp\/v2\/tags?post=30648"}],"curies":[{"name":"wp","href":"https:\/\/api.w.org\/{rel}","templated":true}]}}