{"id":30508,"date":"2022-01-05T12:09:18","date_gmt":"2022-01-05T11:09:18","guid":{"rendered":"https:\/\/blog.primor.eu\/?p=30508"},"modified":"2025-12-15T16:27:59","modified_gmt":"2025-12-15T16:27:59","slug":"cuidar-la-piel","status":"publish","type":"post","link":"https:\/\/www.primor.eu\/blog\/cuidar-la-piel\/","title":{"rendered":"Sabemos c\u00f3mo debes cuidar la piel a cada edad"},"content":{"rendered":"<p>Probablemente ya lo sabes, pero <strong>cada piel tiene unas necesidades distintas<\/strong>. No es lo mismo una piel de 30 que una de 60. Pero \u00bfqu\u00e9 es lo que necesita exactamente nuestra dermis para enfrentarse al paso del tiempo? \u00a1Toma nota y <strong>descubre c\u00f3mo cuidar la piel a cada edad<\/strong> para lucir un rostro sin imperfecciones tengas la edad que tengas!<\/p>\n<div class=\"col-xs-12 col-sm-12 col-md-12 col-lg-12 col-left\">\n<div class=\"txt\">\n<h2 class=\"p1\">Cuidar la piel a los 30<\/h2>\n<p>Querida beauty hunter, ahora mismo la <strong>prevenci\u00f3n<\/strong> es la clave de todo. Ayuda a tu piel a retener la <strong>retener la hidrataci\u00f3n en la piel y seguir luchando contra el antienvejecimiento prematuro<\/strong>. Como ingredientes milagrosos, apuesta por aquellos cosm\u00e9ticos con <strong>\u00e1cido hialur\u00f3nico<\/strong>\u00a0para hidratar y\u00a0<strong>vitamina C<\/strong>\u00a0para aportar luminosidad.<\/p>\n<p>Adem\u00e1s, <strong>olv\u00eddate de aplicarte la misma crema de noche que de d\u00eda.<\/strong> Por la noche, son una buena opci\u00f3n los\u00a0<strong>retinoides<\/strong>. Es el mejor activo preventivo. Si no sabes c\u00f3mo usarlos,<a href=\"https:\/\/www.primor.eu\/blog\/retinol\/\"> lo mejor es que acudas a nuestra gu\u00eda b\u00e1sica para usar el retinol<\/a>. Tampoco olvides el <strong>contorno de ojos<\/strong>. A partir de los 25 se vuelve todo un imprescindible, ya que la piel deja de producir col\u00e1geno de forma natural.<\/p>\n<p style=\"text-align: center;\"><a href=\"https:\/\/www.primor.eu\/es_es\/la-roche-posay-redermic-pure-vitamin-c10-serum-15659.html\"><strong>Redermic Pure Vitamin C10 s\u00e9rum de la Roche-Posay<\/strong>\u00a0<\/a><\/p>\n<p>Formulado a un PH fisiol\u00f3gico y vitamina C pura que ilumina y reafirma la piel, \u00e1cido salic\u00edlico, que incrementa la penetraci\u00f3n de vitamina C para una mayor eficacia y Neurosensina calmante que garantiza la m\u00e1xima tolerancia, este s\u00e9rum te proporcionar\u00e1 luminosidad y un refuerzo en la barrera cut\u00e1nea que te proteger\u00e1 de la presencia de radicales libres.<\/p>\n<figure id=\"attachment_30129\" aria-describedby=\"caption-attachment-30129\" style=\"width: 300px\" class=\"wp-caption aligncenter\"><a href=\"https:\/\/www.primor.eu\/blog\/wp-content\/uploads\/2022\/12\/cuidar-d-etu-piel-en-invienro-redermic-pure-vitamin-c10-serum.jpg\"><img decoding=\"async\" class=\"wp-image-30129\" src=\"\/wp-content\/uploads\/2022\/12\/cuidar-d-etu-piel-en-invienro-redermic-pure-vitamin-c10-serum.jpg\" alt=\"\" width=\"300\" height=\"300\" \/><\/a><figcaption id=\"caption-attachment-30129\" class=\"wp-caption-text\"><a href=\"https:\/\/www.primor.eu\/es_es\/la-roche-posay-redermic-pure-vitamin-c10-serum-15659.html\">Redermic Pure Vitamine C10 s\u00e9rum de La Roche-Posay.<\/a><\/figcaption><\/figure>\n<h4 style=\"text-align: center;\"><a href=\"https:\/\/www.primor.eu\/es_es\/clinique-moisture-surge-intense-hidratante-intensiva-18649.html\">Moisture Surge intense de Clinique<\/a><\/h4>\n<p>\u00bfCansada de la sequedad de tu piel? Moisture Surge intense de Clinique solo necesita 72 horas para empezar a revertir tu situaci\u00f3n. La crema te proporciona una hidrataci\u00f3n m\u00e1xima que repara las barreras internas de la dermis convirti\u00e9ndola en una opci\u00f3n perfecta para aquellas personas que tengan pieles secas o delicadas. Adem\u00e1s, gracias a su f\u00f3rmula, esta<a href=\"https:\/\/www.primor.eu\/es_es\/cremas-hidratantes-faciales\" target=\"_blank\" rel=\"noopener\">\u00a0crema hidratante\u00a0<\/a>enriquecida con Aloe Vera, \u00c1cido Hialur\u00f3nico y Cica obtiene una hidrataci\u00f3n ininterrumpida que ayuda a calmar las pieles secas evitando las irritaciones. Conseguir\u00e1s una piel m\u00e1s saludable, suave y radiante.<\/p>\n<figure id=\"attachment_30121\" aria-describedby=\"caption-attachment-30121\" style=\"width: 300px\" class=\"wp-caption aligncenter\"><a href=\"https:\/\/www.primor.eu\/blog\/wp-content\/uploads\/2022\/12\/cuidar-tu-piel-en-invierno-moisture-surge-intense-hidratante-intensiva.jpg\"><img decoding=\"async\" class=\"wp-image-30121\" src=\"\/wp-content\/uploads\/2022\/12\/cuidar-tu-piel-en-invierno-moisture-surge-intense-hidratante-intensiva.jpg\" alt=\"\" width=\"300\" height=\"300\" \/><\/a><figcaption id=\"caption-attachment-30121\" class=\"wp-caption-text\"><a href=\"https:\/\/www.primor.eu\/es_es\/clinique-moisture-surge-intense-hidratante-intensiva-18649.html\">Moisture surge Intense de Clinique 72h.<\/a><\/figcaption><\/figure>\n<h4 style=\"text-align: center;\"><a href=\"https:\/\/www.primor.eu\/uriage\/46420-contorno-de-ojos-multiaccion.html#\/volumen-15_ml\"><strong>Contorno de Ojos Multiacci\u00f3n de Uriage<\/strong>\u00a0<\/a><\/h4>\n<p>Enriquecida con activos descongestionantes y delicados, protege la piel de agresiones externas tales como poluci\u00f3n, UV, luz azul. Adem\u00e1s previene y corrige los signos de la edad, aten\u00faa la apariencia de las arrugas y las l\u00edneas de expresi\u00f3n, bolsas, ojeras y ejerce un efecto tensor sobre los p\u00e1rpados y alisa el contorno del ojo.<\/p>\n<\/div>\n<\/div>\n<div class=\"col-xs-12 col-sm-12 col-md-12 col-lg-12 col-info\">\n<div id=\"involveds\" class=\"involveds wrap\">\n<div class=\"involved-authors only-author\">\n<div class=\"first-author\">\n<figure id=\"attachment_30513\" aria-describedby=\"caption-attachment-30513\" style=\"width: 300px\" class=\"wp-caption aligncenter\"><a href=\"https:\/\/www.primor.eu\/blog\/wp-content\/uploads\/2022\/12\/cuidar-la-piel-contorno-de-ojos-multiaccion.jpg\"><img decoding=\"async\" class=\"wp-image-30513\" src=\"\/wp-content\/uploads\/2022\/12\/cuidar-la-piel-contorno-de-ojos-multiaccion.jpg\" alt=\"\" width=\"300\" height=\"300\" \/><\/a><figcaption id=\"caption-attachment-30513\" class=\"wp-caption-text\"><a href=\"https:\/\/www.primor.eu\/uriage\/46420-contorno-de-ojos-multiaccion.html#\/volumen-15_ml\">Contorno de Ojos Multiacci\u00f3n de Uriage.<\/a><\/figcaption><\/figure>\n<h2>Cuidar la piel a los 40<\/h2>\n<p>A esta edad, la piel pierde elasticidad y luminosidad. <strong>Las arrugas comienzan a ser m\u00e1s visibles y los signos de fatiga se hacen m\u00e1s evidentes.<\/strong> \u00a1No permitas que el paso del tiempo haga mella en tu piel! Escoge cosm\u00e9ticos con<strong> retinol, coenzima q10 y un complejo vitam\u00ednico<\/strong> que estimule la producci\u00f3n de elastina de la piel. \u00bfUn secreto? El <strong>booster<\/strong> se convertir\u00e1 en tu mayor aliado.<\/p>\n<h4 dir=\"ltr\" style=\"text-align: center;\"><a href=\"https:\/\/www.primor.eu\/es_es\/olay-regenerist-retinol24-crema-hidratante-de-noche-con-retinol-13856.html\"><strong>Olay Regenerist Retinol 24h Crema Hidratante De Noche Con Retinol<\/strong><\/a><\/h4>\n<p dir=\"ltr\">Es un tratamiento facial que mantiene tu piel hidratada durante 24 horas. Su f\u00f3rmula patentada combina Vitamina B3 con Retinoide. Adem\u00e1s, es una crema que trabaja la reducci\u00f3n de l\u00edneas de expresi\u00f3n y arrugas, al mismo tiempo que aumenta la suavidad, la luminosidad y la firmeza de la tez dej\u00e1ndola m\u00e1s uniforme. Act\u00faa sobre el rostro y focaliza su acci\u00f3n en las imperfecciones, manchas y poros.<\/p>\n<figure id=\"attachment_28623\" aria-describedby=\"caption-attachment-28623\" style=\"width: 300px\" class=\"wp-caption aligncenter\"><a href=\"https:\/\/www.primor.eu\/blog\/wp-content\/uploads\/2022\/11\/retinol-retinol-24-crema-hidratante-de-noche.jpg\"><img decoding=\"async\" class=\"wp-image-28623\" src=\"\/wp-content\/uploads\/2022\/11\/retinol-retinol-24-crema-hidratante-de-noche.jpg\" alt=\"\" width=\"300\" height=\"300\" \/><\/a><figcaption id=\"caption-attachment-28623\" class=\"wp-caption-text\"><a href=\"https:\/\/www.primor.eu\/es_es\/olay-regenerist-retinol24-crema-hidratante-de-noche-con-retinol-13856.html\">Olay Regenerist 24 horas Crema de Noche.<\/a><\/figcaption><\/figure>\n<h4 style=\"text-align: center;\"><a href=\"https:\/\/www.primor.eu\/clarins\/38575-booster-repair.html#\/volumen-15_ml\">Booster Repair de Clarins<\/a><\/h4>\n<p>Tanto por el sol, como el fr\u00edo, la piel se debilita. Gracias a la\u00a0f\u00f3rmula ultraconcentrada de Clarins Booster Repair, con extracto de mimosa, tu piel volver\u00e1 a la vida haci\u00e9ndose m\u00e1s fuerte que nunca, atenuando rojeces y reforzando la barrera cut\u00e1nea de la piel para protegerla de la presencia de radicales libres.<\/p>\n<figure id=\"attachment_30515\" aria-describedby=\"caption-attachment-30515\" style=\"width: 300px\" class=\"wp-caption aligncenter\"><a href=\"https:\/\/www.primor.eu\/blog\/wp-content\/uploads\/2022\/12\/cuidar-la-piel-booster-repair.jpg\"><img decoding=\"async\" class=\"wp-image-30515\" src=\"\/wp-content\/uploads\/2022\/12\/cuidar-la-piel-booster-repair.jpg\" alt=\"\" width=\"300\" height=\"300\" \/><\/a><figcaption id=\"caption-attachment-30515\" class=\"wp-caption-text\"><a href=\"https:\/\/www.primor.eu\/clarins\/38575-booster-repair.html#\/volumen-15_ml\">Booster Repair de Clarins.<\/a><\/figcaption><\/figure>\n<p style=\"text-align: center;\"><a href=\"https:\/\/www.primor.eu\/es_es\/estee-lauder-advanced-night-repair-serum-18645.html\"><strong>Est\u00e9e Lauder Advanced Night Repair S\u00e9rum<\/strong><\/a><\/p>\n<p>Sea cual sea tu tipo de piel y tu edad, lo amar\u00e1s. \u00a1Los efectos se notan desde la primera aplicaci\u00f3n! Est\u00e9e Lauder Advanced Night Repair S\u00e9rum fomenta la producci\u00f3n natural de col\u00e1geno, potenciando las c\u00e9lulas sanas de la piel para un resultado firme, saludable y sin arrugas. Gracias a su poder antioxidante y al \u00c1cido Hialur\u00f3nico como componente estrella, crea una barrera protectora en tu piel que te protege de la presencia de radicales libres. \u00a1Es todo un cosm\u00e9tico todoterreno!<\/p>\n<figure id=\"attachment_30517\" aria-describedby=\"caption-attachment-30517\" style=\"width: 300px\" class=\"wp-caption aligncenter\"><a href=\"https:\/\/www.primor.eu\/blog\/wp-content\/uploads\/2022\/12\/cuidar-la-piel-advanced-night-repair-serum.jpg\"><img decoding=\"async\" class=\"wp-image-30517\" src=\"\/wp-content\/uploads\/2022\/12\/cuidar-la-piel-advanced-night-repair-serum.jpg\" alt=\"\" width=\"300\" height=\"300\" \/><\/a><figcaption id=\"caption-attachment-30517\" class=\"wp-caption-text\"><a href=\"https:\/\/www.primor.eu\/es_es\/estee-lauder-advanced-night-repair-serum-18645.html\">Advanced Night Repair Serum de Est\u00e9e Lauder.<\/a><\/figcaption><\/figure>\n<h2>Cuidar tu piel a partir de los 50<\/h2>\n<p><strong>Las pieles maduras son algo m\u00e1s dif\u00edciles de tratar<\/strong>, pero nada que no se pueda solucionar con una buena elecci\u00f3n de productos. A partir de los 50 a\u00f1os, la dermis<strong> se vuelve fl\u00e1cida, se hunde y deja de producir col\u00e1geno y elastina de forma natural<\/strong>. Eso, sumado a factores como la menopausia, pueden causar estragos en tu piel. Para evitarlo,<strong> apuesta por hidratantes densas<\/strong> que ataquen a los diferentes tipos de arrugas y que potencien tu mejor versi\u00f3n.<\/p>\n<h4 style=\"text-align: center;\"><a href=\"https:\/\/www.primor.eu\/es_es\/shiseido-benefiance-wrinkle-smoothing-cream-enriched-18526.html\"><strong>Benefiance Wrinkle Smoothing Cream Enriched Crema Rica Antiarrugas de Shiseido<\/strong><\/a><\/h4>\n<p>Es una de las favoritas, ya que su concentraci\u00f3n ataca a los 6 tipos de arrugas diferentes que tenemos en el rostro. Dise\u00f1ada para pieles maduras, esta hidratante de Shiseido restaura la hidrataci\u00f3n profundamente gracias a su tecnolog\u00eda Reneura Technology+\u2122.\u00a1Notar\u00e1s los resultados desde la primera aplicaci\u00f3n!<\/p>\n<figure id=\"attachment_30519\" aria-describedby=\"caption-attachment-30519\" style=\"width: 300px\" class=\"wp-caption aligncenter\"><a href=\"https:\/\/www.primor.eu\/blog\/wp-content\/uploads\/2022\/12\/cuidar-la-piel-benefiance-wrinkle-smoothing-cream-enriched.jpg\"><img decoding=\"async\" class=\"wp-image-30519\" src=\"\/wp-content\/uploads\/2022\/12\/cuidar-la-piel-benefiance-wrinkle-smoothing-cream-enriched.jpg\" alt=\"\" width=\"300\" height=\"300\" \/><\/a><figcaption id=\"caption-attachment-30519\" class=\"wp-caption-text\"><a href=\"https:\/\/www.primor.eu\/es_es\/shiseido-benefiance-wrinkle-smoothing-cream-enriched-18526.html\">Benefiance Wrinkle Smoothing Cream Enriched Crema Rica Antiarrugas de Shiseido.<\/a><\/figcaption><\/figure>\n<h4 style=\"text-align: center;\"><strong><a href=\"https:\/\/www.primor.eu\/es_es\/strivectin-advanced-retinol-eye-cream-16745.html\">Advanced Retinol Eye Cream de Strivectin<\/a> <\/strong><\/h4>\n<p>Es una crema suave y ligera para el contorno de ojos que minimiza el aspecto de las l\u00edneas de expresi\u00f3n y las patas de gallo al tiempo que reafirma y fortalece la piel alrededor del contorno de ojos gracias a su composici\u00f3n de retinol. Conseguir\u00e1s una mirada hidratada, rejuvenecida y fresca al instante.<\/p>\n<figure id=\"attachment_30521\" aria-describedby=\"caption-attachment-30521\" style=\"width: 300px\" class=\"wp-caption aligncenter\"><a href=\"https:\/\/www.primor.eu\/blog\/wp-content\/uploads\/2022\/12\/cuidar-la-piel-advanced-retinol-eye-cream.jpg\"><img decoding=\"async\" class=\"wp-image-30521\" src=\"\/wp-content\/uploads\/2022\/12\/cuidar-la-piel-advanced-retinol-eye-cream.jpg\" alt=\"\" width=\"300\" height=\"300\" \/><\/a><figcaption id=\"caption-attachment-30521\" class=\"wp-caption-text\"><a href=\"https:\/\/www.primor.eu\/es_es\/strivectin-advanced-retinol-eye-cream-16745.html\">Advanced Retinol Eye Cream de Strivectin.<\/a><\/figcaption><\/figure>\n<h4 style=\"text-align: center;\"><a href=\"https:\/\/www.primor.eu\/es_es\/eucerin-serum-vitamina-c-hyaluron-filler-18636.html\"><strong>Serum Vitamina C Hyaluron Filler de Eucerin<\/strong><\/a><\/h4>\n<p>Nos encanta porque es un s\u00e9rum antiedad que rellena las l\u00edneas de expresi\u00f3n y combate contra los signos provocados por factores externos que da\u00f1an la piel como la contaminaci\u00f3n o la exposici\u00f3n a cambios de temperatura. Su formulaci\u00f3n con Vitamina C y \u00c1cido Hialur\u00f3nico ayuda a generar col\u00e1geno de forma natural para mantener la piel firme, a la vez supone un sistema de defensa para la piel. \u00bfEl resultado? Un aspecto suave, fresco, radiante y rejuvenecido en tan solo 7 d\u00edas.<\/p>\n<figure id=\"attachment_30523\" aria-describedby=\"caption-attachment-30523\" style=\"width: 300px\" class=\"wp-caption aligncenter\"><a href=\"https:\/\/www.primor.eu\/blog\/wp-content\/uploads\/2022\/12\/cuidar-la-piel-serum-vitamina-c-hyaluron-filler.jpg\"><img decoding=\"async\" class=\"wp-image-30523\" src=\"\/wp-content\/uploads\/2022\/12\/cuidar-la-piel-serum-vitamina-c-hyaluron-filler.jpg\" alt=\"\" width=\"300\" height=\"300\" \/><\/a><figcaption id=\"caption-attachment-30523\" class=\"wp-caption-text\"><a href=\"https:\/\/www.primor.eu\/es_es\/eucerin-serum-vitamina-c-hyaluron-filler-18636.html\">Serum Vitamina C Hyaluron Filler de Eucerin.<\/a><\/figcaption><\/figure>\n<\/div>\n<\/div>\n<\/div>\n<\/div>\n\n\n<div class=\"kk-star-ratings kksr-auto kksr-align-center kksr-valign-bottom\"\n    data-payload='{&quot;align&quot;:&quot;center&quot;,&quot;id&quot;:&quot;30508&quot;,&quot;slug&quot;:&quot;default&quot;,&quot;valign&quot;:&quot;bottom&quot;,&quot;ignore&quot;:&quot;&quot;,&quot;reference&quot;:&quot;auto&quot;,&quot;class&quot;:&quot;&quot;,&quot;count&quot;:&quot;0&quot;,&quot;legendonly&quot;:&quot;&quot;,&quot;readonly&quot;:&quot;&quot;,&quot;score&quot;:&quot;0&quot;,&quot;starsonly&quot;:&quot;&quot;,&quot;best&quot;:&quot;5&quot;,&quot;gap&quot;:&quot;5&quot;,&quot;greet&quot;:&quot;Valora este art\u00edculo&quot;,&quot;legend&quot;:&quot;0\\\/5 - (0 votos)&quot;,&quot;size&quot;:&quot;24&quot;,&quot;title&quot;:&quot;Sabemos c\u00f3mo debes cuidar la piel a cada edad&quot;,&quot;width&quot;:&quot;0&quot;,&quot;_legend&quot;:&quot;{score}\\\/{best} - ({count} {votes})&quot;,&quot;font_factor&quot;:&quot;1.25&quot;}'>\n            \n<div class=\"kksr-stars\">\n    \n<div class=\"kksr-stars-inactive\">\n            <div class=\"kksr-star\" data-star=\"1\" style=\"padding-right: 5px\">\n            \n\n<div class=\"kksr-icon\" style=\"width: 24px; height: 24px;\"><\/div>\n        <\/div>\n            <div class=\"kksr-star\" data-star=\"2\" style=\"padding-right: 5px\">\n            \n\n<div class=\"kksr-icon\" style=\"width: 24px; height: 24px;\"><\/div>\n        <\/div>\n            <div class=\"kksr-star\" data-star=\"3\" style=\"padding-right: 5px\">\n            \n\n<div class=\"kksr-icon\" style=\"width: 24px; height: 24px;\"><\/div>\n        <\/div>\n            <div class=\"kksr-star\" data-star=\"4\" style=\"padding-right: 5px\">\n            \n\n<div class=\"kksr-icon\" style=\"width: 24px; height: 24px;\"><\/div>\n        <\/div>\n            <div class=\"kksr-star\" data-star=\"5\" style=\"padding-right: 5px\">\n            \n\n<div class=\"kksr-icon\" style=\"width: 24px; height: 24px;\"><\/div>\n        <\/div>\n    <\/div>\n    \n<div class=\"kksr-stars-active\" style=\"width: 0px;\">\n            <div class=\"kksr-star\" style=\"padding-right: 5px\">\n            \n\n<div class=\"kksr-icon\" style=\"width: 24px; height: 24px;\"><\/div>\n        <\/div>\n            <div class=\"kksr-star\" style=\"padding-right: 5px\">\n            \n\n<div class=\"kksr-icon\" style=\"width: 24px; height: 24px;\"><\/div>\n        <\/div>\n            <div class=\"kksr-star\" style=\"padding-right: 5px\">\n            \n\n<div class=\"kksr-icon\" style=\"width: 24px; height: 24px;\"><\/div>\n        <\/div>\n            <div class=\"kksr-star\" style=\"padding-right: 5px\">\n            \n\n<div class=\"kksr-icon\" style=\"width: 24px; height: 24px;\"><\/div>\n        <\/div>\n            <div class=\"kksr-star\" style=\"padding-right: 5px\">\n            \n\n<div class=\"kksr-icon\" style=\"width: 24px; height: 24px;\"><\/div>\n        <\/div>\n    <\/div>\n<\/div>\n                \n\n<div class=\"kksr-legend\" style=\"font-size: 19.2px;\">\n            <span class=\"kksr-muted\">Valora este art\u00edculo<\/span>\n    <\/div>\n    <\/div>\n","protected":false},"excerpt":{"rendered":"<p>Probablemente ya lo sabes, pero cada piel tiene unas necesidades distintas. No es lo mismo una piel de 30 que una de 60. Pero \u00bfqu\u00e9 es lo que necesita exactamente nuestra dermis para enfrentarse al paso del tiempo? \u00a1Toma nota y descubre c\u00f3mo cuidar la piel a cada edad para lucir un rostro sin imperfecciones [&hellip;]<\/p>\n","protected":false},"author":4,"featured_media":136261,"comment_status":"open","ping_status":"open","sticky":false,"template":"","format":"standard","meta":{"jnews-multi-image_gallery":[],"jnews_single_post":{"format":"standard"},"jnews_primary_category":[],"jnews_social_meta":[],"jnews_override_counter":[],"footnotes":""},"categories":[29,38],"tags":[],"class_list":["post-30508","post","type-post","status-publish","format-standard","has-post-thumbnail","hentry","category-cosmetica","category-cremas-antiedad"],"_links":{"self":[{"href":"https:\/\/www.primor.eu\/blog\/wp-json\/wp\/v2\/posts\/30508","targetHints":{"allow":["GET"]}}],"collection":[{"href":"https:\/\/www.primor.eu\/blog\/wp-json\/wp\/v2\/posts"}],"about":[{"href":"https:\/\/www.primor.eu\/blog\/wp-json\/wp\/v2\/types\/post"}],"author":[{"embeddable":true,"href":"https:\/\/www.primor.eu\/blog\/wp-json\/wp\/v2\/users\/4"}],"replies":[{"embeddable":true,"href":"https:\/\/www.primor.eu\/blog\/wp-json\/wp\/v2\/comments?post=30508"}],"version-history":[{"count":20,"href":"https:\/\/www.primor.eu\/blog\/wp-json\/wp\/v2\/posts\/30508\/revisions"}],"predecessor-version":[{"id":128611,"href":"https:\/\/www.primor.eu\/blog\/wp-json\/wp\/v2\/posts\/30508\/revisions\/128611"}],"wp:featuredmedia":[{"embeddable":true,"href":"https:\/\/www.primor.eu\/blog\/wp-json\/wp\/v2\/media\/136261"}],"wp:attachment":[{"href":"https:\/\/www.primor.eu\/blog\/wp-json\/wp\/v2\/media?parent=30508"}],"wp:term":[{"taxonomy":"category","embeddable":true,"href":"https:\/\/www.primor.eu\/blog\/wp-json\/wp\/v2\/categories?post=30508"},{"taxonomy":"post_tag","embeddable":true,"href":"https:\/\/www.primor.eu\/blog\/wp-json\/wp\/v2\/tags?post=30508"}],"curies":[{"name":"wp","href":"https:\/\/api.w.org\/{rel}","templated":true}]}}