{"id":29317,"date":"2024-12-12T12:48:24","date_gmt":"2024-12-12T12:48:24","guid":{"rendered":"https:\/\/blog.primor.eu\/?p=29317"},"modified":"2025-12-13T09:39:54","modified_gmt":"2025-12-13T09:39:54","slug":"maquillaje-para-navidad","status":"publish","type":"post","link":"https:\/\/www.primor.eu\/blog\/maquillaje-para-navidad\/","title":{"rendered":"Maquillaje para Navidad: consigue un lookazo con estos tips"},"content":{"rendered":"\n<p><span style=\"font-weight: 400;\">\u00a1Ha llegado la temporada! Y ya no hay vuelta atr\u00e1s. Mariah Carey ha dado el pistoletazo de salida a la<a href=\"https:\/\/www.primor.eu\/es_es\/navidad\" data-type=\"link\" data-id=\"https:\/\/www.primor.eu\/es_es\/navidad\"> Christmas Season <\/a>y ahora toda nuestra atenci\u00f3n est\u00e1 en los lookazos que luciremos durante las fiestas. Y aunque sabemos que andas buscando ese vestido de fin de a\u00f1o que sorprenda hasta a Cristina Pedroche no te olvides de lo m\u00e1s importante: tu maquillaje para Navidad.<\/span><\/p>\n\n\n\n<p><span style=\"font-weight: 400;\">Muchas (\u00a1y muchos!) cometen el error de <a href=\"https:\/\/www.primor.eu\/es_es\/eyeliners-y-lapices-de-ojos-lujo\" data-type=\"link\" data-id=\"https:\/\/www.primor.eu\/es_es\/eyeliners-y-lapices-de-ojos-lujo\">maquillarse<\/a> en exceso para las fiestas. \u00a1Stop! No lo hagas. Recuerda lo que dijo Chanel: <\/span><b>menos es m\u00e1s<\/b><span style=\"font-weight: 400;\">.<\/span><\/p>\n\n\n\n<h3 class=\"wp-block-heading\">El corrector<\/h3>\n\n\n\n<p>Hay quien dice que es el \u00fanico cosm\u00e9tico que necesita, y sin exagerar. Los correctores son ese producto de maquillaje que disimula ojeras, bolsas e imperfecciones. Por lo que puede salvarte de m\u00e1s de un apuro. No obstante, no todos son iguales, y con el ritmo de vida non-stop, lo mejor es apostar por aquellos que no se cuarteen, que tengan una cobertura media y que sean resistentes al agua, el sudor y la humedad. \u00bfNuestros favoritos?&nbsp;<strong>Touche Eclat Corrector de Alta Cobertura de&nbsp;Yves Saint Laurent&nbsp;<\/strong>y el&nbsp;<strong>Borrador de Maybelline New York.&nbsp;<\/strong><\/p>\n\n\n\n<h3 class=\"wp-block-heading\">Cuidado con el colorete<\/h3>\n\n\n\n<p><span style=\"font-weight: 400;\">Si lo usas bien, puede hacer mucho por ti, c\u00f3mo conseguir un \"efecto buena cara\" de inmediato. Eso s\u00ed, \u00fasalo con moderaci\u00f3n y no te pases. \u00bfEl truco para lucirlo mejor que nadie? Apl\u00edcalo con movimientos circulares y con ayuda de una brocha bien grande. Eso har\u00e1 que puedas aumentar la intensidad con un acabado natural que te rejuvenecer\u00e1 y te aportar\u00e1 mucha luz al rostro.<\/span><\/p>\n\n\n\n<p>No obstante, evita la zona de las aletas de la nariz para evitar un aspecto cansado.<\/p>\n\n\n\n<h3 class=\"wp-block-heading\">Tus ojos: apu\u00e9stalo todo al brillo<\/h3>\n\n\n\n<p>El mejor maquillaje de Navidad es aquel que resalta la mirada. Si quieres poner el foco en tus ojos, utiliza sombras glitter y no te olvides de la zona del lagrimal. Es un truco muy f\u00e1cil, r\u00e1pido y eficaz que agrandar\u00e1 tu mirada. Si por el contrario quieres centrar todo el protagonismo en tus labios, emplea sombras mate de colores nude. Conseguir\u00e1s un resultado muy elegante.<\/p>\n\n\n\n<h3 class=\"wp-block-heading\">Los labios<\/h3>\n\n\n\n<p>Depende de c\u00f3mo hayas decidido maquillar tus ojos, el maquillaje de tus labios tambi\u00e9n variar\u00e1. Si tus ojos no destacan demasiado, emplea el color de la pasi\u00f3n. Hay multitud de pintalabios rojos que te est\u00e1n esperando (<a href=\"https:\/\/www.primor.eu\/blog\/pintalabios-rojos\/\">y aqu\u00ed tenemos un listado de los mejores<\/a>). Si por el contrario, has tomado la decisi\u00f3n de que tu mirada va a acaparar toda las miradas, opta por tonalidades marrones y nudes.<\/p>\n\n\n\n<h3 class=\"wp-block-heading\">Perfumes que imnoticen<\/h3>\n\n\n\n<p>Ya lo dijo Carolina Herrera: el complemento invisible de cualquier prenda es un buen perfume. Opta por aquellos amaderados que tengan notas m\u00e1s sensuales. Son imanes de seducci\u00f3n, \u00a1prometido!<\/p>\n\n\n\n<h2 class=\"wp-block-heading\">El mejor maquillaje de Navidad con los mejores productos<\/h2>\n\n\n\n<p>Es hora de alargar vuestra wishlist. \u00a1Y tenemos los mejores productos! F\u00edchalos para esta Navidad!<\/p>\n\n\n        <product-table class=\"pr-slider\">\r\n            <product-headers class=\"grid-table-rows\">\r\n                <div>Foto<\/div>\r\n                <div>Producto<\/div>\r\n                <div>Marca<\/div>\r\n                <div>Valoraciones<\/div>\r\n                <div>Precio<\/div>\r\n            <\/product-headers>\r\n\r\n            <product-list>\r\n                                    <a href=\"https:\/\/www.primor.eu\/es_es\/yves-saint-laurent-touche-eclat-iluminador-facial-109897.html?#803=47186\" class=\"product-item grid-table-rows\" target=\"_blank\">\r\n                        <div>\r\n                            <img decoding=\"async\" class=\"product-img\" width=\"80px\" height=\"80px\" src=\"https:\/\/cdn2.primor.eu\/media\/catalog\/product\/cache\/8d3aba296f7a18b5251ee30fa5db42b2\/3\/3\/3365440007017_1_4be6.jpg\" alt=\"Touche \u00c9clat Iluminador Facial\">\r\n                        <\/div>\r\n\r\n                        <!-- Contenido de producto  -->\r\n                        <div>\r\n                            <div class=\"product-position\">\r\n                                #1 Top Ventas                            <\/div>\r\n\r\n                            <h2>\r\n                                Touche \u00c9clat Iluminador Facial                            <\/h2>\r\n                        <\/div>\r\n\r\n                        <!-- Imagen y\/o nombre de la marca -->\r\n                        <div>\r\n                                                            <img decoding=\"async\" width=\"70\" src=\"https:\/\/www.primor.eu\/media\/catalog\/category\/yves.png\" alt=\"Yves Saint Laurent\">\r\n                                                    <\/div>\r\n\r\n                        <!-- Puntuaci\u00f3n del producto  -->\r\n                        <div class=\"rating\">\r\n                                                            <div class=\"rate\" style=\"--p:98;\"><\/div>\r\n                                <b>4.9\/5<\/b>\r\n                                <div class=\"rate-stars\">\r\n                                                                            <div\r\n                                            class=\"rate-star  \">\r\n                                        <\/div>\r\n                                                                            <div\r\n                                            class=\"rate-star  \">\r\n                                        <\/div>\r\n                                                                            <div\r\n                                            class=\"rate-star  \">\r\n                                        <\/div>\r\n                                                                            <div\r\n                                            class=\"rate-star  \">\r\n                                        <\/div>\r\n                                                                            <div\r\n                                            class=\"rate-star  \">\r\n                                        <\/div>\r\n                                                                    <\/div>\r\n                                                    <\/div>\r\n\r\n                        <!-- Bot\u00f3n de producto  -->\r\n                        <div>\r\n                            <span class=\"price-claim\">\r\n                                VER PRECIO                            <\/span>\r\n                        <\/div>\r\n                    <\/a>\r\n                                    <a href=\"https:\/\/www.primor.eu\/es_es\/nars-afterglow-tempting-paleta-de-sombra-de-ojos-121540.html\" class=\"product-item grid-table-rows\" target=\"_blank\">\r\n                        <div>\r\n                            <img decoding=\"async\" class=\"product-img\" width=\"80px\" height=\"80px\" src=\"https:\/\/cdn2.primor.eu\/media\/catalog\/product\/cache\/8d3aba296f7a18b5251ee30fa5db42b2\/1\/9\/194251149011_0_bcd4.jpg\" alt=\"Afterglow Tempting Paleta de Sombra de Ojos\">\r\n                        <\/div>\r\n\r\n                        <!-- Contenido de producto  -->\r\n                        <div>\r\n                            <div class=\"product-position\">\r\n                                #2                            <\/div>\r\n\r\n                            <h2>\r\n                                Afterglow Tempting Paleta de Sombra de Ojos                            <\/h2>\r\n                        <\/div>\r\n\r\n                        <!-- Imagen y\/o nombre de la marca -->\r\n                        <div>\r\n                                                            <img decoding=\"async\" width=\"70\" src=\"https:\/\/www.primor.eu\/media\/catalog\/category\/Nars.png\" alt=\"\">\r\n                                                    <\/div>\r\n\r\n                        <!-- Puntuaci\u00f3n del producto  -->\r\n                        <div class=\"rating\">\r\n                                                            <p>No hay valoraciones disponibles<\/p>\r\n                                                    <\/div>\r\n\r\n                        <!-- Bot\u00f3n de producto  -->\r\n                        <div>\r\n                            <span class=\"price-claim\">\r\n                                VER PRECIO                            <\/span>\r\n                        <\/div>\r\n                    <\/a>\r\n                                    <a href=\"https:\/\/www.primor.eu\/es_es\/armani-barra-de-labios-lip-power-108424.html?#803=47472\" class=\"product-item grid-table-rows\" target=\"_blank\">\r\n                        <div>\r\n                            <img decoding=\"async\" class=\"product-img\" width=\"80px\" height=\"80px\" src=\"https:\/\/cdn2.primor.eu\/media\/catalog\/product\/cache\/8d3aba296f7a18b5251ee30fa5db42b2\/3\/6\/3614272649224_1_da5f.jpg\" alt=\"Barra de Labios Lip Power\">\r\n                        <\/div>\r\n\r\n                        <!-- Contenido de producto  -->\r\n                        <div>\r\n                            <div class=\"product-position\">\r\n                                #3                            <\/div>\r\n\r\n                            <h2>\r\n                                Barra de Labios Lip Power                            <\/h2>\r\n                        <\/div>\r\n\r\n                        <!-- Imagen y\/o nombre de la marca -->\r\n                        <div>\r\n                                                            <img decoding=\"async\" width=\"70\" src=\"https:\/\/www.primor.eu\/media\/catalog\/category\/giorgio-armani.png\" alt=\"Armani\">\r\n                                                    <\/div>\r\n\r\n                        <!-- Puntuaci\u00f3n del producto  -->\r\n                        <div class=\"rating\">\r\n                                                            <div class=\"rate\" style=\"--p:96;\"><\/div>\r\n                                <b>4.8\/5<\/b>\r\n                                <div class=\"rate-stars\">\r\n                                                                            <div\r\n                                            class=\"rate-star  \">\r\n                                        <\/div>\r\n                                                                            <div\r\n                                            class=\"rate-star  \">\r\n                                        <\/div>\r\n                                                                            <div\r\n                                            class=\"rate-star  \">\r\n                                        <\/div>\r\n                                                                            <div\r\n                                            class=\"rate-star  \">\r\n                                        <\/div>\r\n                                                                            <div\r\n                                            class=\"rate-star  \">\r\n                                        <\/div>\r\n                                                                    <\/div>\r\n                                                    <\/div>\r\n\r\n                        <!-- Bot\u00f3n de producto  -->\r\n                        <div>\r\n                            <span class=\"price-claim\">\r\n                                VER PRECIO                            <\/span>\r\n                        <\/div>\r\n                    <\/a>\r\n                                    <a href=\"https:\/\/www.primor.eu\/es_es\/maybelline-new-york-corrector-el-borrador-109470.html?#803=44584\" class=\"product-item grid-table-rows\" target=\"_blank\">\r\n                        <div>\r\n                            <img decoding=\"async\" class=\"product-img\" width=\"80px\" height=\"80px\" src=\"https:\/\/cdn2.primor.eu\/media\/catalog\/product\/cache\/8d3aba296f7a18b5251ee30fa5db42b2\/0\/M\/0MO07837_1_4142.jpg\" alt=\"Corrector El Borrador\">\r\n                        <\/div>\r\n\r\n                        <!-- Contenido de producto  -->\r\n                        <div>\r\n                            <div class=\"product-position\">\r\n                                #4                            <\/div>\r\n\r\n                            <h2>\r\n                                Corrector El Borrador                            <\/h2>\r\n                        <\/div>\r\n\r\n                        <!-- Imagen y\/o nombre de la marca -->\r\n                        <div>\r\n                                                            <img decoding=\"async\" width=\"70\" src=\"https:\/\/www.primor.eu\/media\/catalog\/category\/maybelline-new-york_1.png\" alt=\"Maybelline New York\">\r\n                                                    <\/div>\r\n\r\n                        <!-- Puntuaci\u00f3n del producto  -->\r\n                        <div class=\"rating\">\r\n                                                            <div class=\"rate\" style=\"--p:94;\"><\/div>\r\n                                <b>4.7\/5<\/b>\r\n                                <div class=\"rate-stars\">\r\n                                                                            <div\r\n                                            class=\"rate-star  \">\r\n                                        <\/div>\r\n                                                                            <div\r\n                                            class=\"rate-star  \">\r\n                                        <\/div>\r\n                                                                            <div\r\n                                            class=\"rate-star  \">\r\n                                        <\/div>\r\n                                                                            <div\r\n                                            class=\"rate-star  \">\r\n                                        <\/div>\r\n                                                                            <div\r\n                                            class=\"rate-star  \">\r\n                                        <\/div>\r\n                                                                    <\/div>\r\n                                                    <\/div>\r\n\r\n                        <!-- Bot\u00f3n de producto  -->\r\n                        <div>\r\n                            <span class=\"price-claim\">\r\n                                VER PRECIO                            <\/span>\r\n                        <\/div>\r\n                    <\/a>\r\n                                    <a href=\"https:\/\/www.primor.eu\/es_es\/estee-lauder-double-wear-base-de-maquillaje-de-larga-duracion-spf-10-110639.html?#803=49845\" class=\"product-item grid-table-rows\" target=\"_blank\">\r\n                        <div>\r\n                            <img decoding=\"async\" class=\"product-img\" width=\"80px\" height=\"80px\" src=\"https:\/\/cdn2.primor.eu\/media\/catalog\/product\/cache\/8d3aba296f7a18b5251ee30fa5db42b2\/0\/M\/0MR00330_1_6455.jpg\" alt=\"Double Wear Base de Maquillaje de Larga Duraci\u00f3n SPF 10\">\r\n                        <\/div>\r\n\r\n                        <!-- Contenido de producto  -->\r\n                        <div>\r\n                            <div class=\"product-position\">\r\n                                #5                            <\/div>\r\n\r\n                            <h2>\r\n                                Double Wear Base de Maquillaje de Larga Duraci\u00f3n SPF 10                            <\/h2>\r\n                        <\/div>\r\n\r\n                        <!-- Imagen y\/o nombre de la marca -->\r\n                        <div>\r\n                                                            <img decoding=\"async\" width=\"70\" src=\"https:\/\/www.primor.eu\/media\/catalog\/category\/Estee_Lauder.png\" alt=\"Est\u00e9e Lauder\">\r\n                                                    <\/div>\r\n\r\n                        <!-- Puntuaci\u00f3n del producto  -->\r\n                        <div class=\"rating\">\r\n                                                            <div class=\"rate\" style=\"--p:98;\"><\/div>\r\n                                <b>4.9\/5<\/b>\r\n                                <div class=\"rate-stars\">\r\n                                                                            <div\r\n                                            class=\"rate-star  \">\r\n                                        <\/div>\r\n                                                                            <div\r\n                                            class=\"rate-star  \">\r\n                                        <\/div>\r\n                                                                            <div\r\n                                            class=\"rate-star  \">\r\n                                        <\/div>\r\n                                                                            <div\r\n                                            class=\"rate-star  \">\r\n                                        <\/div>\r\n                                                                            <div\r\n                                            class=\"rate-star  \">\r\n                                        <\/div>\r\n                                                                    <\/div>\r\n                                                    <\/div>\r\n\r\n                        <!-- Bot\u00f3n de producto  -->\r\n                        <div>\r\n                            <span class=\"price-claim\">\r\n                                VER PRECIO                            <\/span>\r\n                        <\/div>\r\n                    <\/a>\r\n                            <\/product-list>\r\n        <\/product-table>\r\n\r\n        \n\n\n\n<h3 class=\"wp-block-heading\">Touche \u00c9clat Iluminador Facial de Yves Saint Laurent<\/h3>\n\n\n\n<p>Es el iluminador n\u00famero 1 en el mercado, y a partir de ahora, ser\u00e1 tu esencial de belleza. Con su magia en un solo clic, proporciona el efecto de 8 horas de sue\u00f1o instant\u00e1neamente. Esta ic\u00f3nica varita m\u00e1gica de YSL Beauty es el aliado perfecto para cualquier ocasi\u00f3n, asegurando una piel siempre radiante y natural sin dejar efecto m\u00e1scara.<\/p>\n\n\n    <a class='product' target='_blank' href='https:\/\/www.primor.eu\/es_es\/yves-saint-laurent-touche-eclat-iluminador-facial-109897.html?#803=47186'>\r\n        <img loading='async' src='https:\/\/cdn2.primor.eu\/media\/catalog\/product\/cache\/8d3aba296f7a18b5251ee30fa5db42b2\/3\/3\/3365440007017_1_4be6.jpg' alt='COMPRAR AHORA'>\r\n            <div class=\"claim\">\r\n                COMPRAR AHORA            <\/div>\r\n        <\/a>\r\n    \n\n\n<h3 class=\"wp-block-heading\">Afterglow Tempting Paleta de Sombra de Ojos de Nars<\/h3>\n\n\n\n<p>Incluye tonos en la gama del orqu\u00eddea, rosa y tostado, ideales para resaltar la mirada con un color intenso desde la primera aplicaci\u00f3n. Gracias a su f\u00f3rmula con pigmentos puros, cada sombra aporta alta cobertura y adherencia, evitando la acumulaci\u00f3n en los pliegues.<\/p>\n\n\n    <a class='product' target='_blank' href='https:\/\/www.primor.eu\/es_es\/nars-afterglow-tempting-paleta-de-sombra-de-ojos-121540.html'>\r\n        <img loading='async' src='https:\/\/cdn2.primor.eu\/media\/catalog\/product\/cache\/8d3aba296f7a18b5251ee30fa5db42b2\/1\/9\/194251149011_0_bcd4.jpg' alt='COMPRAR AHORA'>\r\n            <div class=\"claim\">\r\n                COMPRAR AHORA            <\/div>\r\n        <\/a>\r\n    \n\n\n<h3 class=\"wp-block-heading\">Lip Power de Giorgio Armani&nbsp;<\/h3>\n\n\n\n<p>Te encantar\u00e1 por su pigmentaci\u00f3n ultraligera y v\u00edvida que <span style=\"font-weight: 400;\">aporta <\/span>comodidad y suavidad a cualquier color que escojas. Est\u00e1 formulada con aceites protectores para la hidrataci\u00f3n de los labios y pigmentos de alta intensidad que brindan una gran duraci\u00f3n de una sola pasada.<\/p>\n\n\n    <a class='product' target='_blank' href='https:\/\/www.primor.eu\/es_es\/armani-barra-de-labios-lip-power-108424.html?#803=47472'>\r\n        <img loading='async' src='https:\/\/cdn2.primor.eu\/media\/catalog\/product\/cache\/8d3aba296f7a18b5251ee30fa5db42b2\/3\/6\/3614272649224_1_da5f.jpg' alt='COMPRAR AHORA'>\r\n            <div class=\"claim\">\r\n                COMPRAR AHORA            <\/div>\r\n        <\/a>\r\n    \n\n\n<h3 class=\"wp-block-heading\">Borrador Corrector de Ojeras de Maybelline<\/h3>\n\n\n\n<p><strong>Maybelline Borrador Corrector de Ojeras<\/strong>&nbsp;es todo un must en tu rutina de maquillaje. Es el&nbsp;<a href=\"https:\/\/www.primor.eu\/es_es\/correctores-de-maquillaje-para-ojeras-y-antiojeras\" target=\"_blank\" rel=\"noreferrer noopener\">corrector<\/a>&nbsp;de los correctores. Borra ojeras, cubre imperfecciones y unifica el tono de la piel en tan solo una pasada. \u00a1No podr\u00e1s vivir sin \u00e9l! Su cobertura completa y su f\u00f3rmula hidratante enriquecida con Bayas de Goji y Haloxyl, permite tratar y reafirmar el contorno de tus ojos sin resecar ni cuartear la piel. Adem\u00e1s, gracias a su suave aplicador de microfibras, reduce los signos de fatiga y alisa patas de gallo y l\u00edneas de expresi\u00f3n. Como resultado, conseguir\u00e1s una mirada de larga duraci\u00f3n con un efecto buena cara de inmediato. \u00bfQui\u00e9n da m\u00e1s?<\/p>\n\n\n    <a class='product' target='_blank' href='https:\/\/www.primor.eu\/es_es\/maybelline-new-york-corrector-el-borrador-109470.html?#803=44584'>\r\n        <img loading='async' src='https:\/\/cdn2.primor.eu\/media\/catalog\/product\/cache\/8d3aba296f7a18b5251ee30fa5db42b2\/0\/M\/0MO07837_1_4142.jpg' alt='COMPRAR AHORA'>\r\n            <div class=\"claim\">\r\n                COMPRAR AHORA            <\/div>\r\n        <\/a>\r\n    \n\n\n<h3 class=\"wp-block-heading\">Maquillaje Double Wear\u00a0de Est\u00e9e Lauder<\/h3>\n\n\n\n<p>Es un icono.&nbsp;<strong>Est\u00e9e Lauder Maquillaje Double Wear<\/strong>&nbsp;ha ido pasando de generaci\u00f3n en generaci\u00f3n por ser una base de maquillaje apta para todo tipo de pieles con un resultado de larga duraci\u00f3n que permanece impecable hasta 24 horas.&nbsp;Es un&nbsp;<a href=\"https:\/\/www.primor.eu\/es_es\/maquillaje-de-lujo\" target=\"_blank\" rel=\"noreferrer noopener\">maquillaje de lujo<\/a>&nbsp;de cobertura media que, adem\u00e1s de adaptarse a la piel y ser ligero como el aire, regula el sebo de la cara. Tambi\u00e9n protege del sol gracias a su SPF +10, no transfiere y es resistente al agua y a la humedad.<\/p>\n\n\n    <a class='product' target='_blank' href='https:\/\/www.primor.eu\/es_es\/estee-lauder-double-wear-base-de-maquillaje-de-larga-duracion-spf-10-110639.html?#803=49845'>\r\n        <img loading='async' src='https:\/\/cdn2.primor.eu\/media\/catalog\/product\/cache\/8d3aba296f7a18b5251ee30fa5db42b2\/0\/M\/0MR00330_1_6455.jpg' alt='COMPRAR AHORA'>\r\n            <div class=\"claim\">\r\n                COMPRAR AHORA            <\/div>\r\n        <\/a>\r\n    \n\n<div class=\"kk-star-ratings kksr-auto kksr-align-center kksr-valign-bottom\"\n    data-payload='{&quot;align&quot;:&quot;center&quot;,&quot;id&quot;:&quot;29317&quot;,&quot;slug&quot;:&quot;default&quot;,&quot;valign&quot;:&quot;bottom&quot;,&quot;ignore&quot;:&quot;&quot;,&quot;reference&quot;:&quot;auto&quot;,&quot;class&quot;:&quot;&quot;,&quot;count&quot;:&quot;8&quot;,&quot;legendonly&quot;:&quot;&quot;,&quot;readonly&quot;:&quot;&quot;,&quot;score&quot;:&quot;3.9&quot;,&quot;starsonly&quot;:&quot;&quot;,&quot;best&quot;:&quot;5&quot;,&quot;gap&quot;:&quot;5&quot;,&quot;greet&quot;:&quot;Valora este art\u00edculo&quot;,&quot;legend&quot;:&quot;3.9\\\/5 - (8 votos)&quot;,&quot;size&quot;:&quot;24&quot;,&quot;title&quot;:&quot;Maquillaje para Navidad: consigue un lookazo con estos tips&quot;,&quot;width&quot;:&quot;110.6&quot;,&quot;_legend&quot;:&quot;{score}\\\/{best} - ({count} {votes})&quot;,&quot;font_factor&quot;:&quot;1.25&quot;}'>\n            \n<div class=\"kksr-stars\">\n    \n<div class=\"kksr-stars-inactive\">\n            <div class=\"kksr-star\" data-star=\"1\" style=\"padding-right: 5px\">\n            \n\n<div class=\"kksr-icon\" style=\"width: 24px; height: 24px;\"><\/div>\n        <\/div>\n            <div class=\"kksr-star\" data-star=\"2\" style=\"padding-right: 5px\">\n            \n\n<div class=\"kksr-icon\" style=\"width: 24px; height: 24px;\"><\/div>\n        <\/div>\n            <div class=\"kksr-star\" data-star=\"3\" style=\"padding-right: 5px\">\n            \n\n<div class=\"kksr-icon\" style=\"width: 24px; height: 24px;\"><\/div>\n        <\/div>\n            <div class=\"kksr-star\" data-star=\"4\" style=\"padding-right: 5px\">\n            \n\n<div class=\"kksr-icon\" style=\"width: 24px; height: 24px;\"><\/div>\n        <\/div>\n            <div class=\"kksr-star\" data-star=\"5\" style=\"padding-right: 5px\">\n            \n\n<div class=\"kksr-icon\" style=\"width: 24px; height: 24px;\"><\/div>\n        <\/div>\n    <\/div>\n    \n<div class=\"kksr-stars-active\" style=\"width: 110.6px;\">\n            <div class=\"kksr-star\" style=\"padding-right: 5px\">\n            \n\n<div class=\"kksr-icon\" style=\"width: 24px; height: 24px;\"><\/div>\n        <\/div>\n            <div class=\"kksr-star\" style=\"padding-right: 5px\">\n            \n\n<div class=\"kksr-icon\" style=\"width: 24px; height: 24px;\"><\/div>\n        <\/div>\n            <div class=\"kksr-star\" style=\"padding-right: 5px\">\n            \n\n<div class=\"kksr-icon\" style=\"width: 24px; height: 24px;\"><\/div>\n        <\/div>\n            <div class=\"kksr-star\" style=\"padding-right: 5px\">\n            \n\n<div class=\"kksr-icon\" style=\"width: 24px; height: 24px;\"><\/div>\n        <\/div>\n            <div class=\"kksr-star\" style=\"padding-right: 5px\">\n            \n\n<div class=\"kksr-icon\" style=\"width: 24px; height: 24px;\"><\/div>\n        <\/div>\n    <\/div>\n<\/div>\n                \n\n<div class=\"kksr-legend\" style=\"font-size: 19.2px;\">\n            3.9\/5 - (8 votos)    <\/div>\n    <\/div>\n","protected":false},"excerpt":{"rendered":"<p>\u00a1Ha llegado la temporada! Y ya no hay vuelta atr\u00e1s. Mariah Carey ha dado el pistoletazo de salida a la Christmas Season y ahora toda nuestra atenci\u00f3n est\u00e1 en los lookazos que luciremos durante las fiestas. Y aunque sabemos que andas buscando ese vestido de fin de a\u00f1o que sorprenda hasta a Cristina Pedroche no [&hellip;]<\/p>\n","protected":false},"author":14,"featured_media":118709,"comment_status":"open","ping_status":"open","sticky":false,"template":"","format":"standard","meta":{"jnews-multi-image_gallery":[],"jnews_single_post":{"subtitle":"","format":"standard","video":"","gallery":"","source_name":"","source_url":"","via_name":"","via_url":"","override_template":"0","override":[{"template":"1","single_blog_custom":"","parallax":"1","fullscreen":"1","layout":"right-sidebar","sidebar":"home-2","second_sidebar":"default-sidebar","sticky_sidebar":"0","share_position":"float","share_float_style":"share-monocrhome","show_share_counter":"0","show_view_counter":"0","show_featured":"1","show_post_meta":"1","show_post_author":"0","show_post_author_image":"1","show_post_date":"1","post_date_format":"default","post_date_format_custom":"Y\/m\/d","show_post_category":"1","show_post_reading_time":"0","post_reading_time_wpm":"300","show_zoom_button":"0","zoom_button_out_step":"2","zoom_button_in_step":"3","show_post_tag":"0","show_prev_next_post":"0","show_popup_post":"0","number_popup_post":"2","show_author_box":"0","show_post_related":"0","show_inline_post_related":"1"}],"override_image_size":"0","image_override":[{"single_post_thumbnail_size":"no-crop","single_post_gallery_size":"crop-500"}],"trending_post":"0","trending_post_position":"meta","trending_post_label":"Trending","sponsored_post":"0","sponsored_post_label":"Sponsored by","sponsored_post_name":"","sponsored_post_url":"","sponsored_post_logo_enable":"0","sponsored_post_logo":"","sponsored_post_desc":"","disable_ad":"0"},"jnews_primary_category":{"id":"","hide":""},"jnews_social_meta":{"fb_title":"","fb_description":"","fb_image":"","twitter_title":"","twitter_description":"","twitter_image":""},"jnews_override_counter":{"override_view_counter":"0","view_counter_number":"0","override_share_counter":"0","share_counter_number":"0","override_like_counter":"0","like_counter_number":"0","override_dislike_counter":"0","dislike_counter_number":"0"},"footnotes":""},"categories":[41],"tags":[],"class_list":["post-29317","post","type-post","status-publish","format-standard","has-post-thumbnail","hentry","category-maquillaje"],"_links":{"self":[{"href":"https:\/\/www.primor.eu\/blog\/wp-json\/wp\/v2\/posts\/29317","targetHints":{"allow":["GET"]}}],"collection":[{"href":"https:\/\/www.primor.eu\/blog\/wp-json\/wp\/v2\/posts"}],"about":[{"href":"https:\/\/www.primor.eu\/blog\/wp-json\/wp\/v2\/types\/post"}],"author":[{"embeddable":true,"href":"https:\/\/www.primor.eu\/blog\/wp-json\/wp\/v2\/users\/14"}],"replies":[{"embeddable":true,"href":"https:\/\/www.primor.eu\/blog\/wp-json\/wp\/v2\/comments?post=29317"}],"version-history":[{"count":23,"href":"https:\/\/www.primor.eu\/blog\/wp-json\/wp\/v2\/posts\/29317\/revisions"}],"predecessor-version":[{"id":136084,"href":"https:\/\/www.primor.eu\/blog\/wp-json\/wp\/v2\/posts\/29317\/revisions\/136084"}],"wp:featuredmedia":[{"embeddable":true,"href":"https:\/\/www.primor.eu\/blog\/wp-json\/wp\/v2\/media\/118709"}],"wp:attachment":[{"href":"https:\/\/www.primor.eu\/blog\/wp-json\/wp\/v2\/media?parent=29317"}],"wp:term":[{"taxonomy":"category","embeddable":true,"href":"https:\/\/www.primor.eu\/blog\/wp-json\/wp\/v2\/categories?post=29317"},{"taxonomy":"post_tag","embeddable":true,"href":"https:\/\/www.primor.eu\/blog\/wp-json\/wp\/v2\/tags?post=29317"}],"curies":[{"name":"wp","href":"https:\/\/api.w.org\/{rel}","templated":true}]}}