{"id":28982,"date":"2025-07-21T04:51:32","date_gmt":"2025-07-21T04:51:32","guid":{"rendered":"https:\/\/blog.primor.eu\/?p=28982"},"modified":"2025-07-21T04:51:35","modified_gmt":"2025-07-21T04:51:35","slug":"mejores-champus-para-mechas-rubias","status":"publish","type":"post","link":"https:\/\/www.primor.eu\/blog\/mejores-champus-para-mechas-rubias\/","title":{"rendered":"Los 9 mejores champ\u00fas para mechas rubias"},"content":{"rendered":"\n<p>Tener el <strong>cabello rubio<\/strong> implica seguir una serie de cuidados especiales, desde un champ\u00fa y un <a href=\"https:\/\/www.primor.eu\/blog\/acondicionador-sin-aclarado\/\" data-type=\"post\" data-id=\"27112\">acondicionador<\/a> que matice el color, hasta una rutina muy concreta para protegerlo del sol. <span class=\"s1\">Tanto si tienes el <a href=\"https:\/\/www.primor.eu\/es_es\/tintes-de-pelo\">cabello te\u00f1ido <\/a>o con mechas, m\u00e1s de una vez habr\u00e1s visto que con el paso de las semanas este se oxida y toma un tono anaranjado, especialmente en cabellos con una base m\u00e1s oscura o casta\u00f1a. <\/span>Por ello, los <strong>champ\u00fas para mechas rubias<\/strong> son un gran aliado en el cuidado diario del cabello.<\/p>\n\n\n\n<p><span class=\"s1\">Agentes externos como el sol o las planchas aceleran y aumentan el proceso de oxidaci\u00f3n de los tintes. Sin embargo, existen multitud de productos dedicados a los <a href=\"https:\/\/www.primor.eu\/blog\/como-cuidar-pelo-rubio\/\" data-type=\"post\" data-id=\"66570\">cabellos rubios<\/a> pero, \u00bfcu\u00e1les son los que mejor funcionan?<\/span> <span class=\"s1\">Mantener <strong>un tono bonito<\/strong> de rubio requiere incorporar productos de cuidado que matizan el tono. Pensados para cabellos rubios, te\u00f1idos o con mechas,&nbsp;<strong>los champ\u00fas violetas<\/strong> son esenciales.<\/span><\/p>\n\n\n\n<h2 class=\"wp-block-heading\">\u00bfPor qu\u00e9 estos champ\u00fas son violetas?<\/h2>\n\n\n\n<p>Porque el violeta y el amarillo est\u00e1n enfrentados en la rueda crom\u00e1tica. Los pigmentos morados ayudar\u00e1n a neutralizar los amarillos anaranjados innecesarios. En cuanto a los tips de aplicaci\u00f3n, los expertos recomiendan utilizarlos <strong>una vez a la semana<\/strong>. Puedes complementar el uso de estos champ\u00fas con una<strong> mascarilla hidratante<\/strong> y otros productos <strong>protectores del color<\/strong>.<\/p>\n\n\n\n<h2 class=\"wp-block-heading\">\u00bfCada cu\u00e1nto tiempo debe aplicarse y c\u00f3mo?<\/h2>\n\n\n\n<p>Es otra de las eternas dudas. Lo ideal es emplearlo una vez a la semana, altern\u00e1ndolo con nuestro champ\u00fa habitual. Los profesionales aconsejan alternar siempre su uso con otros <strong>productos sin pigmento<\/strong>. Tambi\u00e9n recalan en la importancia de no abusar de estos productos y aplicarlos solo de vez en cuando. En algunos casos, habr\u00e1 que distanciar su uso para evitar que depositen un exceso de pigmento azul en el pelo.<\/p>\n\n\n\n<p>Pero el champ\u00fa violeta no es suficiente para lograr un rubio bonito. El color se mantendr\u00e1 radiante y sin reflejos indeseados si la fibra capilar est\u00e1 lista y bien protegida. Por lo tanto, es indispensable <strong>nutrir, reparar y alisar<\/strong> el cabello con la ayuda de tratamientos que se aplicar\u00e1n antes del champ\u00fa sobre el cabello seco. Adem\u00e1s, es importante elegir un champ\u00fa protector, especialmente concebido para cuidar el cabello te\u00f1ido y <strong>prolongar su luminosidad<\/strong>, que cuente con una f\u00f3rmula suave, ultra nutritiva y que reduzca la oxidaci\u00f3n del color.<\/p>\n\n\n\n<h2 class=\"wp-block-heading\">Estos son los 8 mejores champ\u00fas para mechas rubias<\/h2>\n\n\n        <product-table class=\"pr-slider\">\r\n            <product-headers class=\"grid-table-rows\">\r\n                <div>Foto<\/div>\r\n                <div>Producto<\/div>\r\n                <div>Marca<\/div>\r\n                <div>Valoraciones<\/div>\r\n                <div>Precio<\/div>\r\n            <\/product-headers>\r\n\r\n            <product-list>\r\n                                    <a href=\"https:\/\/www.primor.eu\/es_es\/kerastase-champu-bain-ultra-violet-blond-absolu-11105.html\" class=\"product-item grid-table-rows\" target=\"_blank\">\r\n                        <div>\r\n                            <img decoding=\"async\" class=\"product-img\" width=\"80px\" height=\"80px\" src=\"https:\/\/www.primor.eu\/blog\/wp-content\/uploads\/2024\/01\/2CC03294_1_57d0.jpg\" alt=\"Kerastase Champ\u00fa Bain Ultra-Violet Blond Absolu\">\r\n                        <\/div>\r\n\r\n                        <!-- Contenido de producto  -->\r\n                        <div>\r\n                            <div class=\"product-position\">\r\n                                #1 Top Ventas                            <\/div>\r\n\r\n                            <h2>\r\n                                Kerastase Champ\u00fa Bain Ultra-Violet Blond Absolu                            <\/h2>\r\n                        <\/div>\r\n\r\n                        <!-- Imagen y\/o nombre de la marca -->\r\n                        <div>\r\n                                                            <img decoding=\"async\" width=\"70\" src=\"https:\/\/www.primor.eu\/blog\/wp-content\/uploads\/2023\/08\/k_rastane.jpg\" alt=\"84705\">\r\n                                                    <\/div>\r\n\r\n                        <!-- Puntuaci\u00f3n del producto  -->\r\n                        <div class=\"rating\">\r\n                                                            <div class=\"rate\" style=\"--p:96;\"><\/div>\r\n                                <b>4.8\/5<\/b>\r\n                                <div class=\"rate-stars\">\r\n                                                                            <div\r\n                                            class=\"rate-star  \">\r\n                                        <\/div>\r\n                                                                            <div\r\n                                            class=\"rate-star  \">\r\n                                        <\/div>\r\n                                                                            <div\r\n                                            class=\"rate-star  \">\r\n                                        <\/div>\r\n                                                                            <div\r\n                                            class=\"rate-star  \">\r\n                                        <\/div>\r\n                                                                            <div\r\n                                            class=\"rate-star  \">\r\n                                        <\/div>\r\n                                                                    <\/div>\r\n                                                    <\/div>\r\n\r\n                        <!-- Bot\u00f3n de producto  -->\r\n                        <div>\r\n                            <span class=\"price-claim\">\r\n                                VER PRECIO                            <\/span>\r\n                        <\/div>\r\n                    <\/a>\r\n                                    <a href=\"https:\/\/www.primor.eu\/es_es\/rene-furterer-okara-champu-rubio-57185.html\" class=\"product-item grid-table-rows\" target=\"_blank\">\r\n                        <div>\r\n                            <img decoding=\"async\" class=\"product-img\" width=\"80px\" height=\"80px\" src=\"https:\/\/www.primor.eu\/blog\/wp-content\/uploads\/2024\/05\/6XS11214_1_9bbd.jpg\" alt=\"Rene Furterer Okara Champ\u00fa Rubio\">\r\n                        <\/div>\r\n\r\n                        <!-- Contenido de producto  -->\r\n                        <div>\r\n                            <div class=\"product-position\">\r\n                                #2                            <\/div>\r\n\r\n                            <h2>\r\n                                Rene Furterer Okara Champ\u00fa Rubio                            <\/h2>\r\n                        <\/div>\r\n\r\n                        <!-- Imagen y\/o nombre de la marca -->\r\n                        <div>\r\n                                                            <img decoding=\"async\" width=\"70\" src=\"https:\/\/www.primor.eu\/blog\/wp-content\/uploads\/2024\/08\/rf_logo_green_web_24.png\" alt=\"110920\">\r\n                                                    <\/div>\r\n\r\n                        <!-- Puntuaci\u00f3n del producto  -->\r\n                        <div class=\"rating\">\r\n                                                            <div class=\"rate\" style=\"--p:96;\"><\/div>\r\n                                <b>4.8\/5<\/b>\r\n                                <div class=\"rate-stars\">\r\n                                                                            <div\r\n                                            class=\"rate-star  \">\r\n                                        <\/div>\r\n                                                                            <div\r\n                                            class=\"rate-star  \">\r\n                                        <\/div>\r\n                                                                            <div\r\n                                            class=\"rate-star  \">\r\n                                        <\/div>\r\n                                                                            <div\r\n                                            class=\"rate-star  \">\r\n                                        <\/div>\r\n                                                                            <div\r\n                                            class=\"rate-star  \">\r\n                                        <\/div>\r\n                                                                    <\/div>\r\n                                                    <\/div>\r\n\r\n                        <!-- Bot\u00f3n de producto  -->\r\n                        <div>\r\n                            <span class=\"price-claim\">\r\n                                VER PRECIO                            <\/span>\r\n                        <\/div>\r\n                    <\/a>\r\n                                    <a href=\"https:\/\/www.primor.eu\/es_es\/moroccanoil-blonde-perfecting-purple-shampoo-105665.html\" class=\"product-item grid-table-rows\" target=\"_blank\">\r\n                        <div>\r\n                            <img decoding=\"async\" class=\"product-img\" width=\"80px\" height=\"80px\" src=\"https:\/\/www.primor.eu\/blog\/wp-content\/uploads\/2024\/04\/M_2CC03822_1_3f78.jpg\" alt=\"Moroccanoil Blonde Perfecting Purple Shampoo\">\r\n                        <\/div>\r\n\r\n                        <!-- Contenido de producto  -->\r\n                        <div>\r\n                            <div class=\"product-position\">\r\n                                #3                            <\/div>\r\n\r\n                            <h2>\r\n                                Moroccanoil Blonde Perfecting Purple Shampoo                            <\/h2>\r\n                        <\/div>\r\n\r\n                        <!-- Imagen y\/o nombre de la marca -->\r\n                        <div>\r\n                                                            <img decoding=\"async\" width=\"70\" src=\"https:\/\/www.primor.eu\/blog\/wp-content\/uploads\/2023\/08\/Moroccanoil_Personalizado_.jpg\" alt=\"84255\">\r\n                                                    <\/div>\r\n\r\n                        <!-- Puntuaci\u00f3n del producto  -->\r\n                        <div class=\"rating\">\r\n                                                            <div class=\"rate\" style=\"--p:96;\"><\/div>\r\n                                <b>4.8\/5<\/b>\r\n                                <div class=\"rate-stars\">\r\n                                                                            <div\r\n                                            class=\"rate-star  \">\r\n                                        <\/div>\r\n                                                                            <div\r\n                                            class=\"rate-star  \">\r\n                                        <\/div>\r\n                                                                            <div\r\n                                            class=\"rate-star  \">\r\n                                        <\/div>\r\n                                                                            <div\r\n                                            class=\"rate-star  \">\r\n                                        <\/div>\r\n                                                                            <div\r\n                                            class=\"rate-star  \">\r\n                                        <\/div>\r\n                                                                    <\/div>\r\n                                                    <\/div>\r\n\r\n                        <!-- Bot\u00f3n de producto  -->\r\n                        <div>\r\n                            <span class=\"price-claim\">\r\n                                VER PRECIO                            <\/span>\r\n                        <\/div>\r\n                    <\/a>\r\n                                    <a href=\"https:\/\/www.primor.eu\/es_es\/kallos-kjmn-mascarilla-para-cabello-tenido-9017.html\" class=\"product-item grid-table-rows\" target=\"_blank\">\r\n                        <div>\r\n                            <img decoding=\"async\" class=\"product-img\" width=\"80px\" height=\"80px\" src=\"https:\/\/www.primor.eu\/blog\/wp-content\/uploads\/2024\/09\/5998889508135_KJMN_COLOR_hajpakol___1000_e1ad.jpg\" alt=\"Kallos KJMN Mascarilla para Cabello Te\u00f1ido\">\r\n                        <\/div>\r\n\r\n                        <!-- Contenido de producto  -->\r\n                        <div>\r\n                            <div class=\"product-position\">\r\n                                #4                            <\/div>\r\n\r\n                            <h2>\r\n                                Kallos KJMN Mascarilla para Cabello Te\u00f1ido                            <\/h2>\r\n                        <\/div>\r\n\r\n                        <!-- Imagen y\/o nombre de la marca -->\r\n                        <div>\r\n                                                            <img decoding=\"async\" width=\"70\" src=\"https:\/\/www.primor.eu\/blog\/wp-content\/uploads\/2024\/08\/kallos_logo_original.png\" alt=\"110937\">\r\n                                                    <\/div>\r\n\r\n                        <!-- Puntuaci\u00f3n del producto  -->\r\n                        <div class=\"rating\">\r\n                                                            <div class=\"rate\" style=\"--p:86;\"><\/div>\r\n                                <b>4.3\/5<\/b>\r\n                                <div class=\"rate-stars\">\r\n                                                                            <div\r\n                                            class=\"rate-star  \">\r\n                                        <\/div>\r\n                                                                            <div\r\n                                            class=\"rate-star  \">\r\n                                        <\/div>\r\n                                                                            <div\r\n                                            class=\"rate-star  \">\r\n                                        <\/div>\r\n                                                                            <div\r\n                                            class=\"rate-star  \">\r\n                                        <\/div>\r\n                                                                            <div\r\n                                            class=\"rate-star  \">\r\n                                        <\/div>\r\n                                                                    <\/div>\r\n                                                    <\/div>\r\n\r\n                        <!-- Bot\u00f3n de producto  -->\r\n                        <div>\r\n                            <span class=\"price-claim\">\r\n                                VER PRECIO                            <\/span>\r\n                        <\/div>\r\n                    <\/a>\r\n                                    <a href=\"https:\/\/www.primor.eu\/es_es\/revuele-perfect-hair-color-champu-9152.html\" class=\"product-item grid-table-rows\" target=\"_blank\">\r\n                        <div>\r\n                            <img decoding=\"async\" class=\"product-img\" width=\"80px\" height=\"80px\" src=\"https:\/\/www.primor.eu\/blog\/wp-content\/uploads\/2024\/04\/0TF14974_1_e1fe.jpg\" alt=\"Revuele Perfect Hair Color Champ\u00fa\">\r\n                        <\/div>\r\n\r\n                        <!-- Contenido de producto  -->\r\n                        <div>\r\n                            <div class=\"product-position\">\r\n                                #5                            <\/div>\r\n\r\n                            <h2>\r\n                                Revuele Perfect Hair Color Champ\u00fa                            <\/h2>\r\n                        <\/div>\r\n\r\n                        <!-- Imagen y\/o nombre de la marca -->\r\n                        <div>\r\n                                                            <img decoding=\"async\" width=\"70\" src=\"https:\/\/www.primor.eu\/blog\/wp-content\/uploads\/2023\/08\/989_revuele_1.png\" alt=\"84274\">\r\n                                                    <\/div>\r\n\r\n                        <!-- Puntuaci\u00f3n del producto  -->\r\n                        <div class=\"rating\">\r\n                                                            <div class=\"rate\" style=\"--p:84;\"><\/div>\r\n                                <b>4.2\/5<\/b>\r\n                                <div class=\"rate-stars\">\r\n                                                                            <div\r\n                                            class=\"rate-star  \">\r\n                                        <\/div>\r\n                                                                            <div\r\n                                            class=\"rate-star  \">\r\n                                        <\/div>\r\n                                                                            <div\r\n                                            class=\"rate-star  \">\r\n                                        <\/div>\r\n                                                                            <div\r\n                                            class=\"rate-star  \">\r\n                                        <\/div>\r\n                                                                            <div\r\n                                            class=\"rate-star  \">\r\n                                        <\/div>\r\n                                                                    <\/div>\r\n                                                    <\/div>\r\n\r\n                        <!-- Bot\u00f3n de producto  -->\r\n                        <div>\r\n                            <span class=\"price-claim\">\r\n                                VER PRECIO                            <\/span>\r\n                        <\/div>\r\n                    <\/a>\r\n                            <\/product-list>\r\n        <\/product-table>\r\n\r\n        \n\n\n\n<h3 class=\"wp-block-heading has-text-align-left\">Champ\u00fa Bain Ultra-Violet Blond Absolu de K\u00e9rastase<\/h3>\n\n\n\n<p>Brinda una protecci\u00f3n duradera contra los tonos amarillentos, mientras se defiende contra la contaminaci\u00f3n y otros agresores externos para mantener un brillo saludable y de apariencia natural. El \u00e1cido hialur\u00f3nico y la flor de Edelweiss trabajan en armon\u00eda para derretir la suciedad y el exceso de grasa y reponer la hidrataci\u00f3n, lo que lleva a un cabello sedoso y vibrante.<\/p>\n\n\n    <a class='product' target='_blank' href='https:\/\/www.primor.eu\/es_es\/kerastase-champu-bain-ultra-violet-blond-absolu-11105.html'>\r\n        <img loading='async' src='https:\/\/cdn2.primor.eu\/media\/catalog\/product\/cache\/8d3aba296f7a18b5251ee30fa5db42b2\/2\/C\/2CC03294_1_57d0.jpg' alt='COMPRAR AHORA'>\r\n            <div class=\"claim\">\r\n                COMPRAR AHORA            <\/div>\r\n        <\/a>\r\n    \n\n\n\n<h3 class=\"wp-block-heading has-text-align-left\">Okara Champ\u00fa Rubio de Rene Furterer<\/h3>\n\n\n\n<p><span class=\"s1\">Contiene extracto de Okara, derivado de la pulpa de soja, con un alto contenido en amino\u00e1cidos, que reconstruye el cabello y lo nutre en profundidad y, tambi\u00e9n, refletlumi\u00e8re, un activo natural que combina la corteza del lim\u00f3n y ca\u00f1a de az\u00facar para restaurar su brillo y devolverle la luminosidad.<\/span><\/p>\n\n\n    <a class='product' target='_blank' href='https:\/\/www.primor.eu\/es_es\/rene-furterer-okara-champu-rubio-57185.html'>\r\n        <img loading='async' src='https:\/\/cdn2.primor.eu\/media\/catalog\/product\/cache\/8d3aba296f7a18b5251ee30fa5db42b2\/6\/X\/6XS11214_1_9bbd.jpg' alt='COMPRAR AHORA'>\r\n            <div class=\"claim\">\r\n                COMPRAR AHORA            <\/div>\r\n        <\/a>\r\n    \n\n\n\n<h3 class=\"wp-block-heading has-text-align-left\">Blonde Perfecting Purple Shampoo de Moroccanoil<\/h3>\n\n\n\n<p>Sin sulfatos, fosfatos ni parabenos, este champ\u00fa est\u00e1 pensado para neutralizar los tonos cobrizos en cabellos tanto rubios como grises. Para un mejor resultado, aplicar entre tres y cinco minutos mientras se masajea el cabello y el cuero cabelludo.<\/p>\n\n\n    <a class='product' target='_blank' href='https:\/\/www.primor.eu\/es_es\/moroccanoil-blonde-perfecting-purple-shampoo-105665.html?#854=66528'>\r\n        <img loading='async' src='https:\/\/cdn2.primor.eu\/media\/catalog\/product\/cache\/8d3aba296f7a18b5251ee30fa5db42b2\/2\/C\/2CC03822_1_94a6.jpg' alt='COMPRAR AHORA'>\r\n            <div class=\"claim\">\r\n                COMPRAR AHORA            <\/div>\r\n        <\/a>\r\n    \n\n\n\n<h3 class=\"wp-block-heading has-text-align-left\">KJMN Mascarilla para Cabello Te\u00f1ido de Kallos<\/h3>\n\n\n\n<p>La mascarilla KJMN para cabello te\u00f1ido de Kallos Cosmetics contiene aceite de semillas de lino y filtro UV para proteger las fibras del cabello contra los efectos nocivos del medio ambiente. Al utilizar el producto, el cabello brilla y resulta suave al tacto.<\/p>\n\n\n    <a class='product' target='_blank' href='https:\/\/www.primor.eu\/es_es\/kallos-kjmn-mascarilla-para-cabello-tenido-9017.html'>\r\n        <img loading='async' src='https:\/\/cdn2.primor.eu\/media\/catalog\/product\/cache\/8d3aba296f7a18b5251ee30fa5db42b2\/5\/9\/5998889508135_KJMN_COLOR_hajpakol___1000_e1ad.jpg' alt='COMPRAR AHORA'>\r\n            <div class=\"claim\">\r\n                COMPRAR AHORA            <\/div>\r\n        <\/a>\r\n    \n\n\n\n<h3 class=\"wp-block-heading has-text-align-left\">Perfect Hair Color Champ\u00fa de Revuele<\/h3>\n\n\n\n<p>El&nbsp;Perfect Hair Color Champ\u00fa de Revuele&nbsp;contiene una f\u00f3rmula especial para el pelo te\u00f1ido que prolonga el color y brillo por m\u00e1s tiempo, mantiene la suavidad del cabello y las cut\u00edculas cerradas, lo cual hace que la pigmentaci\u00f3n no se pierda con facilidad.<\/p>\n\n\n    <a class='product' target='_blank' href='https:\/\/www.primor.eu\/es_es\/revuele-perfect-hair-color-champu-9152.html'>\r\n        <img loading='async' src='https:\/\/cdn2.primor.eu\/media\/catalog\/product\/cache\/8d3aba296f7a18b5251ee30fa5db42b2\/0\/T\/0TF14974_1_e1fe.jpg' alt='COMPRAR AHORA'>\r\n            <div class=\"claim\">\r\n                COMPRAR AHORA            <\/div>\r\n        <\/a>\r\n    \n\n\n\n<h3 class=\"wp-block-heading\">Champ\u00fa Reflejos Rubios de Intea<\/h3>\n\n\n\n<p>Champ\u00fa indicado especialmente para el lavado de cabellos rubios ya sean naturales, te\u00f1idos o aclarados con nuestros productos. Proporciona un brillo intenso, luminosidad y reflejo al cabello rubio. Su uso habitual aclara ligeramente el cabello potenciando las mechas. Complemento ideal de los productos aclarantes Intea\u00ae para conseguir un mejor acabado.<\/p>\n\n\n\n<ul class=\"wp-block-list\">\n<li>No contiene agua oxigenada ni tintes qu\u00edmicos.<\/li>\n\n\n\n<li>Especial para todo tipo de cabellos rubios gracias al alto extracto de flores de manzanilla.<\/li>\n\n\n\n<li>Formulado por farmac\u00e9uticos.<\/li>\n\n\n\n<li>Suave y agradable olor de las flores de manzanilla.<\/li>\n\n\n\n<li>Puede usarse a diario.<\/li>\n\n\n\n<li>No contiene siliconas ni parabenos.<\/li>\n\n\n\n<li>No testado en animales<\/li>\n<\/ul>\n\n\n    <a class='product' target='_blank' href='https:\/\/www.primor.eu\/es_es\/intea-camomila-champu-reflejos-rubios-8721.html'>\r\n        <img loading='async' src='https:\/\/cdn2.primor.eu\/media\/catalog\/product\/cache\/8d3aba296f7a18b5251ee30fa5db42b2\/E\/A\/EAN_8410895100167_A_aa43.jpg' alt='COMPRAR AHORA'>\r\n            <div class=\"claim\">\r\n                COMPRAR AHORA            <\/div>\r\n        <\/a>\r\n    \n\n\n\n<h3 class=\"wp-block-heading\">Champ\u00fa Aclarante Rubio Natural de T\u00edo Nacho<\/h3>\n\n\n\n<p>Con jalea real y otros extractos de origen natural como ginseng, manzanilla, romero, extracto de trigo, jojoba y aloe vera que ayudan a fortalecer el cabello, dej\u00e1ndolo luminoso.<\/p>\n\n\n    <a class='product' target='_blank' href='https:\/\/www.primor.eu\/es_es\/tio-nacho-champu-aclarante-rubio-natural-105732.html?#854=66348'>\r\n        <img loading='async' src='https:\/\/cdn2.primor.eu\/media\/catalog\/product\/cache\/8d3aba296f7a18b5251ee30fa5db42b2\/8\/4\/8420212883116_v2_1ad0.jpg' alt='COMPRAR AHORA'>\r\n            <div class=\"claim\">\r\n                COMPRAR AHORA            <\/div>\r\n        <\/a>\r\n    \n\n\n\n<h3 class=\"wp-block-heading\">Serie Expert Blondifier Gloss Champ\u00fa Iluminador de L'Or\u00e8al Professionnel<\/h3>\n\n\n\n<p>Est\u00e1 dise\u00f1ado espec\u00edficamente para realzar la belleza de los cabellos rubios. Su f\u00f3rmula profesional limpia suavemente la fibra capilar mientras intensifica el brillo natural del cabello rubio. Enriquecido con polifenoles de a\u00e7ai, este champ\u00fa no solo proporciona una nutrici\u00f3n profunda, sino que tambi\u00e9n ayuda a suavizar el cuello da\u00f1ado, dej\u00e1ndolo radiante y manejable.<\/p>\n\n\n    <a class='product' target='_blank' href='https:\/\/www.primor.eu\/es_es\/l-oreal-professionnel-serie-expert-blondifier-gloss-champu-iluminador-104267.html?#854=66341'>\r\n        <img loading='async' src='https:\/\/cdn2.primor.eu\/media\/catalog\/product\/cache\/8d3aba296f7a18b5251ee30fa5db42b2\/2\/C\/2CC04094_1_b4bf.jpg' alt='COMPRAR AHORA'>\r\n            <div class=\"claim\">\r\n                COMPRAR AHORA            <\/div>\r\n        <\/a>\r\n    \n\n\n\n<h3 class=\"wp-block-heading\">Champ\u00fa Reflejos Dorados de Timotei<\/h3>\n\n\n\n<p>Champ\u00fa para cabello rubio o con mechas que limpia, nutre e hidrata a la perfecci\u00f3n. Contiene extracto de camomila 100% natural obteniendo un cabello sano, bello y radiante.<\/p>\n\n\n\n<p>Saca a la luz tus reflejos dorados y muestra la verdadera belleza de tu cabello.<\/p>\n\n\n\n<p>Es ideal para tu higiene diaria y no contiene parabenos.<\/p>\n\n\n    <a class='product' target='_blank' href='https:\/\/www.primor.eu\/es_es\/timotei-champu-reflejos-dorados-105564.html?#854=66498'>\r\n        <img loading='async' src='https:\/\/cdn2.primor.eu\/media\/catalog\/product\/cache\/8d3aba296f7a18b5251ee30fa5db42b2\/8\/7\/8710908043383_397a.jpg' alt='COMPRAR AHORA'>\r\n            <div class=\"claim\">\r\n                COMPRAR AHORA            <\/div>\r\n        <\/a>\r\n    \n\n\n<div class=\"kk-star-ratings kksr-auto kksr-align-center kksr-valign-bottom\"\n    data-payload='{&quot;align&quot;:&quot;center&quot;,&quot;id&quot;:&quot;28982&quot;,&quot;slug&quot;:&quot;default&quot;,&quot;valign&quot;:&quot;bottom&quot;,&quot;ignore&quot;:&quot;&quot;,&quot;reference&quot;:&quot;auto&quot;,&quot;class&quot;:&quot;&quot;,&quot;count&quot;:&quot;11&quot;,&quot;legendonly&quot;:&quot;&quot;,&quot;readonly&quot;:&quot;&quot;,&quot;score&quot;:&quot;3.7&quot;,&quot;starsonly&quot;:&quot;&quot;,&quot;best&quot;:&quot;5&quot;,&quot;gap&quot;:&quot;5&quot;,&quot;greet&quot;:&quot;Valora este art\u00edculo&quot;,&quot;legend&quot;:&quot;3.7\\\/5 - (11 votos)&quot;,&quot;size&quot;:&quot;24&quot;,&quot;title&quot;:&quot;Los 9 mejores champ\u00fas para mechas rubias&quot;,&quot;width&quot;:&quot;104.8&quot;,&quot;_legend&quot;:&quot;{score}\\\/{best} - ({count} {votes})&quot;,&quot;font_factor&quot;:&quot;1.25&quot;}'>\n            \n<div class=\"kksr-stars\">\n    \n<div class=\"kksr-stars-inactive\">\n            <div class=\"kksr-star\" data-star=\"1\" style=\"padding-right: 5px\">\n            \n\n<div class=\"kksr-icon\" style=\"width: 24px; height: 24px;\"><\/div>\n        <\/div>\n            <div class=\"kksr-star\" data-star=\"2\" style=\"padding-right: 5px\">\n            \n\n<div class=\"kksr-icon\" style=\"width: 24px; height: 24px;\"><\/div>\n        <\/div>\n            <div class=\"kksr-star\" data-star=\"3\" style=\"padding-right: 5px\">\n            \n\n<div class=\"kksr-icon\" style=\"width: 24px; height: 24px;\"><\/div>\n        <\/div>\n            <div class=\"kksr-star\" data-star=\"4\" style=\"padding-right: 5px\">\n            \n\n<div class=\"kksr-icon\" style=\"width: 24px; height: 24px;\"><\/div>\n        <\/div>\n            <div class=\"kksr-star\" data-star=\"5\" style=\"padding-right: 5px\">\n            \n\n<div class=\"kksr-icon\" style=\"width: 24px; height: 24px;\"><\/div>\n        <\/div>\n    <\/div>\n    \n<div class=\"kksr-stars-active\" style=\"width: 104.8px;\">\n            <div class=\"kksr-star\" style=\"padding-right: 5px\">\n            \n\n<div class=\"kksr-icon\" style=\"width: 24px; height: 24px;\"><\/div>\n        <\/div>\n            <div class=\"kksr-star\" style=\"padding-right: 5px\">\n            \n\n<div class=\"kksr-icon\" style=\"width: 24px; height: 24px;\"><\/div>\n        <\/div>\n            <div class=\"kksr-star\" style=\"padding-right: 5px\">\n            \n\n<div class=\"kksr-icon\" style=\"width: 24px; height: 24px;\"><\/div>\n        <\/div>\n            <div class=\"kksr-star\" style=\"padding-right: 5px\">\n            \n\n<div class=\"kksr-icon\" style=\"width: 24px; height: 24px;\"><\/div>\n        <\/div>\n            <div class=\"kksr-star\" style=\"padding-right: 5px\">\n            \n\n<div class=\"kksr-icon\" style=\"width: 24px; height: 24px;\"><\/div>\n        <\/div>\n    <\/div>\n<\/div>\n                \n\n<div class=\"kksr-legend\" style=\"font-size: 19.2px;\">\n            3.7\/5 - (11 votos)    <\/div>\n    <\/div>\n","protected":false},"excerpt":{"rendered":"<p>Tener el cabello rubio implica seguir una serie de cuidados especiales, desde un champ\u00fa y un acondicionador que matice el color, hasta una rutina muy concreta para protegerlo del sol. Tanto si tienes el cabello te\u00f1ido o con mechas, m\u00e1s de una vez habr\u00e1s visto que con el paso de las semanas este se oxida [&hellip;]<\/p>\n","protected":false},"author":14,"featured_media":112741,"comment_status":"open","ping_status":"open","sticky":false,"template":"","format":"standard","meta":{"jnews-multi-image_gallery":[],"jnews_single_post":{"subtitle":"","format":"standard","video":"","gallery":"","source_name":"","source_url":"","via_name":"","via_url":"","override_template":"0","override":[{"template":"1","single_blog_custom":"","parallax":"1","fullscreen":"1","layout":"right-sidebar","sidebar":"home-2","second_sidebar":"default-sidebar","sticky_sidebar":"0","share_position":"float","share_float_style":"share-monocrhome","show_share_counter":"1","show_view_counter":"1","show_featured":"1","show_post_meta":"1","show_post_author":"0","show_post_author_image":"1","show_post_date":"1","post_date_format":"default","post_date_format_custom":"Y\/m\/d","show_post_category":"1","show_post_reading_time":"0","post_reading_time_wpm":"300","show_zoom_button":"0","zoom_button_out_step":"2","zoom_button_in_step":"3","show_post_tag":"0","show_prev_next_post":"1","show_popup_post":"1","number_popup_post":"2","show_author_box":"0","show_post_related":"0","show_inline_post_related":"0"}],"override_image_size":"0","image_override":[{"single_post_thumbnail_size":"crop-500","single_post_gallery_size":"crop-500"}],"trending_post":"0","trending_post_position":"meta","trending_post_label":"Trending","sponsored_post":"0","sponsored_post_label":"Sponsored by","sponsored_post_name":"","sponsored_post_url":"","sponsored_post_logo_enable":"0","sponsored_post_logo":"","sponsored_post_desc":"","disable_ad":"0"},"jnews_primary_category":{"id":"","hide":""},"jnews_social_meta":{"fb_title":"","fb_description":"","fb_image":"","twitter_title":"","twitter_description":"","twitter_image":""},"jnews_override_counter":{"override_view_counter":"0","view_counter_number":"0","override_share_counter":"0","share_counter_number":"0","override_like_counter":"0","like_counter_number":"0","override_dislike_counter":"0","dislike_counter_number":"0"},"footnotes":""},"categories":[35],"tags":[],"class_list":["post-28982","post","type-post","status-publish","format-standard","has-post-thumbnail","hentry","category-cabello"],"_links":{"self":[{"href":"https:\/\/www.primor.eu\/blog\/wp-json\/wp\/v2\/posts\/28982","targetHints":{"allow":["GET"]}}],"collection":[{"href":"https:\/\/www.primor.eu\/blog\/wp-json\/wp\/v2\/posts"}],"about":[{"href":"https:\/\/www.primor.eu\/blog\/wp-json\/wp\/v2\/types\/post"}],"author":[{"embeddable":true,"href":"https:\/\/www.primor.eu\/blog\/wp-json\/wp\/v2\/users\/14"}],"replies":[{"embeddable":true,"href":"https:\/\/www.primor.eu\/blog\/wp-json\/wp\/v2\/comments?post=28982"}],"version-history":[{"count":37,"href":"https:\/\/www.primor.eu\/blog\/wp-json\/wp\/v2\/posts\/28982\/revisions"}],"predecessor-version":[{"id":129669,"href":"https:\/\/www.primor.eu\/blog\/wp-json\/wp\/v2\/posts\/28982\/revisions\/129669"}],"wp:featuredmedia":[{"embeddable":true,"href":"https:\/\/www.primor.eu\/blog\/wp-json\/wp\/v2\/media\/112741"}],"wp:attachment":[{"href":"https:\/\/www.primor.eu\/blog\/wp-json\/wp\/v2\/media?parent=28982"}],"wp:term":[{"taxonomy":"category","embeddable":true,"href":"https:\/\/www.primor.eu\/blog\/wp-json\/wp\/v2\/categories?post=28982"},{"taxonomy":"post_tag","embeddable":true,"href":"https:\/\/www.primor.eu\/blog\/wp-json\/wp\/v2\/tags?post=28982"}],"curies":[{"name":"wp","href":"https:\/\/api.w.org\/{rel}","templated":true}]}}