{"id":27545,"date":"2025-06-25T16:01:56","date_gmt":"2025-06-25T16:01:56","guid":{"rendered":"https:\/\/blog.primor.eu\/?p=27545"},"modified":"2025-06-25T16:01:58","modified_gmt":"2025-06-25T16:01:58","slug":"que-es-agua-micelar","status":"publish","type":"post","link":"https:\/\/www.primor.eu\/blog\/que-es-agua-micelar\/","title":{"rendered":"Todo lo que debes saber sobre el agua micelar: usos, beneficios y c\u00f3mo aplicarla"},"content":{"rendered":"\n<p>El primer <strong>agua micelar<\/strong> del mundo vio la luz en Francia el a\u00f1o 95. Tan l\u00edquida, tan cristalina y tan refrescante como la tradicional, era imposible diferenciarlas a simple vista. Sin embargo, poco tiempo falt\u00f3 para que este elixir milagroso se convirtiera en uno de los productos de cuidado facial m\u00e1s vendidos en las farmacias francesas. Aquel avance se convirti\u00f3 en un hito en la dermocosm\u00e9tica y su \u00e9xito se extiende hoy, veinte a\u00f1os despu\u00e9s, al resto del mundo: cada dos segundos se vende una botellita de agua micelar en alg\u00fan lugar del planeta. Seg\u00fan una encuesta del servicio de cosm\u00e9tica a domicilio Birchbox, el <strong>62% de las mujeres<\/strong> que se limpian el rostro a diario utilizan este producto, frente a un 45% que opta por el gel limpiador.<\/p>\n\n\n\n<h3 class=\"wp-block-heading\">\u00bfQu\u00e9 es el agua micelar?<\/h3>\n\n\n\n<p>Pero, <strong>\u00bfqu\u00e9 es exactamente el agua micelar?<\/strong> Lo primero que tienes que saber es que el apellido \"micelar\" proviene de las micelas, grupos microsc\u00f3picos de mol\u00e9culas. Dentro de estas mol\u00e9culas encontramos algunas que son hidrof\u00edlicas (afines al agua) y otras que son lipof\u00edlicas (afines a los l\u00edpidos). Gracias a esta doble combinaci\u00f3n, el agua micelar es eficaz para eliminar las impurezas que son solubles en el agua, como aquellas que no lo son, como el polvo o el maquillaje.<\/p>\n\n\n\n<p>Una de las <strong>grandes ventajas<\/strong> del agua micelar es su acci\u00f3n tres en uno: <strong><a href=\"https:\/\/www.primor.eu\/blog\/doble-limpieza-facial\/\" target=\"_blank\" rel=\"noopener\">limpieza<\/a>, tonificaci\u00f3n e hidrataci\u00f3n<\/strong>. Tampoco podemos olvidar el ahorro de tiempo que proporciona porque se aplica en un solo gesto y no necesita aclarado. El <strong>agua micelar<\/strong> act\u00faa como un im\u00e1n para limpiar la superficie de la piel de forma intensiva, pero al mismo tiempo con suavidad. Las micelas pueden <strong>atrapar hasta las part\u00edculas m\u00e1s diminutas<\/strong> como el polvo, los aceites y el maquillaje con mucha delicadeza, lo cual es muy importante en \u00e1reas sensibles de nuestra piel, como por ejemplo, el contorno de los ojos. Adem\u00e1s no requieren frotar ni aclarar y son aptos para todo el rostro. <strong>\u00a1Todo son ventajas!<\/strong><\/p>\n\n\n\n<h2 class=\"wp-block-heading\">Cu\u00e1ndo utilizar el agua micelar<\/h2>\n\n\n\n<p>Sabemos que el agua micelar es muy importante para la <strong>rutina diaria<\/strong> pero su funci\u00f3n va mucho m\u00e1s all\u00e1 de ser un <strong>desmaquillador<\/strong>. El agua micelar es un b\u00e1sico para mantener una buena rutina de cuidado de la piel. Su uso diario consigue mejorar notablemente el aspecto de la piel en pocas semanas devolvi\u00e9ndole un aspecto m\u00e1s uniforme y tonificado.<\/p>\n\n\n\n<p>Por estas razones, debemos de utilizar este producto en nuestro cuidado aunque no nos maquillemos. Existen otros factores aparte del maquillaje, como la poluci\u00f3n, el polvo, los residuos grasos o las c\u00e9lulas muertas, que tambi\u00e9n pueden pasarle factura a nuestra piel acumulando impurezas en nuestros poros que hace precisa una buena<strong> limpieza<\/strong>.<\/p>\n\n\n\n<h2 class=\"wp-block-heading\">Beneficios del agua micelar<\/h2>\n\n\n\n<p>El agua micelar no solo es un producto b\u00e1sico en nuestro cuidado de la piel, sino que adem\u00e1s <strong>potencia la acci\u00f3n de los productos<\/strong> que usemos a continuaci\u00f3n. Esto se debe a que la limpieza es el paso esencial si queremos que los principios activos de los cosm\u00e9ticos que apliquemos despu\u00e9s se absorban mejor y consigan sus resultados.<\/p>\n\n\n\n<p>Adem\u00e1s nos encontramos en un momento crucial para cuidar la <strong>limpieza<\/strong> e <strong>hidrataci\u00f3n<\/strong> de la piel. El uso de las mascarillas hace que generemos un vaho que incrementa la humedad de la piel lo que, unido al aumento de sudor y secreci\u00f3n seb\u00e1cea, favorece que los poros se obstruyan. Esta uni\u00f3n de factores facilita la aparici\u00f3n de brotes de acn\u00e9 y otros problemas como sequedad, picor, tirantez o dermatitis. Bastar\u00e1 con usar agua micelar para ponerle freno a todos estas molestias e imperfecciones.<\/p>\n\n\n\n<h2 class=\"wp-block-heading\">Tipos de agua micelar<\/h2>\n\n\n\n<p>Al igual que ocurre con otros productos de dermocosm\u00e9tica, existen aguas micelares para diferentes tipos de piel. Tambi\u00e9n cada agua micelar se ajusta mejor a unas necesidades. Var\u00edan seg\u00fan los ingredientes, sin son m\u00e1s naturales o si son, por ejemplo, espec\u00edficos para desmaquilar. Estos son los tipos de aguas micelares que existen en el mercado:<\/p>\n\n\n\n<ul class=\"wp-block-list\">\n<li><b>Agua micelar desmaquillante<\/b><span style=\"font-weight: 400;\">: Dise\u00f1adas espec\u00edficamente para eliminar el maquillaje resistente al agua. En estos casos son eficaces para deshacerte del maquillaje sin tener que insistir demasiado.<\/span><\/li>\n\n\n\n<li><b>Agua micelar org\u00e1nica<\/b><span style=\"font-weight: 400;\">: son libres de qu\u00edmicos y est\u00e1n formuladas con ingredientes naturales como el aloe vera.<\/span><\/li>\n\n\n\n<li><b>Agua micelar para distintos tipos de piel<\/b><span style=\"font-weight: 400;\">: para pieles sensibles, mixtas, grasas o secas como ocurre con las cremas hidratantes y otros productos de cosm\u00e9tica.<\/span><\/li>\n<\/ul>\n\n\n<div class=\"kk-star-ratings kksr-auto kksr-align-center kksr-valign-bottom\"\n    data-payload='{&quot;align&quot;:&quot;center&quot;,&quot;id&quot;:&quot;27545&quot;,&quot;slug&quot;:&quot;default&quot;,&quot;valign&quot;:&quot;bottom&quot;,&quot;ignore&quot;:&quot;&quot;,&quot;reference&quot;:&quot;auto&quot;,&quot;class&quot;:&quot;&quot;,&quot;count&quot;:&quot;1&quot;,&quot;legendonly&quot;:&quot;&quot;,&quot;readonly&quot;:&quot;&quot;,&quot;score&quot;:&quot;5&quot;,&quot;starsonly&quot;:&quot;&quot;,&quot;best&quot;:&quot;5&quot;,&quot;gap&quot;:&quot;5&quot;,&quot;greet&quot;:&quot;Valora este art\u00edculo&quot;,&quot;legend&quot;:&quot;5\\\/5 - (1 voto)&quot;,&quot;size&quot;:&quot;24&quot;,&quot;title&quot;:&quot;Todo lo que debes saber sobre el agua micelar: usos, beneficios y c\u00f3mo aplicarla&quot;,&quot;width&quot;:&quot;142.5&quot;,&quot;_legend&quot;:&quot;{score}\\\/{best} - ({count} {votes})&quot;,&quot;font_factor&quot;:&quot;1.25&quot;}'>\n            \n<div class=\"kksr-stars\">\n    \n<div class=\"kksr-stars-inactive\">\n            <div class=\"kksr-star\" data-star=\"1\" style=\"padding-right: 5px\">\n            \n\n<div class=\"kksr-icon\" style=\"width: 24px; height: 24px;\"><\/div>\n        <\/div>\n            <div class=\"kksr-star\" data-star=\"2\" style=\"padding-right: 5px\">\n            \n\n<div class=\"kksr-icon\" style=\"width: 24px; height: 24px;\"><\/div>\n        <\/div>\n            <div class=\"kksr-star\" data-star=\"3\" style=\"padding-right: 5px\">\n            \n\n<div class=\"kksr-icon\" style=\"width: 24px; height: 24px;\"><\/div>\n        <\/div>\n            <div class=\"kksr-star\" data-star=\"4\" style=\"padding-right: 5px\">\n            \n\n<div class=\"kksr-icon\" style=\"width: 24px; height: 24px;\"><\/div>\n        <\/div>\n            <div class=\"kksr-star\" data-star=\"5\" style=\"padding-right: 5px\">\n            \n\n<div class=\"kksr-icon\" style=\"width: 24px; height: 24px;\"><\/div>\n        <\/div>\n    <\/div>\n    \n<div class=\"kksr-stars-active\" style=\"width: 142.5px;\">\n            <div class=\"kksr-star\" style=\"padding-right: 5px\">\n            \n\n<div class=\"kksr-icon\" style=\"width: 24px; height: 24px;\"><\/div>\n        <\/div>\n            <div class=\"kksr-star\" style=\"padding-right: 5px\">\n            \n\n<div class=\"kksr-icon\" style=\"width: 24px; height: 24px;\"><\/div>\n        <\/div>\n            <div class=\"kksr-star\" style=\"padding-right: 5px\">\n            \n\n<div class=\"kksr-icon\" style=\"width: 24px; height: 24px;\"><\/div>\n        <\/div>\n            <div class=\"kksr-star\" style=\"padding-right: 5px\">\n            \n\n<div class=\"kksr-icon\" style=\"width: 24px; height: 24px;\"><\/div>\n        <\/div>\n            <div class=\"kksr-star\" style=\"padding-right: 5px\">\n            \n\n<div class=\"kksr-icon\" style=\"width: 24px; height: 24px;\"><\/div>\n        <\/div>\n    <\/div>\n<\/div>\n                \n\n<div class=\"kksr-legend\" style=\"font-size: 19.2px;\">\n            5\/5 - (1 voto)    <\/div>\n    <\/div>\n","protected":false},"excerpt":{"rendered":"<p>El primer agua micelar del mundo vio la luz en Francia el a\u00f1o 95. Tan l\u00edquida, tan cristalina y tan refrescante como la tradicional, era imposible diferenciarlas a simple vista. Sin embargo, poco tiempo falt\u00f3 para que este elixir milagroso se convirtiera en uno de los productos de cuidado facial m\u00e1s vendidos en las farmacias [&hellip;]<\/p>\n","protected":false},"author":14,"featured_media":107083,"comment_status":"open","ping_status":"open","sticky":false,"template":"","format":"standard","meta":{"jnews-multi-image_gallery":[],"jnews_single_post":{"subtitle":"","format":"standard","video":"","gallery":"","source_name":"","source_url":"","via_name":"","via_url":"","override_template":"0","override":[{"template":"1","single_blog_custom":"","parallax":"1","fullscreen":"1","layout":"right-sidebar","sidebar":"home-2","second_sidebar":"default-sidebar","sticky_sidebar":"0","share_position":"float","share_float_style":"share-monocrhome","show_share_counter":"0","show_view_counter":"0","show_featured":"1","show_post_meta":"1","show_post_author":"0","show_post_author_image":"1","show_post_date":"1","post_date_format":"default","post_date_format_custom":"Y\/m\/d","show_post_category":"1","show_post_reading_time":"0","post_reading_time_wpm":"300","show_zoom_button":"0","zoom_button_out_step":"2","zoom_button_in_step":"3","show_post_tag":"0","show_prev_next_post":"0","show_popup_post":"0","number_popup_post":"2","show_author_box":"0","show_post_related":"0","show_inline_post_related":"1"}],"override_image_size":"0","image_override":[{"single_post_thumbnail_size":"no-crop","single_post_gallery_size":"crop-500"}],"trending_post":"0","trending_post_position":"meta","trending_post_label":"Trending","sponsored_post":"0","sponsored_post_label":"Sponsored by","sponsored_post_name":"","sponsored_post_url":"","sponsored_post_logo_enable":"0","sponsored_post_logo":"","sponsored_post_desc":"","disable_ad":"0"},"jnews_primary_category":{"id":"","hide":""},"jnews_social_meta":{"fb_title":"","fb_description":"","fb_image":"","twitter_title":"","twitter_description":"","twitter_image":""},"jnews_override_counter":{"override_view_counter":"0","view_counter_number":"0","override_share_counter":"0","share_counter_number":"0","override_like_counter":"0","like_counter_number":"0","override_dislike_counter":"0","dislike_counter_number":"0"},"footnotes":""},"categories":[29],"tags":[],"class_list":["post-27545","post","type-post","status-publish","format-standard","has-post-thumbnail","hentry","category-cosmetica"],"_links":{"self":[{"href":"https:\/\/www.primor.eu\/blog\/wp-json\/wp\/v2\/posts\/27545","targetHints":{"allow":["GET"]}}],"collection":[{"href":"https:\/\/www.primor.eu\/blog\/wp-json\/wp\/v2\/posts"}],"about":[{"href":"https:\/\/www.primor.eu\/blog\/wp-json\/wp\/v2\/types\/post"}],"author":[{"embeddable":true,"href":"https:\/\/www.primor.eu\/blog\/wp-json\/wp\/v2\/users\/14"}],"replies":[{"embeddable":true,"href":"https:\/\/www.primor.eu\/blog\/wp-json\/wp\/v2\/comments?post=27545"}],"version-history":[{"count":3,"href":"https:\/\/www.primor.eu\/blog\/wp-json\/wp\/v2\/posts\/27545\/revisions"}],"predecessor-version":[{"id":128019,"href":"https:\/\/www.primor.eu\/blog\/wp-json\/wp\/v2\/posts\/27545\/revisions\/128019"}],"wp:featuredmedia":[{"embeddable":true,"href":"https:\/\/www.primor.eu\/blog\/wp-json\/wp\/v2\/media\/107083"}],"wp:attachment":[{"href":"https:\/\/www.primor.eu\/blog\/wp-json\/wp\/v2\/media?parent=27545"}],"wp:term":[{"taxonomy":"category","embeddable":true,"href":"https:\/\/www.primor.eu\/blog\/wp-json\/wp\/v2\/categories?post=27545"},{"taxonomy":"post_tag","embeddable":true,"href":"https:\/\/www.primor.eu\/blog\/wp-json\/wp\/v2\/tags?post=27545"}],"curies":[{"name":"wp","href":"https:\/\/api.w.org\/{rel}","templated":true}]}}