{"id":27133,"date":"2023-08-30T07:25:26","date_gmt":"2023-08-30T07:25:26","guid":{"rendered":"https:\/\/blog.primor.eu\/?p=27133"},"modified":"2023-08-30T07:25:47","modified_gmt":"2023-08-30T07:25:47","slug":"metodo-co-wash","status":"publish","type":"post","link":"https:\/\/www.primor.eu\/blog\/metodo-co-wash\/","title":{"rendered":"Qu\u00e9 es el m\u00e9todo co-wash: beneficios y contraindicaciones"},"content":{"rendered":"\n<p>\u00bfTienes el pelo ondulado? \u00bfRizado? \u00bfAfro? Entonces, seguro que has o\u00eddo hablar de esta tendencia capilar. Muchas beauty hunters han revolucionado las redes sociales con el <strong>m\u00e9todo co-wash<\/strong>, un proceso del cuidado del <a href=\"https:\/\/www.primor.eu\/es_es\/cabello\">cabello<\/a> que afirma que, para lucir unos rizos el\u00e1sticos e hidratados, lo mejor es <strong>dejar de usar el champ\u00fa<\/strong>. Pero, \u00bfes eso cierto?&nbsp; \u00a1Ve\u00e1moslo!<\/p>\n\n\n\n<h2 class=\"wp-block-heading\">\u00bfQu\u00e9 es el co-wash y para qu\u00e9 tipo de melenas es apto?<\/h2>\n\n\n\n<p>El<strong> m\u00e9todo co-wash<\/strong> implica abandonar el champ\u00fa por el <strong>acondicionador<\/strong> y lavarte el pelo \u00fanicamente con agua y acondicionador. Es una <strong>tendencia<\/strong> en cuidado del cabello que est\u00e1 en alza y que ha levantado a todas aquellas beauty adictas que apuestan por una cosm\u00e9tica m\u00e1s verde y libre de sustancias como los sulfatos, siliconas y parabenos.<\/p>\n\n\n\n<p>Es un m\u00e9todo perfecto para aquellas personas que tienen el <a href=\"https:\/\/www.primor.eu\/blog\/tipo-de-rizo\/\">pelo rizado o afro<\/a>, ya que le devuelve a su pelo toda la hidrataci\u00f3n que este necesita. No obstante, cualquier tipo de melena puede sumarse, ya que presume de no tiene efectos secundarios, ni de reactivar el sebo del cuero cabelludo.<\/p>\n\n\n\n<h2 class=\"wp-block-heading\">Beneficios del m\u00e9todo co-wash<\/h2>\n\n\n\n<ul class=\"wp-block-list\">\n<li><strong>Pelo hidratado.<\/strong> La mayor\u00eda de los champ\u00fas llevan sulfatos, por lo que tienden a resecar mucho el pelo. Al no usarlos, tu cabello siempre estar\u00e1 hidratado.<\/li>\n\n\n\n<li><strong>Efecto frizz. <\/strong>Lo odiamos. \u00a1Pues con este m\u00e9todo desaparecer\u00e1 por completo. El frizz aparece por la falta de hidrataci\u00f3n y humectaci\u00f3n en el cabello. Si est\u00e1 hidratado, esto mismo no pasar\u00e1.&nbsp;<\/li>\n\n\n\n<li>Por consiguiente, <strong>no reseca<\/strong>.<\/li>\n\n\n\n<li><strong>No hay efectos secundarios<\/strong>, por lo que mantendr\u00e1s tu cabello sano, bonito y en su mejor versi\u00f3n.<\/li>\n<\/ul>\n\n\n\n<h2 class=\"wp-block-heading\">\u00bfSirve cualquier acondicionador para hacer co-wash?<\/h2>\n\n\n\n<p>Desgraciadamente no. Para seguir el m\u00e9todo co-wash has de fijarte en que tu acondicionador no lleve <strong>siliconas<\/strong>. Recuerda que la silicona es una sustancia qu\u00edmica que muchas marcas de belleza incluyen en sus productos para el cabello para conseguir un extra de brillo. No obstante, son elementos insolubles, lo que quiere decir que no se disuelven en el agua y son muy dif\u00edciles de eliminar. Adem\u00e1s, obstruyen el fol\u00edculo del cabello y no dejan que absorba toda la hidrataci\u00f3n.<\/p>\n\n\n\n<h2 class=\"wp-block-heading\">\u00bfC\u00f3mo se hace el m\u00e9todo co-wash?<\/h2>\n\n\n\n<p>Como en cada m\u00e9todo, hay que seguir unos pasos para conseguir el resultado ideal, y estos son los del m\u00e9todo co-wash:<\/p>\n\n\n\n<ul class=\"wp-block-list\">\n<li>Moja tu cabello y apl\u00edcate un poco de acondicionador por todo el cabello de forma homog\u00e9nea.&nbsp;<\/li>\n\n\n\n<li>Ay\u00fadate con movimientos circulares en forma de masaje durante cinco minutos.<\/li>\n\n\n\n<li>Aclarar con abundante agua<\/li>\n\n\n\n<li>Repetir el proceso dos veces cada vez que te laves el pelo.<\/li>\n<\/ul>\n\n\n\n<h2 class=\"wp-block-heading\">\u00bfQu\u00e9 dicen los expertos del m\u00e9todo co-wash?<\/h2>\n\n\n\n<p>Aqu\u00ed, las opiniones se enfrentan, ya que algunos expertos no conf\u00edan en su efectividad. Y no es para menos, la verdad. Seg\u00fan la <strong>Academia Espa\u00f1ola de Dermatolog\u00eda y Venereolog\u00eda <\/strong>(AEDV), el cabello hay que lavarlo con champ\u00fa, contenga o no sustancias como los parabenos, sulfatos o siliconas, ya que es el \u00fanico que asegura la <strong>higiene capilar<\/strong>. No hacerlo puede dar lugar a que la grasa y la suciedad se acumule en el cuero cabelludo, dando un aspecto sucio y favoreciendo la aparici\u00f3n de microorganismos e infecciones. Por lo que, <strong>el tema no es para tom\u00e1rselo a la ligera.<\/strong><\/p>\n\n\n\n<p>Otros expertos ponen en duda su <strong>funci\u00f3n<\/strong>, ya que como bien nos explican desde <strong>L\u2019Or\u00e9al:<\/strong> \u201clavarse el pelo \u00fanicamente con acondicionador <strong>no tiene ning\u00fan sentido<\/strong>, ya que es un producto que no ha sido creado para&nbsp; eso, sino para nutrir y aportar suavidad a nuestra melena\u201d. Visto as\u00ed, suena l\u00f3gico, \u00bfno?<\/p>\n\n\n\n<p>Teniendo esto en cuenta, una <strong>alternativa<\/strong> que proponen es utilizar champ\u00fas suaves que no contengan sustancias \u201c<strong>nocivas<\/strong>\u201d, como los <a href=\"https:\/\/www.primor.eu\/blog\/mejores-champus-sin-sulfatos\/\">champ\u00fas sin sulfatos<\/a>, ni siliconas, ni parabenos. Productos higi\u00e9nicos, pero <strong>org\u00e1nicos<\/strong> y naturales que cuidan tu melena desde la ra\u00edz hasta las puntas y que aseguran un cuidado especial del cuero cabelludo.<\/p>\n\n\n\n<h2 class=\"wp-block-heading\">Los mejores productos para el cabello est\u00e1n en Primor<\/h2>\n\n\n        <product-table class=\"pr-slider\">\r\n            <product-headers class=\"grid-table-rows\">\r\n                <div>Foto<\/div>\r\n                <div>Producto<\/div>\r\n                <div>Marca<\/div>\r\n                <div>Valoraciones<\/div>\r\n                <div>Precio<\/div>\r\n            <\/product-headers>\r\n\r\n            <product-list>\r\n                                    <a href=\"https:\/\/www.primor.eu\/es_es\/herbal-champu-professional-treatment-sin-sulfatos-8972.html\" class=\"product-item grid-table-rows\" target=\"_blank\">\r\n                        <div>\r\n                            <img decoding=\"async\" class=\"product-img\" width=\"80px\" height=\"80px\" src=\"https:\/\/www.primor.eu\/blog\/wp-content\/uploads\/2023\/08\/6XS08884_1_f0c5.jpg\" alt=\"Champ\u00fa Professional Treatment Sin Sulfatos\">\r\n                        <\/div>\r\n\r\n                        <!-- Contenido de producto  -->\r\n                        <div>\r\n                            <div class=\"product-position\">\r\n                                #1 Top Ventas                            <\/div>\r\n\r\n                            <h2>\r\n                                Champ\u00fa Professional Treatment Sin Sulfatos                            <\/h2>\r\n                        <\/div>\r\n\r\n                        <!-- Imagen y\/o nombre de la marca -->\r\n                        <div>\r\n                                                            <img decoding=\"async\" width=\"70\" src=\"https:\/\/www.primor.eu\/blog\/wp-content\/uploads\/2023\/08\/HERBAL.jpg\" alt=\"85038\">\r\n                                                    <\/div>\r\n\r\n                        <!-- Puntuaci\u00f3n del producto  -->\r\n                        <div class=\"rating\">\r\n                                                            <div class=\"rate\" style=\"--p:100;\"><\/div>\r\n                                <b>5\/5<\/b>\r\n                                <div class=\"rate-stars\">\r\n                                                                            <div\r\n                                            class=\"rate-star  \">\r\n                                        <\/div>\r\n                                                                            <div\r\n                                            class=\"rate-star  \">\r\n                                        <\/div>\r\n                                                                            <div\r\n                                            class=\"rate-star  \">\r\n                                        <\/div>\r\n                                                                            <div\r\n                                            class=\"rate-star  \">\r\n                                        <\/div>\r\n                                                                            <div\r\n                                            class=\"rate-star  \">\r\n                                        <\/div>\r\n                                                                    <\/div>\r\n                                                    <\/div>\r\n\r\n                        <!-- Bot\u00f3n de producto  -->\r\n                        <div>\r\n                            <span class=\"price-claim\">\r\n                                VER PRECIO                            <\/span>\r\n                        <\/div>\r\n                    <\/a>\r\n                                    <a href=\"https:\/\/www.primor.eu\/es_es\/garnier-aguacate-y-karite-aceite-8696.html\" class=\"product-item grid-table-rows\" target=\"_blank\">\r\n                        <div>\r\n                            <img decoding=\"async\" class=\"product-img\" width=\"80px\" height=\"80px\" src=\"https:\/\/www.primor.eu\/blog\/wp-content\/uploads\/2023\/08\/2CN00128_1_d0b6.jpg\" alt=\"Aguacate Y Karit\u00e9 Aceite\">\r\n                        <\/div>\r\n\r\n                        <!-- Contenido de producto  -->\r\n                        <div>\r\n                            <div class=\"product-position\">\r\n                                #2                            <\/div>\r\n\r\n                            <h2>\r\n                                Aguacate Y Karit\u00e9 Aceite                            <\/h2>\r\n                        <\/div>\r\n\r\n                        <!-- Imagen y\/o nombre de la marca -->\r\n                        <div>\r\n                                                            <img decoding=\"async\" width=\"70\" src=\"https:\/\/www.primor.eu\/blog\/wp-content\/uploads\/2023\/08\/Garnier.jpg\" alt=\"84305\">\r\n                                                    <\/div>\r\n\r\n                        <!-- Puntuaci\u00f3n del producto  -->\r\n                        <div class=\"rating\">\r\n                                                            <div class=\"rate\" style=\"--p:80;\"><\/div>\r\n                                <b>4\/5<\/b>\r\n                                <div class=\"rate-stars\">\r\n                                                                            <div\r\n                                            class=\"rate-star  \">\r\n                                        <\/div>\r\n                                                                            <div\r\n                                            class=\"rate-star  \">\r\n                                        <\/div>\r\n                                                                            <div\r\n                                            class=\"rate-star  \">\r\n                                        <\/div>\r\n                                                                            <div\r\n                                            class=\"rate-star  \">\r\n                                        <\/div>\r\n                                                                            <div\r\n                                            class=\"rate-star disable \">\r\n                                        <\/div>\r\n                                                                    <\/div>\r\n                                                    <\/div>\r\n\r\n                        <!-- Bot\u00f3n de producto  -->\r\n                        <div>\r\n                            <span class=\"price-claim\">\r\n                                VER PRECIO                            <\/span>\r\n                        <\/div>\r\n                    <\/a>\r\n                                    <a href=\"https:\/\/www.primor.eu\/es_es\/waterclouds-champu-anticaspa-relieve-active-climbazole-11566.html\" class=\"product-item grid-table-rows\" target=\"_blank\">\r\n                        <div>\r\n                            <img decoding=\"async\" class=\"product-img\" width=\"80px\" height=\"80px\" src=\"https:\/\/www.primor.eu\/blog\/wp-content\/uploads\/2023\/08\/img_M_2CC04156_1_9983.jpg\" alt=\"Champ\u00fa Anticaspa Relieve Active Climbazole\">\r\n                        <\/div>\r\n\r\n                        <!-- Contenido de producto  -->\r\n                        <div>\r\n                            <div class=\"product-position\">\r\n                                #3                            <\/div>\r\n\r\n                            <h2>\r\n                                Champ\u00fa Anticaspa Relieve Active Climbazole                            <\/h2>\r\n                        <\/div>\r\n\r\n                        <!-- Imagen y\/o nombre de la marca -->\r\n                        <div>\r\n                                                            <img decoding=\"async\" width=\"70\" src=\"https:\/\/www.primor.eu\/blog\/wp-content\/uploads\/2023\/08\/Waterclouds.jpg\" alt=\"85041\">\r\n                                                    <\/div>\r\n\r\n                        <!-- Puntuaci\u00f3n del producto  -->\r\n                        <div class=\"rating\">\r\n                                                            <p>No hay valoraciones disponibles<\/p>\r\n                                                    <\/div>\r\n\r\n                        <!-- Bot\u00f3n de producto  -->\r\n                        <div>\r\n                            <span class=\"price-claim\">\r\n                                VER PRECIO                            <\/span>\r\n                        <\/div>\r\n                    <\/a>\r\n                                    <a href=\"https:\/\/www.primor.eu\/es_es\/garnier-hair-food-aloe-vera-acondicionador-hidratante-8167.html\" class=\"product-item grid-table-rows\" target=\"_blank\">\r\n                        <div>\r\n                            <img decoding=\"async\" class=\"product-img\" width=\"80px\" height=\"80px\" src=\"https:\/\/www.primor.eu\/blog\/wp-content\/uploads\/2023\/08\/2CA03755_1_e43d.jpg\" alt=\"Hair Food Aloe Vera Acondicionador Hidratante\">\r\n                        <\/div>\r\n\r\n                        <!-- Contenido de producto  -->\r\n                        <div>\r\n                            <div class=\"product-position\">\r\n                                #4                            <\/div>\r\n\r\n                            <h2>\r\n                                Hair Food Aloe Vera Acondicionador Hidratante                            <\/h2>\r\n                        <\/div>\r\n\r\n                        <!-- Imagen y\/o nombre de la marca -->\r\n                        <div>\r\n                                                            <img decoding=\"async\" width=\"70\" src=\"https:\/\/www.primor.eu\/blog\/wp-content\/uploads\/2023\/08\/Garnier.jpg\" alt=\"84305\">\r\n                                                    <\/div>\r\n\r\n                        <!-- Puntuaci\u00f3n del producto  -->\r\n                        <div class=\"rating\">\r\n                                                            <div class=\"rate\" style=\"--p:100;\"><\/div>\r\n                                <b>5\/5<\/b>\r\n                                <div class=\"rate-stars\">\r\n                                                                            <div\r\n                                            class=\"rate-star  \">\r\n                                        <\/div>\r\n                                                                            <div\r\n                                            class=\"rate-star  \">\r\n                                        <\/div>\r\n                                                                            <div\r\n                                            class=\"rate-star  \">\r\n                                        <\/div>\r\n                                                                            <div\r\n                                            class=\"rate-star  \">\r\n                                        <\/div>\r\n                                                                            <div\r\n                                            class=\"rate-star  \">\r\n                                        <\/div>\r\n                                                                    <\/div>\r\n                                                    <\/div>\r\n\r\n                        <!-- Bot\u00f3n de producto  -->\r\n                        <div>\r\n                            <span class=\"price-claim\">\r\n                                VER PRECIO                            <\/span>\r\n                        <\/div>\r\n                    <\/a>\r\n                            <\/product-list>\r\n        <\/product-table>\r\n\r\n        \n\n\n\n<h3 class=\"wp-block-heading\">Champ\u00fa Professional Treatment Sin Sulfatos de Herbal&nbsp;<\/h3>\n\n\n\n<p>Es el champ\u00fa sin sulfatos que recomiendan los expertos para los cueros cabelludos sensibles. Hidrata el cabello fr\u00e1gil desde la ra\u00edz hasta las puntas gracias a su ingrediente estrella: la avena sativa, un hidratante natural que ayuda a calmar la sequedad, picor e irritaci\u00f3n del cuero cabelludo. Elaborado con un ph neutro y con ingredientes 100% naturales como el Tomillo o la Capuchina, este champ\u00fa consigue una limpieza suave del cuero cabelludo irritado sin alterar el equilibrio natural. Adem\u00e1s, al estar libre de siliconas, parabenos y colorantes, podr\u00e1s usarlo con la frecuencia que necesites sin miedo a da\u00f1ar tu cabello. El resultado es un cabello brillante, suave y con mucho movimiento.&nbsp;<\/p>\n\n\n    <a class='product' target='_blank' href='https:\/\/www.primor.eu\/es_es\/herbal-champu-professional-treatment-sin-sulfatos-8972.html'>\r\n        <img loading='async' src='https:\/\/cdn2.primor.eu\/media\/catalog\/product\/cache\/8d3aba296f7a18b5251ee30fa5db42b2\/6\/X\/6XS08884_1_f0c5.jpg' alt='COMPRAR AHORA'>\r\n            <div class=\"claim\">\r\n                COMPRAR AHORA            <\/div>\r\n        <\/a>\r\n    \n\n\n\n<h3 class=\"wp-block-heading\">Aguacate y Karit\u00e9 de Garnier Original Remedies<\/h3>\n\n\n\n<p>Este aceite en crema de Garnier Original Remedies es el remedio antiencrespamiento para el cabello rebelde y dif\u00edcil de controlar. Formulado sin parabenos y a base de extractos naturales, este acondicionador sin aclarado cuenta con propiedades suavizantes del aceite de aguacate y manteca de Karit\u00e9, lograr\u00e1s un cabello nutrido, disciplinado y visiblemente menos encrespado. \u00a1Dile adi\u00f3s al frizz!<\/p>\n\n\n    <a class='product' target='_blank' href='https:\/\/www.primor.eu\/es_es\/garnier-aguacate-y-karite-aceite-8696.html'>\r\n        <img loading='async' src='https:\/\/cdn2.primor.eu\/media\/catalog\/product\/cache\/8d3aba296f7a18b5251ee30fa5db42b2\/2\/C\/2CN00128_1_d0b6.jpg' alt='COMPRAR AHORA'>\r\n            <div class=\"claim\">\r\n                COMPRAR AHORA            <\/div>\r\n        <\/a>\r\n    \n\n\n\n<h3 class=\"wp-block-heading\">Champ\u00fa Anticaspa Relieve Active Climbazole de Waterclouds<\/h3>\n\n\n\n<p>Es un champ\u00fa anticaspa que no contiene parabenos, sulfatos, siliconas ni perfume; por lo que es ideal para todo tipo de cabellos, incluidos aquellos con los cueros cabelludos m\u00e1s sensibles. Es un champ\u00fa que deja una sensaci\u00f3n de frescor al mismo tiempo que lo hidrata. \u00a1Notar\u00e1s la diferencia!<\/p>\n\n\n    <a class='product' target='_blank' href='https:\/\/www.primor.eu\/es_es\/waterclouds-champu-anticaspa-relieve-active-climbazole-105681.html?#854=66338'>\r\n        <img loading='async' src='https:\/\/cdn2.primor.eu\/media\/catalog\/product\/cache\/8d3aba296f7a18b5251ee30fa5db42b2\/2\/C\/2CC04156_1_b16b.jpg' alt='COMPRAR AHORA'>\r\n            <div class=\"claim\">\r\n                COMPRAR AHORA            <\/div>\r\n        <\/a>\r\n    \n\n\n\n<h3 class=\"wp-block-heading\">Hair Food Aloe Vera Acondicionador Hidratante de Fructis<\/h3>\n\n\n\n<p>Cuando lo pruebes, lo amar\u00e1s. Estos acondicionadores de Fructis hidratan y purifican el cuero cabelludo. No contienen parabenos, siliconas ni sulfatos y son respetuosos con el cuero cabelludo. Su fragancia enamora. Y una vez los pruebes, no podr\u00e1s dejar de usarlos. No digas que no te lo dijimos.<\/p>\n\n\n    <a class='product' target='_blank' href='https:\/\/www.primor.eu\/es_es\/garnier-fructis-hair-food-aloe-vera-acondicionador-hidratante-8167.html'>\r\n        <img loading='async' src='https:\/\/cdn2.primor.eu\/media\/catalog\/product\/cache\/8d3aba296f7a18b5251ee30fa5db42b2\/2\/C\/2CA03755_1_e43d.jpg' alt='COMPRAR AHORA'>\r\n            <div class=\"claim\">\r\n                COMPRAR AHORA            <\/div>\r\n        <\/a>\r\n    \n\n\n<div class=\"kk-star-ratings kksr-auto kksr-align-center kksr-valign-bottom\"\n    data-payload='{&quot;align&quot;:&quot;center&quot;,&quot;id&quot;:&quot;27133&quot;,&quot;slug&quot;:&quot;default&quot;,&quot;valign&quot;:&quot;bottom&quot;,&quot;ignore&quot;:&quot;&quot;,&quot;reference&quot;:&quot;auto&quot;,&quot;class&quot;:&quot;&quot;,&quot;count&quot;:&quot;0&quot;,&quot;legendonly&quot;:&quot;&quot;,&quot;readonly&quot;:&quot;&quot;,&quot;score&quot;:&quot;0&quot;,&quot;starsonly&quot;:&quot;&quot;,&quot;best&quot;:&quot;5&quot;,&quot;gap&quot;:&quot;5&quot;,&quot;greet&quot;:&quot;Valora este art\u00edculo&quot;,&quot;legend&quot;:&quot;0\\\/5 - (0 votos)&quot;,&quot;size&quot;:&quot;24&quot;,&quot;title&quot;:&quot;Qu\u00e9 es el m\u00e9todo co-wash: beneficios y contraindicaciones&quot;,&quot;width&quot;:&quot;0&quot;,&quot;_legend&quot;:&quot;{score}\\\/{best} - ({count} {votes})&quot;,&quot;font_factor&quot;:&quot;1.25&quot;}'>\n            \n<div class=\"kksr-stars\">\n    \n<div class=\"kksr-stars-inactive\">\n            <div class=\"kksr-star\" data-star=\"1\" style=\"padding-right: 5px\">\n            \n\n<div class=\"kksr-icon\" style=\"width: 24px; height: 24px;\"><\/div>\n        <\/div>\n            <div class=\"kksr-star\" data-star=\"2\" style=\"padding-right: 5px\">\n            \n\n<div class=\"kksr-icon\" style=\"width: 24px; height: 24px;\"><\/div>\n        <\/div>\n            <div class=\"kksr-star\" data-star=\"3\" style=\"padding-right: 5px\">\n            \n\n<div class=\"kksr-icon\" style=\"width: 24px; height: 24px;\"><\/div>\n        <\/div>\n            <div class=\"kksr-star\" data-star=\"4\" style=\"padding-right: 5px\">\n            \n\n<div class=\"kksr-icon\" style=\"width: 24px; height: 24px;\"><\/div>\n        <\/div>\n            <div class=\"kksr-star\" data-star=\"5\" style=\"padding-right: 5px\">\n            \n\n<div class=\"kksr-icon\" style=\"width: 24px; height: 24px;\"><\/div>\n        <\/div>\n    <\/div>\n    \n<div class=\"kksr-stars-active\" style=\"width: 0px;\">\n            <div class=\"kksr-star\" style=\"padding-right: 5px\">\n            \n\n<div class=\"kksr-icon\" style=\"width: 24px; height: 24px;\"><\/div>\n        <\/div>\n            <div class=\"kksr-star\" style=\"padding-right: 5px\">\n            \n\n<div class=\"kksr-icon\" style=\"width: 24px; height: 24px;\"><\/div>\n        <\/div>\n            <div class=\"kksr-star\" style=\"padding-right: 5px\">\n            \n\n<div class=\"kksr-icon\" style=\"width: 24px; height: 24px;\"><\/div>\n        <\/div>\n            <div class=\"kksr-star\" style=\"padding-right: 5px\">\n            \n\n<div class=\"kksr-icon\" style=\"width: 24px; height: 24px;\"><\/div>\n        <\/div>\n            <div class=\"kksr-star\" style=\"padding-right: 5px\">\n            \n\n<div class=\"kksr-icon\" style=\"width: 24px; height: 24px;\"><\/div>\n        <\/div>\n    <\/div>\n<\/div>\n                \n\n<div class=\"kksr-legend\" style=\"font-size: 19.2px;\">\n            <span class=\"kksr-muted\">Valora este art\u00edculo<\/span>\n    <\/div>\n    <\/div>\n","protected":false},"excerpt":{"rendered":"<p>\u00bfTienes el pelo ondulado? \u00bfRizado? \u00bfAfro? Entonces, seguro que has o\u00eddo hablar de esta tendencia capilar. Muchas beauty hunters han revolucionado las redes sociales con el m\u00e9todo co-wash, un proceso del cuidado del cabello que afirma que, para lucir unos rizos el\u00e1sticos e hidratados, lo mejor es dejar de usar el champ\u00fa. Pero, \u00bfes eso [&hellip;]<\/p>\n","protected":false},"author":14,"featured_media":85035,"comment_status":"open","ping_status":"open","sticky":false,"template":"","format":"standard","meta":{"jnews-multi-image_gallery":[],"jnews_single_post":{"subtitle":"","format":"standard","video":"","gallery":"","source_name":"","source_url":"","via_name":"","via_url":"","override_template":"0","override":[{"template":"1","single_blog_custom":"","parallax":"1","fullscreen":"1","layout":"right-sidebar","sidebar":"home-2","second_sidebar":"default-sidebar","sticky_sidebar":"0","share_position":"float","share_float_style":"share-monocrhome","show_share_counter":"1","show_view_counter":"1","show_featured":"1","show_post_meta":"1","show_post_author":"0","show_post_author_image":"1","show_post_date":"1","post_date_format":"default","post_date_format_custom":"Y\/m\/d","show_post_category":"1","show_post_reading_time":"0","post_reading_time_wpm":"300","show_zoom_button":"0","zoom_button_out_step":"2","zoom_button_in_step":"3","show_post_tag":"0","show_prev_next_post":"1","show_popup_post":"1","number_popup_post":"2","show_author_box":"0","show_post_related":"0","show_inline_post_related":"0"}],"override_image_size":"0","image_override":[{"single_post_thumbnail_size":"crop-500","single_post_gallery_size":"crop-500"}],"trending_post":"0","trending_post_position":"meta","trending_post_label":"Trending","sponsored_post":"0","sponsored_post_label":"Sponsored by","sponsored_post_name":"","sponsored_post_url":"","sponsored_post_logo_enable":"0","sponsored_post_logo":"","sponsored_post_desc":"","disable_ad":"0"},"jnews_primary_category":{"id":"","hide":""},"jnews_social_meta":{"fb_title":"","fb_description":"","fb_image":"","twitter_title":"","twitter_description":"","twitter_image":""},"jnews_override_counter":{"override_view_counter":"0","view_counter_number":"0","override_share_counter":"0","share_counter_number":"0","override_like_counter":"0","like_counter_number":"0","override_dislike_counter":"0","dislike_counter_number":"0"},"footnotes":""},"categories":[35],"tags":[],"class_list":["post-27133","post","type-post","status-publish","format-standard","has-post-thumbnail","hentry","category-cabello"],"_links":{"self":[{"href":"https:\/\/www.primor.eu\/blog\/wp-json\/wp\/v2\/posts\/27133","targetHints":{"allow":["GET"]}}],"collection":[{"href":"https:\/\/www.primor.eu\/blog\/wp-json\/wp\/v2\/posts"}],"about":[{"href":"https:\/\/www.primor.eu\/blog\/wp-json\/wp\/v2\/types\/post"}],"author":[{"embeddable":true,"href":"https:\/\/www.primor.eu\/blog\/wp-json\/wp\/v2\/users\/14"}],"replies":[{"embeddable":true,"href":"https:\/\/www.primor.eu\/blog\/wp-json\/wp\/v2\/comments?post=27133"}],"version-history":[{"count":9,"href":"https:\/\/www.primor.eu\/blog\/wp-json\/wp\/v2\/posts\/27133\/revisions"}],"predecessor-version":[{"id":85044,"href":"https:\/\/www.primor.eu\/blog\/wp-json\/wp\/v2\/posts\/27133\/revisions\/85044"}],"wp:featuredmedia":[{"embeddable":true,"href":"https:\/\/www.primor.eu\/blog\/wp-json\/wp\/v2\/media\/85035"}],"wp:attachment":[{"href":"https:\/\/www.primor.eu\/blog\/wp-json\/wp\/v2\/media?parent=27133"}],"wp:term":[{"taxonomy":"category","embeddable":true,"href":"https:\/\/www.primor.eu\/blog\/wp-json\/wp\/v2\/categories?post=27133"},{"taxonomy":"post_tag","embeddable":true,"href":"https:\/\/www.primor.eu\/blog\/wp-json\/wp\/v2\/tags?post=27133"}],"curies":[{"name":"wp","href":"https:\/\/api.w.org\/{rel}","templated":true}]}}