{"id":26529,"date":"2021-09-27T10:00:15","date_gmt":"2023-06-08T15:31:18","guid":{"rendered":"https:\/\/blog.primor.eu\/?p=26529"},"modified":"2025-06-30T05:58:04","modified_gmt":"2025-06-30T05:58:04","slug":"mejores-mascarillas-para-el-pelo","status":"publish","type":"post","link":"https:\/\/www.primor.eu\/blog\/mejores-mascarillas-para-el-pelo\/","title":{"rendered":"Sabemos cu\u00e1les son las mejores mascarillas para cada tipo de pelo"},"content":{"rendered":"<p>El secreto de una <strong>melena sana, brillante y nutrida<\/strong> es la constancia. No hay m\u00e1s secreto que eso. Lo dicen no solamente las peluqueras - las que m\u00e1s saben de <a href=\"https:\/\/www.primor.eu\/blog\/category\/cabello\/\" target=\"_blank\" rel=\"noopener\">cabello<\/a> -, sino tambi\u00e9n las dermat\u00f3logas. Pocas son las afortunadas que pueden presumir de un pelo fuerte y sano sin apenas cuidarlo, sin utilizar productos espec\u00edficos y de calidad y sin hacerlo, adem\u00e1s, con regularidad. Una rutina de cuidado mimada y constante es primordial para presumir de pelo. Tambi\u00e9n lo es utilizar <strong>mascarillas para el pelo<\/strong> con cierta frecuencia y dejarlas actuar, al menos una vez a la semana, m\u00e1s del tiempo recomendado.<\/p>\n<p><strong>\u00bfA qu\u00e9 nos referimos con eso?<\/strong> Que si por norma general, deber\u00edamos aplicarnos la <a href=\"https:\/\/www.primor.eu\/blog\/mascarillas-de-pelo-hidratantes-verano\/\" target=\"_blank\" rel=\"noopener\">mascarilla<\/a> unas tres veces por semana, al menos una de estas deber\u00edamos llevarla m\u00e1s all\u00e1 de los cinco minutos habituales. Tambi\u00e9n ser\u00eda interesante, sobre todo si el cabello es muy quebradizo y fr\u00e1gil, dejarla actuar durante toda la noche, especialmente en temporadas donde el pelo est\u00e1 m\u00e1s expuesto a <a href=\"https:\/\/www.primor.eu\/blog\/como-cuidar-el-cabello-con-mechas\/\" target=\"_blank\" rel=\"noopener\">factores externos negativos<\/a> como el verano.<\/p>\n<h2 style=\"text-align: center;\">Las mejores mascarillas para el pelo<\/h2>\n<p style=\"text-align: center;\"><span data-sheets-value=\"{&quot;1&quot;:2,&quot;2&quot;:&quot;Hair Food Mascarilla Capilar 3 en 1 - Papaya Reparadora para Pelo Da\u00f1ado de FructisnMascarilla Aceite de Coco de OccunnOlaplex 3nOGX de Aceite de ArgannMoroccanoil Champagne Color MasknK\u00e9rastase Masque Nutritiva MagistralnSerie Expert Inforcer Mascarilla L'OrealnBC SCHWARZKOPF Oil Miracle Brazilnut Mascarilla Capilarrnrn&quot;}\" data-sheets-userformat=\"{&quot;2&quot;:13251,&quot;3&quot;:{&quot;1&quot;:0},&quot;4&quot;:[null,2,15915995],&quot;9&quot;:1,&quot;10&quot;:1,&quot;11&quot;:4,&quot;12&quot;:0,&quot;15&quot;:&quot;Helvetica Neue&quot;,&quot;16&quot;:11}\"><strong>Mascarilla reparadora de papaya para pelo da\u00f1ado, de Garnier Fructis<\/strong><\/span><\/p>\n<figure id=\"attachment_26546\" aria-describedby=\"caption-attachment-26546\" style=\"width: 600px\" class=\"wp-caption aligncenter\"><a href=\"https:\/\/www.primor.eu\/es_es\/fructis-hair-food-mascarilla-3-en-1-papaya-9084.html\" target=\"_blank\" rel=\"noopener\"><img decoding=\"async\" class=\"size-full wp-image-26546\" src=\"\/wp-content\/uploads\/2021\/09\/fructis-hair-food-mascarilla-3-en-1-papaya.jpeg\" alt=\"mascarilla de pelo garnier\" width=\"600\" height=\"600\" \/><\/a><figcaption id=\"caption-attachment-26546\" class=\"wp-caption-text\"><a href=\"https:\/\/www.primor.eu\/es_es\/fructis-hair-food-mascarilla-3-en-1-papaya-9084.html\" target=\"_blank\" rel=\"noopener\">\u00a9 Mascarilla de Papaya Reparadora para Pelo Da\u00f1ado de Garnier Fructis (4,40 \u20ac)<\/a><\/figcaption><\/figure>\n<p style=\"text-align: center;\"><span data-sheets-value=\"{&quot;1&quot;:2,&quot;2&quot;:&quot;Hair Food Mascarilla Capilar 3 en 1 - Papaya Reparadora para Pelo Da\u00f1ado de FructisnMascarilla Aceite de Coco de OccunnOlaplex 3nOGX de Aceite de ArgannMoroccanoil Champagne Color MasknK\u00e9rastase Masque Nutritiva MagistralnSerie Expert Inforcer Mascarilla L'OrealnBC SCHWARZKOPF Oil Miracle Brazilnut Mascarilla Capilarrnrn&quot;}\" data-sheets-userformat=\"{&quot;2&quot;:13251,&quot;3&quot;:{&quot;1&quot;:0},&quot;4&quot;:[null,2,15915995],&quot;9&quot;:1,&quot;10&quot;:1,&quot;11&quot;:4,&quot;12&quot;:0,&quot;15&quot;:&quot;Helvetica Neue&quot;,&quot;16&quot;:11}\">\u00bfPara qu\u00e9 tipo de pelo? Para chicas con el pelo da\u00f1ado.\u00a0<\/span><\/p>\n<p style=\"text-align: center;\"><span data-sheets-value=\"{&quot;1&quot;:2,&quot;2&quot;:&quot;Hair Food Mascarilla Capilar 3 en 1 - Papaya Reparadora para Pelo Da\u00f1ado de FructisnMascarilla Aceite de Coco de OccunnOlaplex 3nOGX de Aceite de ArgannMoroccanoil Champagne Color MasknK\u00e9rastase Masque Nutritiva MagistralnSerie Expert Inforcer Mascarilla L'OrealnBC SCHWARZKOPF Oil Miracle Brazilnut Mascarilla Capilarrnrn&quot;}\" data-sheets-userformat=\"{&quot;2&quot;:13251,&quot;3&quot;:{&quot;1&quot;:0},&quot;4&quot;:[null,2,15915995],&quot;9&quot;:1,&quot;10&quot;:1,&quot;11&quot;:4,&quot;12&quot;:0,&quot;15&quot;:&quot;Helvetica Neue&quot;,&quot;16&quot;:11}\"><br \/>\n<strong>Mascarilla con aceite de coco, de Occun<\/strong><\/span><\/p>\n<figure id=\"attachment_26544\" aria-describedby=\"caption-attachment-26544\" style=\"width: 600px\" class=\"wp-caption aligncenter\"><a href=\"https:\/\/www.primor.eu\/es_es\/occun-mascarilla-aceite-de-coco-9277.html\" target=\"_blank\" rel=\"noopener\"><img decoding=\"async\" class=\"size-full wp-image-26544\" src=\"\/wp-content\/uploads\/2021\/09\/mascarilla-aceite-de-coco.jpeg\" alt=\"mascarilal pelo con aceite de coco\" width=\"600\" height=\"600\" \/><\/a><figcaption id=\"caption-attachment-26544\" class=\"wp-caption-text\"><a href=\"https:\/\/www.primor.eu\/es_es\/occun-mascarilla-aceite-de-coco-9277.html\" target=\"_blank\" rel=\"noopener\">\u00a9 Mascarilla Aceite de Coco de Occun (9,90 \u20ac)<\/a><\/figcaption><\/figure>\n<p style=\"text-align: center;\"><span data-sheets-value=\"{&quot;1&quot;:2,&quot;2&quot;:&quot;Hair Food Mascarilla Capilar 3 en 1 - Papaya Reparadora para Pelo Da\u00f1ado de FructisnMascarilla Aceite de Coco de OccunnOlaplex 3nOGX de Aceite de ArgannMoroccanoil Champagne Color MasknK\u00e9rastase Masque Nutritiva MagistralnSerie Expert Inforcer Mascarilla L'OrealnBC SCHWARZKOPF Oil Miracle Brazilnut Mascarilla Capilarrnrn&quot;}\" data-sheets-userformat=\"{&quot;2&quot;:13251,&quot;3&quot;:{&quot;1&quot;:0},&quot;4&quot;:[null,2,15915995],&quot;9&quot;:1,&quot;10&quot;:1,&quot;11&quot;:4,&quot;12&quot;:0,&quot;15&quot;:&quot;Helvetica Neue&quot;,&quot;16&quot;:11}\">\u00bfPara qu\u00e9 tipo de pelo? Para pelos apagados.<\/span><\/p>\n<p style=\"text-align: center;\"><span data-sheets-value=\"{&quot;1&quot;:2,&quot;2&quot;:&quot;Hair Food Mascarilla Capilar 3 en 1 - Papaya Reparadora para Pelo Da\u00f1ado de FructisnMascarilla Aceite de Coco de OccunnOlaplex 3nOGX de Aceite de ArgannMoroccanoil Champagne Color MasknK\u00e9rastase Masque Nutritiva MagistralnSerie Expert Inforcer Mascarilla L'OrealnBC SCHWARZKOPF Oil Miracle Brazilnut Mascarilla Capilarrnrn&quot;}\" data-sheets-userformat=\"{&quot;2&quot;:13251,&quot;3&quot;:{&quot;1&quot;:0},&quot;4&quot;:[null,2,15915995],&quot;9&quot;:1,&quot;10&quot;:1,&quot;11&quot;:4,&quot;12&quot;:0,&quot;15&quot;:&quot;Helvetica Neue&quot;,&quot;16&quot;:11}\"><br \/>\n<strong>Mascarilla n\u00famero 3, de Olaplex<\/strong><\/span><\/p>\n<figure id=\"attachment_26542\" aria-describedby=\"caption-attachment-26542\" style=\"width: 600px\" class=\"wp-caption aligncenter\"><a href=\"https:\/\/www.primor.eu\/es_es\/olaplex-n3-hair-perfector-reparador-y-fortalecedor-capilar-11233.html\" target=\"_blank\" rel=\"noopener\"><img decoding=\"async\" class=\"size-full wp-image-26542\" src=\"\/wp-content\/uploads\/2021\/09\/n3-hair-perfector-reparador-y-fortalecedor-capilar.jpeg\" alt=\"mascarilla para el pelo olaplex\" width=\"600\" height=\"600\" \/><\/a><figcaption id=\"caption-attachment-26542\" class=\"wp-caption-text\"><a href=\"https:\/\/www.primor.eu\/es_es\/olaplex-n3-hair-perfector-reparador-y-fortalecedor-capilar-11233.html\" target=\"_blank\" rel=\"noopener\">\u00a9 Mascarilla n\u00famero 3 de Olaplex (20,99 \u20ac)<\/a><\/figcaption><\/figure>\n<p style=\"text-align: center;\"><span data-sheets-value=\"{&quot;1&quot;:2,&quot;2&quot;:&quot;Hair Food Mascarilla Capilar 3 en 1 - Papaya Reparadora para Pelo Da\u00f1ado de FructisnMascarilla Aceite de Coco de OccunnOlaplex 3nOGX de Aceite de ArgannMoroccanoil Champagne Color MasknK\u00e9rastase Masque Nutritiva MagistralnSerie Expert Inforcer Mascarilla L'OrealnBC SCHWARZKOPF Oil Miracle Brazilnut Mascarilla Capilarrnrn&quot;}\" data-sheets-userformat=\"{&quot;2&quot;:13251,&quot;3&quot;:{&quot;1&quot;:0},&quot;4&quot;:[null,2,15915995],&quot;9&quot;:1,&quot;10&quot;:1,&quot;11&quot;:4,&quot;12&quot;:0,&quot;15&quot;:&quot;Helvetica Neue&quot;,&quot;16&quot;:11}\">\u00bfPara qu\u00e9 tipo de pelo? Para pelo desnutrido.<\/span><\/p>\n<p style=\"text-align: center;\"><span data-sheets-value=\"{&quot;1&quot;:2,&quot;2&quot;:&quot;Hair Food Mascarilla Capilar 3 en 1 - Papaya Reparadora para Pelo Da\u00f1ado de FructisnMascarilla Aceite de Coco de OccunnOlaplex 3nOGX de Aceite de ArgannMoroccanoil Champagne Color MasknK\u00e9rastase Masque Nutritiva MagistralnSerie Expert Inforcer Mascarilla L'OrealnBC SCHWARZKOPF Oil Miracle Brazilnut Mascarilla Capilarrnrn&quot;}\" data-sheets-userformat=\"{&quot;2&quot;:13251,&quot;3&quot;:{&quot;1&quot;:0},&quot;4&quot;:[null,2,15915995],&quot;9&quot;:1,&quot;10&quot;:1,&quot;11&quot;:4,&quot;12&quot;:0,&quot;15&quot;:&quot;Helvetica Neue&quot;,&quot;16&quot;:11}\"><br \/>\n<strong>Mascarilla con aceite de arg\u00e1n, de OGX<\/strong><\/span><\/p>\n<figure id=\"attachment_26540\" aria-describedby=\"caption-attachment-26540\" style=\"width: 600px\" class=\"wp-caption aligncenter\"><a href=\"https:\/\/www.primor.eu\/es_es\/ogx-aceite-de-argan-de-marruecos-extra-penetrante-9116.html\" target=\"_blank\" rel=\"noopener\"><img decoding=\"async\" class=\"size-full wp-image-26540\" src=\"\/wp-content\/uploads\/2021\/09\/aceite-de-argan-de-marruecos-extra-penetrante.jpeg\" alt=\"aceite de arg\u00e1n para el pelo\" width=\"600\" height=\"600\" \/><\/a><figcaption id=\"caption-attachment-26540\" class=\"wp-caption-text\"><a href=\"https:\/\/www.primor.eu\/es_es\/ogx-aceite-de-argan-de-marruecos-extra-penetrante-9116.html\" target=\"_blank\" rel=\"noopener\">\u00a9 Aceite de arg\u00e1n para el pelo de OGX (5,95\u20ac)<\/a><\/figcaption><\/figure>\n<p style=\"text-align: center;\"><span data-sheets-value=\"{&quot;1&quot;:2,&quot;2&quot;:&quot;Hair Food Mascarilla Capilar 3 en 1 - Papaya Reparadora para Pelo Da\u00f1ado de FructisnMascarilla Aceite de Coco de OccunnOlaplex 3nOGX de Aceite de ArgannMoroccanoil Champagne Color MasknK\u00e9rastase Masque Nutritiva MagistralnSerie Expert Inforcer Mascarilla L'OrealnBC SCHWARZKOPF Oil Miracle Brazilnut Mascarilla Capilarrnrn&quot;}\" data-sheets-userformat=\"{&quot;2&quot;:13251,&quot;3&quot;:{&quot;1&quot;:0},&quot;4&quot;:[null,2,15915995],&quot;9&quot;:1,&quot;10&quot;:1,&quot;11&quot;:4,&quot;12&quot;:0,&quot;15&quot;:&quot;Helvetica Neue&quot;,&quot;16&quot;:11}\">\u00bfPara qu\u00e9 tipo de pelo? Para pelo muy seco.<\/span><\/p>\n<p style=\"text-align: center;\"><span data-sheets-value=\"{&quot;1&quot;:2,&quot;2&quot;:&quot;Hair Food Mascarilla Capilar 3 en 1 - Papaya Reparadora para Pelo Da\u00f1ado de FructisnMascarilla Aceite de Coco de OccunnOlaplex 3nOGX de Aceite de ArgannMoroccanoil Champagne Color MasknK\u00e9rastase Masque Nutritiva MagistralnSerie Expert Inforcer Mascarilla L'OrealnBC SCHWARZKOPF Oil Miracle Brazilnut Mascarilla Capilarrnrn&quot;}\" data-sheets-userformat=\"{&quot;2&quot;:13251,&quot;3&quot;:{&quot;1&quot;:0},&quot;4&quot;:[null,2,15915995],&quot;9&quot;:1,&quot;10&quot;:1,&quot;11&quot;:4,&quot;12&quot;:0,&quot;15&quot;:&quot;Helvetica Neue&quot;,&quot;16&quot;:11}\"><br \/>\n<strong>Mascarilla Champagne Color, de Moroccanoil<\/strong><\/span><\/p>\n<figure id=\"attachment_26538\" aria-describedby=\"caption-attachment-26538\" style=\"width: 600px\" class=\"wp-caption aligncenter\"><a href=\"https:\/\/www.primor.eu\/es_es\/moroccanoil-champagne-color-mask-11326.html\" target=\"_blank\" rel=\"noopener\"><img decoding=\"async\" class=\"size-full wp-image-26538\" src=\"\/wp-content\/uploads\/2021\/09\/champagne-color-mask.jpeg\" alt=\"mascarilla pelo te\u00f1ido moroccanoil\" width=\"600\" height=\"600\" \/><\/a><figcaption id=\"caption-attachment-26538\" class=\"wp-caption-text\"><a href=\"https:\/\/www.primor.eu\/es_es\/moroccanoil-champagne-color-mask-11326.html\" target=\"_blank\" rel=\"noopener\">\u00a9 Mascarilla de Moroccanoil (28,90\u00a0\u20ac)<\/a><\/figcaption><\/figure>\n<p style=\"text-align: center;\"><span data-sheets-value=\"{&quot;1&quot;:2,&quot;2&quot;:&quot;Hair Food Mascarilla Capilar 3 en 1 - Papaya Reparadora para Pelo Da\u00f1ado de FructisnMascarilla Aceite de Coco de OccunnOlaplex 3nOGX de Aceite de ArgannMoroccanoil Champagne Color MasknK\u00e9rastase Masque Nutritiva MagistralnSerie Expert Inforcer Mascarilla L'OrealnBC SCHWARZKOPF Oil Miracle Brazilnut Mascarilla Capilarrnrn&quot;}\" data-sheets-userformat=\"{&quot;2&quot;:13251,&quot;3&quot;:{&quot;1&quot;:0},&quot;4&quot;:[null,2,15915995],&quot;9&quot;:1,&quot;10&quot;:1,&quot;11&quot;:4,&quot;12&quot;:0,&quot;15&quot;:&quot;Helvetica Neue&quot;,&quot;16&quot;:11}\">\u00bfPara qu\u00e9 tipo de pelo? Para pelo te\u00f1ido.<\/span><\/p>\n<p style=\"text-align: center;\"><span data-sheets-value=\"{&quot;1&quot;:2,&quot;2&quot;:&quot;Hair Food Mascarilla Capilar 3 en 1 - Papaya Reparadora para Pelo Da\u00f1ado de FructisnMascarilla Aceite de Coco de OccunnOlaplex 3nOGX de Aceite de ArgannMoroccanoil Champagne Color MasknK\u00e9rastase Masque Nutritiva MagistralnSerie Expert Inforcer Mascarilla L'OrealnBC SCHWARZKOPF Oil Miracle Brazilnut Mascarilla Capilarrnrn&quot;}\" data-sheets-userformat=\"{&quot;2&quot;:13251,&quot;3&quot;:{&quot;1&quot;:0},&quot;4&quot;:[null,2,15915995],&quot;9&quot;:1,&quot;10&quot;:1,&quot;11&quot;:4,&quot;12&quot;:0,&quot;15&quot;:&quot;Helvetica Neue&quot;,&quot;16&quot;:11}\"><br \/>\n<strong>Mascarilla nutritiva Magistral, de K\u00e9rastase<\/strong><\/span><\/p>\n<figure id=\"attachment_26536\" aria-describedby=\"caption-attachment-26536\" style=\"width: 600px\" class=\"wp-caption aligncenter\"><a href=\"https:\/\/www.primor.eu\/es_es\/moroccanoil-champagne-color-mask-11326.html\" target=\"_blank\" rel=\"noopener\"><img decoding=\"async\" class=\"size-full wp-image-26536\" src=\"\/wp-content\/uploads\/2021\/09\/nutritive-masque-magistral-mascarilla.jpeg\" alt=\"mascarilla capilar kerastase\" width=\"600\" height=\"600\" \/><\/a><figcaption id=\"caption-attachment-26536\" class=\"wp-caption-text\"><a href=\"https:\/\/www.primor.eu\/es_es\/moroccanoil-champagne-color-mask-11326.html\" target=\"_blank\" rel=\"noopener\">\u00a9 Mascarilla capilar de Kerastase (28,40 \u20ac)<\/a><\/figcaption><\/figure>\n<p style=\"text-align: center;\"><span data-sheets-value=\"{&quot;1&quot;:2,&quot;2&quot;:&quot;Hair Food Mascarilla Capilar 3 en 1 - Papaya Reparadora para Pelo Da\u00f1ado de FructisnMascarilla Aceite de Coco de OccunnOlaplex 3nOGX de Aceite de ArgannMoroccanoil Champagne Color MasknK\u00e9rastase Masque Nutritiva MagistralnSerie Expert Inforcer Mascarilla L'OrealnBC SCHWARZKOPF Oil Miracle Brazilnut Mascarilla Capilarrnrn&quot;}\" data-sheets-userformat=\"{&quot;2&quot;:13251,&quot;3&quot;:{&quot;1&quot;:0},&quot;4&quot;:[null,2,15915995],&quot;9&quot;:1,&quot;10&quot;:1,&quot;11&quot;:4,&quot;12&quot;:0,&quot;15&quot;:&quot;Helvetica Neue&quot;,&quot;16&quot;:11}\">\u00bfPara qu\u00e9 tipo de pelo? Para pelos con puntas abiertas.<\/span><\/p>\n<p style=\"text-align: center;\"><span data-sheets-value=\"{&quot;1&quot;:2,&quot;2&quot;:&quot;Hair Food Mascarilla Capilar 3 en 1 - Papaya Reparadora para Pelo Da\u00f1ado de FructisnMascarilla Aceite de Coco de OccunnOlaplex 3nOGX de Aceite de ArgannMoroccanoil Champagne Color MasknK\u00e9rastase Masque Nutritiva MagistralnSerie Expert Inforcer Mascarilla L'OrealnBC SCHWARZKOPF Oil Miracle Brazilnut Mascarilla Capilarrnrn&quot;}\" data-sheets-userformat=\"{&quot;2&quot;:13251,&quot;3&quot;:{&quot;1&quot;:0},&quot;4&quot;:[null,2,15915995],&quot;9&quot;:1,&quot;10&quot;:1,&quot;11&quot;:4,&quot;12&quot;:0,&quot;15&quot;:&quot;Helvetica Neue&quot;,&quot;16&quot;:11}\"><br \/>\n<strong>Mascarilla Serie Expert Inforcer, de L'Or\u00e9al Par\u00eds<\/strong><\/span><\/p>\n<figure id=\"attachment_26534\" aria-describedby=\"caption-attachment-26534\" style=\"width: 600px\" class=\"wp-caption aligncenter\"><a href=\"https:\/\/www.primor.eu\/es_es\/l-oreal-professionnel-serie-expert-inforcer-mascarilla-11570.html\" target=\"_blank\" rel=\"noopener\"><img decoding=\"async\" class=\"size-full wp-image-26534\" src=\"\/wp-content\/uploads\/2021\/09\/serie-expert-inforcer-mascarilla.jpeg\" alt=\"mascarilla l'oreal\" width=\"600\" height=\"600\" \/><\/a><figcaption id=\"caption-attachment-26534\" class=\"wp-caption-text\"><a href=\"https:\/\/www.primor.eu\/es_es\/l-oreal-professionnel-serie-expert-inforcer-mascarilla-11570.html\" target=\"_blank\" rel=\"noopener\">\u00a9 Mascarilla de L'Or\u00e9al Serie Expert Inforcer (16,95 \u20ac)<\/a><\/figcaption><\/figure>\n<p style=\"text-align: center;\"><span data-sheets-value=\"{&quot;1&quot;:2,&quot;2&quot;:&quot;Hair Food Mascarilla Capilar 3 en 1 - Papaya Reparadora para Pelo Da\u00f1ado de FructisnMascarilla Aceite de Coco de OccunnOlaplex 3nOGX de Aceite de ArgannMoroccanoil Champagne Color MasknK\u00e9rastase Masque Nutritiva MagistralnSerie Expert Inforcer Mascarilla L'OrealnBC SCHWARZKOPF Oil Miracle Brazilnut Mascarilla Capilarrnrn&quot;}\" data-sheets-userformat=\"{&quot;2&quot;:13251,&quot;3&quot;:{&quot;1&quot;:0},&quot;4&quot;:[null,2,15915995],&quot;9&quot;:1,&quot;10&quot;:1,&quot;11&quot;:4,&quot;12&quot;:0,&quot;15&quot;:&quot;Helvetica Neue&quot;,&quot;16&quot;:11}\">\u00bfPara qu\u00e9 tipo de pelo? Para pelo fr\u00e1gil.<\/span><\/p>\n<p style=\"text-align: center;\"><span data-sheets-value=\"{&quot;1&quot;:2,&quot;2&quot;:&quot;Hair Food Mascarilla Capilar 3 en 1 - Papaya Reparadora para Pelo Da\u00f1ado de FructisnMascarilla Aceite de Coco de OccunnOlaplex 3nOGX de Aceite de ArgannMoroccanoil Champagne Color MasknK\u00e9rastase Masque Nutritiva MagistralnSerie Expert Inforcer Mascarilla L'OrealnBC SCHWARZKOPF Oil Miracle Brazilnut Mascarilla Capilarrnrn&quot;}\" data-sheets-userformat=\"{&quot;2&quot;:13251,&quot;3&quot;:{&quot;1&quot;:0},&quot;4&quot;:[null,2,15915995],&quot;9&quot;:1,&quot;10&quot;:1,&quot;11&quot;:4,&quot;12&quot;:0,&quot;15&quot;:&quot;Helvetica Neue&quot;,&quot;16&quot;:11}\"><br \/>\n<strong>Mascarilla Oil Miracle, de Schwarzkopf<\/strong><\/span><\/p>\n<figure id=\"attachment_26532\" aria-describedby=\"caption-attachment-26532\" style=\"width: 600px\" class=\"wp-caption aligncenter\"><a href=\"https:\/\/www.primor.eu\/es_es\/bc-schwarzkopf-oil-miracle-brazilnut-mascarilla-capilar-10176.html\" target=\"_blank\" rel=\"noopener\"><img decoding=\"async\" class=\"size-full wp-image-26532\" src=\"\/wp-content\/uploads\/2021\/09\/oil-miracle-brazilnut-mascarilla-capilar.jpeg\" alt=\"mascarilla para el pelo\" width=\"600\" height=\"600\" \/><\/a><figcaption id=\"caption-attachment-26532\" class=\"wp-caption-text\"><a href=\"https:\/\/www.primor.eu\/es_es\/bc-schwarzkopf-oil-miracle-brazilnut-mascarilla-capilar-10176.html\" target=\"_blank\" rel=\"noopener\">\u00a9 Mascarilla de BC Schwarzkopf (9,99 \u20ac)<\/a><\/figcaption><\/figure>\n<p style=\"text-align: center;\">\u00bfPara qu\u00e9 tipo de pelo? Para pelo muy fr\u00e1gil.<\/p>\n<p>La clave de un pelo sano es sencilla: utilizar estas mascarillas para el pelo y coger el h\u00e1bito.<\/p>\n\n\n<div class=\"kk-star-ratings kksr-auto kksr-align-center kksr-valign-bottom\"\n    data-payload='{&quot;align&quot;:&quot;center&quot;,&quot;id&quot;:&quot;26529&quot;,&quot;slug&quot;:&quot;default&quot;,&quot;valign&quot;:&quot;bottom&quot;,&quot;ignore&quot;:&quot;&quot;,&quot;reference&quot;:&quot;auto&quot;,&quot;class&quot;:&quot;&quot;,&quot;count&quot;:&quot;0&quot;,&quot;legendonly&quot;:&quot;&quot;,&quot;readonly&quot;:&quot;&quot;,&quot;score&quot;:&quot;0&quot;,&quot;starsonly&quot;:&quot;&quot;,&quot;best&quot;:&quot;5&quot;,&quot;gap&quot;:&quot;5&quot;,&quot;greet&quot;:&quot;Valora este art\u00edculo&quot;,&quot;legend&quot;:&quot;0\\\/5 - (0 votos)&quot;,&quot;size&quot;:&quot;24&quot;,&quot;title&quot;:&quot;Sabemos cu\u00e1les son las mejores mascarillas para cada tipo de pelo&quot;,&quot;width&quot;:&quot;0&quot;,&quot;_legend&quot;:&quot;{score}\\\/{best} - ({count} {votes})&quot;,&quot;font_factor&quot;:&quot;1.25&quot;}'>\n            \n<div class=\"kksr-stars\">\n    \n<div class=\"kksr-stars-inactive\">\n            <div class=\"kksr-star\" data-star=\"1\" style=\"padding-right: 5px\">\n            \n\n<div class=\"kksr-icon\" style=\"width: 24px; height: 24px;\"><\/div>\n        <\/div>\n            <div class=\"kksr-star\" data-star=\"2\" style=\"padding-right: 5px\">\n            \n\n<div class=\"kksr-icon\" style=\"width: 24px; height: 24px;\"><\/div>\n        <\/div>\n            <div class=\"kksr-star\" data-star=\"3\" style=\"padding-right: 5px\">\n            \n\n<div class=\"kksr-icon\" style=\"width: 24px; height: 24px;\"><\/div>\n        <\/div>\n            <div class=\"kksr-star\" data-star=\"4\" style=\"padding-right: 5px\">\n            \n\n<div class=\"kksr-icon\" style=\"width: 24px; height: 24px;\"><\/div>\n        <\/div>\n            <div class=\"kksr-star\" data-star=\"5\" style=\"padding-right: 5px\">\n            \n\n<div class=\"kksr-icon\" style=\"width: 24px; height: 24px;\"><\/div>\n        <\/div>\n    <\/div>\n    \n<div class=\"kksr-stars-active\" style=\"width: 0px;\">\n            <div class=\"kksr-star\" style=\"padding-right: 5px\">\n            \n\n<div class=\"kksr-icon\" style=\"width: 24px; height: 24px;\"><\/div>\n        <\/div>\n            <div class=\"kksr-star\" style=\"padding-right: 5px\">\n            \n\n<div class=\"kksr-icon\" style=\"width: 24px; height: 24px;\"><\/div>\n        <\/div>\n            <div class=\"kksr-star\" style=\"padding-right: 5px\">\n            \n\n<div class=\"kksr-icon\" style=\"width: 24px; height: 24px;\"><\/div>\n        <\/div>\n            <div class=\"kksr-star\" style=\"padding-right: 5px\">\n            \n\n<div class=\"kksr-icon\" style=\"width: 24px; height: 24px;\"><\/div>\n        <\/div>\n            <div class=\"kksr-star\" style=\"padding-right: 5px\">\n            \n\n<div class=\"kksr-icon\" style=\"width: 24px; height: 24px;\"><\/div>\n        <\/div>\n    <\/div>\n<\/div>\n                \n\n<div class=\"kksr-legend\" style=\"font-size: 19.2px;\">\n            <span class=\"kksr-muted\">Valora este art\u00edculo<\/span>\n    <\/div>\n    <\/div>\n","protected":false},"excerpt":{"rendered":"<p>El secreto de una melena sana, brillante y nutrida es la constancia. No hay m\u00e1s secreto que eso. Lo dicen no solamente las peluqueras &#8211; las que m\u00e1s saben de cabello -, sino tambi\u00e9n las dermat\u00f3logas. Pocas son las afortunadas que pueden presumir de un pelo fuerte y sano sin apenas cuidarlo, sin utilizar productos [&hellip;]<\/p>\n","protected":false},"author":4,"featured_media":65828,"comment_status":"open","ping_status":"open","sticky":false,"template":"","format":"standard","meta":{"jnews-multi-image_gallery":[],"jnews_single_post":{"subtitle":"","format":"standard","video":"","gallery":"","source_name":"","source_url":"","via_name":"","via_url":"","override_template":"0","override":[{"template":"1","single_blog_custom":"","parallax":"1","fullscreen":"1","layout":"right-sidebar","sidebar":"home-2","second_sidebar":"default-sidebar","sticky_sidebar":"0","share_position":"float","share_float_style":"share-monocrhome","show_share_counter":"0","show_view_counter":"0","show_featured":"1","show_post_meta":"1","show_post_author":"0","show_post_author_image":"1","show_post_date":"1","post_date_format":"default","post_date_format_custom":"Y\/m\/d","show_post_category":"1","show_post_reading_time":"0","post_reading_time_wpm":"300","show_zoom_button":"0","zoom_button_out_step":"2","zoom_button_in_step":"3","show_post_tag":"0","show_prev_next_post":"0","show_popup_post":"0","number_popup_post":"2","show_author_box":"0","show_post_related":"0","show_inline_post_related":"1"}],"override_image_size":"0","image_override":[{"single_post_thumbnail_size":"no-crop","single_post_gallery_size":"crop-500"}],"trending_post":"0","trending_post_position":"meta","trending_post_label":"Trending","sponsored_post":"0","sponsored_post_label":"Sponsored by","sponsored_post_name":"","sponsored_post_url":"","sponsored_post_logo_enable":"0","sponsored_post_logo":"","sponsored_post_desc":"","disable_ad":"0"},"jnews_primary_category":{"id":"","hide":""},"jnews_social_meta":{"fb_title":"","fb_description":"","fb_image":"","twitter_title":"","twitter_description":"","twitter_image":""},"jnews_override_counter":{"override_view_counter":"0","view_counter_number":"0","override_share_counter":"0","share_counter_number":"0","override_like_counter":"0","like_counter_number":"0","override_dislike_counter":"0","dislike_counter_number":"0"},"footnotes":""},"categories":[35],"tags":[],"class_list":["post-26529","post","type-post","status-publish","format-standard","has-post-thumbnail","hentry","category-cabello"],"_links":{"self":[{"href":"https:\/\/www.primor.eu\/blog\/wp-json\/wp\/v2\/posts\/26529","targetHints":{"allow":["GET"]}}],"collection":[{"href":"https:\/\/www.primor.eu\/blog\/wp-json\/wp\/v2\/posts"}],"about":[{"href":"https:\/\/www.primor.eu\/blog\/wp-json\/wp\/v2\/types\/post"}],"author":[{"embeddable":true,"href":"https:\/\/www.primor.eu\/blog\/wp-json\/wp\/v2\/users\/4"}],"replies":[{"embeddable":true,"href":"https:\/\/www.primor.eu\/blog\/wp-json\/wp\/v2\/comments?post=26529"}],"version-history":[{"count":16,"href":"https:\/\/www.primor.eu\/blog\/wp-json\/wp\/v2\/posts\/26529\/revisions"}],"predecessor-version":[{"id":104672,"href":"https:\/\/www.primor.eu\/blog\/wp-json\/wp\/v2\/posts\/26529\/revisions\/104672"}],"wp:featuredmedia":[{"embeddable":true,"href":"https:\/\/www.primor.eu\/blog\/wp-json\/wp\/v2\/media\/65828"}],"wp:attachment":[{"href":"https:\/\/www.primor.eu\/blog\/wp-json\/wp\/v2\/media?parent=26529"}],"wp:term":[{"taxonomy":"category","embeddable":true,"href":"https:\/\/www.primor.eu\/blog\/wp-json\/wp\/v2\/categories?post=26529"},{"taxonomy":"post_tag","embeddable":true,"href":"https:\/\/www.primor.eu\/blog\/wp-json\/wp\/v2\/tags?post=26529"}],"curies":[{"name":"wp","href":"https:\/\/api.w.org\/{rel}","templated":true}]}}