{"id":2646,"date":"2016-07-05T06:00:53","date_gmt":"2016-07-05T06:00:53","guid":{"rendered":"http:\/\/blog.primor.eu:\/?p=2646"},"modified":"2023-09-22T09:18:53","modified_gmt":"2023-09-22T09:18:53","slug":"look-fresco-productos-low-cost-mua","status":"publish","type":"post","link":"https:\/\/www.primor.eu\/blog\/look-fresco-productos-low-cost-mua\/","title":{"rendered":"Look fresco con productos low cost; MUA"},"content":{"rendered":"<p><a href=\"http:\/\/www.primor.eu\/961_mua\"><img decoding=\"async\" class=\"alignnone wp-image-2653 size-full\" src=\"http:\/\/blog.primor.eu\/wp-content\/uploads\/2024\/07\/IMG_5383.jpg\" alt=\"IMG_5383\" width=\"5184\" height=\"3456\" \/><\/a><\/p>\n<p>Hola Primores!!<\/p>\n<p>A qui\u00e9n no le gusta encontrar productos low cost que funcione bien con los que poder ponernos bien guapas este verano? Hoy os traemos una propuesta con productos de la firma MUA.<\/p>\n<p><!--more--><\/p>\n<p><a href=\"http:\/\/www.primor.eu\/mua\/36574-skin-define-hydro-primer.html\"><strong>PRIMER:\u00a0<\/strong><\/a><\/p>\n<p>En verano apetecen productos fresquitos y que no recarguen la piel, por eso hemos seleccionado este <a href=\"http:\/\/www.primor.eu\/mua\/36574-skin-define-hydro-primer.html\">PRIMER Skin Define Hydro Primer de MUA\u00a0<\/a><\/p>\n<p><a href=\"http:\/\/www.primor.eu\/mua\/36574-skin-define-hydro-primer.html\"><img decoding=\"async\" class=\"alignnone wp-image-2652 size-full\" src=\"http:\/\/blog.primor.eu\/wp-content\/uploads\/2024\/07\/IMG_5384.jpg\" alt=\"IMG_5384\" width=\"5184\" height=\"3456\" \/><\/a><\/p>\n<p>Se trata de una prebase para rostro con una textura en gel transparente, refrescante, ligero y suavizante. Ayuda a que no aparezcan l\u00edneas de expresi\u00f3n y a que el maquillaje dure m\u00e1s tiempo.<\/p>\n<p><a href=\"http:\/\/www.primor.eu\/mua\/36574-skin-define-hydro-primer.html\"><img decoding=\"async\" class=\"alignnone wp-image-2651 size-full\" src=\"http:\/\/blog.primor.eu\/wp-content\/uploads\/2024\/07\/IMG_5385.jpg\" alt=\"IMG_5385\" width=\"5184\" height=\"3456\" \/><\/a><\/p>\n<p><strong>CORRECTORES\u00a0<\/strong><\/p>\n<p>Como vamos a usar una base de maquillaje ligerita, necesitamos unos buenos correctores si tenemos imperfecciones que cubrir. Hemos seleccionado la <strong><a href=\"http:\/\/www.primor.eu\/mua\/36551-pro-base-conceal-and-brighten-kit.html\">Pro-Base conceal and brighten kit\u00a0<\/a>.\u00a0<\/strong><\/p>\n<p><a style=\"line-height: 1.5;\" href=\"http:\/\/www.primor.eu\/mua\/36551-pro-base-conceal-and-brighten-kit.html\"><img decoding=\"async\" class=\"alignnone wp-image-2648 size-full\" src=\"http:\/\/blog.primor.eu\/wp-content\/uploads\/2024\/07\/IMG_5388.jpg\" alt=\"IMG_5388\" width=\"5184\" height=\"3456\" \/><\/a><\/p>\n<p><span style=\"line-height: 1.5;\">Se trata de un kit con tres tonalidades de correctores para tapar decoloraciones, cicatrices, rojeces, manchitas, ojeras...\u00a0<\/span><span style=\"line-height: 1.5;\">\u00a0<\/span><\/p>\n<p><a href=\"http:\/\/www.primor.eu\/mua\/36551-pro-base-conceal-and-brighten-kit.html\"><img decoding=\"async\" class=\"alignnone wp-image-2647 size-full\" src=\"http:\/\/blog.primor.eu\/wp-content\/uploads\/2024\/07\/IMG_5389.jpg\" alt=\"IMG_5389\" width=\"5184\" height=\"3456\" \/><\/a><\/p>\n<p>Los correctores son bastante pigmentados y libres de aceites. Son de larga duraci\u00f3n y aptos para todo tipo de pieles, inclu\u00eddas las pieles sensibles.<\/p>\n<p><a href=\"http:\/\/www.primor.eu\/mua\/36551-pro-base-conceal-and-brighten-kit.html\"><img decoding=\"async\" class=\"alignnone wp-image-2661 size-full\" src=\"http:\/\/blog.primor.eu\/wp-content\/uploads\/2024\/07\/IMG_5393.jpg\" alt=\"IMG_5393\" width=\"5184\" height=\"3456\" \/><\/a><\/p>\n<p>&nbsp;<\/p>\n<p>&nbsp;<\/p>\n<p><a href=\"http:\/\/www.primor.eu\/mua\/36585-skin-define-hydro-foundation.html\"><strong>BASE DE MAQUILLAJE\u00a0<\/strong><\/a><\/p>\n<p>Igual que hemos dicho con la prebase, en verano apetecen productos que no sobrecarguen la piel y que sean frescos.<\/p>\n<p><a href=\"http:\/\/www.primor.eu\/mua\/36585-skin-define-hydro-foundation.html\"><img decoding=\"async\" class=\"alignnone wp-image-2650 size-full\" src=\"http:\/\/blog.primor.eu\/wp-content\/uploads\/2024\/07\/IMG_5386.jpg\" alt=\"IMG_5386\" width=\"5184\" height=\"3456\" \/><\/a><\/p>\n<p><a href=\"http:\/\/www.primor.eu\/mua\/36585-skin-define-hydro-foundation.html\">La Skin define Hydro Foundation<\/a> es una base de maquillaje ligera y bastante fresquita, que lleva vitamina E y aceite de jojoba.<\/p>\n<p>Tiene una cobertura media-baja y un acabado natural y muy confortable sobre la piel.<\/p>\n<p><a href=\"http:\/\/www.primor.eu\/mua\/36585-skin-define-hydro-foundation.html\"><img decoding=\"async\" class=\"alignnone wp-image-2649 size-full\" src=\"http:\/\/blog.primor.eu\/wp-content\/uploads\/2024\/07\/IMG_5387.jpg\" alt=\"IMG_5387\" width=\"5184\" height=\"3456\" \/><\/a><\/p>\n<p><a href=\"http:\/\/www.primor.eu\/mua\/37000-skin-define-hydro-setting-powder.html\"><strong>POLVOS<\/strong><\/a><\/p>\n<p>La sensaci\u00f3n de sequedad o acartonamiento tampoco es nada agradable y menos aun con calor. Por eso hemos seleccionado unos polvos muy especiales; los <a href=\"http:\/\/www.primor.eu\/mua\/37000-skin-define-hydro-setting-powder.html\">Skin define Hydro Powder.\u00a0<\/a><\/p>\n<p><a href=\"http:\/\/www.primor.eu\/mua\/37000-skin-define-hydro-setting-powder.html\"><img decoding=\"async\" class=\"alignnone wp-image-2660 size-full\" src=\"http:\/\/blog.primor.eu\/wp-content\/uploads\/2024\/07\/IMG_5394.jpg\" alt=\"IMG_5394\" width=\"5184\" height=\"3456\" \/><\/a><\/p>\n<p>Son unos polvos tremendamente finos que est\u00e1n enriquecidos con vitamina E y aceite de Jojoba.<\/p>\n<p><a href=\"http:\/\/www.primor.eu\/mua\/37000-skin-define-hydro-setting-powder.html\"><img decoding=\"async\" class=\"alignnone wp-image-2659 size-full\" src=\"http:\/\/blog.primor.eu\/wp-content\/uploads\/2024\/07\/IMG_5395.jpg\" alt=\"IMG_5395\" width=\"5184\" height=\"3456\" \/><\/a><\/p>\n<p>Son transl\u00facidos por lo que se adaptan a todo tipo de pieles. Ayudan a sellar el maquillaje sin acartonar ni resecar ya que son hidratantes.<\/p>\n<p><a href=\"http:\/\/www.primor.eu\/mua\/37000-skin-define-hydro-setting-powder.html\"><img decoding=\"async\" class=\"alignnone wp-image-2658 size-full\" src=\"http:\/\/blog.primor.eu\/wp-content\/uploads\/2024\/07\/IMG_5399.jpg\" alt=\"IMG_5399\" width=\"5184\" height=\"3456\" \/><\/a><\/p>\n<p><a href=\"http:\/\/www.primor.eu\/mua\/37150-the-artiste-collection-palette.html\"><strong>Rostro - Ojos\u00a0<\/strong><\/a><\/p>\n<p>Para ahorrar aun mas, MUA ofrece paletas con diferentes tipos de producto, como es el caso de esta <a href=\"http:\/\/www.primor.eu\/mua\/37150-the-artiste-collection-palette.html\">The Artiste Collection Palette\u00a0<\/a>que contiene, adem\u00e1s de seis sombras de ojos, dos tonos de colorete, un bronzer y un iluminador.<\/p>\n<p>Es una paleta con muy buena pigmentaci\u00f3n y con una excelente relaci\u00f3n calidad-precio.<\/p>\n<p><a href=\"http:\/\/www.primor.eu\/mua\/37150-the-artiste-collection-palette.html\"><img decoding=\"async\" class=\"alignnone wp-image-2655 size-full\" src=\"http:\/\/blog.primor.eu\/wp-content\/uploads\/2024\/07\/IMG_5404.jpg\" alt=\"IMG_5404\" width=\"5184\" height=\"3456\" \/><\/a><\/p>\n<p><strong>Toques finales:\u00a0<\/strong><\/p>\n<p>Podemos delinear nuestros ojos y resaltar nuestras pesta\u00f1as con el <a href=\"http:\/\/www.primor.eu\/mua\/36636-eye-define-volume-line-mascara.html\">Eye Define volume &amp; line mascara.\u00a0<\/a>Se trata de un producto que a\u00fana los b\u00e1sicos para los ojos, el delineador Kajal y la m\u00e1scara de pesta\u00f1as.<\/p>\n<p>Para los labios podemos utilizar el tono que m\u00e1s nos guste de los <a href=\"http:\/\/www.primor.eu\/mua\/36553-power-pout-acrylic.html\">Power Pout Acrylic<\/a>: labiales l\u00edquidos altamente pigmentados y con cobertura total.<\/p>\n<p>&nbsp;<\/p>\n<p><a href=\"http:\/\/www.primor.eu\/mua\/36553-power-pout-acrylic.html\"><img decoding=\"async\" class=\"alignnone wp-image-2654 size-full\" src=\"http:\/\/blog.primor.eu\/wp-content\/uploads\/2024\/07\/IMG_5405.jpg\" alt=\"IMG_5405\" width=\"5184\" height=\"3456\" \/><\/a><\/p>\n<p><a href=\"http:\/\/www.primor.eu\/mua\/36855-makeup-fixing-mist.html\"><strong>Fijador del maquillaje\u00a0<\/strong><\/a><\/p>\n<p>Los spray fijadores del maquillaje est\u00e1n muy asentados entre las americanas y aqu\u00ed todav\u00eda muchas personas desconocen sus beneficios! Son productos estupendos que nos ayudan a tener nuestro maquillaje en perfectas condiciones m\u00e1s tiempo.<\/p>\n<p>Esta versi\u00f3n que os mostramos es la que da al maquillaje un <a href=\"http:\/\/www.primor.eu\/mua\/36855-makeup-fixing-mist.html\">acabado natural y duradero<\/a> pero exixte tambi\u00e9n la versi\u00f3n matificante.<\/p>\n<p><a href=\"http:\/\/www.primor.eu\/mua\/36855-makeup-fixing-mist.html\"><img decoding=\"async\" class=\"alignnone wp-image-2656 size-full\" src=\"http:\/\/blog.primor.eu\/wp-content\/uploads\/2024\/07\/IMG_5401.jpg\" alt=\"IMG_5401\" width=\"5184\" height=\"3456\" \/><\/a><\/p>\n<p>Os dejamos un v\u00eddeo en el que pod\u00e9is ver c\u00f3mo quedan los productos<\/p>\n<p>&nbsp;<\/p>\n<p style=\"text-align: center;\"><iframe src=\"https:\/\/www.youtube.com\/embed\/igdRpRMbhLw\" width=\"560\" height=\"315\" frameborder=\"0\" allowfullscreen=\"allowfullscreen\"><\/iframe><\/p>\n<p style=\"text-align: left;\">Esperamos que os haya gustado el post! Gracias por leer y compartir!<\/p>\n<p style=\"text-align: left;\">Hasta el pr\u00f3ximo!<\/p>\n\n\n<div class=\"kk-star-ratings kksr-auto kksr-align-center kksr-valign-bottom\"\n    data-payload='{&quot;align&quot;:&quot;center&quot;,&quot;id&quot;:&quot;2646&quot;,&quot;slug&quot;:&quot;default&quot;,&quot;valign&quot;:&quot;bottom&quot;,&quot;ignore&quot;:&quot;&quot;,&quot;reference&quot;:&quot;auto&quot;,&quot;class&quot;:&quot;&quot;,&quot;count&quot;:&quot;0&quot;,&quot;legendonly&quot;:&quot;&quot;,&quot;readonly&quot;:&quot;&quot;,&quot;score&quot;:&quot;0&quot;,&quot;starsonly&quot;:&quot;&quot;,&quot;best&quot;:&quot;5&quot;,&quot;gap&quot;:&quot;5&quot;,&quot;greet&quot;:&quot;Valora este art\u00edculo&quot;,&quot;legend&quot;:&quot;0\\\/5 - (0 votos)&quot;,&quot;size&quot;:&quot;24&quot;,&quot;title&quot;:&quot;Look fresco con productos low cost; MUA&quot;,&quot;width&quot;:&quot;0&quot;,&quot;_legend&quot;:&quot;{score}\\\/{best} - ({count} {votes})&quot;,&quot;font_factor&quot;:&quot;1.25&quot;}'>\n            \n<div class=\"kksr-stars\">\n    \n<div class=\"kksr-stars-inactive\">\n            <div class=\"kksr-star\" data-star=\"1\" style=\"padding-right: 5px\">\n            \n\n<div class=\"kksr-icon\" style=\"width: 24px; height: 24px;\"><\/div>\n        <\/div>\n            <div class=\"kksr-star\" data-star=\"2\" style=\"padding-right: 5px\">\n            \n\n<div class=\"kksr-icon\" style=\"width: 24px; height: 24px;\"><\/div>\n        <\/div>\n            <div class=\"kksr-star\" data-star=\"3\" style=\"padding-right: 5px\">\n            \n\n<div class=\"kksr-icon\" style=\"width: 24px; height: 24px;\"><\/div>\n        <\/div>\n            <div class=\"kksr-star\" data-star=\"4\" style=\"padding-right: 5px\">\n            \n\n<div class=\"kksr-icon\" style=\"width: 24px; height: 24px;\"><\/div>\n        <\/div>\n            <div class=\"kksr-star\" data-star=\"5\" style=\"padding-right: 5px\">\n            \n\n<div class=\"kksr-icon\" style=\"width: 24px; height: 24px;\"><\/div>\n        <\/div>\n    <\/div>\n    \n<div class=\"kksr-stars-active\" style=\"width: 0px;\">\n            <div class=\"kksr-star\" style=\"padding-right: 5px\">\n            \n\n<div class=\"kksr-icon\" style=\"width: 24px; height: 24px;\"><\/div>\n        <\/div>\n            <div class=\"kksr-star\" style=\"padding-right: 5px\">\n            \n\n<div class=\"kksr-icon\" style=\"width: 24px; height: 24px;\"><\/div>\n        <\/div>\n            <div class=\"kksr-star\" style=\"padding-right: 5px\">\n            \n\n<div class=\"kksr-icon\" style=\"width: 24px; height: 24px;\"><\/div>\n        <\/div>\n            <div class=\"kksr-star\" style=\"padding-right: 5px\">\n            \n\n<div class=\"kksr-icon\" style=\"width: 24px; height: 24px;\"><\/div>\n        <\/div>\n            <div class=\"kksr-star\" style=\"padding-right: 5px\">\n            \n\n<div class=\"kksr-icon\" style=\"width: 24px; height: 24px;\"><\/div>\n        <\/div>\n    <\/div>\n<\/div>\n                \n\n<div class=\"kksr-legend\" style=\"font-size: 19.2px;\">\n            <span class=\"kksr-muted\">Valora este art\u00edculo<\/span>\n    <\/div>\n    <\/div>\n","protected":false},"excerpt":{"rendered":"<p>Hola Primores!! A qui\u00e9n no le gusta encontrar productos low cost que funcione bien con los que poder ponernos bien guapas este verano? Hoy os traemos una propuesta con productos de la firma MUA.<\/p>\n","protected":false},"author":4,"featured_media":2653,"comment_status":"open","ping_status":"open","sticky":false,"template":"","format":"standard","meta":{"jnews-multi-image_gallery":[],"jnews_single_post":[],"jnews_primary_category":[],"jnews_social_meta":[],"jnews_override_counter":[],"footnotes":""},"categories":[26],"tags":[],"class_list":["post-2646","post","type-post","status-publish","format-standard","has-post-thumbnail","hentry","category-noticias-beauty"],"_links":{"self":[{"href":"https:\/\/www.primor.eu\/blog\/wp-json\/wp\/v2\/posts\/2646","targetHints":{"allow":["GET"]}}],"collection":[{"href":"https:\/\/www.primor.eu\/blog\/wp-json\/wp\/v2\/posts"}],"about":[{"href":"https:\/\/www.primor.eu\/blog\/wp-json\/wp\/v2\/types\/post"}],"author":[{"embeddable":true,"href":"https:\/\/www.primor.eu\/blog\/wp-json\/wp\/v2\/users\/4"}],"replies":[{"embeddable":true,"href":"https:\/\/www.primor.eu\/blog\/wp-json\/wp\/v2\/comments?post=2646"}],"version-history":[{"count":1,"href":"https:\/\/www.primor.eu\/blog\/wp-json\/wp\/v2\/posts\/2646\/revisions"}],"predecessor-version":[{"id":85996,"href":"https:\/\/www.primor.eu\/blog\/wp-json\/wp\/v2\/posts\/2646\/revisions\/85996"}],"wp:featuredmedia":[{"embeddable":true,"href":"https:\/\/www.primor.eu\/blog\/wp-json\/"}],"wp:attachment":[{"href":"https:\/\/www.primor.eu\/blog\/wp-json\/wp\/v2\/media?parent=2646"}],"wp:term":[{"taxonomy":"category","embeddable":true,"href":"https:\/\/www.primor.eu\/blog\/wp-json\/wp\/v2\/categories?post=2646"},{"taxonomy":"post_tag","embeddable":true,"href":"https:\/\/www.primor.eu\/blog\/wp-json\/wp\/v2\/tags?post=2646"}],"curies":[{"name":"wp","href":"https:\/\/api.w.org\/{rel}","templated":true}]}}