{"id":26017,"date":"2021-09-15T10:00:13","date_gmt":"2021-09-15T08:00:13","guid":{"rendered":"https:\/\/blog.primor.eu\/?p=26017"},"modified":"2024-06-01T06:59:55","modified_gmt":"2024-06-01T06:59:55","slug":"limpieza-de-cutis-todo-lo-que-deberias-saber","status":"publish","type":"post","link":"https:\/\/www.primor.eu\/blog\/limpieza-de-cutis-todo-lo-que-deberias-saber\/","title":{"rendered":"Todo lo que deber\u00edas saber sobre la limpieza de cutis"},"content":{"rendered":"\n<p>Suele pasar que, a principios de septiembre e inmediatamente despu\u00e9s de la vuelta de vacaciones, todo aquello que hab\u00eda pasado desapercibido a nuestro juicio durante el verano vuelve a ser relevante. A veces, hasta preocupante. <strong>\u00bfA qu\u00e9 nos referimos en t\u00e9rminos de belleza?<\/strong> Pues, por ejemplo, a que ese rubio dorado que en julio nos parec\u00eda favorecedor, ahora resulta ser un pelo quebradizo y reseco. Que ese rubor en las mejillas que tanto nos gustaba tener despu\u00e9s de horas y horas de playa, es hoy un compendio de <a href=\"https:\/\/www.primor.eu\/blog\/tipos-manchas-piel-mejores-productos\/\" target=\"_blank\" rel=\"noopener\">manchas en la piel<\/a>. Y que ese estado de relajaci\u00f3n en el que ven\u00edamos viviendo - descuidar la rutina facial, desmaquillarnos por la noche... - ha dado como resultado que nuestra piel demande una <strong>limpieza de cutis<\/strong> urgentemente.<\/p>\n\n\n\n<h2 class=\"wp-block-heading\">\u00bfQu\u00e9 es una limpieza de cutis?<\/h2>\n\n\n\n<p>Este tratamiento facial que debe realizarse en un <strong>centro profesional<\/strong> consiste, como su propio nombre indica, en una limpieza profunda de la piel del rostro. Seg\u00fan relata un centro especializado de Madrid, \"la limpieza facial tiene como objetivo <strong>conseguir la regeneraci\u00f3n de la piel<\/strong> a trav\u00e9s de la eliminaci\u00f3n de c\u00e9lulas muertas que se encuentran en las capas superficiales del rostro\".<\/p>\n\n\n\n<h2 class=\"wp-block-heading\">\u00bfQu\u00e9 beneficios tiene para la piel?<\/h2>\n\n\n\n<p>Es, adem\u00e1s, un tratamiento que requiere de una <strong>personalizaci\u00f3n<\/strong> y de ser abordado de forma individual. \u00bfPor qu\u00e9? Pues porque cada piel es diferente y tiene necesidades distintas. Es por ello que antes de empezarlo, la especialista y la 'paciente' deben establecer una conversaci\u00f3n previa y, a partir de ah\u00ed, un protocolo de actuaci\u00f3n. La <strong>limpieza<\/strong> suele incluir eliminaci\u00f3n de <strong>puntos negros<\/strong>, exfoliaci\u00f3n, <strong>hidrataci\u00f3n<\/strong>, <strong>mascarilla<\/strong> revitalizante... Algunos centros de est\u00e9tica utilizan, por ejemplo, cierta aparatolog\u00eda para optimizar resultados.<\/p>\n\n\n\n<p>Seg\u00fan los centros consultados, los <strong>principales beneficios (visibles) de la limpieza de cutis<\/strong> es, adem\u00e1s de la desintoxicaci\u00f3n y la evidente limpieza en profundidad, la mejora de la elasticidad, la regeneraci\u00f3n celular, el aporte de luminosidad, la disminuci\u00f3n de las arrugas. En resumen, una piel visiblemente m\u00e1s saludable y joven. Es tambi\u00e9n interesante mencionar que, despu\u00e9s de una limpieza profunda, los productos faciales podr\u00edan tener un efecto m\u00e1s visible y \u00f3ptimo en la piel del rostro.<\/p>\n\n\n\n<h2 class=\"wp-block-heading\">\u00bfC\u00f3mo mantener una limpieza adecuada en casa?<\/h2>\n\n\n\n<p>Como relat\u00e1bamos en <a href=\"https:\/\/www.primor.eu\/blog\/productos-para-tu-rutina-de-limpieza-facial\/\" target=\"_blank\" rel=\"noopener\">este mismo blog<\/a> hace unos meses, mantener <strong>una limpieza cut\u00e1nea<\/strong> en casa es posible aunque requiere de constancia, de <strong>perseverancia<\/strong>, de paciencia y de productos adecuados. En ese 'neceser' perfecto para una higiene correcta y profunda, los expertos recomiendan tener y utilizar: desmaquillante (en el caso de que utilicemos maquillaje), limpiador facial (ya sea en aceite, en espuma, en gel...), t\u00f3nico facial para refrescar y restablecer el pH de la piel, esencia facial... Todos estos productos ser\u00edan previos al tratamiento hidratante habitual. Ya sabes, s\u00e9rum, contorno de ojos y crema. En cuanto al resto, deber\u00edas contar con <strong>exfoliante<\/strong>, productos para eliminar los <strong>puntos negros<\/strong> y <strong>mascarillas <\/strong>hidratantes. Te contamos qu\u00e9 productos son los mejores para ello:<\/p>\n\n\n\n<h2 class=\"wp-block-heading\">Los mejores productos para la limpieza de cutis en casa<\/h2>\n\n\n        <product-table class=\"pr-slider\">\r\n            <product-headers class=\"grid-table-rows\">\r\n                <div>Foto<\/div>\r\n                <div>Producto<\/div>\r\n                <div>Marca<\/div>\r\n                <div>Valoraciones<\/div>\r\n                <div>Precio<\/div>\r\n            <\/product-headers>\r\n\r\n            <product-list>\r\n                                    <a href=\"https:\/\/www.primor.eu\/es_es\/victoria-beauty-exfoliante-facial-y-corporal-con-ondas-de-chocolate-17825.html\" class=\"product-item grid-table-rows\" target=\"_blank\">\r\n                        <div>\r\n                            <img decoding=\"async\" class=\"product-img\" width=\"80px\" height=\"80px\" src=\"https:\/\/www.primor.eu\/blog\/wp-content\/uploads\/2024\/06\/0TF21751_1_7bf9.jpg\" alt=\"Victoria Beauty Exfoliante Facial y Corporal Con Ondas de Chocolate\">\r\n                        <\/div>\r\n\r\n                        <!-- Contenido de producto  -->\r\n                        <div>\r\n                            <div class=\"product-position\">\r\n                                #1 Top Ventas                            <\/div>\r\n\r\n                            <h2>\r\n                                Victoria Beauty Exfoliante Facial y Corporal Con Ondas de Chocolate                            <\/h2>\r\n                        <\/div>\r\n\r\n                        <!-- Imagen y\/o nombre de la marca -->\r\n                        <div>\r\n                                                            <img decoding=\"async\" width=\"70\" src=\"https:\/\/www.primor.eu\/blog\/wp-content\/uploads\/2023\/10\/VICTORIA_Beauty.jpg\" alt=\"86584\">\r\n                                                    <\/div>\r\n\r\n                        <!-- Puntuaci\u00f3n del producto  -->\r\n                        <div class=\"rating\">\r\n                                                            <div class=\"rate\" style=\"--p:100;\"><\/div>\r\n                                <b>5\/5<\/b>\r\n                                <div class=\"rate-stars\">\r\n                                                                            <div\r\n                                            class=\"rate-star  \">\r\n                                        <\/div>\r\n                                                                            <div\r\n                                            class=\"rate-star  \">\r\n                                        <\/div>\r\n                                                                            <div\r\n                                            class=\"rate-star  \">\r\n                                        <\/div>\r\n                                                                            <div\r\n                                            class=\"rate-star  \">\r\n                                        <\/div>\r\n                                                                            <div\r\n                                            class=\"rate-star  \">\r\n                                        <\/div>\r\n                                                                    <\/div>\r\n                                                    <\/div>\r\n\r\n                        <!-- Bot\u00f3n de producto  -->\r\n                        <div>\r\n                            <span class=\"price-claim\">\r\n                                VER PRECIO                            <\/span>\r\n                        <\/div>\r\n                    <\/a>\r\n                                    <a href=\"https:\/\/www.primor.eu\/es_es\/garnier-pure-active-carbon-tiras-anti-puntos-negros-27907.html\" class=\"product-item grid-table-rows\" target=\"_blank\">\r\n                        <div>\r\n                            <img decoding=\"async\" class=\"product-img\" width=\"80px\" height=\"80px\" src=\"https:\/\/www.primor.eu\/blog\/wp-content\/uploads\/2024\/05\/0TF15639_1_d946.jpg\" alt=\"Garnier Pure Active Carb\u00f3n Tiras Anti Puntos Negros\">\r\n                        <\/div>\r\n\r\n                        <!-- Contenido de producto  -->\r\n                        <div>\r\n                            <div class=\"product-position\">\r\n                                #2                            <\/div>\r\n\r\n                            <h2>\r\n                                Garnier Pure Active Carb\u00f3n Tiras Anti Puntos Negros                            <\/h2>\r\n                        <\/div>\r\n\r\n                        <!-- Imagen y\/o nombre de la marca -->\r\n                        <div>\r\n                                                            <img decoding=\"async\" width=\"70\" src=\"https:\/\/www.primor.eu\/blog\/wp-content\/uploads\/2023\/08\/Garnier.jpg\" alt=\"84305\">\r\n                                                    <\/div>\r\n\r\n                        <!-- Puntuaci\u00f3n del producto  -->\r\n                        <div class=\"rating\">\r\n                                                            <div class=\"rate\" style=\"--p:85.2;\"><\/div>\r\n                                <b>4.26\/5<\/b>\r\n                                <div class=\"rate-stars\">\r\n                                                                            <div\r\n                                            class=\"rate-star  \">\r\n                                        <\/div>\r\n                                                                            <div\r\n                                            class=\"rate-star  \">\r\n                                        <\/div>\r\n                                                                            <div\r\n                                            class=\"rate-star  \">\r\n                                        <\/div>\r\n                                                                            <div\r\n                                            class=\"rate-star  \">\r\n                                        <\/div>\r\n                                                                            <div\r\n                                            class=\"rate-star  \">\r\n                                        <\/div>\r\n                                                                    <\/div>\r\n                                                    <\/div>\r\n\r\n                        <!-- Bot\u00f3n de producto  -->\r\n                        <div>\r\n                            <span class=\"price-claim\">\r\n                                VER PRECIO                            <\/span>\r\n                        <\/div>\r\n                    <\/a>\r\n                                    <a href=\"https:\/\/www.primor.eu\/es_es\/beauty-drops-mascarilla-facial-rejuvenecedora-tela-ritual-japones-79708.html\" class=\"product-item grid-table-rows\" target=\"_blank\">\r\n                        <div>\r\n                            <img decoding=\"async\" class=\"product-img\" width=\"80px\" height=\"80px\" src=\"https:\/\/www.primor.eu\/blog\/wp-content\/uploads\/2024\/06\/90901_d2c8.jpg\" alt=\"Beauty Drops Mascarilla Facial Rejuvenecedora Tela Ritual Japon\u00e9s\">\r\n                        <\/div>\r\n\r\n                        <!-- Contenido de producto  -->\r\n                        <div>\r\n                            <div class=\"product-position\">\r\n                                #3                            <\/div>\r\n\r\n                            <h2>\r\n                                Beauty Drops Mascarilla Facial Rejuvenecedora Tela Ritual Japon\u00e9s                            <\/h2>\r\n                        <\/div>\r\n\r\n                        <!-- Imagen y\/o nombre de la marca -->\r\n                        <div>\r\n                                                            <img decoding=\"async\" width=\"70\" src=\"https:\/\/www.primor.eu\/blog\/wp-content\/uploads\/2023\/08\/beauty_Drops.png\" alt=\"84924\">\r\n                                                    <\/div>\r\n\r\n                        <!-- Puntuaci\u00f3n del producto  -->\r\n                        <div class=\"rating\">\r\n                                                            <div class=\"rate\" style=\"--p:98;\"><\/div>\r\n                                <b>4.9\/5<\/b>\r\n                                <div class=\"rate-stars\">\r\n                                                                            <div\r\n                                            class=\"rate-star  \">\r\n                                        <\/div>\r\n                                                                            <div\r\n                                            class=\"rate-star  \">\r\n                                        <\/div>\r\n                                                                            <div\r\n                                            class=\"rate-star  \">\r\n                                        <\/div>\r\n                                                                            <div\r\n                                            class=\"rate-star  \">\r\n                                        <\/div>\r\n                                                                            <div\r\n                                            class=\"rate-star  \">\r\n                                        <\/div>\r\n                                                                    <\/div>\r\n                                                    <\/div>\r\n\r\n                        <!-- Bot\u00f3n de producto  -->\r\n                        <div>\r\n                            <span class=\"price-claim\">\r\n                                VER PRECIO                            <\/span>\r\n                        <\/div>\r\n                    <\/a>\r\n                            <\/product-list>\r\n        <\/product-table>\r\n\r\n        \n\n\n\n<h3 class=\"wp-block-heading\">Exfoliante Facial y Corporal Con Ondas de Chocolate de Victoria Beauty<\/h3>\n\n\n\n<p>Una soluci\u00f3n que te ayuda a conseguir una r\u00e1pida acci\u00f3n tonificante gracias a su f\u00f3rmula rica en sales 100% puras del mar, que exfolian y terminan por completo con las c\u00e9lulas muertas de tu rostro. Sus componentes de origen natural reavivar\u00e1n cada cent\u00edmetro de tu cuerpo y har\u00e1n que tus sentidos se derritan de puro placer. Tras su uso, lucir\u00e1s vital e irresistiblemente liso y suave. \u00a1Disfruta de un placer sensorial absoluto!<\/p>\n\n\n    <a class='product' target='_blank' href='https:\/\/www.primor.eu\/es_es\/victoria-beauty-exfoliante-facial-y-corporal-con-ondas-de-chocolate-17825.html'>\r\n        <img loading='async' src='https:\/\/cdn2.primor.eu\/media\/catalog\/product\/cache\/8d3aba296f7a18b5251ee30fa5db42b2\/0\/T\/0TF21751_1_7bf9.jpg' alt='COMPRAR AHORA'>\r\n            <div class=\"claim\">\r\n                COMPRAR AHORA            <\/div>\r\n        <\/a>\r\n    \n\n\n\n<h3 class=\"wp-block-heading\">Pure Active Carb\u00f3n Tiras Anti Puntos Negros de Garnier<\/h3>\n\n\n\n<p>Son unas tiras limpia-poros formuladas con carb\u00f3n, que eliminan puntos negros desde la ra\u00edz e impurezas de una zona m\u00e1s localizada, la zona T (Frente, nariz y barbilla). <\/p>\n\n\n    <a class='product' target='_blank' href='https:\/\/www.primor.eu\/es_es\/garnier-pure-active-carbon-tiras-anti-puntos-negros-27907.html'>\r\n        <img loading='async' src='https:\/\/cdn2.primor.eu\/media\/catalog\/product\/cache\/8d3aba296f7a18b5251ee30fa5db42b2\/0\/T\/0TF15639_1_d946.jpg' alt='COMPRAR AHORA'>\r\n            <div class=\"claim\">\r\n                COMPRAR AHORA            <\/div>\r\n        <\/a>\r\n    \n\n\n\n<h3 class=\"wp-block-heading\">Mascarilla Facial Rejuvenecedora Tela Ritual Japon\u00e9s de Beauty Drops<\/h3>\n\n\n\n<p>Esta mascarilla facial est\u00e1 est\u00e1 recomendada para pieles secas y con falta de elasticidad. La f\u00f3rmula de la Mascarilla Facial Rejuvenecedora de Tela Ritual Japon\u00e9s es rica en t\u00e9 verde, acido hialur\u00f3nico, flor de cerezo y leche de arroz. El usto de esta mascarilla facial Beauty Drops proporciona a la piel fl\u00e1cida de la cara una hidrataci\u00f3n y elevamiento instant\u00e1neo. <strong>Mascarilla antiedad&nbsp;<\/strong>sin parabenos, sin siliconas, sin alcohol.<\/p>\n\n\n    <a class='product' target='_blank' href='https:\/\/www.primor.eu\/es_es\/beauty-drops-mascarilla-facial-rejuvenecedora-tela-ritual-japones-79708.html'>\r\n        <img loading='async' src='https:\/\/cdn2.primor.eu\/media\/catalog\/product\/cache\/8d3aba296f7a18b5251ee30fa5db42b2\/9\/0\/90901_d2c8.jpg' alt='COMPRAR AHORA'>\r\n            <div class=\"claim\">\r\n                COMPRAR AHORA            <\/div>\r\n        <\/a>\r\n    \n\n\n\n<h3 class=\"wp-block-heading\">Mascarilla Hidratante Mashmallow Fluff Cream de 7TH Heaven<\/h3>\n\n\n\n<p>Mascarilla Hidratante Mashmallow Fluff Cream con almendras dulces, con aloe vera y vainilla ideal para eliminar la suciedad del rostro, dejandola cuidada e hidratada. Cruelty Free. Vegano.<\/p>\n\n\n    <a class='product' target='_blank' href='https:\/\/www.primor.eu\/es_es\/7th-heaven-mascarilla-hidratante-mashmallow-fluff-cream-75951.html'>\r\n        <img loading='async' src='https:\/\/cdn2.primor.eu\/media\/catalog\/product\/cache\/8d3aba296f7a18b5251ee30fa5db42b2\/m\/a\/mascarilla_hidratante_mashmallow_fluff_cream_84b1.jpg' alt='COMPRAR AHORA'>\r\n            <div class=\"claim\">\r\n                COMPRAR AHORA            <\/div>\r\n        <\/a>\r\n    \n\n\n<div class=\"kk-star-ratings kksr-auto kksr-align-center kksr-valign-bottom\"\n    data-payload='{&quot;align&quot;:&quot;center&quot;,&quot;id&quot;:&quot;26017&quot;,&quot;slug&quot;:&quot;default&quot;,&quot;valign&quot;:&quot;bottom&quot;,&quot;ignore&quot;:&quot;&quot;,&quot;reference&quot;:&quot;auto&quot;,&quot;class&quot;:&quot;&quot;,&quot;count&quot;:&quot;0&quot;,&quot;legendonly&quot;:&quot;&quot;,&quot;readonly&quot;:&quot;&quot;,&quot;score&quot;:&quot;0&quot;,&quot;starsonly&quot;:&quot;&quot;,&quot;best&quot;:&quot;5&quot;,&quot;gap&quot;:&quot;5&quot;,&quot;greet&quot;:&quot;Valora este art\u00edculo&quot;,&quot;legend&quot;:&quot;0\\\/5 - (0 votos)&quot;,&quot;size&quot;:&quot;24&quot;,&quot;title&quot;:&quot;Todo lo que deber\u00edas saber sobre la limpieza de cutis&quot;,&quot;width&quot;:&quot;0&quot;,&quot;_legend&quot;:&quot;{score}\\\/{best} - ({count} {votes})&quot;,&quot;font_factor&quot;:&quot;1.25&quot;}'>\n            \n<div class=\"kksr-stars\">\n    \n<div class=\"kksr-stars-inactive\">\n            <div class=\"kksr-star\" data-star=\"1\" style=\"padding-right: 5px\">\n            \n\n<div class=\"kksr-icon\" style=\"width: 24px; height: 24px;\"><\/div>\n        <\/div>\n            <div class=\"kksr-star\" data-star=\"2\" style=\"padding-right: 5px\">\n            \n\n<div class=\"kksr-icon\" style=\"width: 24px; height: 24px;\"><\/div>\n        <\/div>\n            <div class=\"kksr-star\" data-star=\"3\" style=\"padding-right: 5px\">\n            \n\n<div class=\"kksr-icon\" style=\"width: 24px; height: 24px;\"><\/div>\n        <\/div>\n            <div class=\"kksr-star\" data-star=\"4\" style=\"padding-right: 5px\">\n            \n\n<div class=\"kksr-icon\" style=\"width: 24px; height: 24px;\"><\/div>\n        <\/div>\n            <div class=\"kksr-star\" data-star=\"5\" style=\"padding-right: 5px\">\n            \n\n<div class=\"kksr-icon\" style=\"width: 24px; height: 24px;\"><\/div>\n        <\/div>\n    <\/div>\n    \n<div class=\"kksr-stars-active\" style=\"width: 0px;\">\n            <div class=\"kksr-star\" style=\"padding-right: 5px\">\n            \n\n<div class=\"kksr-icon\" style=\"width: 24px; height: 24px;\"><\/div>\n        <\/div>\n            <div class=\"kksr-star\" style=\"padding-right: 5px\">\n            \n\n<div class=\"kksr-icon\" style=\"width: 24px; height: 24px;\"><\/div>\n        <\/div>\n            <div class=\"kksr-star\" style=\"padding-right: 5px\">\n            \n\n<div class=\"kksr-icon\" style=\"width: 24px; height: 24px;\"><\/div>\n        <\/div>\n            <div class=\"kksr-star\" style=\"padding-right: 5px\">\n            \n\n<div class=\"kksr-icon\" style=\"width: 24px; height: 24px;\"><\/div>\n        <\/div>\n            <div class=\"kksr-star\" style=\"padding-right: 5px\">\n            \n\n<div class=\"kksr-icon\" style=\"width: 24px; height: 24px;\"><\/div>\n        <\/div>\n    <\/div>\n<\/div>\n                \n\n<div class=\"kksr-legend\" style=\"font-size: 19.2px;\">\n            <span class=\"kksr-muted\">Valora este art\u00edculo<\/span>\n    <\/div>\n    <\/div>\n","protected":false},"excerpt":{"rendered":"<p>Suele pasar que, a principios de septiembre e inmediatamente despu\u00e9s de la vuelta de vacaciones, todo aquello que hab\u00eda pasado desapercibido a nuestro juicio durante el verano vuelve a ser relevante. A veces, hasta preocupante. \u00bfA qu\u00e9 nos referimos en t\u00e9rminos de belleza? Pues, por ejemplo, a que ese rubio dorado que en julio nos [&hellip;]<\/p>\n","protected":false},"author":4,"featured_media":106554,"comment_status":"open","ping_status":"open","sticky":false,"template":"","format":"standard","meta":{"jnews-multi-image_gallery":[],"jnews_single_post":{"subtitle":"","format":"standard","video":"","gallery":"","source_name":"","source_url":"","via_name":"","via_url":"","override_template":"0","override":[{"template":"1","single_blog_custom":"","parallax":"1","fullscreen":"1","layout":"right-sidebar","sidebar":"home-2","second_sidebar":"default-sidebar","sticky_sidebar":"0","share_position":"float","share_float_style":"share-monocrhome","show_share_counter":"0","show_view_counter":"0","show_featured":"1","show_post_meta":"1","show_post_author":"0","show_post_author_image":"1","show_post_date":"1","post_date_format":"default","post_date_format_custom":"Y\/m\/d","show_post_category":"1","show_post_reading_time":"0","post_reading_time_wpm":"300","show_zoom_button":"0","zoom_button_out_step":"2","zoom_button_in_step":"3","show_post_tag":"0","show_prev_next_post":"0","show_popup_post":"0","number_popup_post":"2","show_author_box":"0","show_post_related":"0","show_inline_post_related":"1"}],"override_image_size":"0","image_override":[{"single_post_thumbnail_size":"no-crop","single_post_gallery_size":"crop-500"}],"trending_post":"0","trending_post_position":"meta","trending_post_label":"Trending","sponsored_post":"0","sponsored_post_label":"Sponsored by","sponsored_post_name":"","sponsored_post_url":"","sponsored_post_logo_enable":"0","sponsored_post_logo":"","sponsored_post_desc":"","disable_ad":"0"},"jnews_primary_category":{"id":"","hide":""},"jnews_social_meta":{"fb_title":"","fb_description":"","fb_image":"","twitter_title":"","twitter_description":"","twitter_image":""},"jnews_override_counter":{"override_view_counter":"0","view_counter_number":"0","override_share_counter":"0","share_counter_number":"0","override_like_counter":"0","like_counter_number":"0","override_dislike_counter":"0","dislike_counter_number":"0"},"footnotes":""},"categories":[39],"tags":[],"class_list":["post-26017","post","type-post","status-publish","format-standard","has-post-thumbnail","hentry","category-limpieza-facial"],"_links":{"self":[{"href":"https:\/\/www.primor.eu\/blog\/wp-json\/wp\/v2\/posts\/26017","targetHints":{"allow":["GET"]}}],"collection":[{"href":"https:\/\/www.primor.eu\/blog\/wp-json\/wp\/v2\/posts"}],"about":[{"href":"https:\/\/www.primor.eu\/blog\/wp-json\/wp\/v2\/types\/post"}],"author":[{"embeddable":true,"href":"https:\/\/www.primor.eu\/blog\/wp-json\/wp\/v2\/users\/4"}],"replies":[{"embeddable":true,"href":"https:\/\/www.primor.eu\/blog\/wp-json\/wp\/v2\/comments?post=26017"}],"version-history":[{"count":3,"href":"https:\/\/www.primor.eu\/blog\/wp-json\/wp\/v2\/posts\/26017\/revisions"}],"predecessor-version":[{"id":106561,"href":"https:\/\/www.primor.eu\/blog\/wp-json\/wp\/v2\/posts\/26017\/revisions\/106561"}],"wp:featuredmedia":[{"embeddable":true,"href":"https:\/\/www.primor.eu\/blog\/wp-json\/wp\/v2\/media\/106554"}],"wp:attachment":[{"href":"https:\/\/www.primor.eu\/blog\/wp-json\/wp\/v2\/media?parent=26017"}],"wp:term":[{"taxonomy":"category","embeddable":true,"href":"https:\/\/www.primor.eu\/blog\/wp-json\/wp\/v2\/categories?post=26017"},{"taxonomy":"post_tag","embeddable":true,"href":"https:\/\/www.primor.eu\/blog\/wp-json\/wp\/v2\/tags?post=26017"}],"curies":[{"name":"wp","href":"https:\/\/api.w.org\/{rel}","templated":true}]}}