{"id":25664,"date":"2021-10-01T10:00:27","date_gmt":"2021-10-01T08:00:27","guid":{"rendered":"https:\/\/blog.primor.eu\/?p=25664"},"modified":"2025-12-15T11:22:29","modified_gmt":"2025-12-15T11:22:29","slug":"maquillaje-para-piel-grasa-productos","status":"publish","type":"post","link":"https:\/\/www.primor.eu\/blog\/maquillaje-para-piel-grasa-productos\/","title":{"rendered":"Maquillaje para piel grasa: los 5 productos b\u00e1sicos que no pueden faltar"},"content":{"rendered":"<p>Antes de ahondar en cu\u00e1les son los <strong>cinco productos b\u00e1sicos<\/strong> en el neceser de <strong>maquillaje para piel grasa<\/strong>, debemos entender qu\u00e9 es la piel grasa y qu\u00e9 la define. Seg\u00fan explica la dermat\u00f3loga Andrea Combalia en su libro \"Piel Sana in Corpore Sano\", \"una piel grasa es aquella que posee una elevada producci\u00f3n de sebo. Por lo general la <a href=\"https:\/\/www.primor.eu\/blog\/tienes-la-piel-grasa-conoce-los-productos-para-cuidarla\/\" target=\"_blank\" rel=\"noopener\"><strong>piel grasa<\/strong><\/a> es m\u00e1s gruesa y quien la sufre suele quejarse de los brillos que predominan en la zona de la frente, la barbilla y la nariz. Las personas con piel grasa acostumbran a tener los poros m\u00e1s dilatados y son propensas a presentar puntos negros, comedones cerrados y acn\u00e9\", explica. En cuanto a la elecci\u00f3n de cosm\u00e9ticos y productos de maquillaje, dice la doctora que \"recomendamos cosm\u00e9ticos no comedog\u00e9nicos y texturas m\u00e1s fluidas que contengan activos sobrereguladores que controlen la producci\u00f3n de grasa y eviten la obstrucci\u00f3n de los poros\".<\/p>\n<p>Eso s\u00ed, la piel grasa tambi\u00e9n necesita hidrataci\u00f3n. De hecho, pensar que las pieles con tendencia grasosa o <a href=\"https:\/\/www.primor.eu\/blog\/productos-pieles-grasas-acne\/\" target=\"_blank\" rel=\"noopener\">acneica<\/a> no puede deshidratarse es un error y uno de los grandes mitos de la cosm\u00e9tica. \"Cuando la piel grasa se deshidrata, tiene tendencia a generar m\u00e1s sebo, pero hay que saber elegir los cosm\u00e9ticos adecuados\", sentencia Combalia.<\/p>\n<p>A partir de esa definici\u00f3n, hemos buscado en el <em>stock<\/em> de Primor cinco productos que se adec\u00faen a estas caracter\u00edsticas y necesidades cut\u00e1neas.<\/p>\n<h3>Primer matificante de Rimmel<\/h3>\n<figure id=\"attachment_25667\" aria-describedby=\"caption-attachment-25667\" style=\"width: 600px\" class=\"wp-caption aligncenter\"><a href=\"https:\/\/www.primor.eu\/es_es\/rimmel-matte-primer-prebase-matificante-45488.html\" target=\"_blank\" rel=\"noopener\"><img decoding=\"async\" class=\"size-full wp-image-25667\" src=\"\/wp-content\/uploads\/2021\/08\/matte-primer-prebase-matificante.jpeg\" alt=\"prebase piel grasa\" width=\"600\" height=\"600\" \/><\/a><figcaption id=\"caption-attachment-25667\" class=\"wp-caption-text\"><a href=\"https:\/\/www.primor.eu\/es_es\/rimmel-matte-primer-prebase-matificante-45488.html\" target=\"_blank\" rel=\"noopener\">\u00a9 Primer o prebase de Rimmel (3,93 \u20ac)<\/a><\/figcaption><\/figure>\n<h3>Una BB Cream espec\u00edfica<\/h3>\n<figure id=\"attachment_25669\" aria-describedby=\"caption-attachment-25669\" style=\"width: 600px\" class=\"wp-caption aligncenter\"><a href=\"https:\/\/www.primor.eu\/es_es\/ziaja-bb-cream-pieles-mixtas-y-grasas-46000.html\" target=\"_blank\" rel=\"noopener\"><img decoding=\"async\" class=\"size-full wp-image-25669\" src=\"\/wp-content\/uploads\/2021\/08\/bb-cream-pieles-mixtas-y-grasas.jpeg\" alt=\"bb cream pieles grasas\" width=\"600\" height=\"600\" \/><\/a><figcaption id=\"caption-attachment-25669\" class=\"wp-caption-text\"><a href=\"https:\/\/www.primor.eu\/es_es\/ziaja-bb-cream-pieles-mixtas-y-grasas-46000.html\" target=\"_blank\" rel=\"noopener\">\u00a9 BB Cream de Ziaja (3,55 \u20ac)<\/a><\/figcaption><\/figure>\n<h3>Un colorete<\/h3>\n<figure id=\"attachment_25671\" aria-describedby=\"caption-attachment-25671\" style=\"width: 600px\" class=\"wp-caption aligncenter\"><a href=\"https:\/\/www.primor.eu\/es_es\/dermacol-duoblusher-colorete-duo-46140.html\" target=\"_blank\" rel=\"noopener\"><img decoding=\"async\" class=\"size-full wp-image-25671\" src=\"\/wp-content\/uploads\/2021\/08\/duoblusher-colorete-duo.jpeg\" alt=\"maquillaje para pieles grasas\" width=\"600\" height=\"600\" \/><\/a><figcaption id=\"caption-attachment-25671\" class=\"wp-caption-text\"><a href=\"https:\/\/www.primor.eu\/es_es\/dermacol-duoblusher-colorete-duo-46140.html\" target=\"_blank\" rel=\"noopener\">\u00a9 Colorete doble de Dermacol (5,99 \u20ac)<\/a><\/figcaption><\/figure>\n<h3>Unos polvos fijadores<\/h3>\n<figure id=\"attachment_25673\" aria-describedby=\"caption-attachment-25673\" style=\"width: 600px\" class=\"wp-caption aligncenter\"><a href=\"https:\/\/www.primor.eu\/es_es\/essence-polvos-compactos-all-about-matt-35467.html\"><img decoding=\"async\" class=\"size-full wp-image-25673\" src=\"\/wp-content\/uploads\/2021\/08\/all-about-matt-polvos-sueltos-fijadores.jpeg\" alt=\"polvos matificantes\" width=\"600\" height=\"600\" \/><\/a><figcaption id=\"caption-attachment-25673\" class=\"wp-caption-text\">\u00a9 <a href=\"https:\/\/www.primor.eu\/es_es\/essence-polvos-compactos-all-about-matt-35467.html\">Polvos matificantes de Essence<\/a> (2,44 \u20ac)<\/figcaption><\/figure>\n<h3>Un spray fijador de Catrice<\/h3>\n<figure id=\"attachment_25675\" aria-describedby=\"caption-attachment-25675\" style=\"width: 600px\" class=\"wp-caption aligncenter\"><a href=\"https:\/\/www.primor.eu\/es_es\/catrice-oil-control-spray-fijador-matificante-39361.html\" target=\"_blank\" rel=\"noopener\"><img decoding=\"async\" class=\"size-full wp-image-25675\" src=\"\/wp-content\/uploads\/2021\/08\/oil-control-spray-fijador-matificante.jpeg\" alt=\"spray fijador para pieles grasas\" width=\"600\" height=\"600\" \/><\/a><figcaption id=\"caption-attachment-25675\" class=\"wp-caption-text\">\u00a9 <a href=\"https:\/\/www.primor.eu\/es_es\/catrice-oil-control-spray-fijador-matificante-39361.html\">Spray fijador del maquillaje de Catrice<\/a> (4,50 \u20ac)<\/figcaption><\/figure>\n<p>Todos estos producto de maquillaje para piel grasa son id\u00f3neos. No engrasan la piel y, sobre todo, revierten la producci\u00f3n de sebo para que esta luzca matificada, sin excesivos brillos y, sobre todo, para que se sienta ligera.<\/p>\n\n\n<div class=\"kk-star-ratings kksr-auto kksr-align-center kksr-valign-bottom\"\n    data-payload='{&quot;align&quot;:&quot;center&quot;,&quot;id&quot;:&quot;25664&quot;,&quot;slug&quot;:&quot;default&quot;,&quot;valign&quot;:&quot;bottom&quot;,&quot;ignore&quot;:&quot;&quot;,&quot;reference&quot;:&quot;auto&quot;,&quot;class&quot;:&quot;&quot;,&quot;count&quot;:&quot;0&quot;,&quot;legendonly&quot;:&quot;&quot;,&quot;readonly&quot;:&quot;&quot;,&quot;score&quot;:&quot;0&quot;,&quot;starsonly&quot;:&quot;&quot;,&quot;best&quot;:&quot;5&quot;,&quot;gap&quot;:&quot;5&quot;,&quot;greet&quot;:&quot;Valora este art\u00edculo&quot;,&quot;legend&quot;:&quot;0\\\/5 - (0 votos)&quot;,&quot;size&quot;:&quot;24&quot;,&quot;title&quot;:&quot;Maquillaje para piel grasa: los 5 productos b\u00e1sicos que no pueden faltar&quot;,&quot;width&quot;:&quot;0&quot;,&quot;_legend&quot;:&quot;{score}\\\/{best} - ({count} {votes})&quot;,&quot;font_factor&quot;:&quot;1.25&quot;}'>\n            \n<div class=\"kksr-stars\">\n    \n<div class=\"kksr-stars-inactive\">\n            <div class=\"kksr-star\" data-star=\"1\" style=\"padding-right: 5px\">\n            \n\n<div class=\"kksr-icon\" style=\"width: 24px; height: 24px;\"><\/div>\n        <\/div>\n            <div class=\"kksr-star\" data-star=\"2\" style=\"padding-right: 5px\">\n            \n\n<div class=\"kksr-icon\" style=\"width: 24px; height: 24px;\"><\/div>\n        <\/div>\n            <div class=\"kksr-star\" data-star=\"3\" style=\"padding-right: 5px\">\n            \n\n<div class=\"kksr-icon\" style=\"width: 24px; height: 24px;\"><\/div>\n        <\/div>\n            <div class=\"kksr-star\" data-star=\"4\" style=\"padding-right: 5px\">\n            \n\n<div class=\"kksr-icon\" style=\"width: 24px; height: 24px;\"><\/div>\n        <\/div>\n            <div class=\"kksr-star\" data-star=\"5\" style=\"padding-right: 5px\">\n            \n\n<div class=\"kksr-icon\" style=\"width: 24px; height: 24px;\"><\/div>\n        <\/div>\n    <\/div>\n    \n<div class=\"kksr-stars-active\" style=\"width: 0px;\">\n            <div class=\"kksr-star\" style=\"padding-right: 5px\">\n            \n\n<div class=\"kksr-icon\" style=\"width: 24px; height: 24px;\"><\/div>\n        <\/div>\n            <div class=\"kksr-star\" style=\"padding-right: 5px\">\n            \n\n<div class=\"kksr-icon\" style=\"width: 24px; height: 24px;\"><\/div>\n        <\/div>\n            <div class=\"kksr-star\" style=\"padding-right: 5px\">\n            \n\n<div class=\"kksr-icon\" style=\"width: 24px; height: 24px;\"><\/div>\n        <\/div>\n            <div class=\"kksr-star\" style=\"padding-right: 5px\">\n            \n\n<div class=\"kksr-icon\" style=\"width: 24px; height: 24px;\"><\/div>\n        <\/div>\n            <div class=\"kksr-star\" style=\"padding-right: 5px\">\n            \n\n<div class=\"kksr-icon\" style=\"width: 24px; height: 24px;\"><\/div>\n        <\/div>\n    <\/div>\n<\/div>\n                \n\n<div class=\"kksr-legend\" style=\"font-size: 19.2px;\">\n            <span class=\"kksr-muted\">Valora este art\u00edculo<\/span>\n    <\/div>\n    <\/div>\n","protected":false},"excerpt":{"rendered":"<p>Antes de ahondar en cu\u00e1les son los cinco productos b\u00e1sicos en el neceser de maquillaje para piel grasa, debemos entender qu\u00e9 es la piel grasa y qu\u00e9 la define. Seg\u00fan explica la dermat\u00f3loga Andrea Combalia en su libro \u00abPiel Sana in Corpore Sano\u00bb, \u00abuna piel grasa es aquella que posee una elevada producci\u00f3n de sebo. [&hellip;]<\/p>\n","protected":false},"author":4,"featured_media":136192,"comment_status":"open","ping_status":"open","sticky":false,"template":"","format":"standard","meta":{"jnews-multi-image_gallery":[],"jnews_single_post":{"subtitle":"","format":"standard","video":"","gallery":"","source_name":"","source_url":"","via_name":"","via_url":"","override_template":"0","override":[{"template":"1","single_blog_custom":"","parallax":"1","fullscreen":"1","layout":"right-sidebar","sidebar":"home-2","second_sidebar":"default-sidebar","sticky_sidebar":"0","share_position":"float","share_float_style":"share-monocrhome","show_share_counter":"0","show_view_counter":"0","show_featured":"1","show_post_meta":"1","show_post_author":"0","show_post_author_image":"1","show_post_date":"1","post_date_format":"default","post_date_format_custom":"Y\/m\/d","show_post_category":"1","show_post_reading_time":"0","post_reading_time_wpm":"300","show_zoom_button":"0","zoom_button_out_step":"2","zoom_button_in_step":"3","show_post_tag":"0","show_prev_next_post":"0","show_popup_post":"0","number_popup_post":"2","show_author_box":"0","show_post_related":"0","show_inline_post_related":"1"}],"override_image_size":"0","image_override":[{"single_post_thumbnail_size":"no-crop","single_post_gallery_size":"crop-500"}],"trending_post":"0","trending_post_position":"meta","trending_post_label":"Trending","sponsored_post":"0","sponsored_post_label":"Sponsored by","sponsored_post_name":"","sponsored_post_url":"","sponsored_post_logo_enable":"0","sponsored_post_logo":"","sponsored_post_desc":"","disable_ad":"0"},"jnews_primary_category":{"id":"","hide":""},"jnews_social_meta":{"fb_title":"","fb_description":"","fb_image":"","twitter_title":"","twitter_description":"","twitter_image":""},"jnews_override_counter":{"override_view_counter":"0","view_counter_number":"0","override_share_counter":"0","share_counter_number":"0","override_like_counter":"0","like_counter_number":"0","override_dislike_counter":"0","dislike_counter_number":"0"},"footnotes":""},"categories":[41],"tags":[],"class_list":["post-25664","post","type-post","status-publish","format-standard","has-post-thumbnail","hentry","category-maquillaje"],"_links":{"self":[{"href":"https:\/\/www.primor.eu\/blog\/wp-json\/wp\/v2\/posts\/25664","targetHints":{"allow":["GET"]}}],"collection":[{"href":"https:\/\/www.primor.eu\/blog\/wp-json\/wp\/v2\/posts"}],"about":[{"href":"https:\/\/www.primor.eu\/blog\/wp-json\/wp\/v2\/types\/post"}],"author":[{"embeddable":true,"href":"https:\/\/www.primor.eu\/blog\/wp-json\/wp\/v2\/users\/4"}],"replies":[{"embeddable":true,"href":"https:\/\/www.primor.eu\/blog\/wp-json\/wp\/v2\/comments?post=25664"}],"version-history":[{"count":10,"href":"https:\/\/www.primor.eu\/blog\/wp-json\/wp\/v2\/posts\/25664\/revisions"}],"predecessor-version":[{"id":104450,"href":"https:\/\/www.primor.eu\/blog\/wp-json\/wp\/v2\/posts\/25664\/revisions\/104450"}],"wp:featuredmedia":[{"embeddable":true,"href":"https:\/\/www.primor.eu\/blog\/wp-json\/wp\/v2\/media\/136192"}],"wp:attachment":[{"href":"https:\/\/www.primor.eu\/blog\/wp-json\/wp\/v2\/media?parent=25664"}],"wp:term":[{"taxonomy":"category","embeddable":true,"href":"https:\/\/www.primor.eu\/blog\/wp-json\/wp\/v2\/categories?post=25664"},{"taxonomy":"post_tag","embeddable":true,"href":"https:\/\/www.primor.eu\/blog\/wp-json\/wp\/v2\/tags?post=25664"}],"curies":[{"name":"wp","href":"https:\/\/api.w.org\/{rel}","templated":true}]}}