{"id":2547,"date":"2016-06-14T00:16:59","date_gmt":"2016-06-13T22:16:59","guid":{"rendered":"http:\/\/blog.primor.eu:\/?p=2547"},"modified":"2025-12-15T12:38:53","modified_gmt":"2025-12-15T12:38:53","slug":"agua-micelar-aceite-garnier","status":"publish","type":"post","link":"https:\/\/www.primor.eu\/blog\/agua-micelar-aceite-garnier\/","title":{"rendered":"Agua micelar en aceite de Garnier"},"content":{"rendered":"<p><a href=\"http:\/\/www.primor.eu\/garnier\/37805-agua-micelar-en-aceite.html\"><img decoding=\"async\" class=\"alignnone wp-image-2551 size-full\" src=\"http:\/\/blog.primor.eu\/wp-content\/uploads\/2024\/06\/IMG_5365.jpg\" alt=\"IMG_5365\" width=\"5184\" height=\"3456\" \/><\/a><\/p>\n<p>Hola primores!<\/p>\n<p>El agua micelar en aceite de Garnier est\u00e1 llamando much\u00edsimo la atenci\u00f3n... y en el blog Primor hemos querido probarla a fondo para contaros de primera mano qu\u00e9 nos parece! Os interesa el producto? Quedaos a leer el post!<\/p>\n<p><!--more--><\/p>\n<p><a href=\"http:\/\/www.primor.eu\/garnier\/37805-agua-micelar-en-aceite.html\"><img decoding=\"async\" class=\"alignnone wp-image-2550 size-full\" src=\"http:\/\/blog.primor.eu\/wp-content\/uploads\/2024\/06\/IMG_5369.jpg\" alt=\"IMG_5369\" width=\"5184\" height=\"3456\" \/><\/a><\/p>\n<p>Garnier ha lanzado el primer producto desmaquillante que une el aceite y las micelas para una limpieza facial completa que limpia y nutre en un solo paso.<\/p>\n<p>Este agua micelar en aceite elimina todo tipo de maquillaje, inluyendo el de larga duraci\u00f3n y el waterproof. Adem\u00e1s ayuda a limpiar la piel de poluci\u00f3n e impurezas ambientales.<\/p>\n<p><a href=\"http:\/\/www.primor.eu\/garnier\/37805-agua-micelar-en-aceite.html\"><img decoding=\"async\" class=\"alignnone wp-image-2549 size-full\" src=\"http:\/\/blog.primor.eu\/wp-content\/uploads\/2024\/06\/IMG_5371.jpg\" alt=\"IMG_5371\" width=\"5184\" height=\"3456\" \/><\/a><\/p>\n<p>Al agitar el bote, las micelas y el aceite se mezclan entre si, ayudando a eliminar el maquillaje sin esfuerzo. El aceite de argan nutre la piel y los labios.<\/p>\n<p>Reci\u00e9n aplicado sobre la piel, notamos que el aceite est\u00e1 sobre nuestro rostro pero no debemos temer que nos aporte grasa extra. Al poco de haber desmaquillado el rostro, ese aceite se absorbe, dejando una agradable sensaci\u00f3n de flexibilidad en la piel.<\/p>\n<p>No escuece ni deja molestias en la piel.<\/p>\n<p><a href=\"http:\/\/www.primor.eu\/garnier\/37805-agua-micelar-en-aceite.html\"><img decoding=\"async\" class=\"alignnone wp-image-2548 size-full\" src=\"http:\/\/blog.primor.eu\/wp-content\/uploads\/2024\/06\/IMG_5377.jpg\" alt=\"IMG_5377\" width=\"5184\" height=\"3456\" \/><\/a><\/p>\n<p>Como \"para muestra un bot\u00f3n\" os dejamos un v\u00eddeo en el que la hemos probado con un buen ahumado en negro.<\/p>\n<p>&nbsp;<\/p>\n<p style=\"text-align: center;\"><iframe src=\"https:\/\/www.youtube.com\/embed\/jit3RtxRS_A\" width=\"420\" height=\"315\" frameborder=\"0\" allowfullscreen=\"allowfullscreen\"><\/iframe><\/p>\n<p style=\"text-align: left;\">Esperamos que os haya servido el post y que nos cont\u00e9is vuestras impresiones con este producto!<\/p>\n<p style=\"text-align: left;\">Os recordamos que lo pod\u00e9is encontrar en tiendas Primor y en la p\u00e1gina web <a href=\"http:\/\/www.primor.eu\/garnier\/37805-agua-micelar-en-aceite.html\">PINCHANDO AQU\u00cd.\u00a0<\/a><\/p>\n<p style=\"text-align: left;\">Hasta el pr\u00f3ximo post!<\/p>\n\n\n<div class=\"kk-star-ratings kksr-auto kksr-align-center kksr-valign-bottom\"\n    data-payload='{&quot;align&quot;:&quot;center&quot;,&quot;id&quot;:&quot;2547&quot;,&quot;slug&quot;:&quot;default&quot;,&quot;valign&quot;:&quot;bottom&quot;,&quot;ignore&quot;:&quot;&quot;,&quot;reference&quot;:&quot;auto&quot;,&quot;class&quot;:&quot;&quot;,&quot;count&quot;:&quot;0&quot;,&quot;legendonly&quot;:&quot;&quot;,&quot;readonly&quot;:&quot;&quot;,&quot;score&quot;:&quot;0&quot;,&quot;starsonly&quot;:&quot;&quot;,&quot;best&quot;:&quot;5&quot;,&quot;gap&quot;:&quot;5&quot;,&quot;greet&quot;:&quot;Valora este art\u00edculo&quot;,&quot;legend&quot;:&quot;0\\\/5 - (0 votos)&quot;,&quot;size&quot;:&quot;24&quot;,&quot;title&quot;:&quot;Agua micelar en aceite de Garnier&quot;,&quot;width&quot;:&quot;0&quot;,&quot;_legend&quot;:&quot;{score}\\\/{best} - ({count} {votes})&quot;,&quot;font_factor&quot;:&quot;1.25&quot;}'>\n            \n<div class=\"kksr-stars\">\n    \n<div class=\"kksr-stars-inactive\">\n            <div class=\"kksr-star\" data-star=\"1\" style=\"padding-right: 5px\">\n            \n\n<div class=\"kksr-icon\" style=\"width: 24px; height: 24px;\"><\/div>\n        <\/div>\n            <div class=\"kksr-star\" data-star=\"2\" style=\"padding-right: 5px\">\n            \n\n<div class=\"kksr-icon\" style=\"width: 24px; height: 24px;\"><\/div>\n        <\/div>\n            <div class=\"kksr-star\" data-star=\"3\" style=\"padding-right: 5px\">\n            \n\n<div class=\"kksr-icon\" style=\"width: 24px; height: 24px;\"><\/div>\n        <\/div>\n            <div class=\"kksr-star\" data-star=\"4\" style=\"padding-right: 5px\">\n            \n\n<div class=\"kksr-icon\" style=\"width: 24px; height: 24px;\"><\/div>\n        <\/div>\n            <div class=\"kksr-star\" data-star=\"5\" style=\"padding-right: 5px\">\n            \n\n<div class=\"kksr-icon\" style=\"width: 24px; height: 24px;\"><\/div>\n        <\/div>\n    <\/div>\n    \n<div class=\"kksr-stars-active\" style=\"width: 0px;\">\n            <div class=\"kksr-star\" style=\"padding-right: 5px\">\n            \n\n<div class=\"kksr-icon\" style=\"width: 24px; height: 24px;\"><\/div>\n        <\/div>\n            <div class=\"kksr-star\" style=\"padding-right: 5px\">\n            \n\n<div class=\"kksr-icon\" style=\"width: 24px; height: 24px;\"><\/div>\n        <\/div>\n            <div class=\"kksr-star\" style=\"padding-right: 5px\">\n            \n\n<div class=\"kksr-icon\" style=\"width: 24px; height: 24px;\"><\/div>\n        <\/div>\n            <div class=\"kksr-star\" style=\"padding-right: 5px\">\n            \n\n<div class=\"kksr-icon\" style=\"width: 24px; height: 24px;\"><\/div>\n        <\/div>\n            <div class=\"kksr-star\" style=\"padding-right: 5px\">\n            \n\n<div class=\"kksr-icon\" style=\"width: 24px; height: 24px;\"><\/div>\n        <\/div>\n    <\/div>\n<\/div>\n                \n\n<div class=\"kksr-legend\" style=\"font-size: 19.2px;\">\n            <span class=\"kksr-muted\">Valora este art\u00edculo<\/span>\n    <\/div>\n    <\/div>\n","protected":false},"excerpt":{"rendered":"<p>Hola primores! El agua micelar en aceite de Garnier est\u00e1 llamando much\u00edsimo la atenci\u00f3n&#8230; y en el blog Primor hemos querido probarla a fondo para contaros de primera mano qu\u00e9 nos parece! Os interesa el producto? Quedaos a leer el post!<\/p>\n","protected":false},"author":4,"featured_media":136232,"comment_status":"open","ping_status":"open","sticky":false,"template":"","format":"standard","meta":{"jnews-multi-image_gallery":[],"jnews_single_post":{"format":"standard"},"jnews_primary_category":[],"jnews_social_meta":[],"jnews_override_counter":[],"footnotes":""},"categories":[39],"tags":[],"class_list":["post-2547","post","type-post","status-publish","format-standard","has-post-thumbnail","hentry","category-limpieza-facial"],"_links":{"self":[{"href":"https:\/\/www.primor.eu\/blog\/wp-json\/wp\/v2\/posts\/2547","targetHints":{"allow":["GET"]}}],"collection":[{"href":"https:\/\/www.primor.eu\/blog\/wp-json\/wp\/v2\/posts"}],"about":[{"href":"https:\/\/www.primor.eu\/blog\/wp-json\/wp\/v2\/types\/post"}],"author":[{"embeddable":true,"href":"https:\/\/www.primor.eu\/blog\/wp-json\/wp\/v2\/users\/4"}],"replies":[{"embeddable":true,"href":"https:\/\/www.primor.eu\/blog\/wp-json\/wp\/v2\/comments?post=2547"}],"version-history":[{"count":1,"href":"https:\/\/www.primor.eu\/blog\/wp-json\/wp\/v2\/posts\/2547\/revisions"}],"predecessor-version":[{"id":136233,"href":"https:\/\/www.primor.eu\/blog\/wp-json\/wp\/v2\/posts\/2547\/revisions\/136233"}],"wp:featuredmedia":[{"embeddable":true,"href":"https:\/\/www.primor.eu\/blog\/wp-json\/wp\/v2\/media\/136232"}],"wp:attachment":[{"href":"https:\/\/www.primor.eu\/blog\/wp-json\/wp\/v2\/media?parent=2547"}],"wp:term":[{"taxonomy":"category","embeddable":true,"href":"https:\/\/www.primor.eu\/blog\/wp-json\/wp\/v2\/categories?post=2547"},{"taxonomy":"post_tag","embeddable":true,"href":"https:\/\/www.primor.eu\/blog\/wp-json\/wp\/v2\/tags?post=2547"}],"curies":[{"name":"wp","href":"https:\/\/api.w.org\/{rel}","templated":true}]}}