{"id":2462,"date":"2016-05-31T06:03:35","date_gmt":"2016-05-31T06:03:35","guid":{"rendered":"http:\/\/blog.primor.eu:\/?p=2462"},"modified":"2023-09-22T09:19:25","modified_gmt":"2023-09-22T09:19:25","slug":"pro-artist-fin-esta-esta-primor","status":"publish","type":"post","link":"https:\/\/www.primor.eu\/blog\/pro-artist-fin-esta-esta-primor\/","title":{"rendered":"Pro Artist por fin est\u00e1 en Primor!"},"content":{"rendered":"<p><a href=\"http:\/\/www.primor.eu\/956_pro-artist-freedom-makeup\"><img decoding=\"async\" class=\"alignnone wp-image-2474 size-full\" src=\"http:\/\/blog.primor.eu\/wp-content\/uploads\/2024\/05\/IMG_4441.jpg\" alt=\"IMG_4441\" width=\"4287\" height=\"3441\" \/><\/a><\/p>\n<p class=\"p1\"><span class=\"s1\">Hola Primores!! <\/span><\/p>\n<p class=\"p1\"><span class=\"s1\">Si!! Por fin ha llegado!! Ya tenemos la firma <a href=\"http:\/\/www.primor.eu\/956_pro-artist-freedom-makeup\"><strong>Pro Artist en Primor.<\/strong><\/a> Sab\u00edamos que lo estabais esperando! Quer\u00e9is conocerla m\u00e1s a fondo? Os contamos cosas en este post!<\/span><\/p>\n<p class=\"p1\"><!--more--><\/p>\n<p class=\"p1\"><a style=\"line-height: 1.5;\" href=\"http:\/\/www.primor.eu\/956_pro-artist-freedom-makeup\"><img decoding=\"async\" class=\"alignnone wp-image-2473 size-full\" src=\"http:\/\/blog.primor.eu\/wp-content\/uploads\/2024\/05\/IMG_4442.jpg\" alt=\"IMG_4442\" width=\"3741\" height=\"3456\" \/><\/a><\/p>\n<p class=\"p1\"><span class=\"s1\"><a href=\"http:\/\/www.primor.eu\/956_pro-artist-freedom-makeup\"><strong>ProArtist, de Freedom Makeup London<\/strong><\/a> es una completa gama de maquillaje\u00a0<\/span><span class=\"s1\">profesional con unos precios muy reducidos en relaci\u00f3n con la calidad.\u00a0<\/span><\/p>\n<p class=\"p1\"><span class=\"s1\">Ha sido desarrollado por profesionales del maquillaje y se est\u00e1 convirtiendo en\u00a0<\/span><span class=\"s1\">una importante marca tanto a nivel europeo como global ya que ofrece productos\u00a0<\/span><span class=\"s1\">innovadores y presta atenci\u00f3n a \u00a0las \u00faltimas t\u00e9cnicas en belleza a un precio razonable\u00a0<\/span><span class=\"s1\">y accesible. <\/span><\/p>\n<p><a href=\"http:\/\/www.primor.eu\/956_pro-artist-freedom-makeup\"><img decoding=\"async\" class=\"alignnone wp-image-2472 size-full\" src=\"http:\/\/blog.primor.eu\/wp-content\/uploads\/2024\/05\/IMG_4443.jpg\" alt=\"IMG_4443\" width=\"5184\" height=\"3456\" \/><\/a><\/p>\n<p class=\"p1\"><span class=\"s1\"><a href=\"http:\/\/www.primor.eu\/956_pro-artist-freedom-makeup\"><strong>ProArtist<\/strong> <\/a>se centra en las \u00faltimas t\u00e9cnicas y estilos de maquillaje y<\/span><span class=\"s1\">, bas\u00e1ndose en esto, ofrece distintos kit para conseguir el look que buscamos. \u00a0<\/span><\/p>\n<p class=\"p1\">Por ejemplo, un producto basado en uno de los \u00faltimos estilos de maquillaje es el producto indicado para\u00a0<span class=\"s1\">hacer strobing , t\u00e9cnica consistente en crear volumenes en el rostro mediante la iluminaci\u00f3n. Para ello ofrece su <a href=\"http:\/\/www.primor.eu\/pro-artist-freedom-makeup\/38125-pro-studio-strobe-cream.html\"><strong>crema iluminadora Strobe Cream<\/strong><\/a> . Es ligera, sutil y con un olor muy agradable.\u00a0<\/span><\/p>\n<p class=\"p1\">Se puede usar en zonas concretas del rostro o mezcl\u00e1ndola con la base de maquillaje.<\/p>\n<p class=\"p1\"><a href=\"http:\/\/www.primor.eu\/pro-artist-freedom-makeup\/38125-pro-studio-strobe-cream.html\"><img decoding=\"async\" class=\"alignnone wp-image-2476 size-full\" src=\"http:\/\/blog.primor.eu\/wp-content\/uploads\/2024\/05\/IMG_5146a-1.jpg\" alt=\"IMG_5146a\" width=\"4716\" height=\"3155\" \/><\/a><\/p>\n<p class=\"p1\"><a href=\"http:\/\/www.primor.eu\/pro-artist-freedom-makeup\/38125-pro-studio-strobe-cream.html\"><img decoding=\"async\" class=\"alignnone wp-image-2477 size-full\" src=\"http:\/\/blog.primor.eu\/wp-content\/uploads\/2024\/05\/collage.jpg\" alt=\"collage\" width=\"1600\" height=\"1024\" \/><\/a><\/p>\n<p class=\"p1\"><span class=\"s1\">Pro Artist tambi\u00e9n est\u00e1 atenta a la moda de c\u00f3mo contornear el rostro. Para ello encontramos, por ejemplo, las paletas <a href=\"http:\/\/www.primor.eu\/pro-artist-freedom-makeup\/38119-pro-cream-strobe-palette.html\"><strong>Pro Strobe Cream Palette<\/strong><\/a> , que incluye<\/span><\/p>\n<ul>\n<li>3 iluminadores mate,<\/li>\n<li>3 contornos mate,<\/li>\n<li>1 brocha Pro Strobe Brush.<\/li>\n<\/ul>\n<p>Todos los productos son en crema, que se integra de una manera natural con la piel.<\/p>\n<p class=\"p1\"><a style=\"line-height: 1.5;\" href=\"http:\/\/www.primor.eu\/pro-artist-freedom-makeup\/38119-pro-cream-strobe-palette.html\"><img decoding=\"async\" class=\"alignnone wp-image-2468 size-full\" src=\"http:\/\/blog.primor.eu\/wp-content\/uploads\/2024\/05\/IMG_4457.jpg\" alt=\"IMG_4457\" width=\"4257\" height=\"3374\" \/><\/a><\/p>\n<p class=\"p1\">Proartist cuenta con una tremenda variedad de productos para cejas, alcanzando hasta doce tonalidades diferentes para adaptarse a cualquier mujer.<\/p>\n<p class=\"p1\">Muy destacada es su <a href=\"http:\/\/www.primor.eu\/pro-artist-freedom-makeup\/38122-pro-brow-pomade.html\"><strong>Pro Brow Pomade<\/strong><\/a>, en muchos tonos, de larga duraci\u00f3n.<\/p>\n<p class=\"p1\"><a href=\"http:\/\/www.primor.eu\/pro-artist-freedom-makeup\/38122-pro-brow-pomade.html\"><img decoding=\"async\" class=\"alignnone wp-image-2463 size-full\" src=\"http:\/\/blog.primor.eu\/wp-content\/uploads\/2024\/05\/IMG_5150.jpg\" alt=\"IMG_5150\" width=\"5184\" height=\"3456\" \/><\/a><\/p>\n<p class=\"p1\"><a href=\"http:\/\/blog.primor.eu\/wp-content\/uploads\/2016\/05\/IMG-20160416-WA0009.jpg\" target=\"_blank\" rel=\"noopener\"><img decoding=\"async\" class=\"aligncenter wp-image-2478 size-large\" src=\"http:\/\/blog.primor.eu\/wp-content\/uploads\/2024\/05\/IMG-20160416-WA0009-1024x1020.jpg\" alt=\"IMG-20160416-WA0009\" width=\"750\" height=\"747\" \/><\/a><\/p>\n<p class=\"p1\">Los labiales de la marca se presentan en colecciones tem\u00e1ticas compuestas por cinco labiales a un precio muy competitivo! y hay labiales de todo tipo, \u00a0desde tonos fantas\u00eda hasta los cl\u00e1sicos rojos, como los que os mostramos. Se trata de la <a href=\"http:\/\/www.primor.eu\/pro-artist-freedom-makeup\/38136-pro-red-lipstick-collection.html\"><strong>colecci\u00f3n Pro Red.<\/strong><\/a><\/p>\n<p class=\"p1\">Son labiales cremosos y muy pigmentados.<\/p>\n<p class=\"p1\"><a href=\"http:\/\/www.primor.eu\/pro-artist-freedom-makeup\/38136-pro-red-lipstick-collection.html\"><img decoding=\"async\" class=\"alignnone wp-image-2471 size-full\" src=\"http:\/\/blog.primor.eu\/wp-content\/uploads\/2024\/05\/IMG_4444.jpg\" alt=\"IMG_4444\" width=\"5184\" height=\"3456\" \/><\/a><\/p>\n<p class=\"p1\">Uno de los productos m\u00e1s famosos y \u00fatiles de la marca son sus <a href=\"http:\/\/www.primor.eu\/pro-artist-freedom-makeup\/38113-house-of-glamdolls-paletas.html\"><strong>paletas Glamdolls,<\/strong> <\/a>con todo lo necesario para conseguir el look deseado. Cada paleta trae:<\/p>\n<ul>\n<li>4 polvos para cejas,<\/li>\n<li>3 polvos iluminadores,<\/li>\n<li>10 tonos de sombras,<\/li>\n<li>2 coloretes,<\/li>\n<li>4 labiales.<\/li>\n<\/ul>\n<p>Hay tres paletas GlamDolls diferentes.<\/p>\n<p class=\"p1\"><a style=\"line-height: 1.5;\" href=\"http:\/\/www.primor.eu\/pro-artist-freedom-makeup\/38113-house-of-glamdolls-paletas.html\"><img decoding=\"async\" class=\"alignnone wp-image-2470 size-full\" src=\"http:\/\/blog.primor.eu\/wp-content\/uploads\/2024\/05\/IMG_4446.jpg\" alt=\"IMG_4446\" width=\"5184\" height=\"3456\" \/><\/a><\/p>\n<p class=\"p1\"><a style=\"line-height: 1.5;\" href=\"http:\/\/www.primor.eu\/pro-artist-freedom-makeup\/38113-house-of-glamdolls-paletas.html\"><img decoding=\"async\" class=\"alignnone wp-image-2469 size-full\" src=\"http:\/\/blog.primor.eu\/wp-content\/uploads\/2024\/05\/IMG_4455a.jpg\" alt=\"IMG_4455a\" width=\"3729\" height=\"3456\" \/><\/a><\/p>\n<p class=\"p1\">Est\u00e1n muy de moda los spray fijadores del maquillaje y Pro Artist no se queda atr\u00e1s, ofreciendo su <a href=\"http:\/\/www.primor.eu\/pro-artist-freedom-makeup\/38112-pro-studio-fixing-spray.html\"><strong>Fixing Spray Anti shine<\/strong><\/a>. Fija el maquillaje y evita la aparici\u00f3n de los nada deseados brillos.<\/p>\n<p class=\"p1\"><a href=\"http:\/\/www.primor.eu\/pro-artist-freedom-makeup\/38112-pro-studio-fixing-spray.html\"><img decoding=\"async\" class=\"alignnone wp-image-2467 size-full\" src=\"http:\/\/blog.primor.eu\/wp-content\/uploads\/2024\/05\/IMG_5142.jpg\" alt=\"IMG_5142\" width=\"4420\" height=\"3263\" \/><\/a><\/p>\n<p class=\"p1\">Y la gama no estar\u00eda completa sin productos para el desmaquillado. El <strong>desmaquillante de ojos<\/strong> en textura gel est\u00e1 formulado para los ojos m\u00e1s sensibles.<\/p>\n<p class=\"p1\"><a href=\"http:\/\/blog.primor.eu\/wp-content\/uploads\/2024\/05\/IMG_5144.jpg\" target=\"_blank\" rel=\"noopener\"><img decoding=\"async\" class=\"alignnone wp-image-2466 size-full\" src=\"http:\/\/blog.primor.eu\/wp-content\/uploads\/2024\/05\/IMG_5144.jpg\" alt=\"IMG_5144\" width=\"5184\" height=\"3456\" \/><\/a><\/p>\n<p class=\"p1\"><a href=\"http:\/\/blog.primor.eu\/wp-content\/uploads\/2024\/05\/IMG_5145.jpg\" target=\"_blank\" rel=\"noopener\"><img decoding=\"async\" class=\"alignnone wp-image-2465 size-full\" src=\"http:\/\/blog.primor.eu\/wp-content\/uploads\/2024\/05\/IMG_5145.jpg\" alt=\"IMG_5145\" width=\"5184\" height=\"3456\" \/><\/a><\/p>\n<p class=\"p1\">Quer\u00edamos destacar esta selecci\u00f3n de productos, pero hay <a href=\"http:\/\/www.primor.eu\/956_pro-artist-freedom-makeup\">MUCHOS MAS productos de Pro Artist<\/a> en la web de Primor!! Qu\u00e9 m\u00e1s se puede pedir? calidad, precio y variedad... la espera ha merecido la pena!!<\/p>\n<p class=\"p1\">Gracias por leernos, primores!!<\/p>\n<p class=\"p1\">Hasta el pr\u00f3ximo post!<\/p>\n<p class=\"p1\">\n\n\n<div class=\"kk-star-ratings kksr-auto kksr-align-center kksr-valign-bottom\"\n    data-payload='{&quot;align&quot;:&quot;center&quot;,&quot;id&quot;:&quot;2462&quot;,&quot;slug&quot;:&quot;default&quot;,&quot;valign&quot;:&quot;bottom&quot;,&quot;ignore&quot;:&quot;&quot;,&quot;reference&quot;:&quot;auto&quot;,&quot;class&quot;:&quot;&quot;,&quot;count&quot;:&quot;0&quot;,&quot;legendonly&quot;:&quot;&quot;,&quot;readonly&quot;:&quot;&quot;,&quot;score&quot;:&quot;0&quot;,&quot;starsonly&quot;:&quot;&quot;,&quot;best&quot;:&quot;5&quot;,&quot;gap&quot;:&quot;5&quot;,&quot;greet&quot;:&quot;Valora este art\u00edculo&quot;,&quot;legend&quot;:&quot;0\\\/5 - (0 votos)&quot;,&quot;size&quot;:&quot;24&quot;,&quot;title&quot;:&quot;Pro Artist por fin est\u00e1 en Primor!&quot;,&quot;width&quot;:&quot;0&quot;,&quot;_legend&quot;:&quot;{score}\\\/{best} - ({count} {votes})&quot;,&quot;font_factor&quot;:&quot;1.25&quot;}'>\n            \n<div class=\"kksr-stars\">\n    \n<div class=\"kksr-stars-inactive\">\n            <div class=\"kksr-star\" data-star=\"1\" style=\"padding-right: 5px\">\n            \n\n<div class=\"kksr-icon\" style=\"width: 24px; height: 24px;\"><\/div>\n        <\/div>\n            <div class=\"kksr-star\" data-star=\"2\" style=\"padding-right: 5px\">\n            \n\n<div class=\"kksr-icon\" style=\"width: 24px; height: 24px;\"><\/div>\n        <\/div>\n            <div class=\"kksr-star\" data-star=\"3\" style=\"padding-right: 5px\">\n            \n\n<div class=\"kksr-icon\" style=\"width: 24px; height: 24px;\"><\/div>\n        <\/div>\n            <div class=\"kksr-star\" data-star=\"4\" style=\"padding-right: 5px\">\n            \n\n<div class=\"kksr-icon\" style=\"width: 24px; height: 24px;\"><\/div>\n        <\/div>\n            <div class=\"kksr-star\" data-star=\"5\" style=\"padding-right: 5px\">\n            \n\n<div class=\"kksr-icon\" style=\"width: 24px; height: 24px;\"><\/div>\n        <\/div>\n    <\/div>\n    \n<div class=\"kksr-stars-active\" style=\"width: 0px;\">\n            <div class=\"kksr-star\" style=\"padding-right: 5px\">\n            \n\n<div class=\"kksr-icon\" style=\"width: 24px; height: 24px;\"><\/div>\n        <\/div>\n            <div class=\"kksr-star\" style=\"padding-right: 5px\">\n            \n\n<div class=\"kksr-icon\" style=\"width: 24px; height: 24px;\"><\/div>\n        <\/div>\n            <div class=\"kksr-star\" style=\"padding-right: 5px\">\n            \n\n<div class=\"kksr-icon\" style=\"width: 24px; height: 24px;\"><\/div>\n        <\/div>\n            <div class=\"kksr-star\" style=\"padding-right: 5px\">\n            \n\n<div class=\"kksr-icon\" style=\"width: 24px; height: 24px;\"><\/div>\n        <\/div>\n            <div class=\"kksr-star\" style=\"padding-right: 5px\">\n            \n\n<div class=\"kksr-icon\" style=\"width: 24px; height: 24px;\"><\/div>\n        <\/div>\n    <\/div>\n<\/div>\n                \n\n<div class=\"kksr-legend\" style=\"font-size: 19.2px;\">\n            <span class=\"kksr-muted\">Valora este art\u00edculo<\/span>\n    <\/div>\n    <\/div>\n","protected":false},"excerpt":{"rendered":"<p>Hola Primores!! Si!! Por fin ha llegado!! Ya tenemos la firma Pro Artist en Primor. Sab\u00edamos que lo estabais esperando! Quer\u00e9is conocerla m\u00e1s a fondo? Os contamos cosas en este post!<\/p>\n","protected":false},"author":4,"featured_media":2474,"comment_status":"open","ping_status":"open","sticky":false,"template":"","format":"standard","meta":{"jnews-multi-image_gallery":[],"jnews_single_post":[],"jnews_primary_category":[],"jnews_social_meta":[],"jnews_override_counter":[],"footnotes":""},"categories":[41,26],"tags":[],"class_list":["post-2462","post","type-post","status-publish","format-standard","has-post-thumbnail","hentry","category-maquillaje","category-noticias-beauty"],"_links":{"self":[{"href":"https:\/\/www.primor.eu\/blog\/wp-json\/wp\/v2\/posts\/2462","targetHints":{"allow":["GET"]}}],"collection":[{"href":"https:\/\/www.primor.eu\/blog\/wp-json\/wp\/v2\/posts"}],"about":[{"href":"https:\/\/www.primor.eu\/blog\/wp-json\/wp\/v2\/types\/post"}],"author":[{"embeddable":true,"href":"https:\/\/www.primor.eu\/blog\/wp-json\/wp\/v2\/users\/4"}],"replies":[{"embeddable":true,"href":"https:\/\/www.primor.eu\/blog\/wp-json\/wp\/v2\/comments?post=2462"}],"version-history":[{"count":1,"href":"https:\/\/www.primor.eu\/blog\/wp-json\/wp\/v2\/posts\/2462\/revisions"}],"predecessor-version":[{"id":86000,"href":"https:\/\/www.primor.eu\/blog\/wp-json\/wp\/v2\/posts\/2462\/revisions\/86000"}],"wp:featuredmedia":[{"embeddable":true,"href":"https:\/\/www.primor.eu\/blog\/wp-json\/"}],"wp:attachment":[{"href":"https:\/\/www.primor.eu\/blog\/wp-json\/wp\/v2\/media?parent=2462"}],"wp:term":[{"taxonomy":"category","embeddable":true,"href":"https:\/\/www.primor.eu\/blog\/wp-json\/wp\/v2\/categories?post=2462"},{"taxonomy":"post_tag","embeddable":true,"href":"https:\/\/www.primor.eu\/blog\/wp-json\/wp\/v2\/tags?post=2462"}],"curies":[{"name":"wp","href":"https:\/\/api.w.org\/{rel}","templated":true}]}}