{"id":23563,"date":"2021-09-12T10:00:54","date_gmt":"2021-09-12T08:00:54","guid":{"rendered":"https:\/\/blog.primor.eu\/?p=23563"},"modified":"2025-12-15T15:51:27","modified_gmt":"2025-12-15T15:51:27","slug":"como-seleccionar-buen-contorno-de-ojos","status":"publish","type":"post","link":"https:\/\/www.primor.eu\/blog\/como-seleccionar-buen-contorno-de-ojos\/","title":{"rendered":"C\u00f3mo seleccionar un buen contorno de ojos"},"content":{"rendered":"\n<p>\u00bfSab\u00edas que la <a href=\"https:\/\/www.primor.eu\/blog\/category\/piel\/\" target=\"_blank\" rel=\"noreferrer noopener\"><strong>piel<\/strong><\/a> del <a href=\"https:\/\/www.primor.eu\/es_es\/contorno-de-ojos-de-parafarmacia\" target=\"_blank\" rel=\"noreferrer noopener\"><strong>contorno de los ojos<\/strong><\/a> es mucho diferente a la del resto del rostro? Es m\u00e1s fina (unas diez veces m\u00e1s), m\u00e1s delicada y m\u00e1s sensible debido a que son muchas las venitas que pasan por debajo de ella y a que no tiene gl\u00e1ndulas seb\u00e1ceas. De hecho, est\u00e1 m\u00e1s vascularizada y su renovaci\u00f3n responde a un proceso m\u00e1s lento. No as\u00ed la capacidad para deshidratarse, m\u00e1s veloz que en otras \u00e1reas. Ese es el motivo por el que muchas <strong>cremas faciales<\/strong> recomiendan evitar su uso en esta zona, pues necesita formulaciones e ingredientes espec\u00edficos y adaptados.<\/p>\n\n\n\n<h3 class=\"wp-block-heading\">La edad<\/h3>\n\n\n\n<p>Otro factor determinante en la b\u00fasqueda de un contorno de ojos adecuado es la <strong>edad<\/strong>. En ese sentido, cabe decir que los dermat\u00f3logos y expertos en cosm\u00e9tica aconsejan que se incorpore en la rutina facial a partir de <strong>los veinticinco a\u00f1os<\/strong> aunque sea con un producto m\u00e1s orientado a la hidrataci\u00f3n que a combatir los signos del envejecimiento cut\u00e1neo. Prevenir es mejor que curar.<\/p>\n\n\n    <a class='product' target='_blank' href='https:\/\/www.primor.eu\/es_es\/beauty-drops-bright-eyes-crema-para-el-contorno-de-ojos-92443.html'>\r\n        <img loading='async' src='https:\/\/cdn2.primor.eu\/media\/catalog\/product\/cache\/8d3aba296f7a18b5251ee30fa5db42b2\/0\/T\/0TF24715_de1c.JPG' alt='COMPRAR AHORA'>\r\n            <div class=\"claim\">\r\n                COMPRAR AHORA            <\/div>\r\n        <\/a>\r\n    \n\n\n\n<h3 class=\"wp-block-heading\">\u00bfQu\u00e9 necesita mi piel?<\/h3>\n\n\n\n<p>Para escoger <strong>un buen contorno de ojos<\/strong>, entonces, hay que tener en cuenta que no vale con aplicarse solamente los restos de una crema antiarrugas sino que hay que buscar algo formulado aposta. Tambi\u00e9n las diferentes necesidades que existen entorno al \u00e1rea. Es decir, que tenemos que saber si buscamos una soluci\u00f3n para las bolsas, para las ojeras pigmentadas, para la falta de luminosidad, para combatir las arrugas y las l\u00edneas de expresi\u00f3n, para hidratar, para revertir una irritaci\u00f3n, para una ojera azulada o vascular... As\u00ed que antes de ir a por un contorno, hazte esta pregunta: <strong>\u00bfqu\u00e9 necesita mi piel?<\/strong><\/p>\n\n\n\n<h3 class=\"wp-block-heading\">A cada necesidad, su contorno de ojos<\/h3>\n\n\n\n<ul class=\"wp-block-list\">\n<li>Para <strong>ojeras pigmentadas<\/strong> y de color marr\u00f3n hay que buscar activos antioxidantes o despigmentantes como el retinol, la vitamina C, el \u00e1cido k\u00f3jico o el \u00e1cido tranex\u00e1mico.<\/li>\n\n\n\n<li>Para <strong>ojeras azuladas<\/strong> hay que buscar activos que estimulen la circulaci\u00f3n sangu\u00ednea y que fortalezcan la pared capilar. Algunos son la cafe\u00edna, los extractos de hamamelis, la arnica o la vitamina K.<\/li>\n\n\n\n<li>Para las <strong>bolsas<\/strong> hay que buscar activos con funci\u00f3n descongestiva y drenante, pues se generan por la acumulaci\u00f3n de l\u00edquidos, como el sulfato de dextrano.<\/li>\n\n\n\n<li>Para las <strong>arrugas<\/strong> y la p\u00e9rdida de firmeza hay que buscar activos antioxidantes, estimuladores de la creaci\u00f3n de col\u00e1geno y elastina, el \u00e1cido hialur\u00f3nico...<\/li>\n\n\n\n<li>Para la falta de <strong>luminosidad<\/strong> hay que buscar activos antioxidantes como la vitamina C o la vitamina E porque lo que se busca es aumentar la luz de la zona del contorno.<\/li>\n\n\n\n<li>Para la <strong>deshidrataci\u00f3n<\/strong> hay que buscar f\u00f3rmulas que favorezcan la nutrici\u00f3n de la piel seca y tirante as\u00ed que son \u00fatiles las ceramidas, la manteca de karit\u00e9 y el \u00e1cido hialur\u00f3nico.<\/li>\n\n\n\n<li>Para las <strong>rojeces<\/strong> hay que buscar activos hidratantes que reparen la barrera de la piel y f\u00f3rmulas hipoalerg\u00e9nicas.<\/li>\n<\/ul>\n\n\n\n<p>Aqu\u00ed tienes la <strong>gu\u00eda perfecta<\/strong> para escoger tu contorno de ojos id\u00f3neo.<\/p>\n\n\n\n<h2 class=\"wp-block-heading\">Dos buenos contornos de ojos de nuestra tienda<\/h2>\n\n\n\n<h3 class=\"wp-block-heading\">\u00c1cido Hialur\u00f3nico Crema de Contorno de Ojos de Olay<\/h3>\n\n\n\n<p>\u00c1cido Hialur\u00f3nico Crema de Contorno de Ojos es ideal para hidratar y reafirmar la piel alrededor de los ojos. Su f\u00f3rmula ligera y de r\u00e1p\u00ecda absorci\u00f3n, no tiene perfume y su textura no tiene grasa y no es pegajosa. Su f\u00f3rmula contiene \u00e1cido Hialur\u00f3nico, Vitamina B5 y Niacinamida que refresca y proporciona hidrataci\u00f3n al instante.<\/p>\n\n\n    <a class='product' target='_blank' href='https:\/\/www.primor.eu\/es_es\/olay-acido-hialuronico-crema-de-contorno-de-ojos-72306.html'>\r\n        <img loading='async' src='https:\/\/cdn2.primor.eu\/media\/catalog\/product\/cache\/8d3aba296f7a18b5251ee30fa5db42b2\/0\/8\/08006540671146_80826397_ECOMMERCE_CONTENT_ECOMMERCE_POWER_IMAGE_FRONT_CENTER_30_57b2.jpg' alt='COMPRAR AHORA'>\r\n            <div class=\"claim\">\r\n                COMPRAR AHORA            <\/div>\r\n        <\/a>\r\n    \n\n\n<h3 class=\"wp-block-heading\">Crema Reparadora Contorno de Ojos de Cerave<\/h3>\n\n\n\n<p>Es una soluci\u00f3n vers\u00e1til para todo tipo de pieles que aborda eficazmente el problema de las ojeras y las bolsas en la delicada \u00e1rea alrededor de los ojos. Esta crema est\u00e1 especialmente formulada para ayudar a reparar la barrera protectora de la piel en esta zona tan sensible. Con una f\u00f3rmula de r\u00e1pida absorci\u00f3n que no deja sensaci\u00f3n grasa, esta crema cuenta con la presencia de tres ceramidas esenciales (ceramidas 1, 3 y 6-II) y \u00e1cido hialur\u00f3nico.<\/p>\n\n\n    <a class='product' target='_blank' href='https:\/\/www.primor.eu\/es_es\/cerave-crema-reparadora-contorno-de-ojos-15828.html'>\r\n        <img loading='async' src='https:\/\/cdn2.primor.eu\/media\/catalog\/product\/cache\/8d3aba296f7a18b5251ee30fa5db42b2\/3\/3\/3337875597272_ae79.jpg' alt='COMPRAR AHORA'>\r\n            <div class=\"claim\">\r\n                COMPRAR AHORA            <\/div>\r\n        <\/a>\r\n    \n\n<div class=\"kk-star-ratings kksr-auto kksr-align-center kksr-valign-bottom\"\n    data-payload='{&quot;align&quot;:&quot;center&quot;,&quot;id&quot;:&quot;23563&quot;,&quot;slug&quot;:&quot;default&quot;,&quot;valign&quot;:&quot;bottom&quot;,&quot;ignore&quot;:&quot;&quot;,&quot;reference&quot;:&quot;auto&quot;,&quot;class&quot;:&quot;&quot;,&quot;count&quot;:&quot;0&quot;,&quot;legendonly&quot;:&quot;&quot;,&quot;readonly&quot;:&quot;&quot;,&quot;score&quot;:&quot;0&quot;,&quot;starsonly&quot;:&quot;&quot;,&quot;best&quot;:&quot;5&quot;,&quot;gap&quot;:&quot;5&quot;,&quot;greet&quot;:&quot;Valora este art\u00edculo&quot;,&quot;legend&quot;:&quot;0\\\/5 - (0 votos)&quot;,&quot;size&quot;:&quot;24&quot;,&quot;title&quot;:&quot;C\u00f3mo seleccionar un buen contorno de ojos&quot;,&quot;width&quot;:&quot;0&quot;,&quot;_legend&quot;:&quot;{score}\\\/{best} - ({count} {votes})&quot;,&quot;font_factor&quot;:&quot;1.25&quot;}'>\n            \n<div class=\"kksr-stars\">\n    \n<div class=\"kksr-stars-inactive\">\n            <div class=\"kksr-star\" data-star=\"1\" style=\"padding-right: 5px\">\n            \n\n<div class=\"kksr-icon\" style=\"width: 24px; height: 24px;\"><\/div>\n        <\/div>\n            <div class=\"kksr-star\" data-star=\"2\" style=\"padding-right: 5px\">\n            \n\n<div class=\"kksr-icon\" style=\"width: 24px; height: 24px;\"><\/div>\n        <\/div>\n            <div class=\"kksr-star\" data-star=\"3\" style=\"padding-right: 5px\">\n            \n\n<div class=\"kksr-icon\" style=\"width: 24px; height: 24px;\"><\/div>\n        <\/div>\n            <div class=\"kksr-star\" data-star=\"4\" style=\"padding-right: 5px\">\n            \n\n<div class=\"kksr-icon\" style=\"width: 24px; height: 24px;\"><\/div>\n        <\/div>\n            <div class=\"kksr-star\" data-star=\"5\" style=\"padding-right: 5px\">\n            \n\n<div class=\"kksr-icon\" style=\"width: 24px; height: 24px;\"><\/div>\n        <\/div>\n    <\/div>\n    \n<div class=\"kksr-stars-active\" style=\"width: 0px;\">\n            <div class=\"kksr-star\" style=\"padding-right: 5px\">\n            \n\n<div class=\"kksr-icon\" style=\"width: 24px; height: 24px;\"><\/div>\n        <\/div>\n            <div class=\"kksr-star\" style=\"padding-right: 5px\">\n            \n\n<div class=\"kksr-icon\" style=\"width: 24px; height: 24px;\"><\/div>\n        <\/div>\n            <div class=\"kksr-star\" style=\"padding-right: 5px\">\n            \n\n<div class=\"kksr-icon\" style=\"width: 24px; height: 24px;\"><\/div>\n        <\/div>\n            <div class=\"kksr-star\" style=\"padding-right: 5px\">\n            \n\n<div class=\"kksr-icon\" style=\"width: 24px; height: 24px;\"><\/div>\n        <\/div>\n            <div class=\"kksr-star\" style=\"padding-right: 5px\">\n            \n\n<div class=\"kksr-icon\" style=\"width: 24px; height: 24px;\"><\/div>\n        <\/div>\n    <\/div>\n<\/div>\n                \n\n<div class=\"kksr-legend\" style=\"font-size: 19.2px;\">\n            <span class=\"kksr-muted\">Valora este art\u00edculo<\/span>\n    <\/div>\n    <\/div>\n","protected":false},"excerpt":{"rendered":"<p>\u00bfSab\u00edas que la piel del contorno de los ojos es mucho diferente a la del resto del rostro? Es m\u00e1s fina (unas diez veces m\u00e1s), m\u00e1s delicada y m\u00e1s sensible debido a que son muchas las venitas que pasan por debajo de ella y a que no tiene gl\u00e1ndulas seb\u00e1ceas. De hecho, est\u00e1 m\u00e1s vascularizada [&hellip;]<\/p>\n","protected":false},"author":4,"featured_media":136256,"comment_status":"open","ping_status":"open","sticky":false,"template":"","format":"standard","meta":{"jnews-multi-image_gallery":[],"jnews_single_post":{"subtitle":"","format":"standard","video":"","gallery":"","source_name":"","source_url":"","via_name":"","via_url":"","override_template":"0","override":[{"template":"1","single_blog_custom":"","parallax":"1","fullscreen":"1","layout":"right-sidebar","sidebar":"home-2","second_sidebar":"default-sidebar","sticky_sidebar":"0","share_position":"float","share_float_style":"share-monocrhome","show_share_counter":"0","show_view_counter":"0","show_featured":"1","show_post_meta":"1","show_post_author":"0","show_post_author_image":"1","show_post_date":"1","post_date_format":"default","post_date_format_custom":"Y\/m\/d","show_post_category":"1","show_post_reading_time":"0","post_reading_time_wpm":"300","show_zoom_button":"0","zoom_button_out_step":"2","zoom_button_in_step":"3","show_post_tag":"0","show_prev_next_post":"0","show_popup_post":"0","number_popup_post":"2","show_author_box":"0","show_post_related":"0","show_inline_post_related":"1"}],"override_image_size":"0","image_override":[{"single_post_thumbnail_size":"no-crop","single_post_gallery_size":"crop-500"}],"trending_post":"0","trending_post_position":"meta","trending_post_label":"Trending","sponsored_post":"0","sponsored_post_label":"Sponsored by","sponsored_post_name":"","sponsored_post_url":"","sponsored_post_logo_enable":"0","sponsored_post_logo":"","sponsored_post_desc":"","disable_ad":"0"},"jnews_primary_category":{"id":"","hide":""},"jnews_social_meta":{"fb_title":"","fb_description":"","fb_image":"","twitter_title":"","twitter_description":"","twitter_image":""},"jnews_override_counter":{"override_view_counter":"0","view_counter_number":"0","override_share_counter":"0","share_counter_number":"0","override_like_counter":"0","like_counter_number":"0","override_dislike_counter":"0","dislike_counter_number":"0"},"footnotes":""},"categories":[29,53],"tags":[],"class_list":["post-23563","post","type-post","status-publish","format-standard","has-post-thumbnail","hentry","category-cosmetica","category-piel"],"_links":{"self":[{"href":"https:\/\/www.primor.eu\/blog\/wp-json\/wp\/v2\/posts\/23563","targetHints":{"allow":["GET"]}}],"collection":[{"href":"https:\/\/www.primor.eu\/blog\/wp-json\/wp\/v2\/posts"}],"about":[{"href":"https:\/\/www.primor.eu\/blog\/wp-json\/wp\/v2\/types\/post"}],"author":[{"embeddable":true,"href":"https:\/\/www.primor.eu\/blog\/wp-json\/wp\/v2\/users\/4"}],"replies":[{"embeddable":true,"href":"https:\/\/www.primor.eu\/blog\/wp-json\/wp\/v2\/comments?post=23563"}],"version-history":[{"count":4,"href":"https:\/\/www.primor.eu\/blog\/wp-json\/wp\/v2\/posts\/23563\/revisions"}],"predecessor-version":[{"id":131700,"href":"https:\/\/www.primor.eu\/blog\/wp-json\/wp\/v2\/posts\/23563\/revisions\/131700"}],"wp:featuredmedia":[{"embeddable":true,"href":"https:\/\/www.primor.eu\/blog\/wp-json\/wp\/v2\/media\/136256"}],"wp:attachment":[{"href":"https:\/\/www.primor.eu\/blog\/wp-json\/wp\/v2\/media?parent=23563"}],"wp:term":[{"taxonomy":"category","embeddable":true,"href":"https:\/\/www.primor.eu\/blog\/wp-json\/wp\/v2\/categories?post=23563"},{"taxonomy":"post_tag","embeddable":true,"href":"https:\/\/www.primor.eu\/blog\/wp-json\/wp\/v2\/tags?post=23563"}],"curies":[{"name":"wp","href":"https:\/\/api.w.org\/{rel}","templated":true}]}}