{"id":23537,"date":"2021-06-25T13:18:50","date_gmt":"2021-06-25T11:18:50","guid":{"rendered":"https:\/\/blog.primor.eu\/?p=23537"},"modified":"2025-06-30T05:57:26","modified_gmt":"2025-06-30T05:57:26","slug":"como-es-la-piel-normal-aprende-a-identificarla-y-a-cuidarla","status":"publish","type":"post","link":"https:\/\/www.primor.eu\/blog\/como-es-la-piel-normal-aprende-a-identificarla-y-a-cuidarla\/","title":{"rendered":"\u00bfC\u00f3mo es la piel normal? Aprende a identificarla y a cuidarla"},"content":{"rendered":"<h4 class=\"p1\" style=\"text-align: center;\"><span class=\"s1\">\u00bfTodav\u00eda no sabes qu\u00e9 tipo de piel tienes? Hoy hablamos de la piel normal y de la mejor forma de cuidarla.<\/span><\/h4>\n<p><span class=\"s1\">A menudo escuchamos a cientos de personas confundidas por el biotipo de su piel y su correcto tratamiento. \u00bfQu\u00e9 significa tener piel normal? Este tipo de piel, \u00bfnecesita cuidados espec\u00edficos? Los cierto es que todos los biotipos cut\u00e1neos necesitan cuidados que respondan a necesidades concretas y la piel normal no es la excepci\u00f3n. Para determinar qu\u00e9 tipo de piel tienes, puedes consultar <span class=\"s2\">esta completa gu\u00eda<\/span> donde perfilamos las caracter\u00edsticas b\u00e1sicas de cada una de ellas.\u00a0<\/span><\/p>\n<h3 style=\"text-align: center;\">\u00bfCu\u00e1les son las caracter\u00edsticas de la piel normal?<\/h3>\n<p class=\"p1\"><span class=\"s1\">La piel normal presenta <strong>un tono parejo y es suave al tacto.<\/strong> Es tersa y <strong>sus poros no son f\u00e1ciles de observar a simple vista.<\/strong> Esta \u00faltima caracter\u00edstica hace que sea <strong>poco frecuente la aparici\u00f3n de granitos y puntos negros.<\/strong> Sus c\u00e9lulas producen una cantidad adecuada de elementos que permiten mantener una buena hidrataci\u00f3n y un equilibrado manto hidrolip\u00eddico, elemento fundamental para que la piel se defienda de las agresiones del entorno. \u00a0<\/span><\/p>\n<h3 style=\"text-align: center;\">\u00bfC\u00f3mo cuidarla?<\/h3>\n<p class=\"p1\"><span class=\"s1\">Los productos hidratantes son la base del cuidado de la piel, junto con la higiene y la fotoprotecci\u00f3n. Entre los cuidados de la piel normal, te recomendamos tener en cuenta:<\/span><\/p>\n<p>- <span class=\"s1\"><strong>Cuidarla a diario<\/strong> para que permanezca saludable.<\/span><\/p>\n<p>- <span class=\"s1\">El cuidado debe buscar lograr una <strong>proporci\u00f3n equilibrada de agua y sebo<\/strong> que conlleve a tener una <strong>piel flexible, tersa e hidratada.<\/strong><\/span><\/p>\n<p>- <span class=\"s1\">Es recomendable <strong>limpiar, tonificar e hidratar<\/strong> la piel tanto por la ma\u00f1ana como por la noche.<\/span><\/p>\n<p class=\"p1\"><span class=\"s1\">La higiene cut\u00e1nea es fundamental para mantener la salud del organismo y de la piel en todos los biotipos cut\u00e1neos. <\/span><span class=\"s1\">Los t\u00f3nicos, por su parte, ayudan a completar el trabajo de limpieza por su car\u00e1cter acuoso dejando un efecto refrescante y descongestivo. <\/span><span class=\"s1\">En cuanto a hidrataci\u00f3n, las cremas nutritivas<\/span> <span class=\"s1\">aportan a la piel la cantidad de agua que las c\u00e9lulas necesitan para realizar sus funciones metab\u00f3licas. Son aquellas que conceden a la piel nutrientes que pueden haberse perdido por efecto de la edad o el fotoenvejecimiento y ayudan a restaurar la funci\u00f3n de barrera cut\u00e1nea.<\/span><\/p>\n<p>L<span class=\"s1\">a mejor forma de mantener la piel sana y protegida es seguir estos pasos diarios con constancia y realizar una <strong>cuidadosa elecci\u00f3n de productos<\/strong>, que contemplen las necesidades de nuestra piel.<\/span><\/p>\n<h3 style=\"text-align: center;\">\u00bfQu\u00e9 productos utilizar?<\/h3>\n<h4 class=\"p1\" style=\"text-align: center;\"><span class=\"s1\">Tratamiento Reparador de Pies con Manteca de Karit\u00e9<\/span><\/h4>\n<figure id=\"attachment_23541\" aria-describedby=\"caption-attachment-23541\" style=\"width: 600px\" class=\"wp-caption aligncenter\"><img decoding=\"async\" class=\"wp-image-23541 size-full\" src=\"\/wp-content\/uploads\/2021\/06\/Primor-1.jpg\" alt=\"\" width=\"600\" height=\"421\" \/><figcaption id=\"caption-attachment-23541\" class=\"wp-caption-text\"><a href=\"https:\/\/www.primor.eu\/es_es\/bling-pop-tratamiento-reparador-de-pies-con-manteca-de-karite-15691.html\">Tratamiento Reparador de Pies con Manteca de Karit\u00e9<\/a><\/figcaption><\/figure>\n<p class=\"p1\"><span class=\"s1\">Los <\/span><span class=\"s2\">pies<\/span><span class=\"s1\">\u00a0son los\u00a0<\/span><span class=\"s2\">eternos olvidados<\/span><span class=\"s1\">\u00a0que soportan todo el peso del cuerpo y no se suelen\u00a0<\/span><span class=\"s2\">hidratar. Prueba este tratamiento enriquecido con manteca de karate que repara, nutre y calma la piel. Su dise\u00f1o en forma de calcet\u00edn se adapta a todo tipo de tallas gracias al ajuste en el tobillo que impide que se derrame el contenido o se mueva el calcet\u00edn.<\/span><\/p>\n<p class=\"p1\">\n<h4 class=\"p1\" style=\"text-align: center;\"><span class=\"s1\">Collagen Water Full Moist Tratamiento Capilar<\/span><\/h4>\n<figure id=\"attachment_23546\" aria-describedby=\"caption-attachment-23546\" style=\"width: 600px\" class=\"wp-caption aligncenter\"><img decoding=\"async\" class=\"wp-image-23546 size-full\" src=\"\/wp-content\/uploads\/2021\/06\/Primor_3.jpg\" alt=\"\" width=\"600\" height=\"401\" \/><figcaption id=\"caption-attachment-23546\" class=\"wp-caption-text\"><a href=\"https:\/\/www.primor.eu\/es_es\/farm-stay-collagen-water-full-moist-tratamiento-capilar-10105.html\">Collagen Water Full Moist Tratamiento Capilar<\/a><\/figcaption><\/figure>\n<p class=\"p1\"><span class=\"s1\">Un tratamiento capilar altamente nutritivo para reparar el cabello da\u00f1ado. <\/span><span class=\"s1\">Presiona la ampolla y mezcla el contenido con un poco de agua en la palma de tu mano, reparte cuidadosamente por toda la melena, deja que act\u00fae durante 10 minutos y, a continuaci\u00f3n, aclara el cabello.<\/span><\/p>\n<h4 class=\"p1\" style=\"text-align: center;\"><span class=\"s1\">Gel Calmante con Extracto de Cactus<\/span><\/h4>\n<figure id=\"attachment_23548\" aria-describedby=\"caption-attachment-23548\" style=\"width: 511px\" class=\"wp-caption aligncenter\"><img decoding=\"async\" class=\"wp-image-23548\" src=\"\/wp-content\/uploads\/2021\/06\/Primor_4.jpeg\" alt=\"\" width=\"511\" height=\"511\" \/><figcaption id=\"caption-attachment-23548\" class=\"wp-caption-text\"><a href=\"https:\/\/www.primor.eu\/es_es\/frudia-gel-calmante-con-extracto-de-cactus-13217.html\">Gel Calmante con Extracto de Cactus<\/a><\/figcaption><\/figure>\n<p class=\"p1\"><span class=\"s1\">Gel Calmante con Extracto de Cactus hecho a base de jugo de frutas, extra\u00eddo mediante una tecnolog\u00eda de prensado en fr\u00edo para conservar todas sus vitaminas y nutrientes. Suave, y altamente concentrado, protege la piel sin dejarla grasosa o pegajosa.<\/span><\/p>\n<h4 class=\"p1\" style=\"text-align: center;\"><span class=\"s1\">Tableta Efervescente para Ba\u00f1o<\/span><\/h4>\n<figure id=\"attachment_23550\" aria-describedby=\"caption-attachment-23550\" style=\"width: 600px\" class=\"wp-caption aligncenter\"><img decoding=\"async\" class=\"wp-image-23550 size-full\" src=\"\/wp-content\/uploads\/2021\/06\/Primor_5.jpeg\" alt=\"\" width=\"600\" height=\"600\" \/><figcaption id=\"caption-attachment-23550\" class=\"wp-caption-text\"><a href=\"https:\/\/www.primor.eu\/es_es\/inuwet-tableta-efervescente-para-ba-o-26648.html\">Tableta Efervescente para Ba\u00f1o<\/a><\/figcaption><\/figure>\n<p class=\"p1\"><span class=\"s1\">Una barra de ba\u00f1o efervescente con forma y aroma de chocolate \u00a1real! Formulada con cacao en polvo de verdad. Permite de 4 a 5 usos.<\/span><\/p>\n\n\n<div class=\"kk-star-ratings kksr-auto kksr-align-center kksr-valign-bottom\"\n    data-payload='{&quot;align&quot;:&quot;center&quot;,&quot;id&quot;:&quot;23537&quot;,&quot;slug&quot;:&quot;default&quot;,&quot;valign&quot;:&quot;bottom&quot;,&quot;ignore&quot;:&quot;&quot;,&quot;reference&quot;:&quot;auto&quot;,&quot;class&quot;:&quot;&quot;,&quot;count&quot;:&quot;0&quot;,&quot;legendonly&quot;:&quot;&quot;,&quot;readonly&quot;:&quot;&quot;,&quot;score&quot;:&quot;0&quot;,&quot;starsonly&quot;:&quot;&quot;,&quot;best&quot;:&quot;5&quot;,&quot;gap&quot;:&quot;5&quot;,&quot;greet&quot;:&quot;Valora este art\u00edculo&quot;,&quot;legend&quot;:&quot;0\\\/5 - (0 votos)&quot;,&quot;size&quot;:&quot;24&quot;,&quot;title&quot;:&quot;\u00bfC\u00f3mo es la piel normal? Aprende a identificarla y a cuidarla&quot;,&quot;width&quot;:&quot;0&quot;,&quot;_legend&quot;:&quot;{score}\\\/{best} - ({count} {votes})&quot;,&quot;font_factor&quot;:&quot;1.25&quot;}'>\n            \n<div class=\"kksr-stars\">\n    \n<div class=\"kksr-stars-inactive\">\n            <div class=\"kksr-star\" data-star=\"1\" style=\"padding-right: 5px\">\n            \n\n<div class=\"kksr-icon\" style=\"width: 24px; height: 24px;\"><\/div>\n        <\/div>\n            <div class=\"kksr-star\" data-star=\"2\" style=\"padding-right: 5px\">\n            \n\n<div class=\"kksr-icon\" style=\"width: 24px; height: 24px;\"><\/div>\n        <\/div>\n            <div class=\"kksr-star\" data-star=\"3\" style=\"padding-right: 5px\">\n            \n\n<div class=\"kksr-icon\" style=\"width: 24px; height: 24px;\"><\/div>\n        <\/div>\n            <div class=\"kksr-star\" data-star=\"4\" style=\"padding-right: 5px\">\n            \n\n<div class=\"kksr-icon\" style=\"width: 24px; height: 24px;\"><\/div>\n        <\/div>\n            <div class=\"kksr-star\" data-star=\"5\" style=\"padding-right: 5px\">\n            \n\n<div class=\"kksr-icon\" style=\"width: 24px; height: 24px;\"><\/div>\n        <\/div>\n    <\/div>\n    \n<div class=\"kksr-stars-active\" style=\"width: 0px;\">\n            <div class=\"kksr-star\" style=\"padding-right: 5px\">\n            \n\n<div class=\"kksr-icon\" style=\"width: 24px; height: 24px;\"><\/div>\n        <\/div>\n            <div class=\"kksr-star\" style=\"padding-right: 5px\">\n            \n\n<div class=\"kksr-icon\" style=\"width: 24px; height: 24px;\"><\/div>\n        <\/div>\n            <div class=\"kksr-star\" style=\"padding-right: 5px\">\n            \n\n<div class=\"kksr-icon\" style=\"width: 24px; height: 24px;\"><\/div>\n        <\/div>\n            <div class=\"kksr-star\" style=\"padding-right: 5px\">\n            \n\n<div class=\"kksr-icon\" style=\"width: 24px; height: 24px;\"><\/div>\n        <\/div>\n            <div class=\"kksr-star\" style=\"padding-right: 5px\">\n            \n\n<div class=\"kksr-icon\" style=\"width: 24px; height: 24px;\"><\/div>\n        <\/div>\n    <\/div>\n<\/div>\n                \n\n<div class=\"kksr-legend\" style=\"font-size: 19.2px;\">\n            <span class=\"kksr-muted\">Valora este art\u00edculo<\/span>\n    <\/div>\n    <\/div>\n","protected":false},"excerpt":{"rendered":"<p>\u00bfTodav\u00eda no sabes qu\u00e9 tipo de piel tienes? Hoy hablamos de la piel normal y de la mejor forma de cuidarla. A menudo escuchamos a cientos de personas confundidas por el biotipo de su piel y su correcto tratamiento. \u00bfQu\u00e9 significa tener piel normal? Este tipo de piel, \u00bfnecesita cuidados espec\u00edficos? Los cierto es que [&hellip;]<\/p>\n","protected":false},"author":4,"featured_media":55033,"comment_status":"open","ping_status":"open","sticky":false,"template":"","format":"standard","meta":{"jnews-multi-image_gallery":[],"jnews_single_post":{"subtitle":"","format":"standard","video":"","gallery":"","source_name":"","source_url":"","via_name":"","via_url":"","override_template":"0","override":[{"template":"1","single_blog_custom":"","parallax":"1","fullscreen":"1","layout":"right-sidebar","sidebar":"home-2","second_sidebar":"default-sidebar","sticky_sidebar":"0","share_position":"float","share_float_style":"share-monocrhome","show_share_counter":"0","show_view_counter":"0","show_featured":"1","show_post_meta":"1","show_post_author":"0","show_post_author_image":"1","show_post_date":"1","post_date_format":"default","post_date_format_custom":"Y\/m\/d","show_post_category":"1","show_post_reading_time":"0","post_reading_time_wpm":"300","show_zoom_button":"0","zoom_button_out_step":"2","zoom_button_in_step":"3","show_post_tag":"0","show_prev_next_post":"0","show_popup_post":"0","number_popup_post":"2","show_author_box":"0","show_post_related":"0","show_inline_post_related":"1"}],"override_image_size":"0","image_override":[{"single_post_thumbnail_size":"no-crop","single_post_gallery_size":"crop-500"}],"trending_post":"0","trending_post_position":"meta","trending_post_label":"Trending","sponsored_post":"0","sponsored_post_label":"Sponsored by","sponsored_post_name":"","sponsored_post_url":"","sponsored_post_logo_enable":"0","sponsored_post_logo":"","sponsored_post_desc":"","disable_ad":"0"},"jnews_primary_category":{"id":"","hide":""},"jnews_social_meta":{"fb_title":"","fb_description":"","fb_image":"","twitter_title":"","twitter_description":"","twitter_image":""},"jnews_override_counter":{"override_view_counter":"0","view_counter_number":"0","override_share_counter":"0","share_counter_number":"0","override_like_counter":"0","like_counter_number":"0","override_dislike_counter":"0","dislike_counter_number":"0"},"footnotes":""},"categories":[53],"tags":[],"class_list":["post-23537","post","type-post","status-publish","format-standard","has-post-thumbnail","hentry","category-piel"],"_links":{"self":[{"href":"https:\/\/www.primor.eu\/blog\/wp-json\/wp\/v2\/posts\/23537","targetHints":{"allow":["GET"]}}],"collection":[{"href":"https:\/\/www.primor.eu\/blog\/wp-json\/wp\/v2\/posts"}],"about":[{"href":"https:\/\/www.primor.eu\/blog\/wp-json\/wp\/v2\/types\/post"}],"author":[{"embeddable":true,"href":"https:\/\/www.primor.eu\/blog\/wp-json\/wp\/v2\/users\/4"}],"replies":[{"embeddable":true,"href":"https:\/\/www.primor.eu\/blog\/wp-json\/wp\/v2\/comments?post=23537"}],"version-history":[{"count":11,"href":"https:\/\/www.primor.eu\/blog\/wp-json\/wp\/v2\/posts\/23537\/revisions"}],"predecessor-version":[{"id":103511,"href":"https:\/\/www.primor.eu\/blog\/wp-json\/wp\/v2\/posts\/23537\/revisions\/103511"}],"wp:featuredmedia":[{"embeddable":true,"href":"https:\/\/www.primor.eu\/blog\/wp-json\/wp\/v2\/media\/55033"}],"wp:attachment":[{"href":"https:\/\/www.primor.eu\/blog\/wp-json\/wp\/v2\/media?parent=23537"}],"wp:term":[{"taxonomy":"category","embeddable":true,"href":"https:\/\/www.primor.eu\/blog\/wp-json\/wp\/v2\/categories?post=23537"},{"taxonomy":"post_tag","embeddable":true,"href":"https:\/\/www.primor.eu\/blog\/wp-json\/wp\/v2\/tags?post=23537"}],"curies":[{"name":"wp","href":"https:\/\/api.w.org\/{rel}","templated":true}]}}