{"id":22965,"date":"2021-06-14T15:23:05","date_gmt":"2021-06-14T13:23:05","guid":{"rendered":"https:\/\/blog.primor.eu\/?p=22965"},"modified":"2024-09-02T19:50:23","modified_gmt":"2024-09-02T19:50:23","slug":"como-conseguir-el-rubio-de-verano-perfecto-sin-usar-tintes","status":"publish","type":"post","link":"https:\/\/www.primor.eu\/blog\/como-conseguir-el-rubio-de-verano-perfecto-sin-usar-tintes\/","title":{"rendered":"Como conseguir el rubio de verano perfecto sin usar tintes"},"content":{"rendered":"\n<p>Cuando pensamos en un cabello veraniego y luminoso, inevitablemente se nos viene a la cabeza <strong>una melena llena de reflejos claros y con mucha luz.<\/strong> Al igual que en esta \u00e9poca del a\u00f1o buscamos maquillajes m\u00e1s naturales y radiantes, con el pelo sucede algo parecido, ese efecto de tener el cabello m\u00e1s clarito a golpe de sol y playa se convierte en uno de los estilos m\u00e1s apetecibles.<\/p>\n\n\n\n<p>Con las lociones <strong>Camomila Intea\u00ae<\/strong> conseguir el <strong>rubio de verano perfecto sin usar tintes<\/strong> es muy f\u00e1cil. Puedes hacerlo desde casa, sin mezclas y con resultado permanente. Adem\u00e1s, como su acci\u00f3n es progresiva, el tono final lo eliges t\u00fa.<\/p>\n\n\n\n<p>Camomila Intea\u00ae es una <strong>marca 100% espa\u00f1ola<\/strong> especialista en las flores de <a href=\"https:\/\/www.primor.eu\/blog\/camomila-que-es-usos-beneficios\/\">camomila<\/a> y el cabello rubio desde 1915 (ah\u00ed es nada). Por aquel entonces, hasta la realeza usaba sus productos. Pero, sobre todo, las primeras entusiastas eran aquellas personas que quer\u00edan cuidar especialmente su cabello. M\u00e1s de cien a\u00f1os despu\u00e9s, la pasi\u00f3n por Camomila Intea\u00ae se ha ido manteniendo de generaci\u00f3n en generaci\u00f3n.<\/p>\n\n\n\n<p>Lograr ese tono <strong>rubio de verano<\/strong> que tanto nos gusta, es muy sencillo; simplemente hay que aplicar cualquiera de sus lociones (Rubio Natural, Reflejos Rubios, Reflejos Intea\u00ae Lights, Infantil, etc.) seg\u00fan nuestro tipo de cabello y el tono que queramos conseguir, una o dos veces por semana y\u2026 \u00a1voil\u00e0!<\/p>\n\n\n\n<p>Como su acci\u00f3n es progresiva, el cabello va cogiendo ese tono poco a poco, \u00a1no lo olvides! Su efecto no es inmediato, como en los tintes. Por eso, a medida que nuestro cabello se va aclarando y llega al punto que m\u00e1s nos gusta, podemos dejar de aplicarlo. Luego, solo ser\u00e1 necesario usarlo de vez en cuando sobre las zonas de cabello que va creciendo o ra\u00edces para mantener el tono.<\/p>\n\n\n\n<p>Es muy importante tambi\u00e9n emplear la gama de cuidado y mantenimiento para cabello rubio Camomila Intea\u00ae Reflejos Rubios, como el Champ\u00fa para adultos, Champ\u00fa Infantil m\u00e1s suave y tambi\u00e9n indicado para cabellos finos o delicados y la Mascarilla, para mantener as\u00ed el cabello con un brillo espectacular, suave y, por supuesto, nutrido e hidratado. Al ser los productos con mayor cantidad de extracto natural de camomila ecol\u00f3gica del mercado, el resultado ideal est\u00e1 garantizado. Adem\u00e1s, estos productos son aptos y recomendados para <strong>TODO TIPO DE CABELLOS RUBIOS<\/strong>, ya tengan mechas, tintes, aclarados, con tratamientos, etc.<\/p>\n\n\n        <product-table class=\"pr-slider\">\r\n            <product-headers class=\"grid-table-rows\">\r\n                <div>Foto<\/div>\r\n                <div>Producto<\/div>\r\n                <div>Marca<\/div>\r\n                <div>Valoraciones<\/div>\r\n                <div>Precio<\/div>\r\n            <\/product-headers>\r\n\r\n            <product-list>\r\n                                    <a href=\"https:\/\/www.primor.eu\/es_es\/intea-camomila-champu-reflejos-rubios-8721.html\" class=\"product-item grid-table-rows\" target=\"_blank\">\r\n                        <div>\r\n                            <img decoding=\"async\" class=\"product-img\" width=\"80px\" height=\"80px\" src=\"https:\/\/www.primor.eu\/blog\/wp-content\/uploads\/2024\/04\/EAN_8410895100167_A_aa43.jpg\" alt=\"Intea Champ\u00fa Reflejos Rubios\">\r\n                        <\/div>\r\n\r\n                        <!-- Contenido de producto  -->\r\n                        <div>\r\n                            <div class=\"product-position\">\r\n                                #1 Top Ventas                            <\/div>\r\n\r\n                            <h2>\r\n                                Intea Champ\u00fa Reflejos Rubios                            <\/h2>\r\n                        <\/div>\r\n\r\n                        <!-- Imagen y\/o nombre de la marca -->\r\n                        <div>\r\n                                                            <img decoding=\"async\" width=\"70\" src=\"https:\/\/www.primor.eu\/blog\/wp-content\/uploads\/2023\/08\/INTEA.jpg\" alt=\"84797\">\r\n                                                    <\/div>\r\n\r\n                        <!-- Puntuaci\u00f3n del producto  -->\r\n                        <div class=\"rating\">\r\n                                                            <div class=\"rate\" style=\"--p:94;\"><\/div>\r\n                                <b>4.7\/5<\/b>\r\n                                <div class=\"rate-stars\">\r\n                                                                            <div\r\n                                            class=\"rate-star  \">\r\n                                        <\/div>\r\n                                                                            <div\r\n                                            class=\"rate-star  \">\r\n                                        <\/div>\r\n                                                                            <div\r\n                                            class=\"rate-star  \">\r\n                                        <\/div>\r\n                                                                            <div\r\n                                            class=\"rate-star  \">\r\n                                        <\/div>\r\n                                                                            <div\r\n                                            class=\"rate-star  \">\r\n                                        <\/div>\r\n                                                                    <\/div>\r\n                                                    <\/div>\r\n\r\n                        <!-- Bot\u00f3n de producto  -->\r\n                        <div>\r\n                            <span class=\"price-claim\">\r\n                                VER PRECIO                            <\/span>\r\n                        <\/div>\r\n                    <\/a>\r\n                                    <a href=\"https:\/\/www.primor.eu\/es_es\/intea-mascarilla-reflejos-rubios-8723.html\" class=\"product-item grid-table-rows\" target=\"_blank\">\r\n                        <div>\r\n                            <img decoding=\"async\" class=\"product-img\" width=\"80px\" height=\"80px\" src=\"https:\/\/www.primor.eu\/blog\/wp-content\/uploads\/2024\/05\/EAN_8410895100303_A_0925.jpg\" alt=\"Intea Mascarilla Reflejos Rubios\">\r\n                        <\/div>\r\n\r\n                        <!-- Contenido de producto  -->\r\n                        <div>\r\n                            <div class=\"product-position\">\r\n                                #2                            <\/div>\r\n\r\n                            <h2>\r\n                                Intea Mascarilla Reflejos Rubios                            <\/h2>\r\n                        <\/div>\r\n\r\n                        <!-- Imagen y\/o nombre de la marca -->\r\n                        <div>\r\n                                                            <img decoding=\"async\" width=\"70\" src=\"https:\/\/www.primor.eu\/blog\/wp-content\/uploads\/2023\/08\/INTEA.jpg\" alt=\"84797\">\r\n                                                    <\/div>\r\n\r\n                        <!-- Puntuaci\u00f3n del producto  -->\r\n                        <div class=\"rating\">\r\n                                                            <div class=\"rate\" style=\"--p:94;\"><\/div>\r\n                                <b>4.7\/5<\/b>\r\n                                <div class=\"rate-stars\">\r\n                                                                            <div\r\n                                            class=\"rate-star  \">\r\n                                        <\/div>\r\n                                                                            <div\r\n                                            class=\"rate-star  \">\r\n                                        <\/div>\r\n                                                                            <div\r\n                                            class=\"rate-star  \">\r\n                                        <\/div>\r\n                                                                            <div\r\n                                            class=\"rate-star  \">\r\n                                        <\/div>\r\n                                                                            <div\r\n                                            class=\"rate-star  \">\r\n                                        <\/div>\r\n                                                                    <\/div>\r\n                                                    <\/div>\r\n\r\n                        <!-- Bot\u00f3n de producto  -->\r\n                        <div>\r\n                            <span class=\"price-claim\">\r\n                                VER PRECIO                            <\/span>\r\n                        <\/div>\r\n                    <\/a>\r\n                                    <a href=\"https:\/\/www.primor.eu\/es_es\/intea-locion-rubio-natural-8724.html\" class=\"product-item grid-table-rows\" target=\"_blank\">\r\n                        <div>\r\n                            <img decoding=\"async\" class=\"product-img\" width=\"80px\" height=\"80px\" src=\"https:\/\/www.primor.eu\/blog\/wp-content\/uploads\/2024\/09\/EAN_8410895100129_B_79cb.jpg\" alt=\"Intea Loci\u00f3n Aclarante para Cabello Rubio Natural\">\r\n                        <\/div>\r\n\r\n                        <!-- Contenido de producto  -->\r\n                        <div>\r\n                            <div class=\"product-position\">\r\n                                #3                            <\/div>\r\n\r\n                            <h2>\r\n                                Intea Loci\u00f3n Aclarante para Cabello Rubio Natural                            <\/h2>\r\n                        <\/div>\r\n\r\n                        <!-- Imagen y\/o nombre de la marca -->\r\n                        <div>\r\n                                                            <img decoding=\"async\" width=\"70\" src=\"https:\/\/www.primor.eu\/blog\/wp-content\/uploads\/2023\/08\/INTEA.jpg\" alt=\"84797\">\r\n                                                    <\/div>\r\n\r\n                        <!-- Puntuaci\u00f3n del producto  -->\r\n                        <div class=\"rating\">\r\n                                                            <div class=\"rate\" style=\"--p:96;\"><\/div>\r\n                                <b>4.8\/5<\/b>\r\n                                <div class=\"rate-stars\">\r\n                                                                            <div\r\n                                            class=\"rate-star  \">\r\n                                        <\/div>\r\n                                                                            <div\r\n                                            class=\"rate-star  \">\r\n                                        <\/div>\r\n                                                                            <div\r\n                                            class=\"rate-star  \">\r\n                                        <\/div>\r\n                                                                            <div\r\n                                            class=\"rate-star  \">\r\n                                        <\/div>\r\n                                                                            <div\r\n                                            class=\"rate-star  \">\r\n                                        <\/div>\r\n                                                                    <\/div>\r\n                                                    <\/div>\r\n\r\n                        <!-- Bot\u00f3n de producto  -->\r\n                        <div>\r\n                            <span class=\"price-claim\">\r\n                                VER PRECIO                            <\/span>\r\n                        <\/div>\r\n                    <\/a>\r\n                                    <a href=\"https:\/\/www.primor.eu\/es_es\/intea-locion-reflejos-rubios-8152.html\" class=\"product-item grid-table-rows\" target=\"_blank\">\r\n                        <div>\r\n                            <img decoding=\"async\" class=\"product-img\" width=\"80px\" height=\"80px\" src=\"https:\/\/www.primor.eu\/blog\/wp-content\/uploads\/2024\/09\/EAN_8410895100266_A_be01.jpg\" alt=\"Intea Loci\u00f3n Aclarante Reflejos Rubios\">\r\n                        <\/div>\r\n\r\n                        <!-- Contenido de producto  -->\r\n                        <div>\r\n                            <div class=\"product-position\">\r\n                                #4                            <\/div>\r\n\r\n                            <h2>\r\n                                Intea Loci\u00f3n Aclarante Reflejos Rubios                            <\/h2>\r\n                        <\/div>\r\n\r\n                        <!-- Imagen y\/o nombre de la marca -->\r\n                        <div>\r\n                                                            <img decoding=\"async\" width=\"70\" src=\"https:\/\/www.primor.eu\/blog\/wp-content\/uploads\/2023\/08\/INTEA.jpg\" alt=\"84797\">\r\n                                                    <\/div>\r\n\r\n                        <!-- Puntuaci\u00f3n del producto  -->\r\n                        <div class=\"rating\">\r\n                                                            <div class=\"rate\" style=\"--p:96;\"><\/div>\r\n                                <b>4.8\/5<\/b>\r\n                                <div class=\"rate-stars\">\r\n                                                                            <div\r\n                                            class=\"rate-star  \">\r\n                                        <\/div>\r\n                                                                            <div\r\n                                            class=\"rate-star  \">\r\n                                        <\/div>\r\n                                                                            <div\r\n                                            class=\"rate-star  \">\r\n                                        <\/div>\r\n                                                                            <div\r\n                                            class=\"rate-star  \">\r\n                                        <\/div>\r\n                                                                            <div\r\n                                            class=\"rate-star  \">\r\n                                        <\/div>\r\n                                                                    <\/div>\r\n                                                    <\/div>\r\n\r\n                        <!-- Bot\u00f3n de producto  -->\r\n                        <div>\r\n                            <span class=\"price-claim\">\r\n                                VER PRECIO                            <\/span>\r\n                        <\/div>\r\n                    <\/a>\r\n                                    <a href=\"https:\/\/www.primor.eu\/es_es\/intea-locion-capilar-con-extracto-de-manzanilla-10056.html\" class=\"product-item grid-table-rows\" target=\"_blank\">\r\n                        <div>\r\n                            <img decoding=\"async\" class=\"product-img\" width=\"80px\" height=\"80px\" src=\"https:\/\/www.primor.eu\/blog\/wp-content\/uploads\/2024\/09\/2CN00723_1_e495.jpg\" alt=\"Intea Loci\u00f3n Capilar con Extracto de Manzanilla\">\r\n                        <\/div>\r\n\r\n                        <!-- Contenido de producto  -->\r\n                        <div>\r\n                            <div class=\"product-position\">\r\n                                #5                            <\/div>\r\n\r\n                            <h2>\r\n                                Intea Loci\u00f3n Capilar con Extracto de Manzanilla                            <\/h2>\r\n                        <\/div>\r\n\r\n                        <!-- Imagen y\/o nombre de la marca -->\r\n                        <div>\r\n                                                            <img decoding=\"async\" width=\"70\" src=\"https:\/\/www.primor.eu\/blog\/wp-content\/uploads\/2023\/08\/INTEA.jpg\" alt=\"84797\">\r\n                                                    <\/div>\r\n\r\n                        <!-- Puntuaci\u00f3n del producto  -->\r\n                        <div class=\"rating\">\r\n                                                            <div class=\"rate\" style=\"--p:98;\"><\/div>\r\n                                <b>4.9\/5<\/b>\r\n                                <div class=\"rate-stars\">\r\n                                                                            <div\r\n                                            class=\"rate-star  \">\r\n                                        <\/div>\r\n                                                                            <div\r\n                                            class=\"rate-star  \">\r\n                                        <\/div>\r\n                                                                            <div\r\n                                            class=\"rate-star  \">\r\n                                        <\/div>\r\n                                                                            <div\r\n                                            class=\"rate-star  \">\r\n                                        <\/div>\r\n                                                                            <div\r\n                                            class=\"rate-star  \">\r\n                                        <\/div>\r\n                                                                    <\/div>\r\n                                                    <\/div>\r\n\r\n                        <!-- Bot\u00f3n de producto  -->\r\n                        <div>\r\n                            <span class=\"price-claim\">\r\n                                VER PRECIO                            <\/span>\r\n                        <\/div>\r\n                    <\/a>\r\n                            <\/product-list>\r\n        <\/product-table>\r\n\r\n        \n\n\n\n<h3 class=\"wp-block-heading\">Camomila Champ\u00fa Reflejos Rubios<\/h3>\n\n\n\n<p>Champ\u00fa indicado especialmente para el lavado de cabellos rubios ya sean naturales, te\u00f1idos o aclarados con nuestros productos. Proporciona un brillo intenso, luminosidad y reflejo al cabello rubio. Su uso habitual aclara ligeramente el cabello potenciando las mechas. Complemento ideal de los productos aclarantes Intea\u00ae para conseguir un mejor acabado.<\/p>\n\n\n\n<p>Caracter\u00edsticas de<strong>&nbsp;Camomila Champ\u00fa Reflejos Rubios de Intea:<\/strong><\/p>\n\n\n\n<ul class=\"wp-block-list\">\n<li>No contiene agua oxigenada ni tintes qu\u00edmicos.<\/li>\n\n\n\n<li>Especial para todo tipo de cabellos rubios gracias al alto extracto de flores de manzanilla.<\/li>\n\n\n\n<li>Formulado por farmac\u00e9uticos.<\/li>\n\n\n\n<li>Suave y agradable olor de las flores de manzanilla.<\/li>\n\n\n\n<li>Puede usarse a diario.<\/li>\n\n\n\n<li>No contiene siliconas ni parabenos.<\/li>\n\n\n\n<li>No testado en animales<\/li>\n<\/ul>\n\n\n    <a class='product' target='_blank' href='https:\/\/www.primor.eu\/es_es\/intea-camomila-champu-reflejos-rubios-8721.html'>\r\n        <img loading='async' src='https:\/\/cdn2.primor.eu\/media\/catalog\/product\/cache\/8d3aba296f7a18b5251ee30fa5db42b2\/E\/A\/EAN_8410895100167_A_aa43.jpg' alt='COMPRAR AHORA'>\r\n            <div class=\"claim\">\r\n                COMPRAR AHORA            <\/div>\r\n        <\/a>\r\n    \n\n\n\n<h3 class=\"wp-block-heading\">Mascarilla reflejos rubios<\/h3>\n\n\n\n<p>Altamente reparadora y protectora de los cabellos rubios naturales, te\u00f1idos o aclarados. Proporciona brillo y luminosidad a las mechas y reflejos. Ideal para nutrir el cabello rubio con sequedad en las puntas. Aporta hidrataci\u00f3n especial para el pelo rubio y facilita el desenredado y el peinado. Muy recomendable su aplicaci\u00f3n despu\u00e9s de utilizar las lociones aclarantes Camomila Intea\u00ae para conseguir un mejor acabado.<\/p>\n\n\n    <a class='product' target='_blank' href='https:\/\/www.primor.eu\/es_es\/intea-mascarilla-reflejos-rubios-8723.html'>\r\n        <img loading='async' src='https:\/\/cdn2.primor.eu\/media\/catalog\/product\/cache\/8d3aba296f7a18b5251ee30fa5db42b2\/E\/A\/EAN_8410895100303_A_0925.jpg' alt='COMPRAR AHORA'>\r\n            <div class=\"claim\">\r\n                COMPRAR AHORA            <\/div>\r\n        <\/a>\r\n    \n\n\n\n<h3 class=\"wp-block-heading\">Loci\u00f3n Rubio Natural<\/h3>\n\n\n\n<p>Aclara progresivamente el cabello casta\u00f1o natural y rubio oscuro. Ideal tambi\u00e9n para mantener mechas, brillos y reflejos en el cabello. Ayuda a devolver el tono rubio natural del cabello que se oscurece con el paso del tiempo y tambi\u00e9n aclara los cabellos casta\u00f1os hasta 3 tonos, aport\u00e1ndoles adem\u00e1s luminosidad y brillo intenso.<\/p>\n\n\n    <a class='product' target='_blank' href='https:\/\/www.primor.eu\/es_es\/intea-locion-rubio-natural-8724.html'>\r\n        <img loading='async' src='https:\/\/cdn2.primor.eu\/media\/catalog\/product\/cache\/8d3aba296f7a18b5251ee30fa5db42b2\/E\/A\/EAN_8410895100129_B_79cb.jpg' alt='COMPRAR AHORA'>\r\n            <div class=\"claim\">\r\n                COMPRAR AHORA            <\/div>\r\n        <\/a>\r\n    \n\n\n\n<h3 class=\"wp-block-heading\">Loci\u00f3n Reflejos Rubios<\/h3>\n\n\n\n<p>Loci\u00f3n aclarante para cabello casta\u00f1o claro-rubio con una f\u00f3rmula m\u00e1s suave y menos potente que la loci\u00f3n Rubio Natural Camomila Intea. Indicado para aclarar de forma suave el cabello rubio normal, fino o delicado y para el mantenimiento de todo tipo de cabellos rubios aclarados con nuestros productos.<\/p>\n\n\n    <a class='product' target='_blank' href='https:\/\/www.primor.eu\/es_es\/intea-locion-reflejos-rubios-8152.html'>\r\n        <img loading='async' src='https:\/\/cdn2.primor.eu\/media\/catalog\/product\/cache\/8d3aba296f7a18b5251ee30fa5db42b2\/E\/A\/EAN_8410895100266_A_be01.jpg' alt='COMPRAR AHORA'>\r\n            <div class=\"claim\">\r\n                COMPRAR AHORA            <\/div>\r\n        <\/a>\r\n    \n\n\n\n<h3 class=\"wp-block-heading\">Loci\u00f3n Capilar con Extracto de Manzanilla<\/h3>\n\n\n\n<p>Su acci\u00f3n es progresiva y gradual, permitiendo elegir el resultado final. Gracias a su efecto permanente, el reflejo no desaparece con los lavados. Alto contenido en extracto de camomila ecol\u00f3gica. Cruelty free, sin sulfatos ni parabenos.<\/p>\n\n\n    <a class='product' target='_blank' href='https:\/\/www.primor.eu\/es_es\/intea-locion-capilar-con-extracto-de-manzanilla-10056.html'>\r\n        <img loading='async' src='https:\/\/cdn2.primor.eu\/media\/catalog\/product\/cache\/8d3aba296f7a18b5251ee30fa5db42b2\/2\/C\/2CN00723_1_e495.jpg' alt='COMPRAR AHORA'>\r\n            <div class=\"claim\">\r\n                COMPRAR AHORA            <\/div>\r\n        <\/a>\r\n    \n\n\n\n<p><\/p>\n\n\n\n<p>Todos los productos de <strong>Camomila Intea\u00ae<\/strong> son de base vegetal natural, aptos para veganos, cruelty-free y llevan en el mercado m\u00e1s de 100 a\u00f1os, lo cual es una garant\u00eda de calidad. Para resolver cualquier duda sobre Camomila Intea\u00ae, pod\u00e9is visitar la web<a href=\"https:\/\/www.inteacosmetics.es\/\" target=\"_blank\" rel=\"noopener\"> inteacosmetics.com\/es<\/a>, contactar con su departamento de atenci\u00f3n al cliente en el tel\u00e9fono gratuito 800 400 010, a trav\u00e9s de sus redes sociales IG:<a href=\"https:\/\/www.instagram.com\/intea_spain\/?hl=es\" target=\"_blank\" rel=\"noopener\"> intea_spain<\/a>, FB:<a href=\"https:\/\/www.facebook.com\/InteaCosmetics\/\" target=\"_blank\" rel=\"noopener\"> @InteaCosmetics<\/a> o por e-mail a consultas@inteacosmetics.com.<\/p>\n\n\n<div class=\"kk-star-ratings kksr-auto kksr-align-center kksr-valign-bottom\"\n    data-payload='{&quot;align&quot;:&quot;center&quot;,&quot;id&quot;:&quot;22965&quot;,&quot;slug&quot;:&quot;default&quot;,&quot;valign&quot;:&quot;bottom&quot;,&quot;ignore&quot;:&quot;&quot;,&quot;reference&quot;:&quot;auto&quot;,&quot;class&quot;:&quot;&quot;,&quot;count&quot;:&quot;0&quot;,&quot;legendonly&quot;:&quot;&quot;,&quot;readonly&quot;:&quot;&quot;,&quot;score&quot;:&quot;0&quot;,&quot;starsonly&quot;:&quot;&quot;,&quot;best&quot;:&quot;5&quot;,&quot;gap&quot;:&quot;5&quot;,&quot;greet&quot;:&quot;Valora este art\u00edculo&quot;,&quot;legend&quot;:&quot;0\\\/5 - (0 votos)&quot;,&quot;size&quot;:&quot;24&quot;,&quot;title&quot;:&quot;Como conseguir el rubio de verano perfecto sin usar tintes&quot;,&quot;width&quot;:&quot;0&quot;,&quot;_legend&quot;:&quot;{score}\\\/{best} - ({count} {votes})&quot;,&quot;font_factor&quot;:&quot;1.25&quot;}'>\n            \n<div class=\"kksr-stars\">\n    \n<div class=\"kksr-stars-inactive\">\n            <div class=\"kksr-star\" data-star=\"1\" style=\"padding-right: 5px\">\n            \n\n<div class=\"kksr-icon\" style=\"width: 24px; height: 24px;\"><\/div>\n        <\/div>\n            <div class=\"kksr-star\" data-star=\"2\" style=\"padding-right: 5px\">\n            \n\n<div class=\"kksr-icon\" style=\"width: 24px; height: 24px;\"><\/div>\n        <\/div>\n            <div class=\"kksr-star\" data-star=\"3\" style=\"padding-right: 5px\">\n            \n\n<div class=\"kksr-icon\" style=\"width: 24px; height: 24px;\"><\/div>\n        <\/div>\n            <div class=\"kksr-star\" data-star=\"4\" style=\"padding-right: 5px\">\n            \n\n<div class=\"kksr-icon\" style=\"width: 24px; height: 24px;\"><\/div>\n        <\/div>\n            <div class=\"kksr-star\" data-star=\"5\" style=\"padding-right: 5px\">\n            \n\n<div class=\"kksr-icon\" style=\"width: 24px; height: 24px;\"><\/div>\n        <\/div>\n    <\/div>\n    \n<div class=\"kksr-stars-active\" style=\"width: 0px;\">\n            <div class=\"kksr-star\" style=\"padding-right: 5px\">\n            \n\n<div class=\"kksr-icon\" style=\"width: 24px; height: 24px;\"><\/div>\n        <\/div>\n            <div class=\"kksr-star\" style=\"padding-right: 5px\">\n            \n\n<div class=\"kksr-icon\" style=\"width: 24px; height: 24px;\"><\/div>\n        <\/div>\n            <div class=\"kksr-star\" style=\"padding-right: 5px\">\n            \n\n<div class=\"kksr-icon\" style=\"width: 24px; height: 24px;\"><\/div>\n        <\/div>\n            <div class=\"kksr-star\" style=\"padding-right: 5px\">\n            \n\n<div class=\"kksr-icon\" style=\"width: 24px; height: 24px;\"><\/div>\n        <\/div>\n            <div class=\"kksr-star\" style=\"padding-right: 5px\">\n            \n\n<div class=\"kksr-icon\" style=\"width: 24px; height: 24px;\"><\/div>\n        <\/div>\n    <\/div>\n<\/div>\n                \n\n<div class=\"kksr-legend\" style=\"font-size: 19.2px;\">\n            <span class=\"kksr-muted\">Valora este art\u00edculo<\/span>\n    <\/div>\n    <\/div>\n","protected":false},"excerpt":{"rendered":"<p>Cuando pensamos en un cabello veraniego y luminoso, inevitablemente se nos viene a la cabeza una melena llena de reflejos claros y con mucha luz. Al igual que en esta \u00e9poca del a\u00f1o buscamos maquillajes m\u00e1s naturales y radiantes, con el pelo sucede algo parecido, ese efecto de tener el cabello m\u00e1s clarito a golpe [&hellip;]<\/p>\n","protected":false},"author":4,"featured_media":90651,"comment_status":"open","ping_status":"open","sticky":false,"template":"","format":"standard","meta":{"jnews-multi-image_gallery":[],"jnews_single_post":{"subtitle":"","format":"standard","video":"","gallery":"","source_name":"","source_url":"","via_name":"","via_url":"","override_template":"0","override":[{"template":"1","single_blog_custom":"","parallax":"1","fullscreen":"1","layout":"right-sidebar","sidebar":"home-2","second_sidebar":"default-sidebar","sticky_sidebar":"0","share_position":"float","share_float_style":"share-monocrhome","show_share_counter":"0","show_view_counter":"0","show_featured":"1","show_post_meta":"1","show_post_author":"0","show_post_author_image":"1","show_post_date":"1","post_date_format":"default","post_date_format_custom":"Y\/m\/d","show_post_category":"1","show_post_reading_time":"0","post_reading_time_wpm":"300","show_zoom_button":"0","zoom_button_out_step":"2","zoom_button_in_step":"3","show_post_tag":"0","show_prev_next_post":"0","show_popup_post":"0","number_popup_post":"2","show_author_box":"0","show_post_related":"0","show_inline_post_related":"1"}],"override_image_size":"0","image_override":[{"single_post_thumbnail_size":"no-crop","single_post_gallery_size":"crop-500"}],"trending_post":"0","trending_post_position":"meta","trending_post_label":"Trending","sponsored_post":"0","sponsored_post_label":"Sponsored by","sponsored_post_name":"","sponsored_post_url":"","sponsored_post_logo_enable":"0","sponsored_post_logo":"","sponsored_post_desc":"","disable_ad":"0"},"jnews_primary_category":{"id":"","hide":""},"jnews_social_meta":{"fb_title":"","fb_description":"","fb_image":"","twitter_title":"","twitter_description":"","twitter_image":""},"jnews_override_counter":{"override_view_counter":"0","view_counter_number":"0","override_share_counter":"0","share_counter_number":"0","override_like_counter":"0","like_counter_number":"0","override_dislike_counter":"0","dislike_counter_number":"0"},"footnotes":""},"categories":[35],"tags":[],"class_list":["post-22965","post","type-post","status-publish","format-standard","has-post-thumbnail","hentry","category-cabello"],"_links":{"self":[{"href":"https:\/\/www.primor.eu\/blog\/wp-json\/wp\/v2\/posts\/22965","targetHints":{"allow":["GET"]}}],"collection":[{"href":"https:\/\/www.primor.eu\/blog\/wp-json\/wp\/v2\/posts"}],"about":[{"href":"https:\/\/www.primor.eu\/blog\/wp-json\/wp\/v2\/types\/post"}],"author":[{"embeddable":true,"href":"https:\/\/www.primor.eu\/blog\/wp-json\/wp\/v2\/users\/4"}],"replies":[{"embeddable":true,"href":"https:\/\/www.primor.eu\/blog\/wp-json\/wp\/v2\/comments?post=22965"}],"version-history":[{"count":9,"href":"https:\/\/www.primor.eu\/blog\/wp-json\/wp\/v2\/posts\/22965\/revisions"}],"predecessor-version":[{"id":112395,"href":"https:\/\/www.primor.eu\/blog\/wp-json\/wp\/v2\/posts\/22965\/revisions\/112395"}],"wp:featuredmedia":[{"embeddable":true,"href":"https:\/\/www.primor.eu\/blog\/wp-json\/wp\/v2\/media\/90651"}],"wp:attachment":[{"href":"https:\/\/www.primor.eu\/blog\/wp-json\/wp\/v2\/media?parent=22965"}],"wp:term":[{"taxonomy":"category","embeddable":true,"href":"https:\/\/www.primor.eu\/blog\/wp-json\/wp\/v2\/categories?post=22965"},{"taxonomy":"post_tag","embeddable":true,"href":"https:\/\/www.primor.eu\/blog\/wp-json\/wp\/v2\/tags?post=22965"}],"curies":[{"name":"wp","href":"https:\/\/api.w.org\/{rel}","templated":true}]}}