{"id":22905,"date":"2021-06-11T14:34:08","date_gmt":"2021-06-11T12:34:08","guid":{"rendered":"https:\/\/blog.primor.eu\/?p=22905"},"modified":"2026-01-17T12:18:53","modified_gmt":"2026-01-17T12:18:53","slug":"piel-seca-caracteristicas-y-cuidados","status":"publish","type":"post","link":"https:\/\/www.primor.eu\/blog\/piel-seca-caracteristicas-y-cuidados\/","title":{"rendered":"Piel seca: caracter\u00edsticas y cuidados"},"content":{"rendered":"\n<p>Dejemos las cosas bien claras desde la primera l\u00ednea: no todas las pieles son iguales y cada una necesita un cuidado espec\u00edfico que trate directamente lo que necesita. Para determinar qu\u00e9 tipo de piel tienes, puedes consultar esta completa gu\u00eda donde perfilamos las caracter\u00edsticas b\u00e1sicas de cada una de ellas: la piel mixta, la <a href=\"https:\/\/www.primor.eu\/blog\/rutina-hidratacion-piel-seca\/\" data-type=\"link\" data-id=\"https:\/\/www.primor.eu\/blog\/rutina-hidratacion-piel-seca\/\">piel seca<\/a>, la piel grasa, la <a href=\"https:\/\/www.primor.eu\/es_es\/tratamientos-calmantes-y-para-piel-sensible\" data-type=\"link\" data-id=\"https:\/\/www.primor.eu\/es_es\/tratamientos-calmantes-y-para-piel-sensible\">piel sensible<\/a>\u2026 Hoy es el turno de la <strong><a href=\"https:\/\/www.primor.eu\/es_es\/hidratantes-y-nutritivas-lujo\" data-type=\"link\" data-id=\"https:\/\/www.primor.eu\/es_es\/hidratantes-y-nutritivas-lujo\">piel seca<\/a><\/strong>.<\/p>\n\n\n\n<h2 class=\"wp-block-heading\">\u00bfQu\u00e9 es la piel seca?<\/h2>\n\n\n\n<p><strong>Pobre en l\u00edpidos y con tendencia a la deshidrataci\u00f3n<\/strong>, la piel seca necesita cuidados espec\u00edficos que la ayuden a mantener su funci\u00f3n de barrera y a preservar la hidrataci\u00f3n que tanto necesita. Las pieles secas se caracterizan por tener una sensaci\u00f3n de tirantez, tono apagado, tacto \u00e1spero, irritable, con rojeces e incluso puede presentar descamaci\u00f3n.<\/p>\n\n\n\n<h2 class=\"wp-block-heading\">\u00bfC\u00f3mo cuidarla?&nbsp;<\/h2>\n\n\n\n<p>La piel seca tiene menos imperfecciones pero tiende a envejecer antes. Hidratarla es la clave para que el paso de los a\u00f1os no la castigue. Te explicamos c\u00f3mo hacerlo:<\/p>\n\n\n\n<p>- Por la ma\u00f1ana y por la noche, aplica una <strong>crema hidratante y protectora con activos nutritivos<\/strong> como los aceites vegetales.<\/p>\n\n\n\n<p>- Recuerda que conviene <strong>limpiarla con productos muy suaves y usar t\u00f3nico sin alcohol.<\/strong><\/p>\n\n\n\n<p>- <strong>El layering<\/strong> o, lo que es lo mismo, la superposici\u00f3n de dos o m\u00e1s cremas, es la t\u00e9cnica que usan las asi\u00e1ticas para cuidar su piel. Se basa en ir aplicando los diferentes tratamientos por capas. Te pones un tratamiento, se absorbe y pasas al siguiente. Por la ma\u00f1ana, por ejemplo, puedes aplicar la hidratante y encima<strong> unos parches de hidrogel<\/strong>, que aportar\u00e1n un <strong>extra de nutrici\u00f3n<\/strong>. Eso s\u00ed, si practicas el \u201ccapa sobre capa\u201d, hazlo bien. Usa primero la f\u00f3rmula m\u00e1s ligera y de base acuosa (s\u00e9rum, fluido) y acaba con las cremas densas o de base m\u00e1s oleosa.<\/p>\n\n\n\n<h2 class=\"wp-block-heading\">\u00bfCon qu\u00e9 productos cuidarla?&nbsp;<\/h2>\n\n\n        <product-table class=\"pr-slider\">\r\n            <product-headers class=\"grid-table-rows\">\r\n                <div>Foto<\/div>\r\n                <div>Producto<\/div>\r\n                <div>Marca<\/div>\r\n                <div>Valoraciones<\/div>\r\n                <div>Precio<\/div>\r\n            <\/product-headers>\r\n\r\n            <product-list>\r\n                                    <a href=\"https:\/\/www.primor.eu\/es_es\/estee-lauder-resilience-multi-effect-tri-peptide-face-and-neck-creme-13604.html\" class=\"product-item grid-table-rows\" target=\"_blank\">\r\n                        <div>\r\n                            <img decoding=\"async\" class=\"product-img\" width=\"80px\" height=\"80px\" src=\"https:\/\/cdn2.primor.eu\/media\/catalog\/product\/cache\/8d3aba296f7a18b5251ee30fa5db42b2\/0\/T\/0TF16135_1_b22a.jpg\" alt=\"Resilience Multi Effect Tri-Peptide Face and Neck Cr\u00e8me Piel Normal\/Mixta\">\r\n                        <\/div>\r\n\r\n                        <!-- Contenido de producto  -->\r\n                        <div>\r\n                            <div class=\"product-position\">\r\n                                #1 Top Ventas                            <\/div>\r\n\r\n                            <h2>\r\n                                Resilience Multi Effect Tri-Peptide Face and Neck Cr\u00e8me Piel Normal\/Mixta                            <\/h2>\r\n                        <\/div>\r\n\r\n                        <!-- Imagen y\/o nombre de la marca -->\r\n                        <div>\r\n                                                            <img decoding=\"async\" width=\"70\" src=\"https:\/\/www.primor.eu\/media\/catalog\/category\/Estee_Lauder.png\" alt=\"\">\r\n                                                    <\/div>\r\n\r\n                        <!-- Puntuaci\u00f3n del producto  -->\r\n                        <div class=\"rating\">\r\n                                                            <div class=\"rate\" style=\"--p:98;\"><\/div>\r\n                                <b>4.9\/5<\/b>\r\n                                <div class=\"rate-stars\">\r\n                                                                            <div\r\n                                            class=\"rate-star  \">\r\n                                        <\/div>\r\n                                                                            <div\r\n                                            class=\"rate-star  \">\r\n                                        <\/div>\r\n                                                                            <div\r\n                                            class=\"rate-star  \">\r\n                                        <\/div>\r\n                                                                            <div\r\n                                            class=\"rate-star  \">\r\n                                        <\/div>\r\n                                                                            <div\r\n                                            class=\"rate-star  \">\r\n                                        <\/div>\r\n                                                                    <\/div>\r\n                                                    <\/div>\r\n\r\n                        <!-- Bot\u00f3n de producto  -->\r\n                        <div>\r\n                            <span class=\"price-claim\">\r\n                                VER PRECIO                            <\/span>\r\n                        <\/div>\r\n                    <\/a>\r\n                                    <a href=\"https:\/\/www.primor.eu\/es_es\/cure-natural-aqua-gel-cure-natural-aqua-gel-28097.html\" class=\"product-item grid-table-rows\" target=\"_blank\">\r\n                        <div>\r\n                            <img decoding=\"async\" class=\"product-img\" width=\"80px\" height=\"80px\" src=\"https:\/\/cdn2.primor.eu\/media\/catalog\/product\/cache\/8d3aba296f7a18b5251ee30fa5db42b2\/0\/T\/0TF19203_1_240f.jpg\" alt=\"Cure Natural Aqua Gel Exfoliante\">\r\n                        <\/div>\r\n\r\n                        <!-- Contenido de producto  -->\r\n                        <div>\r\n                            <div class=\"product-position\">\r\n                                #2                            <\/div>\r\n\r\n                            <h2>\r\n                                Cure Natural Aqua Gel Exfoliante                            <\/h2>\r\n                        <\/div>\r\n\r\n                        <!-- Imagen y\/o nombre de la marca -->\r\n                        <div>\r\n                                                            <img decoding=\"async\" width=\"70\" src=\"https:\/\/www.primor.eu\/media\/catalog\/category\/CURE_Natural_Aqua_Gel.jpg\" alt=\"\">\r\n                                                    <\/div>\r\n\r\n                        <!-- Puntuaci\u00f3n del producto  -->\r\n                        <div class=\"rating\">\r\n                                                            <div class=\"rate\" style=\"--p:98;\"><\/div>\r\n                                <b>4.9\/5<\/b>\r\n                                <div class=\"rate-stars\">\r\n                                                                            <div\r\n                                            class=\"rate-star  \">\r\n                                        <\/div>\r\n                                                                            <div\r\n                                            class=\"rate-star  \">\r\n                                        <\/div>\r\n                                                                            <div\r\n                                            class=\"rate-star  \">\r\n                                        <\/div>\r\n                                                                            <div\r\n                                            class=\"rate-star  \">\r\n                                        <\/div>\r\n                                                                            <div\r\n                                            class=\"rate-star  \">\r\n                                        <\/div>\r\n                                                                    <\/div>\r\n                                                    <\/div>\r\n\r\n                        <!-- Bot\u00f3n de producto  -->\r\n                        <div>\r\n                            <span class=\"price-claim\">\r\n                                VER PRECIO                            <\/span>\r\n                        <\/div>\r\n                    <\/a>\r\n                                    <a href=\"https:\/\/www.primor.eu\/es_es\/methode-jeanne-piaubert-nourilys-crema-facial-confort-88802.html\" class=\"product-item grid-table-rows\" target=\"_blank\">\r\n                        <div>\r\n                            <img decoding=\"async\" class=\"product-img\" width=\"80px\" height=\"80px\" src=\"https:\/\/cdn2.primor.eu\/media\/catalog\/product\/cache\/8d3aba296f7a18b5251ee30fa5db42b2\/3\/3\/3355998701147_7bde.jpg\" alt=\"Nourilys Crema Facial Nutritiva para Piel Seca\">\r\n                        <\/div>\r\n\r\n                        <!-- Contenido de producto  -->\r\n                        <div>\r\n                            <div class=\"product-position\">\r\n                                #3                            <\/div>\r\n\r\n                            <h2>\r\n                                Nourilys Crema Facial Nutritiva para Piel Seca                            <\/h2>\r\n                        <\/div>\r\n\r\n                        <!-- Imagen y\/o nombre de la marca -->\r\n                        <div>\r\n                                                            <img decoding=\"async\" width=\"70\" src=\"https:\/\/www.primor.eu\/media\/catalog\/category\/M_THODE_JEANNE_PIAUBERT_LOGO.JPG\" alt=\"\">\r\n                                                    <\/div>\r\n\r\n                        <!-- Puntuaci\u00f3n del producto  -->\r\n                        <div class=\"rating\">\r\n                                                            <p>No hay valoraciones disponibles<\/p>\r\n                                                    <\/div>\r\n\r\n                        <!-- Bot\u00f3n de producto  -->\r\n                        <div>\r\n                            <span class=\"price-claim\">\r\n                                VER PRECIO                            <\/span>\r\n                        <\/div>\r\n                    <\/a>\r\n                                    <a href=\"https:\/\/www.primor.eu\/es_es\/mixa-locion-corporal-ceramide-protect-piel-seca-106022.html?#854=66338\" class=\"product-item grid-table-rows\" target=\"_blank\">\r\n                        <div>\r\n                            <img decoding=\"async\" class=\"product-img\" width=\"80px\" height=\"80px\" src=\"https:\/\/cdn2.primor.eu\/media\/catalog\/product\/cache\/8d3aba296f7a18b5251ee30fa5db42b2\/3\/6\/3600551153261_1_648b.jpg\" alt=\"Loci\u00f3n Corporal Ceramide Protect Piel Seca\">\r\n                        <\/div>\r\n\r\n                        <!-- Contenido de producto  -->\r\n                        <div>\r\n                            <div class=\"product-position\">\r\n                                #4                            <\/div>\r\n\r\n                            <h2>\r\n                                Loci\u00f3n Corporal Ceramide Protect Piel Seca                            <\/h2>\r\n                        <\/div>\r\n\r\n                        <!-- Imagen y\/o nombre de la marca -->\r\n                        <div>\r\n                                                            <p class=\"brand-name\"><b>Mixa<\/b><\/p>\r\n                                                    <\/div>\r\n\r\n                        <!-- Puntuaci\u00f3n del producto  -->\r\n                        <div class=\"rating\">\r\n                                                            <div class=\"rate\" style=\"--p:92;\"><\/div>\r\n                                <b>4.6\/5<\/b>\r\n                                <div class=\"rate-stars\">\r\n                                                                            <div\r\n                                            class=\"rate-star  \">\r\n                                        <\/div>\r\n                                                                            <div\r\n                                            class=\"rate-star  \">\r\n                                        <\/div>\r\n                                                                            <div\r\n                                            class=\"rate-star  \">\r\n                                        <\/div>\r\n                                                                            <div\r\n                                            class=\"rate-star  \">\r\n                                        <\/div>\r\n                                                                            <div\r\n                                            class=\"rate-star  \">\r\n                                        <\/div>\r\n                                                                    <\/div>\r\n                                                    <\/div>\r\n\r\n                        <!-- Bot\u00f3n de producto  -->\r\n                        <div>\r\n                            <span class=\"price-claim\">\r\n                                VER PRECIO                            <\/span>\r\n                        <\/div>\r\n                    <\/a>\r\n                                    <a href=\"https:\/\/www.primor.eu\/es_es\/biotherm-oil-therapy-balsamo-corporal-11911.html\" class=\"product-item grid-table-rows\" target=\"_blank\">\r\n                        <div>\r\n                            <img decoding=\"async\" class=\"product-img\" width=\"80px\" height=\"80px\" src=\"https:\/\/cdn2.primor.eu\/media\/catalog\/product\/cache\/8d3aba296f7a18b5251ee30fa5db42b2\/3\/6\/3614274042870_1_4f29.jpg\" alt=\"Oil Therapy B\u00e1lsamo Corporal\">\r\n                        <\/div>\r\n\r\n                        <!-- Contenido de producto  -->\r\n                        <div>\r\n                            <div class=\"product-position\">\r\n                                #5                            <\/div>\r\n\r\n                            <h2>\r\n                                Oil Therapy B\u00e1lsamo Corporal                            <\/h2>\r\n                        <\/div>\r\n\r\n                        <!-- Imagen y\/o nombre de la marca -->\r\n                        <div>\r\n                                                            <img decoding=\"async\" width=\"70\" src=\"https:\/\/www.primor.eu\/media\/catalog\/category\/biotherm.png\" alt=\"\">\r\n                                                    <\/div>\r\n\r\n                        <!-- Puntuaci\u00f3n del producto  -->\r\n                        <div class=\"rating\">\r\n                                                            <div class=\"rate\" style=\"--p:96;\"><\/div>\r\n                                <b>4.8\/5<\/b>\r\n                                <div class=\"rate-stars\">\r\n                                                                            <div\r\n                                            class=\"rate-star  \">\r\n                                        <\/div>\r\n                                                                            <div\r\n                                            class=\"rate-star  \">\r\n                                        <\/div>\r\n                                                                            <div\r\n                                            class=\"rate-star  \">\r\n                                        <\/div>\r\n                                                                            <div\r\n                                            class=\"rate-star  \">\r\n                                        <\/div>\r\n                                                                            <div\r\n                                            class=\"rate-star  \">\r\n                                        <\/div>\r\n                                                                    <\/div>\r\n                                                    <\/div>\r\n\r\n                        <!-- Bot\u00f3n de producto  -->\r\n                        <div>\r\n                            <span class=\"price-claim\">\r\n                                VER PRECIO                            <\/span>\r\n                        <\/div>\r\n                    <\/a>\r\n                            <\/product-list>\r\n        <\/product-table>\r\n\r\n        \n\n\n\n<h3 class=\"wp-block-heading\">Resilience Multi Effect Tri-Peptide Face and Neck Creme Piel Seca de Est\u00e9e Lauder<\/h3>\n\n\n\n<p>Favorece la hidrataci\u00f3n prolongada y contribuye a mejorar la superficie cut\u00e1nea, ayudando a mantener una apariencia m\u00e1s lisa y flexible. Su complejo Tri-Peptide est\u00e1 dise\u00f1ado para estimular la producci\u00f3n natural de col\u00e1geno, reforzando el soporte estructural de la piel y logrando un resultado m\u00e1s uniforme.<\/p>\n\n\n    <a class='product' target='_blank' href='https:\/\/www.primor.eu\/es_es\/estee-lauder-resilience-multi-effect-tri-peptide-face-and-neck-creme-13604.html'>\r\n        <img loading='async' src='https:\/\/cdn2.primor.eu\/media\/catalog\/product\/cache\/8d3aba296f7a18b5251ee30fa5db42b2\/0\/T\/0TF16135_1_b22a.jpg' alt='COMPRAR AHORA'>\r\n            <div class=\"claim\">\r\n                COMPRAR AHORA            <\/div>\r\n        <\/a>\r\n    \n\n\n<h3 class=\"wp-block-heading\">Gel Exfoliante de Cure Natural Aqua Gel<\/h3>\n\n\n\n<p><br>Es uno de los productos m\u00e1s utilizados dentro de las rutinas de belleza japonesas. \u00a1Y no nos extra\u00f1a! Natural Cure Aqua Gel es el exfoliante perfecto para conseguir una piel fresca, suave, radiante y libre de imperfecciones.<\/p>\n\n\n\n<p>Gracias a su f\u00f3rmula con un 91% de agua con hidr\u00f3geno activado, y extractos de Hojas de Aloe Vera, Hojas de Gingko Biloba y Hojas de Romero, consigue reducir el aspecto de tus poros al mismo tiempo que te aporta un extra de hidrataci\u00f3n.<\/p>\n\n\n\n<p>Sin fragancias, ni colorantes, ni conservantes.<\/p>\n\n\n    <a class='product' target='_blank' href='https:\/\/www.primor.eu\/es_es\/cure-natural-aqua-gel-cure-natural-aqua-gel-28097.html'>\r\n        <img loading='async' src='https:\/\/cdn2.primor.eu\/media\/catalog\/product\/cache\/8d3aba296f7a18b5251ee30fa5db42b2\/0\/T\/0TF19203_1_240f.jpg' alt='COMPRAR AHORA'>\r\n            <div class=\"claim\">\r\n                COMPRAR AHORA            <\/div>\r\n        <\/a>\r\n    \n\n\n<h3 class=\"wp-block-heading\">Nourilys Crema Facial Nutritiva para Piel Seca de M\u00e9thode Jeanne Piaubert<\/h3>\n\n\n\n<p>No solo compensa las deficiencias de las pieles secas, sino que tambi\u00e9n activa los mecanismos naturales de la piel, permitiendo que \u00e9sta produzca los l\u00edpidos cut\u00e1neos necesarios para un confort inmediato.<\/p>\n\n\n\n<p>Este tratamiento \u00fanico logra que la piel aparezca reequilibrada, nutrida y excepcionalmente suave.<\/p>\n\n\n\n<p>La base de la f\u00f3rmula de Nourilys Crema Facial Nutritiva para Piel Seca act\u00faa en los tres niveles de la epidermis, incrementando intensamente su contenido en l\u00edpidos, mientras que los activos espec\u00edficos proporcionan aut\u00e9ntico confort y protecci\u00f3n contra las agresiones externas.<\/p>\n\n\n    <a class='product' target='_blank' href='https:\/\/www.primor.eu\/es_es\/methode-jeanne-piaubert-nourilys-crema-facial-confort-88802.html'>\r\n        <img loading='async' src='https:\/\/cdn2.primor.eu\/media\/catalog\/product\/cache\/8d3aba296f7a18b5251ee30fa5db42b2\/3\/3\/3355998701147_7bde.jpg' alt='COMPRAR AHORA'>\r\n            <div class=\"claim\">\r\n                COMPRAR AHORA            <\/div>\r\n        <\/a>\r\n    \n\n\n<h3 class=\"wp-block-heading\">Loci\u00f3n Corporal Ceramide Protect Piel Seca de Mixa<\/h3>\n\n\n\n<p>Esta loci\u00f3n est\u00e1 enriquecida con un 6% de Glicerina, L\u00edpidos y Ceramidas para brindar una hidrataci\u00f3n profunda y duradera. Las ceramidas y l\u00edpidos presentes naturalmente en la piel desempe\u00f1an un papel crucial en fortalecer la barrera protectora cut\u00e1nea. La glicerina, conocida por sus propiedades hidratantes y protectoras, complementa esta f\u00f3rmula \u00fanica.<\/p>\n\n\n    <a class='product' target='_blank' href='https:\/\/www.primor.eu\/es_es\/mixa-locion-corporal-ceramide-protect-piel-seca-106022.html?#854=66338'>\r\n        <img loading='async' src='https:\/\/cdn2.primor.eu\/media\/catalog\/product\/cache\/8d3aba296f7a18b5251ee30fa5db42b2\/3\/6\/3600551153261_1_648b.jpg' alt='COMPRAR AHORA'>\r\n            <div class=\"claim\">\r\n                COMPRAR AHORA            <\/div>\r\n        <\/a>\r\n    \n\n\n<h3 class=\"wp-block-heading\">Oil Therapy B\u00e1lsamo Corporal de Biotherm<\/h3>\n\n\n\n<p>Ayuda a que la piel seca recupere su luminosidad. Su f\u00f3rmula incluye una mezcla de tres preciados aceites: aceite de rosa mosqueta, con propiedades regeneradoras y fortificantes; aceite de flor de la pasi\u00f3n, con propiedades nutritivas y embellecedoras; aceite de albaricoque, con propiedades suavizantes y alisadoras.<\/p>\n\n\n    <a class='product' target='_blank' href='https:\/\/www.primor.eu\/es_es\/biotherm-oil-therapy-balsamo-corporal-11911.html'>\r\n        <img loading='async' src='https:\/\/cdn2.primor.eu\/media\/catalog\/product\/cache\/8d3aba296f7a18b5251ee30fa5db42b2\/3\/6\/3614274042870_1_4f29.jpg' alt='COMPRAR AHORA'>\r\n            <div class=\"claim\">\r\n                COMPRAR AHORA            <\/div>\r\n        <\/a>\r\n    \n\n<div class=\"kk-star-ratings kksr-auto kksr-align-center kksr-valign-bottom\"\n    data-payload='{&quot;align&quot;:&quot;center&quot;,&quot;id&quot;:&quot;22905&quot;,&quot;slug&quot;:&quot;default&quot;,&quot;valign&quot;:&quot;bottom&quot;,&quot;ignore&quot;:&quot;&quot;,&quot;reference&quot;:&quot;auto&quot;,&quot;class&quot;:&quot;&quot;,&quot;count&quot;:&quot;0&quot;,&quot;legendonly&quot;:&quot;&quot;,&quot;readonly&quot;:&quot;&quot;,&quot;score&quot;:&quot;0&quot;,&quot;starsonly&quot;:&quot;&quot;,&quot;best&quot;:&quot;5&quot;,&quot;gap&quot;:&quot;5&quot;,&quot;greet&quot;:&quot;Valora este art\u00edculo&quot;,&quot;legend&quot;:&quot;0\\\/5 - (0 votos)&quot;,&quot;size&quot;:&quot;24&quot;,&quot;title&quot;:&quot;Piel seca: caracter\u00edsticas y cuidados&quot;,&quot;width&quot;:&quot;0&quot;,&quot;_legend&quot;:&quot;{score}\\\/{best} - ({count} {votes})&quot;,&quot;font_factor&quot;:&quot;1.25&quot;}'>\n            \n<div class=\"kksr-stars\">\n    \n<div class=\"kksr-stars-inactive\">\n            <div class=\"kksr-star\" data-star=\"1\" style=\"padding-right: 5px\">\n            \n\n<div class=\"kksr-icon\" style=\"width: 24px; height: 24px;\"><\/div>\n        <\/div>\n            <div class=\"kksr-star\" data-star=\"2\" style=\"padding-right: 5px\">\n            \n\n<div class=\"kksr-icon\" style=\"width: 24px; height: 24px;\"><\/div>\n        <\/div>\n            <div class=\"kksr-star\" data-star=\"3\" style=\"padding-right: 5px\">\n            \n\n<div class=\"kksr-icon\" style=\"width: 24px; height: 24px;\"><\/div>\n        <\/div>\n            <div class=\"kksr-star\" data-star=\"4\" style=\"padding-right: 5px\">\n            \n\n<div class=\"kksr-icon\" style=\"width: 24px; height: 24px;\"><\/div>\n        <\/div>\n            <div class=\"kksr-star\" data-star=\"5\" style=\"padding-right: 5px\">\n            \n\n<div class=\"kksr-icon\" style=\"width: 24px; height: 24px;\"><\/div>\n        <\/div>\n    <\/div>\n    \n<div class=\"kksr-stars-active\" style=\"width: 0px;\">\n            <div class=\"kksr-star\" style=\"padding-right: 5px\">\n            \n\n<div class=\"kksr-icon\" style=\"width: 24px; height: 24px;\"><\/div>\n        <\/div>\n            <div class=\"kksr-star\" style=\"padding-right: 5px\">\n            \n\n<div class=\"kksr-icon\" style=\"width: 24px; height: 24px;\"><\/div>\n        <\/div>\n            <div class=\"kksr-star\" style=\"padding-right: 5px\">\n            \n\n<div class=\"kksr-icon\" style=\"width: 24px; height: 24px;\"><\/div>\n        <\/div>\n            <div class=\"kksr-star\" style=\"padding-right: 5px\">\n            \n\n<div class=\"kksr-icon\" style=\"width: 24px; height: 24px;\"><\/div>\n        <\/div>\n            <div class=\"kksr-star\" style=\"padding-right: 5px\">\n            \n\n<div class=\"kksr-icon\" style=\"width: 24px; height: 24px;\"><\/div>\n        <\/div>\n    <\/div>\n<\/div>\n                \n\n<div class=\"kksr-legend\" style=\"font-size: 19.2px;\">\n            <span class=\"kksr-muted\">Valora este art\u00edculo<\/span>\n    <\/div>\n    <\/div>\n","protected":false},"excerpt":{"rendered":"<p>Dejemos las cosas bien claras desde la primera l\u00ednea: no todas las pieles son iguales y cada una necesita un cuidado espec\u00edfico que trate directamente lo que necesita. Para determinar qu\u00e9 tipo de piel tienes, puedes consultar esta completa gu\u00eda donde perfilamos las caracter\u00edsticas b\u00e1sicas de cada una de ellas: la piel mixta, la piel [&hellip;]<\/p>\n","protected":false},"author":4,"featured_media":65487,"comment_status":"open","ping_status":"open","sticky":false,"template":"","format":"standard","meta":{"jnews-multi-image_gallery":[],"jnews_single_post":{"subtitle":"","format":"standard","video":"","gallery":"","source_name":"","source_url":"","via_name":"","via_url":"","override_template":"0","override":[{"template":"1","single_blog_custom":"","parallax":"1","fullscreen":"1","layout":"right-sidebar","sidebar":"home-2","second_sidebar":"default-sidebar","sticky_sidebar":"0","share_position":"float","share_float_style":"share-monocrhome","show_share_counter":"0","show_view_counter":"0","show_featured":"1","show_post_meta":"1","show_post_author":"0","show_post_author_image":"1","show_post_date":"1","post_date_format":"default","post_date_format_custom":"Y\/m\/d","show_post_category":"1","show_post_reading_time":"0","post_reading_time_wpm":"300","show_zoom_button":"0","zoom_button_out_step":"2","zoom_button_in_step":"3","show_post_tag":"0","show_prev_next_post":"0","show_popup_post":"0","number_popup_post":"2","show_author_box":"0","show_post_related":"0","show_inline_post_related":"1"}],"override_image_size":"0","image_override":[{"single_post_thumbnail_size":"no-crop","single_post_gallery_size":"crop-500"}],"trending_post":"0","trending_post_position":"meta","trending_post_label":"Trending","sponsored_post":"0","sponsored_post_label":"Sponsored by","sponsored_post_name":"","sponsored_post_url":"","sponsored_post_logo_enable":"0","sponsored_post_logo":"","sponsored_post_desc":"","disable_ad":"0"},"jnews_primary_category":{"id":"","hide":""},"jnews_social_meta":{"fb_title":"","fb_description":"","fb_image":"","twitter_title":"","twitter_description":"","twitter_image":""},"jnews_override_counter":{"override_view_counter":"0","view_counter_number":"0","override_share_counter":"0","share_counter_number":"0","override_like_counter":"0","like_counter_number":"0","override_dislike_counter":"0","dislike_counter_number":"0"},"footnotes":""},"categories":[53],"tags":[],"class_list":["post-22905","post","type-post","status-publish","format-standard","has-post-thumbnail","hentry","category-piel"],"_links":{"self":[{"href":"https:\/\/www.primor.eu\/blog\/wp-json\/wp\/v2\/posts\/22905","targetHints":{"allow":["GET"]}}],"collection":[{"href":"https:\/\/www.primor.eu\/blog\/wp-json\/wp\/v2\/posts"}],"about":[{"href":"https:\/\/www.primor.eu\/blog\/wp-json\/wp\/v2\/types\/post"}],"author":[{"embeddable":true,"href":"https:\/\/www.primor.eu\/blog\/wp-json\/wp\/v2\/users\/4"}],"replies":[{"embeddable":true,"href":"https:\/\/www.primor.eu\/blog\/wp-json\/wp\/v2\/comments?post=22905"}],"version-history":[{"count":4,"href":"https:\/\/www.primor.eu\/blog\/wp-json\/wp\/v2\/posts\/22905\/revisions"}],"predecessor-version":[{"id":137459,"href":"https:\/\/www.primor.eu\/blog\/wp-json\/wp\/v2\/posts\/22905\/revisions\/137459"}],"wp:featuredmedia":[{"embeddable":true,"href":"https:\/\/www.primor.eu\/blog\/wp-json\/wp\/v2\/media\/65487"}],"wp:attachment":[{"href":"https:\/\/www.primor.eu\/blog\/wp-json\/wp\/v2\/media?parent=22905"}],"wp:term":[{"taxonomy":"category","embeddable":true,"href":"https:\/\/www.primor.eu\/blog\/wp-json\/wp\/v2\/categories?post=22905"},{"taxonomy":"post_tag","embeddable":true,"href":"https:\/\/www.primor.eu\/blog\/wp-json\/wp\/v2\/tags?post=22905"}],"curies":[{"name":"wp","href":"https:\/\/api.w.org\/{rel}","templated":true}]}}