{"id":22621,"date":"2024-02-16T11:13:32","date_gmt":"2024-02-16T11:13:32","guid":{"rendered":"https:\/\/blog.primor.eu\/?p=22621"},"modified":"2026-01-29T08:49:12","modified_gmt":"2026-01-29T08:49:12","slug":"piel-mixta-que-es-productos-cosmeticos","status":"publish","type":"post","link":"https:\/\/www.primor.eu\/blog\/piel-mixta-que-es-productos-cosmeticos\/","title":{"rendered":"Piel mixta: qu\u00e9 es y los mejores productos para cuidarla de 2026"},"content":{"rendered":"\n<p>\u00bfNo sabes realmente cu\u00e1l es tu tipo de piel? Hoy profundizamos en la tipolog\u00eda de piel mixta y en la mejor forma de tratarla. Debido a las diferencias en los tipos de piel, es importante identificar cu\u00e1l es nuestro tipo de piel para elegir los cosm\u00e9ticos adecuados. En este sentido, hoy hablaremos de la <strong>piel mixta<\/strong> y qu\u00e9 productos cosm\u00e9ticos ayudan a cuidarla.<\/p>\n\n\n\n<h3 class=\"wp-block-heading\">\u00bfQu\u00e9 es la piel mixta?<\/h3>\n\n\n\n<p>Como os cont\u00e1bamos, este tipo de piel es una <strong>combinaci\u00f3n entre la piel seca y la piel grasa<\/strong> cuyas particularidades se manifiestan principalmente en el rostro. Se caracteriza por tener la conocida zona \u201cT\u201d (frente, nariz y barbilla) con tendencia grasa. Ah\u00ed, los poros est\u00e1n abiertos, con impurezas y rastros de acn\u00e9 por lo que presenta un aspecto brillante. Sin embargo, en la zona de las mejillas la piel es normal, incluso con tendencia a ser seca.<\/p>\n\n\n\n<h3 class=\"wp-block-heading\">\u00bfC\u00f3mo cuidarla?<\/h3>\n\n\n\n<p>Al tener las<strong> necesidades de dos tipolog\u00edas de piel<\/strong>, cuidar la piel mixta puede parecer complejo debido a ese conflicto de intereses. De hecho, quienes atesoran ese cutis tienden a dejar de lado la hidrataci\u00f3n. Hacerlo es un error, pues la piel mixta puede deshidratarse con facilidad (sobre todo, en la zona de las mejillas). Estos son los consejos b\u00e1sicos para cuidarla.<\/p>\n\n\n\n<p>- Utilizar <strong>activos<\/strong> como la <a href=\"https:\/\/www.primor.eu\/es_es\/niacinamida\">niacinamida<\/a>, el \u00e1cido salic\u00edlico o el <a href=\"https:\/\/www.primor.eu\/es_es\/retinol\">retinol<\/a> y combinarlos. Los dos primeros pueden aplicarse a la vez, por la ma\u00f1ana y por la noche, respectivamente. En cambio, el Retinol, se aconseja por la noche y con precauci\u00f3n. De hecho, es muy importante que al d\u00eda siguiente utilicemos un protector solar.<\/p>\n\n\n\n<p>- Por la noche, realizar una<strong> <\/strong><a href=\"https:\/\/www.primor.eu\/blog\/doble-limpieza-facial\/\">doble limpieza<\/a>. Primero, con aceite o b\u00e1lsamo para eliminar el seco, la poluci\u00f3n, el maquillaje o el protector solar. Segundo, con un limpiador en textura gel o espuma.<\/p>\n\n\n\n<p>- Realizar una <a href=\"https:\/\/www.primor.eu\/es_es\/exfoliantes-faciales\">exfoliaci\u00f3n<\/a> semanal para recuperar luminosidad. Cuanto m\u00e1s <a href=\"https:\/\/www.primor.eu\/es_es\/natural-y-organico-exfoliantes-naturales\">naturales<\/a> sean estos los exfoliantes, mejor ser\u00e1 para tu piel.<\/p>\n\n\n\n<p>- Elegir con cuidado el <a href=\"https:\/\/www.primor.eu\/es_es\/proteccion-solar\">protector solar<\/a><strong>.<\/strong> Este deber\u00eda ser oil free y no comedog\u00e9nico, pues evitan el exceso de producci\u00f3n de sebo y no obstruyen los poros.<\/p>\n\n\n\n<h2 class=\"wp-block-heading\">Los mejores productos para cuidar la piel mixta de Perfumer\u00edas Primor<\/h2>\n\n\n        <product-table class=\"pr-slider\">\r\n            <product-headers class=\"grid-table-rows\">\r\n                <div>Foto<\/div>\r\n                <div>Producto<\/div>\r\n                <div>Marca<\/div>\r\n                <div>Valoraciones<\/div>\r\n                <div>Precio<\/div>\r\n            <\/product-headers>\r\n\r\n            <product-list>\r\n                                    <a href=\"https:\/\/www.primor.eu\/es_es\/clinique-locion-clarificante-2-piel-mixta-28617.html\" class=\"product-item grid-table-rows\" target=\"_blank\">\r\n                        <div>\r\n                            <img decoding=\"async\" class=\"product-img\" width=\"80px\" height=\"80px\" src=\"https:\/\/www.primor.eu\/blog\/wp-content\/uploads\/2024\/02\/M_0TF00085_1_9d6c.jpg\" alt=\"Clinique    \n        Loci\u00f3n Clarificante 2 Piel Mixta\">\r\n                        <\/div>\r\n\r\n                        <!-- Contenido de producto  -->\r\n                        <div>\r\n                            <div class=\"product-position\">\r\n                                #1 Top Ventas                            <\/div>\r\n\r\n                            <h2>\r\n                                Clinique    \n        Loci\u00f3n Clarificante 2 Piel Mixta                            <\/h2>\r\n                        <\/div>\r\n\r\n                        <!-- Imagen y\/o nombre de la marca -->\r\n                        <div>\r\n                                                            <img decoding=\"async\" width=\"70\" src=\"https:\/\/www.primor.eu\/blog\/wp-content\/uploads\/2023\/09\/clinique.png\" alt=\"85294\">\r\n                                                    <\/div>\r\n\r\n                        <!-- Puntuaci\u00f3n del producto  -->\r\n                        <div class=\"rating\">\r\n                                                            <div class=\"rate\" style=\"--p:80;\"><\/div>\r\n                                <b>4\/5<\/b>\r\n                                <div class=\"rate-stars\">\r\n                                                                            <div\r\n                                            class=\"rate-star  \">\r\n                                        <\/div>\r\n                                                                            <div\r\n                                            class=\"rate-star  \">\r\n                                        <\/div>\r\n                                                                            <div\r\n                                            class=\"rate-star  \">\r\n                                        <\/div>\r\n                                                                            <div\r\n                                            class=\"rate-star  \">\r\n                                        <\/div>\r\n                                                                            <div\r\n                                            class=\"rate-star disable \">\r\n                                        <\/div>\r\n                                                                    <\/div>\r\n                                                    <\/div>\r\n\r\n                        <!-- Bot\u00f3n de producto  -->\r\n                        <div>\r\n                            <span class=\"price-claim\">\r\n                                VER PRECIO                            <\/span>\r\n                        <\/div>\r\n                    <\/a>\r\n                                    <a href=\"https:\/\/www.primor.eu\/es_es\/clarins-exfoliante-facial-comfort-28505.html\" class=\"product-item grid-table-rows\" target=\"_blank\">\r\n                        <div>\r\n                            <img decoding=\"async\" class=\"product-img\" width=\"80px\" height=\"80px\" src=\"https:\/\/www.primor.eu\/blog\/wp-content\/uploads\/2024\/02\/0TF17605_1_6724.jpg\" alt=\"Clarins    \n        Exfoliante Facial Comfort\">\r\n                        <\/div>\r\n\r\n                        <!-- Contenido de producto  -->\r\n                        <div>\r\n                            <div class=\"product-position\">\r\n                                #2                            <\/div>\r\n\r\n                            <h2>\r\n                                Clarins    \n        Exfoliante Facial Comfort                            <\/h2>\r\n                        <\/div>\r\n\r\n                        <!-- Imagen y\/o nombre de la marca -->\r\n                        <div>\r\n                                                            <img decoding=\"async\" width=\"70\" src=\"https:\/\/www.primor.eu\/blog\/wp-content\/uploads\/2023\/07\/clarins.png\" alt=\"83106\">\r\n                                                    <\/div>\r\n\r\n                        <!-- Puntuaci\u00f3n del producto  -->\r\n                        <div class=\"rating\">\r\n                                                            <div class=\"rate\" style=\"--p:80;\"><\/div>\r\n                                <b>4\/5<\/b>\r\n                                <div class=\"rate-stars\">\r\n                                                                            <div\r\n                                            class=\"rate-star  \">\r\n                                        <\/div>\r\n                                                                            <div\r\n                                            class=\"rate-star  \">\r\n                                        <\/div>\r\n                                                                            <div\r\n                                            class=\"rate-star  \">\r\n                                        <\/div>\r\n                                                                            <div\r\n                                            class=\"rate-star  \">\r\n                                        <\/div>\r\n                                                                            <div\r\n                                            class=\"rate-star disable \">\r\n                                        <\/div>\r\n                                                                    <\/div>\r\n                                                    <\/div>\r\n\r\n                        <!-- Bot\u00f3n de producto  -->\r\n                        <div>\r\n                            <span class=\"price-claim\">\r\n                                VER PRECIO                            <\/span>\r\n                        <\/div>\r\n                    <\/a>\r\n                                    <a href=\"https:\/\/www.primor.eu\/es_es\/the-ordinary-mascarilla-de-acido-salicilico-2-15979.html\" class=\"product-item grid-table-rows\" target=\"_blank\">\r\n                        <div>\r\n                            <img decoding=\"async\" class=\"product-img\" width=\"80px\" height=\"80px\" src=\"https:\/\/www.primor.eu\/blog\/wp-content\/uploads\/2024\/02\/6XS12022_1_871a.jpg\" alt=\"The Ordinary    \n        Mascarilla de \u00c1cido Salic\u00edlico 2%\">\r\n                        <\/div>\r\n\r\n                        <!-- Contenido de producto  -->\r\n                        <div>\r\n                            <div class=\"product-position\">\r\n                                #3                            <\/div>\r\n\r\n                            <h2>\r\n                                The Ordinary    \n        Mascarilla de \u00c1cido Salic\u00edlico 2%                            <\/h2>\r\n                        <\/div>\r\n\r\n                        <!-- Imagen y\/o nombre de la marca -->\r\n                        <div>\r\n                                                            <img decoding=\"async\" width=\"70\" src=\"https:\/\/www.primor.eu\/blog\/wp-content\/uploads\/2023\/08\/The_Ordinary.png\" alt=\"84920\">\r\n                                                    <\/div>\r\n\r\n                        <!-- Puntuaci\u00f3n del producto  -->\r\n                        <div class=\"rating\">\r\n                                                            <div class=\"rate\" style=\"--p:80;\"><\/div>\r\n                                <b>4\/5<\/b>\r\n                                <div class=\"rate-stars\">\r\n                                                                            <div\r\n                                            class=\"rate-star  \">\r\n                                        <\/div>\r\n                                                                            <div\r\n                                            class=\"rate-star  \">\r\n                                        <\/div>\r\n                                                                            <div\r\n                                            class=\"rate-star  \">\r\n                                        <\/div>\r\n                                                                            <div\r\n                                            class=\"rate-star  \">\r\n                                        <\/div>\r\n                                                                            <div\r\n                                            class=\"rate-star disable \">\r\n                                        <\/div>\r\n                                                                    <\/div>\r\n                                                    <\/div>\r\n\r\n                        <!-- Bot\u00f3n de producto  -->\r\n                        <div>\r\n                            <span class=\"price-claim\">\r\n                                VER PRECIO                            <\/span>\r\n                        <\/div>\r\n                    <\/a>\r\n                                    <a href=\"https:\/\/www.primor.eu\/es_es\/estee-lauder-crema-daywear-tratamiento-anti-oxidante-spf-15-13422.html\" class=\"product-item grid-table-rows\" target=\"_blank\">\r\n                        <div>\r\n                            <img decoding=\"async\" class=\"product-img\" width=\"80px\" height=\"80px\" src=\"https:\/\/www.primor.eu\/blog\/wp-content\/uploads\/2024\/02\/0TF01534_1_3fa1.jpg\" alt=\"Est\u00e9e Lauder    \n        Crema Antioxidante de D\u00eda Day Wear SPF 15 Piel Norma\/Mixta\">\r\n                        <\/div>\r\n\r\n                        <!-- Contenido de producto  -->\r\n                        <div>\r\n                            <div class=\"product-position\">\r\n                                #4                            <\/div>\r\n\r\n                            <h2>\r\n                                Est\u00e9e Lauder    \n        Crema Antioxidante de D\u00eda Day Wear SPF 15 Piel Norma\/Mixta                            <\/h2>\r\n                        <\/div>\r\n\r\n                        <!-- Imagen y\/o nombre de la marca -->\r\n                        <div>\r\n                                                            <img decoding=\"async\" width=\"70\" src=\"https:\/\/www.primor.eu\/blog\/wp-content\/uploads\/2023\/08\/Estee_Lauder.png\" alt=\"84725\">\r\n                                                    <\/div>\r\n\r\n                        <!-- Puntuaci\u00f3n del producto  -->\r\n                        <div class=\"rating\">\r\n                                                            <div class=\"rate\" style=\"--p:80;\"><\/div>\r\n                                <b>4\/5<\/b>\r\n                                <div class=\"rate-stars\">\r\n                                                                            <div\r\n                                            class=\"rate-star  \">\r\n                                        <\/div>\r\n                                                                            <div\r\n                                            class=\"rate-star  \">\r\n                                        <\/div>\r\n                                                                            <div\r\n                                            class=\"rate-star  \">\r\n                                        <\/div>\r\n                                                                            <div\r\n                                            class=\"rate-star  \">\r\n                                        <\/div>\r\n                                                                            <div\r\n                                            class=\"rate-star disable \">\r\n                                        <\/div>\r\n                                                                    <\/div>\r\n                                                    <\/div>\r\n\r\n                        <!-- Bot\u00f3n de producto  -->\r\n                        <div>\r\n                            <span class=\"price-claim\">\r\n                                VER PRECIO                            <\/span>\r\n                        <\/div>\r\n                    <\/a>\r\n                                    <a href=\"https:\/\/www.primor.eu\/es_es\/eucerin-hyaluron-filler-volume-lift-crema-facial-de-dia-fps-15-piel-normal-y-mixta-15516.html\" class=\"product-item grid-table-rows\" target=\"_blank\">\r\n                        <div>\r\n                            <img decoding=\"async\" class=\"product-img\" width=\"80px\" height=\"80px\" src=\"https:\/\/www.primor.eu\/blog\/wp-content\/uploads\/2024\/02\/4005800193316_60fd.webp\" alt=\"Eucerin    \n        Hyaluron Filler & Volume Lift Crema Facial de D\u00eda FPS 15 Piel Normal y Mixta\">\r\n                        <\/div>\r\n\r\n                        <!-- Contenido de producto  -->\r\n                        <div>\r\n                            <div class=\"product-position\">\r\n                                #5                            <\/div>\r\n\r\n                            <h2>\r\n                                Eucerin    \n        Hyaluron Filler & Volume Lift Crema Facial de D\u00eda FPS 15 Piel Normal y Mixta                            <\/h2>\r\n                        <\/div>\r\n\r\n                        <!-- Imagen y\/o nombre de la marca -->\r\n                        <div>\r\n                                                            <img decoding=\"async\" width=\"70\" src=\"https:\/\/www.primor.eu\/blog\/wp-content\/uploads\/2023\/08\/Eucerin_logo.svg_1.png\" alt=\"84289\">\r\n                                                    <\/div>\r\n\r\n                        <!-- Puntuaci\u00f3n del producto  -->\r\n                        <div class=\"rating\">\r\n                                                            <div class=\"rate\" style=\"--p:80;\"><\/div>\r\n                                <b>4\/5<\/b>\r\n                                <div class=\"rate-stars\">\r\n                                                                            <div\r\n                                            class=\"rate-star  \">\r\n                                        <\/div>\r\n                                                                            <div\r\n                                            class=\"rate-star  \">\r\n                                        <\/div>\r\n                                                                            <div\r\n                                            class=\"rate-star  \">\r\n                                        <\/div>\r\n                                                                            <div\r\n                                            class=\"rate-star  \">\r\n                                        <\/div>\r\n                                                                            <div\r\n                                            class=\"rate-star disable \">\r\n                                        <\/div>\r\n                                                                    <\/div>\r\n                                                    <\/div>\r\n\r\n                        <!-- Bot\u00f3n de producto  -->\r\n                        <div>\r\n                            <span class=\"price-claim\">\r\n                                VER PRECIO                            <\/span>\r\n                        <\/div>\r\n                    <\/a>\r\n                            <\/product-list>\r\n        <\/product-table>\r\n\r\n        \n\n\n\n<h3 class=\"wp-block-heading\">Manuka Tree Gel Limpiador de Ziaja<\/h3>\n\n\n\n<p>El Manuka Tree Gel Limpiador de Ziaja es ideal para el cuidado diario de pieles grasas y mixtas. Este gel limpiador ofrece una serie de beneficios que lo convierten en un producto esencial en tu rutina de cuidado facial.<\/p>\n\n\n    <a class='product' target='_blank' href='https:\/\/www.primor.eu\/es_es\/ziaja-manuka-tree-gel-limpiador-27648.html'>\r\n        <img loading='async' src='https:\/\/cdn2.primor.eu\/media\/catalog\/product\/cache\/8d3aba296f7a18b5251ee30fa5db42b2\/M\/A\/MANUKA_Gel_limpiador__5901887029656_d9f9.jpg' alt='COMPRAR AHORA'>\r\n            <div class=\"claim\">\r\n                COMPRAR AHORA            <\/div>\r\n        <\/a>\r\n    \n\n\n\n<h3 class=\"wp-block-heading\">Loci\u00f3n Clarificante 2 Piel Mixta de Clinique<\/h3>\n\n\n\n<p>Nuestra Loci\u00f3n Clarificante 2 est\u00e1 dise\u00f1ada por dermat\u00f3logos para liberar tu piel de impurezas, suciedad y c\u00e9lulas muertas de manera suave y efectiva. Al utilizar esta loci\u00f3n piel mixta de Clinique, notar\u00e1s una notable reducci\u00f3n en la apariencia de tus poros.<\/p>\n\n\n    <a class='product' target='_blank' href='https:\/\/www.primor.eu\/es_es\/clinique-tonico-locion-clarificante-2-piel-mixta-107917.html?#854=66459'>\r\n        <img loading='async' src='https:\/\/cdn2.primor.eu\/media\/catalog\/product\/cache\/8d3aba296f7a18b5251ee30fa5db42b2\/0\/T\/0TF00085_1_b8c4.jpg' alt='COMPRAR AHORA'>\r\n            <div class=\"claim\">\r\n                COMPRAR AHORA            <\/div>\r\n        <\/a>\r\n    \n\n\n\n<h3 class=\"wp-block-heading\">Exfoliante Facial Comfort de Clarins<\/h3>\n\n\n\n<p>Este exfoliante \u00fanico brinda a la piel el confort necesario en un solo gesto, liber\u00e1ndola de las impurezas y pieles muertas. Indicado para todo tipo de piel, incluyendo mixta, seca, normal y grasa, su textura con microesferas proporciona una experiencia exfoliante eficaz.<\/p>\n\n\n    <a class='product' target='_blank' href='https:\/\/www.primor.eu\/es_es\/clarins-exfoliante-facial-comfort-28505.html'>\r\n        <img loading='async' src='https:\/\/cdn2.primor.eu\/media\/catalog\/product\/cache\/8d3aba296f7a18b5251ee30fa5db42b2\/0\/T\/0TF17605_1_6724.jpg' alt='COMPRAR AHORA'>\r\n            <div class=\"claim\">\r\n                COMPRAR AHORA            <\/div>\r\n        <\/a>\r\n    \n\n\n\n<h3 class=\"wp-block-heading\">Biosource T\u00f3nico Piel Normal Mixta de Biotherm<\/h3>\n\n\n\n<p>Este t\u00f3nico refrescante elimina los trazos residuales de la leche limpiadora, para una limpieza m\u00e1s profunda y una mejor eliminaci\u00f3n del maquillaje. M\u00e1s que un simple t\u00f3nico,&nbsp;<strong>Biosource Lotion Tonifiante de Biotherm<\/strong>&nbsp;minimiza los poros y deja la piel radiante.<\/p>\n\n\n    <a class='product' target='_blank' href='https:\/\/www.primor.eu\/es_es\/biotherm-biosource-tonico-piel-normal-mixta-107934.html?#854=66337'>\r\n        <img loading='async' src='https:\/\/cdn2.primor.eu\/media\/catalog\/product\/cache\/8d3aba296f7a18b5251ee30fa5db42b2\/0\/T\/0TF11879_1_6cfd.jpg' alt='COMPRAR AHORA'>\r\n            <div class=\"claim\">\r\n                COMPRAR AHORA            <\/div>\r\n        <\/a>\r\n    \n\n\n\n<h3 class=\"wp-block-heading\">Mascarilla de \u00c1cido Salic\u00edlico 2% de The Ordinary<\/h3>\n\n\n\n<p>Una mascarilla con \u00e1cido salic\u00edlico formulada para combatir la piel opaca y con irregularidades, pieles apagadas o con espinillas. Contiene arcilla y carb\u00f3n, que suavizan y aclaran la piel, eliminan c\u00e9lulas muertas y reducen el exceso de grasa.<\/p>\n\n\n    <a class='product' target='_blank' href='https:\/\/www.primor.eu\/es_es\/the-ordinary-mascarilla-de-acido-salicilico-2-15979.html'>\r\n        <img loading='async' src='https:\/\/cdn2.primor.eu\/media\/catalog\/product\/cache\/8d3aba296f7a18b5251ee30fa5db42b2\/6\/X\/6XS12022_1_871a.jpg' alt='COMPRAR AHORA'>\r\n            <div class=\"claim\">\r\n                COMPRAR AHORA            <\/div>\r\n        <\/a>\r\n    \n\n\n\n<h3 class=\"wp-block-heading\">Total Age Correction Serum de Lancaster<\/h3>\n\n\n\n<p>Es un serum regenerador para tu rostro, que rellena tu piel y contiene una elevada concentraci\u00f3n de retinol proporcionando una piel m\u00e1s joven, cuidada y luminosa. Con este Serum Retinol Definitivo y Amplificador de Luminosidad de Lancaster, las indeseadas arrugas se ven m\u00e1s reducidas.<\/p>\n\n\n       \r\n        \n\n\n\n<h3 class=\"wp-block-heading\">Crema Antioxidante de D\u00eda Day Wear SPF 15 Piel Norma\/Mixta de Estee Lauder<\/h3>\n\n\n\n<p>Est\u00e1 formulada con un Complejo Super Antioxidante probado que previene y reduce la aparici\u00f3n de los primeros signos del envejecimiento. Combate el tono apagado de la piel, las l\u00edneas finas y la sequedad, mientras que su filtro solar de amplio espectro protege tu piel y la mantiene joven por m\u00e1s tiempo.<\/p>\n\n\n    <a class='product' target='_blank' href='https:\/\/www.primor.eu\/es_es\/estee-lauder-crema-daywear-tratamiento-anti-oxidante-spf-15-piel-seca-13423.html'>\r\n        <img loading='async' src='https:\/\/cdn2.primor.eu\/media\/catalog\/product\/cache\/8d3aba296f7a18b5251ee30fa5db42b2\/0\/T\/0TF01535_1_07e7.jpg' alt='COMPRAR AHORA'>\r\n            <div class=\"claim\">\r\n                COMPRAR AHORA            <\/div>\r\n        <\/a>\r\n    \n\n\n\n<h3 class=\"wp-block-heading\">Hydrance Ligera Emulsi\u00f3n Facial Hidratante de Av\u00e9ne<\/h3>\n\n\n\n<p>Esta emulsi\u00f3n hidratante de Av\u00e8ne purifica, calma y mantiene permanentemente la hidrataci\u00f3n de las pieles sensibles, normales o mixtas. Sus agentes hidratantes optimizan la penetraci\u00f3n y difusi\u00f3n del Agua Termal de Av\u00e8ne en la piel y controlan la p\u00e9rdida imperceptible de agua.<\/p>\n\n\n    <a class='product' target='_blank' href='https:\/\/www.primor.eu\/es_es\/avene-hydrance-ligera-emulsion-facial-hidratante-15778.html'>\r\n        <img loading='async' src='https:\/\/cdn2.primor.eu\/media\/catalog\/product\/cache\/8d3aba296f7a18b5251ee30fa5db42b2\/6\/X\/6XS00458_1_cb2c.jpg' alt='COMPRAR AHORA'>\r\n            <div class=\"claim\">\r\n                COMPRAR AHORA            <\/div>\r\n        <\/a>\r\n    \n\n\n\n<h3 class=\"wp-block-heading\">Vital Age Crema Pieles Normales y Mixtas de Martiderm<\/h3>\n\n\n\n<p>Hidrata en profundidad al mismo tiempo que restablece la vitalidad y la elasticidad de la piel. Adem\u00e1s, le aporta un efecto matificante. Ideal para piel mixta.<\/p>\n\n\n    <a class='product' target='_blank' href='https:\/\/www.primor.eu\/es_es\/martiderm-vital-age-crema-pieles-normales-y-mixtas-15493.html'>\r\n        <img loading='async' src='https:\/\/cdn2.primor.eu\/media\/catalog\/product\/cache\/8d3aba296f7a18b5251ee30fa5db42b2\/6\/X\/6XS07284_1_fe62.jpg' alt='COMPRAR AHORA'>\r\n            <div class=\"claim\">\r\n                COMPRAR AHORA            <\/div>\r\n        <\/a>\r\n    \n\n\n\n<h3 class=\"wp-block-heading\">Hyaluron Filler &amp; Volume Lift Crema Facial de D\u00eda FPS 15 Piel Normal y Mixta de Eucerin<\/h3>\n\n\n\n<p>Crema de d\u00eda con factor de protecci\u00f3n solar FPS15, formulada para pieles normales y mixtas, que combate el envejecimiento cut\u00e1neo al rellenar arrugas y reafirmar el contorno facial, brindando un notable efecto lifting.<\/p>\n\n\n    <a class='product' target='_blank' href='https:\/\/www.primor.eu\/es_es\/eucerin-hyaluron-filler-volume-lift-crema-facial-de-dia-fps-15-piel-normal-y-mixta-15516.html'>\r\n        <img loading='async' src='https:\/\/cdn2.primor.eu\/media\/catalog\/product\/cache\/8d3aba296f7a18b5251ee30fa5db42b2\/4\/0\/4005800193316_60fd.png' alt='COMPRAR AHORA'>\r\n            <div class=\"claim\">\r\n                COMPRAR AHORA            <\/div>\r\n        <\/a>\r\n    \n\n\n\n<h3 class=\"wp-block-heading\">Skin Active T\u00e9 Verde Crema Hidratante Piel Mixta de Garnier<\/h3>\n\n\n\n<p>Los resultados de Skin Active T\u00e9 Verde Crema Hidratante Piel Mixta son evidentes: desde la primera aplicaci\u00f3n, tu piel se ver\u00e1 visiblemente matificada e hidratada durante 48 horas. Con el uso continuo, notar\u00e1s una tez unificada y un tono natural, logrando un equilibrio perfecto en tu piel.<\/p>\n\n\n       \r\n        \n\n\n\n<h3 class=\"wp-block-heading\">Crema Hidratante Piel Mixta-Grasa de Arganour<\/h3>\n\n\n\n<p>La Crema Hidratante Piel Mixta-Grasa es ideal para hidratar, iluminar y dar uniformidad a tu piel con un acabado mate. Se absorbe r\u00e1pidamente y act\u00faa como seborregulador en las zonas m\u00e1s grasas.<\/p>\n\n\n    <a class='product' target='_blank' href='https:\/\/www.primor.eu\/es_es\/arganour-crema-hidratante-piel-mixta-grasa-18183.html'>\r\n        <img loading='async' src='https:\/\/cdn2.primor.eu\/media\/catalog\/product\/cache\/8d3aba296f7a18b5251ee30fa5db42b2\/8\/4\/8435438600874_8808.png' alt='COMPRAR AHORA'>\r\n            <div class=\"claim\">\r\n                COMPRAR AHORA            <\/div>\r\n        <\/a>\r\n    \n\n\n<div class=\"kk-star-ratings kksr-auto kksr-align-center kksr-valign-bottom\"\n    data-payload='{&quot;align&quot;:&quot;center&quot;,&quot;id&quot;:&quot;22621&quot;,&quot;slug&quot;:&quot;default&quot;,&quot;valign&quot;:&quot;bottom&quot;,&quot;ignore&quot;:&quot;&quot;,&quot;reference&quot;:&quot;auto&quot;,&quot;class&quot;:&quot;&quot;,&quot;count&quot;:&quot;0&quot;,&quot;legendonly&quot;:&quot;&quot;,&quot;readonly&quot;:&quot;&quot;,&quot;score&quot;:&quot;0&quot;,&quot;starsonly&quot;:&quot;&quot;,&quot;best&quot;:&quot;5&quot;,&quot;gap&quot;:&quot;5&quot;,&quot;greet&quot;:&quot;Valora este art\u00edculo&quot;,&quot;legend&quot;:&quot;0\\\/5 - (0 votos)&quot;,&quot;size&quot;:&quot;24&quot;,&quot;title&quot;:&quot;Piel mixta: qu\u00e9 es y los mejores productos para cuidarla de 2026&quot;,&quot;width&quot;:&quot;0&quot;,&quot;_legend&quot;:&quot;{score}\\\/{best} - ({count} {votes})&quot;,&quot;font_factor&quot;:&quot;1.25&quot;}'>\n            \n<div class=\"kksr-stars\">\n    \n<div class=\"kksr-stars-inactive\">\n            <div class=\"kksr-star\" data-star=\"1\" style=\"padding-right: 5px\">\n            \n\n<div class=\"kksr-icon\" style=\"width: 24px; height: 24px;\"><\/div>\n        <\/div>\n            <div class=\"kksr-star\" data-star=\"2\" style=\"padding-right: 5px\">\n            \n\n<div class=\"kksr-icon\" style=\"width: 24px; height: 24px;\"><\/div>\n        <\/div>\n            <div class=\"kksr-star\" data-star=\"3\" style=\"padding-right: 5px\">\n            \n\n<div class=\"kksr-icon\" style=\"width: 24px; height: 24px;\"><\/div>\n        <\/div>\n            <div class=\"kksr-star\" data-star=\"4\" style=\"padding-right: 5px\">\n            \n\n<div class=\"kksr-icon\" style=\"width: 24px; height: 24px;\"><\/div>\n        <\/div>\n            <div class=\"kksr-star\" data-star=\"5\" style=\"padding-right: 5px\">\n            \n\n<div class=\"kksr-icon\" style=\"width: 24px; height: 24px;\"><\/div>\n        <\/div>\n    <\/div>\n    \n<div class=\"kksr-stars-active\" style=\"width: 0px;\">\n            <div class=\"kksr-star\" style=\"padding-right: 5px\">\n            \n\n<div class=\"kksr-icon\" style=\"width: 24px; height: 24px;\"><\/div>\n        <\/div>\n            <div class=\"kksr-star\" style=\"padding-right: 5px\">\n            \n\n<div class=\"kksr-icon\" style=\"width: 24px; height: 24px;\"><\/div>\n        <\/div>\n            <div class=\"kksr-star\" style=\"padding-right: 5px\">\n            \n\n<div class=\"kksr-icon\" style=\"width: 24px; height: 24px;\"><\/div>\n        <\/div>\n            <div class=\"kksr-star\" style=\"padding-right: 5px\">\n            \n\n<div class=\"kksr-icon\" style=\"width: 24px; height: 24px;\"><\/div>\n        <\/div>\n            <div class=\"kksr-star\" style=\"padding-right: 5px\">\n            \n\n<div class=\"kksr-icon\" style=\"width: 24px; height: 24px;\"><\/div>\n        <\/div>\n    <\/div>\n<\/div>\n                \n\n<div class=\"kksr-legend\" style=\"font-size: 19.2px;\">\n            <span class=\"kksr-muted\">Valora este art\u00edculo<\/span>\n    <\/div>\n    <\/div>\n","protected":false},"excerpt":{"rendered":"<p>\u00bfNo sabes realmente cu\u00e1l es tu tipo de piel? Hoy profundizamos en la tipolog\u00eda de piel mixta y en la mejor forma de tratarla. Debido a las diferencias en los tipos de piel, es importante identificar cu\u00e1l es nuestro tipo de piel para elegir los cosm\u00e9ticos adecuados. En este sentido, hoy hablaremos de la piel [&hellip;]<\/p>\n","protected":false},"author":28,"featured_media":98188,"comment_status":"open","ping_status":"open","sticky":false,"template":"","format":"standard","meta":{"jnews-multi-image_gallery":[],"jnews_single_post":{"subtitle":"","format":"standard","video":"","gallery":"","source_name":"","source_url":"","via_name":"","via_url":"","override_template":"0","override":[{"template":"1","single_blog_custom":"","parallax":"1","fullscreen":"1","layout":"right-sidebar","sidebar":"home-2","second_sidebar":"default-sidebar","sticky_sidebar":"0","share_position":"float","share_float_style":"share-monocrhome","show_share_counter":"0","show_view_counter":"0","show_featured":"1","show_post_meta":"1","show_post_author":"0","show_post_author_image":"1","show_post_date":"1","post_date_format":"default","post_date_format_custom":"Y\/m\/d","show_post_category":"1","show_post_reading_time":"0","post_reading_time_wpm":"300","show_zoom_button":"0","zoom_button_out_step":"2","zoom_button_in_step":"3","show_post_tag":"0","show_prev_next_post":"0","show_popup_post":"0","number_popup_post":"2","show_author_box":"0","show_post_related":"0","show_inline_post_related":"1"}],"override_image_size":"0","image_override":[{"single_post_thumbnail_size":"no-crop","single_post_gallery_size":"crop-500"}],"trending_post":"0","trending_post_position":"meta","trending_post_label":"Trending","sponsored_post":"0","sponsored_post_label":"Sponsored by","sponsored_post_name":"","sponsored_post_url":"","sponsored_post_logo_enable":"0","sponsored_post_logo":"","sponsored_post_desc":"","disable_ad":"0"},"jnews_primary_category":{"id":"","hide":""},"jnews_social_meta":{"fb_title":"","fb_description":"","fb_image":"","twitter_title":"","twitter_description":"","twitter_image":""},"jnews_override_counter":{"override_view_counter":"0","view_counter_number":"0","override_share_counter":"1","share_counter_number":"0","override_like_counter":"0","like_counter_number":"0","override_dislike_counter":"0","dislike_counter_number":"0"},"footnotes":""},"categories":[53],"tags":[],"class_list":["post-22621","post","type-post","status-publish","format-standard","has-post-thumbnail","hentry","category-piel"],"_links":{"self":[{"href":"https:\/\/www.primor.eu\/blog\/wp-json\/wp\/v2\/posts\/22621","targetHints":{"allow":["GET"]}}],"collection":[{"href":"https:\/\/www.primor.eu\/blog\/wp-json\/wp\/v2\/posts"}],"about":[{"href":"https:\/\/www.primor.eu\/blog\/wp-json\/wp\/v2\/types\/post"}],"author":[{"embeddable":true,"href":"https:\/\/www.primor.eu\/blog\/wp-json\/wp\/v2\/users\/28"}],"replies":[{"embeddable":true,"href":"https:\/\/www.primor.eu\/blog\/wp-json\/wp\/v2\/comments?post=22621"}],"version-history":[{"count":30,"href":"https:\/\/www.primor.eu\/blog\/wp-json\/wp\/v2\/posts\/22621\/revisions"}],"predecessor-version":[{"id":137995,"href":"https:\/\/www.primor.eu\/blog\/wp-json\/wp\/v2\/posts\/22621\/revisions\/137995"}],"wp:featuredmedia":[{"embeddable":true,"href":"https:\/\/www.primor.eu\/blog\/wp-json\/wp\/v2\/media\/98188"}],"wp:attachment":[{"href":"https:\/\/www.primor.eu\/blog\/wp-json\/wp\/v2\/media?parent=22621"}],"wp:term":[{"taxonomy":"category","embeddable":true,"href":"https:\/\/www.primor.eu\/blog\/wp-json\/wp\/v2\/categories?post=22621"},{"taxonomy":"post_tag","embeddable":true,"href":"https:\/\/www.primor.eu\/blog\/wp-json\/wp\/v2\/tags?post=22621"}],"curies":[{"name":"wp","href":"https:\/\/api.w.org\/{rel}","templated":true}]}}