{"id":16204,"date":"2025-08-20T13:03:58","date_gmt":"2025-08-20T13:03:58","guid":{"rendered":"https:\/\/blog.primor.eu\/?p=16204"},"modified":"2026-01-29T08:54:09","modified_gmt":"2026-01-29T08:54:09","slug":"colores-de-unas-manicura-verano","status":"publish","type":"post","link":"https:\/\/www.primor.eu\/blog\/colores-de-unas-manicura-verano\/","title":{"rendered":"Las mejores tendencias en u\u00f1as 2026 para manicuras de verano: por expertos"},"content":{"rendered":"\n<p>T\u00fa tambi\u00e9n lo habr\u00e1s notado: con la llegada del calor, la calle es un lugar m\u00e1s colorido que antes. Los vestidos negros - tan habituales en invierno - han sido sustituidos por <strong>colores m\u00e1s vibrantes<\/strong> como el naranja o el rojo, por tonos empolvados como el amarillo vainilla o el rosa pastel y por estampados florales de todos los tipos. De la misma forma, las <strong><a href=\"https:\/\/www.primor.eu\/blog\/manicura-permamente-en-casa-paso-a-paso-con-gellack\/\" target=\"_blank\" rel=\"noreferrer noopener\">manicuras<\/a><\/strong> y las <strong>pedicuras<\/strong> han dejado a un lado los tonos oscuros para lanzarse a la frescura de la primavera y a las combinaciones que <strong>sus colores m\u00e1s comunes<\/strong> permiten.<\/p>\n\n\n\n<p>Los <strong>colores y <a href=\"https:\/\/www.primor.eu\/es_es\/unas\">cuidados de u\u00f1as<\/a><\/strong> que m\u00e1s est\u00e1n subiendo en demanda se alejan de la sobriedad del invierno. El rojo vino, el marr\u00f3n o el negro pierden protagonismo. Ahora lo que quieres - y lo que queremos todas cuando acudimos a renovarnos las u\u00f1as - es vitalidad. Y esta est\u00e1 en colores rosas, amarillos, azules empolvados, verdes pistacho, rojos coral...<\/p>\n\n\n\n<h2 class=\"wp-block-heading\">\u00bfQu\u00e9 colores de u\u00f1as ser\u00e1n tendencia?<\/h2>\n\n\n\n<p>Para responder a esta pregunta y brindar los esmaltes adecuados, hemos decidido peinar <strong>Instagram<\/strong> - la red social donde nacen y perecen todas las tendencias del momento - y analizar una a una las cuentas de los perfiles m\u00e1s influyentes. Como resultado, lanzamos esta <strong>gu\u00eda crom\u00e1tica<\/strong> para que sepas qu\u00e9 <strong>colores de u\u00f1as<\/strong> hay que pedir en tus pr\u00f3ximas manicuras y pedicuras de verano.<\/p>\n\n\n\n<h3 class=\"wp-block-heading\">El no-color o el brillo cer\u00e1mica<\/h3>\n\n\n<div class=\"wp-block-image\">\n<figure class=\"aligncenter size-large is-resized\"><a href=\"https:\/\/www.primor.eu\/blog\/wp-content\/uploads\/2025\/07\/502948682_18514174318021799_1008995777885814496_n-1.jpg\"><img decoding=\"async\" width=\"877\" height=\"1024\" src=\"https:\/\/www.primor.eu\/blog\/wp-content\/uploads\/2025\/07\/502948682_18514174318021799_1008995777885814496_n-1-877x1024.jpg\" alt=\"@nails_pages\" class=\"wp-image-129028\" style=\"width:840px;height:993px\" srcset=\"https:\/\/www.primor.eu\/blog\/wp-content\/uploads\/2025\/07\/502948682_18514174318021799_1008995777885814496_n-1-877x1024.jpg 877w, https:\/\/www.primor.eu\/blog\/wp-content\/uploads\/2025\/07\/502948682_18514174318021799_1008995777885814496_n-1-257x300.jpg 257w, https:\/\/www.primor.eu\/blog\/wp-content\/uploads\/2025\/07\/502948682_18514174318021799_1008995777885814496_n-1-768x897.jpg 768w, https:\/\/www.primor.eu\/blog\/wp-content\/uploads\/2025\/07\/502948682_18514174318021799_1008995777885814496_n-1-750x876.jpg 750w, https:\/\/www.primor.eu\/blog\/wp-content\/uploads\/2025\/07\/502948682_18514174318021799_1008995777885814496_n-1-1140x1331.jpg 1140w, https:\/\/www.primor.eu\/blog\/wp-content\/uploads\/2025\/07\/502948682_18514174318021799_1008995777885814496_n-1.jpg 1170w\" sizes=\"(max-width: 877px) 100vw, 877px\" \/><\/a><\/figure>\n<\/div>\n\n\n<p>Pues s\u00ed: el primer color de la temporada no es un color, sino una capa de <strong>brillo transparente<\/strong> con la que dar rienda suelta a nuestra imaginaci\u00f3n. En Instagram, la tendencia se repite una y otra vez. Vemos muchas u\u00f1as cuya base es un esmalte transparente sobre las que se juega con peque\u00f1os toques de color como una manicura francesa con la l\u00ednea naranja, una manicura <em>nude<\/em> con dibujos de Smileys...<\/p>\n\n\n\n<h3 class=\"wp-block-heading\">El color coral<\/h3>\n\n\n\n<p>Un punto m\u00e1s anaranjado que el rojo pero sin llegar al color mandarina: as\u00ed es el coral que arrasa en la secci\u00f3n de esmaltes de u\u00f1as es<strong><a href=\"https:\/\/www.instagram.com\/aninebing\/\" target=\"_blank\" rel=\"noreferrer noopener\"> <\/a><\/strong>una clara prueba de que sienta bien a todas las pieles, pues resalta el bronceado de las m\u00e1s bronceadas pero da vitalidad a las claras.<\/p>\n\n\n\n<figure class=\"wp-block-image size-large\"><img decoding=\"async\" width=\"819\" height=\"1024\" src=\"https:\/\/www.primor.eu\/blog\/wp-content\/uploads\/2025\/06\/@nailsbykierstyn-819x1024.jpg\" alt=\"\" class=\"wp-image-129294\" srcset=\"https:\/\/www.primor.eu\/blog\/wp-content\/uploads\/2025\/06\/@nailsbykierstyn-819x1024.jpg 819w, https:\/\/www.primor.eu\/blog\/wp-content\/uploads\/2025\/06\/@nailsbykierstyn-240x300.jpg 240w, https:\/\/www.primor.eu\/blog\/wp-content\/uploads\/2025\/06\/@nailsbykierstyn-768x960.jpg 768w, https:\/\/www.primor.eu\/blog\/wp-content\/uploads\/2025\/06\/@nailsbykierstyn-1229x1536.jpg 1229w, https:\/\/www.primor.eu\/blog\/wp-content\/uploads\/2025\/06\/@nailsbykierstyn-750x938.jpg 750w, https:\/\/www.primor.eu\/blog\/wp-content\/uploads\/2025\/06\/@nailsbykierstyn-1140x1425.jpg 1140w, https:\/\/www.primor.eu\/blog\/wp-content\/uploads\/2025\/06\/@nailsbykierstyn.jpg 1440w\" sizes=\"(max-width: 819px) 100vw, 819px\" \/><figcaption class=\"wp-element-caption\">@<a href=\"https:\/\/www.instagram.com\/nailsbykierstyn\/?hl=es\" target=\"_blank\" rel=\"noopener\">nailsbykierstyn<\/a><\/figcaption><\/figure>\n\n\n\n<h3 class=\"wp-block-heading\">El color nude<\/h3>\n\n\n\n<figure class=\"wp-block-image size-large\"><img decoding=\"async\" width=\"820\" height=\"1024\" src=\"https:\/\/www.primor.eu\/blog\/wp-content\/uploads\/2025\/07\/464128932_1742845066528424_4727245283755974222_n-820x1024.jpg\" alt=\"\" class=\"wp-image-129032\" srcset=\"https:\/\/www.primor.eu\/blog\/wp-content\/uploads\/2025\/07\/464128932_1742845066528424_4727245283755974222_n-820x1024.jpg 820w, https:\/\/www.primor.eu\/blog\/wp-content\/uploads\/2025\/07\/464128932_1742845066528424_4727245283755974222_n-240x300.jpg 240w, https:\/\/www.primor.eu\/blog\/wp-content\/uploads\/2025\/07\/464128932_1742845066528424_4727245283755974222_n-768x959.jpg 768w, https:\/\/www.primor.eu\/blog\/wp-content\/uploads\/2025\/07\/464128932_1742845066528424_4727245283755974222_n-1229x1536.jpg 1229w, https:\/\/www.primor.eu\/blog\/wp-content\/uploads\/2025\/07\/464128932_1742845066528424_4727245283755974222_n-750x937.jpg 750w, https:\/\/www.primor.eu\/blog\/wp-content\/uploads\/2025\/07\/464128932_1742845066528424_4727245283755974222_n-1140x1424.jpg 1140w, https:\/\/www.primor.eu\/blog\/wp-content\/uploads\/2025\/07\/464128932_1742845066528424_4727245283755974222_n.jpg 1440w\" sizes=\"(max-width: 820px) 100vw, 820px\" \/><figcaption class=\"wp-element-caption\">@sedjames<\/figcaption><\/figure>\n\n\n\n<p>Ojo: no hay que confundirlo con el brillo. Este s\u00ed es un <strong>color<\/strong> - un rosa muy p\u00e1lido que tira al beige - y, por lo tanto, s\u00ed cubre la u\u00f1a y su color natural. Sin embargo, esta tendencia, aunque puede llevarse sola, tambi\u00e9n permite juegos de dise\u00f1o como caras, flores, corazones...<\/p>\n\n\n\n<h3 class=\"wp-block-heading\">Los colores pastel<\/h3>\n\n\n\n<figure class=\"wp-block-image size-full\"><img decoding=\"async\" width=\"735\" height=\"786\" src=\"https:\/\/www.primor.eu\/blog\/wp-content\/uploads\/2024\/03\/UNAS-COQUETTE-5.jpg\" alt=\"Atenta a las mejores ideas de manicura coquette\" class=\"wp-image-99724\" srcset=\"https:\/\/www.primor.eu\/blog\/wp-content\/uploads\/2024\/03\/UNAS-COQUETTE-5.jpg 735w, https:\/\/www.primor.eu\/blog\/wp-content\/uploads\/2024\/03\/UNAS-COQUETTE-5-281x300.jpg 281w\" sizes=\"(max-width: 735px) 100vw, 735px\" \/><figcaption class=\"wp-element-caption\">@osullivanlo7_7182<\/figcaption><\/figure>\n\n\n\n<p>Y no uno, <strong>sino todos<\/strong>. Es decir: el amarillo vainilla, el malva, l azul cielo, el rosa algod\u00f3n de az\u00facar, el naranja claro... El verano pide estas tonalidades y los esmaltes de u\u00f1as m\u00e1s a la moda no se han dejado un tono por cubrir. \u00bfLo mejor? Que puedes llevar mil tendencias a la vez (en la foto queda clar\u00edsimo) o aprovechar lo que dura el verano para ir probando.<\/p>\n\n\n\n<p>\u00bfCu\u00e1l es tu preferido?<\/p>\n\n\n<div class=\"kk-star-ratings kksr-auto kksr-align-center kksr-valign-bottom\"\n    data-payload='{&quot;align&quot;:&quot;center&quot;,&quot;id&quot;:&quot;16204&quot;,&quot;slug&quot;:&quot;default&quot;,&quot;valign&quot;:&quot;bottom&quot;,&quot;ignore&quot;:&quot;&quot;,&quot;reference&quot;:&quot;auto&quot;,&quot;class&quot;:&quot;&quot;,&quot;count&quot;:&quot;1&quot;,&quot;legendonly&quot;:&quot;&quot;,&quot;readonly&quot;:&quot;&quot;,&quot;score&quot;:&quot;5&quot;,&quot;starsonly&quot;:&quot;&quot;,&quot;best&quot;:&quot;5&quot;,&quot;gap&quot;:&quot;5&quot;,&quot;greet&quot;:&quot;Valora este art\u00edculo&quot;,&quot;legend&quot;:&quot;5\\\/5 - (1 voto)&quot;,&quot;size&quot;:&quot;24&quot;,&quot;title&quot;:&quot;Las mejores tendencias en u\u00f1as 2026 para manicuras de verano: por expertos&quot;,&quot;width&quot;:&quot;142.5&quot;,&quot;_legend&quot;:&quot;{score}\\\/{best} - ({count} {votes})&quot;,&quot;font_factor&quot;:&quot;1.25&quot;}'>\n            \n<div class=\"kksr-stars\">\n    \n<div class=\"kksr-stars-inactive\">\n            <div class=\"kksr-star\" data-star=\"1\" style=\"padding-right: 5px\">\n            \n\n<div class=\"kksr-icon\" style=\"width: 24px; height: 24px;\"><\/div>\n        <\/div>\n            <div class=\"kksr-star\" data-star=\"2\" style=\"padding-right: 5px\">\n            \n\n<div class=\"kksr-icon\" style=\"width: 24px; height: 24px;\"><\/div>\n        <\/div>\n            <div class=\"kksr-star\" data-star=\"3\" style=\"padding-right: 5px\">\n            \n\n<div class=\"kksr-icon\" style=\"width: 24px; height: 24px;\"><\/div>\n        <\/div>\n            <div class=\"kksr-star\" data-star=\"4\" style=\"padding-right: 5px\">\n            \n\n<div class=\"kksr-icon\" style=\"width: 24px; height: 24px;\"><\/div>\n        <\/div>\n            <div class=\"kksr-star\" data-star=\"5\" style=\"padding-right: 5px\">\n            \n\n<div class=\"kksr-icon\" style=\"width: 24px; height: 24px;\"><\/div>\n        <\/div>\n    <\/div>\n    \n<div class=\"kksr-stars-active\" style=\"width: 142.5px;\">\n            <div class=\"kksr-star\" style=\"padding-right: 5px\">\n            \n\n<div class=\"kksr-icon\" style=\"width: 24px; height: 24px;\"><\/div>\n        <\/div>\n            <div class=\"kksr-star\" style=\"padding-right: 5px\">\n            \n\n<div class=\"kksr-icon\" style=\"width: 24px; height: 24px;\"><\/div>\n        <\/div>\n            <div class=\"kksr-star\" style=\"padding-right: 5px\">\n            \n\n<div class=\"kksr-icon\" style=\"width: 24px; height: 24px;\"><\/div>\n        <\/div>\n            <div class=\"kksr-star\" style=\"padding-right: 5px\">\n            \n\n<div class=\"kksr-icon\" style=\"width: 24px; height: 24px;\"><\/div>\n        <\/div>\n            <div class=\"kksr-star\" style=\"padding-right: 5px\">\n            \n\n<div class=\"kksr-icon\" style=\"width: 24px; height: 24px;\"><\/div>\n        <\/div>\n    <\/div>\n<\/div>\n                \n\n<div class=\"kksr-legend\" style=\"font-size: 19.2px;\">\n            5\/5 - (1 voto)    <\/div>\n    <\/div>\n","protected":false},"excerpt":{"rendered":"<p>T\u00fa tambi\u00e9n lo habr\u00e1s notado: con la llegada del calor, la calle es un lugar m\u00e1s colorido que antes. Los vestidos negros &#8211; tan habituales en invierno &#8211; han sido sustituidos por colores m\u00e1s vibrantes como el naranja o el rojo, por tonos empolvados como el amarillo vainilla o el rosa pastel y por estampados [&hellip;]<\/p>\n","protected":false},"author":14,"featured_media":71116,"comment_status":"open","ping_status":"open","sticky":false,"template":"","format":"standard","meta":{"jnews-multi-image_gallery":[],"jnews_single_post":{"subtitle":"","format":"standard","video":"","gallery":"","source_name":"","source_url":"","via_name":"","via_url":"","override_template":"0","override":[{"template":"1","single_blog_custom":"","parallax":"1","fullscreen":"1","layout":"right-sidebar","sidebar":"home-2","second_sidebar":"default-sidebar","sticky_sidebar":"0","share_position":"float","share_float_style":"share-monocrhome","show_share_counter":"1","show_view_counter":"1","show_featured":"1","show_post_meta":"1","show_post_author":"0","show_post_author_image":"1","show_post_date":"1","post_date_format":"default","post_date_format_custom":"Y\/m\/d","show_post_category":"1","show_post_reading_time":"0","post_reading_time_wpm":"300","show_zoom_button":"0","zoom_button_out_step":"2","zoom_button_in_step":"3","show_post_tag":"0","show_prev_next_post":"1","show_popup_post":"1","number_popup_post":"2","show_author_box":"0","show_post_related":"0","show_inline_post_related":"0"}],"override_image_size":"0","image_override":[{"single_post_thumbnail_size":"crop-500","single_post_gallery_size":"crop-500"}],"trending_post":"0","trending_post_position":"meta","trending_post_label":"Trending","sponsored_post":"0","sponsored_post_label":"Sponsored by","sponsored_post_name":"","sponsored_post_url":"","sponsored_post_logo_enable":"0","sponsored_post_logo":"","sponsored_post_desc":"","disable_ad":"0"},"jnews_primary_category":{"id":"","hide":""},"jnews_social_meta":{"fb_title":"","fb_description":"","fb_image":"","twitter_title":"","twitter_description":"","twitter_image":""},"jnews_override_counter":{"override_view_counter":"0","view_counter_number":"0","override_share_counter":"0","share_counter_number":"0","override_like_counter":"0","like_counter_number":"0","override_dislike_counter":"0","dislike_counter_number":"0"},"footnotes":""},"categories":[1831],"tags":[],"class_list":["post-16204","post","type-post","status-publish","format-standard","has-post-thumbnail","hentry","category-manicuras"],"_links":{"self":[{"href":"https:\/\/www.primor.eu\/blog\/wp-json\/wp\/v2\/posts\/16204","targetHints":{"allow":["GET"]}}],"collection":[{"href":"https:\/\/www.primor.eu\/blog\/wp-json\/wp\/v2\/posts"}],"about":[{"href":"https:\/\/www.primor.eu\/blog\/wp-json\/wp\/v2\/types\/post"}],"author":[{"embeddable":true,"href":"https:\/\/www.primor.eu\/blog\/wp-json\/wp\/v2\/users\/14"}],"replies":[{"embeddable":true,"href":"https:\/\/www.primor.eu\/blog\/wp-json\/wp\/v2\/comments?post=16204"}],"version-history":[{"count":7,"href":"https:\/\/www.primor.eu\/blog\/wp-json\/wp\/v2\/posts\/16204\/revisions"}],"predecessor-version":[{"id":138238,"href":"https:\/\/www.primor.eu\/blog\/wp-json\/wp\/v2\/posts\/16204\/revisions\/138238"}],"wp:featuredmedia":[{"embeddable":true,"href":"https:\/\/www.primor.eu\/blog\/wp-json\/wp\/v2\/media\/71116"}],"wp:attachment":[{"href":"https:\/\/www.primor.eu\/blog\/wp-json\/wp\/v2\/media?parent=16204"}],"wp:term":[{"taxonomy":"category","embeddable":true,"href":"https:\/\/www.primor.eu\/blog\/wp-json\/wp\/v2\/categories?post=16204"},{"taxonomy":"post_tag","embeddable":true,"href":"https:\/\/www.primor.eu\/blog\/wp-json\/wp\/v2\/tags?post=16204"}],"curies":[{"name":"wp","href":"https:\/\/api.w.org\/{rel}","templated":true}]}}