{"id":15857,"date":"2021-05-08T11:42:04","date_gmt":"2021-05-08T09:42:04","guid":{"rendered":"https:\/\/blog.primor.eu\/?p=15857"},"modified":"2023-11-17T11:59:56","modified_gmt":"2023-11-17T11:59:56","slug":"rutina-cuidado-facial-primeras-arrugas","status":"publish","type":"post","link":"https:\/\/www.primor.eu\/blog\/rutina-cuidado-facial-primeras-arrugas\/","title":{"rendered":"Rutina cuidado facial primeras arrugas"},"content":{"rendered":"\n<p>Las <strong>primeras arrugas y l\u00edneas de expresi\u00f3n<\/strong> comienzan a aparecer... Don't panic! Equipo Primor en marcha ?? para recomendarte toda una serie de productos faciales que te ayudar\u00e1n a frenar el paso del tiempo en tu piel. Nosotros ponemos los productos para esa <strong>rutina primeras arrugas<\/strong>, pero la constancia corre de tu parte ? \u00a1Vamos a ello! <\/p>\n\n\n\n<h2 class=\"wp-block-heading\">\u2b50\ufe0f S\u00e9rum rutina primeras arrugas<\/h2>\n\n\n\n<h3 class=\"wp-block-heading\">Double S\u00e9rum de Clarins<\/h3>\n\n\n\n<p>Sin duda, uno de los <strong>s\u00e9rum rutina primeras arrugas<\/strong> m\u00e1s vendidos y del que te vas a enamorar en cuanto lo pruebes. \u00bfD\u00f3nde est\u00e1 su secreto? En su doble f\u00f3rmula \u00fanica, universal y bioinspirada que asocia 20 de los m\u00e1s poderosos extractos de plantas antiedad con el extracto de c\u00farcuma concentrado en turmerona.<\/p>\n\n\n       \r\n        \n\n\n\n<h3 class=\"wp-block-heading\">Capture Total C.E.L.L. Energy S\u00e9rum Dior<\/h3>\n\n\n\n<p>Este <strong>s\u00e9rum antiedad<\/strong> est\u00e1 formulado con un 91 % de ingredientes de origen natural e incorpora la investigaci\u00f3n de las c\u00e9lulas madre y de la especializaci\u00f3n floral de Dior. \u00a1Un tesoro para tu piel!<\/p>\n\n\n    <a class='product' target='_blank' href='https:\/\/www.primor.eu\/es_es\/dior-capture-totale-super-potent-eye-serum-contorno-de-ojos-16378.html'>\r\n        <img loading='async' src='https:\/\/cdn2.primor.eu\/media\/catalog\/product\/cache\/8d3aba296f7a18b5251ee30fa5db42b2\/0\/T\/0TF19861_1_1e40.jpg' alt='COMPRAR AHORA'>\r\n            <div class=\"claim\">\r\n                COMPRAR AHORA            <\/div>\r\n        <\/a>\r\n    \n\n\n\n<h3 class=\"wp-block-heading\">Ultimune Power Infusing Concentrate Shiseido<\/h3>\n\n\n\n<p>Otro cl\u00e1sico y top ventas si hablamos de <strong>s\u00e9rum rutina primeras arrugas<\/strong>. Aporta energ\u00eda, vitalidad y protege la piel contra los efectos del envejecimiento y los factores ambientales nocivos. <\/p>\n\n\n    <a class='product' target='_blank' href='https:\/\/www.primor.eu\/es_es\/shiseido-ultimune-power-infusing-concentrate-3-0-106211.html?#854=66334'>\r\n        <img loading='async' src='https:\/\/cdn2.primor.eu\/media\/catalog\/product\/cache\/8d3aba296f7a18b5251ee30fa5db42b2\/0\/T\/0TF09592_1_1ff2.jpg' alt='COMPRAR AHORA'>\r\n            <div class=\"claim\">\r\n                COMPRAR AHORA            <\/div>\r\n        <\/a>\r\n    \n\n\n\n<h2 class=\"wp-block-heading\">\u2b50\ufe0f Contorno de ojos rutina primeras arrugas<\/h2>\n\n\n\n<h3 class=\"wp-block-heading\">Ultimune Eye Power Infusing Eye Concentrate Shiseido<\/h3>\n\n\n\n<p>Una maravilla de <strong>contorno de ojos<\/strong> para una <strong>rutina primeras arrugas<\/strong> ya que ayuda a nuestra a piel a protegerse de los agentes clim\u00e1ticos que pueden provocar arrugas, ojeras y otros signos de envejecimiento.<\/p>\n\n\n    <a class='product' target='_blank' href='https:\/\/www.primor.eu\/es_es\/shiseido-ultimune-eye-power-infusing-eye-concentrate-14536.html'>\r\n        <img loading='async' src='https:\/\/cdn2.primor.eu\/media\/catalog\/product\/cache\/8d3aba296f7a18b5251ee30fa5db42b2\/7\/6\/768614172895_1_6708.jpg' alt='COMPRAR AHORA'>\r\n            <div class=\"claim\">\r\n                COMPRAR AHORA            <\/div>\r\n        <\/a>\r\n    \n\n\n\n<h3 class=\"wp-block-heading\">Advanced G\u00e9nifique Crema Contorno de Ojos Lanc\u00f4me<\/h3>\n\n\n\n<p>Incluyendo este <strong>contorno de ojos<\/strong> en tu <strong>rutina primeras arrugas<\/strong> conseguir\u00e1s que tu piel est\u00e9 m\u00e1s lisa, luminosa y joven. Con<strong> <\/strong>textura gel-crema,<strong>&nbsp;<\/strong>se trabaja muy f\u00e1cilmente y se absorbe con rapidez, dejando la piel suave e hidratada.<\/p>\n\n\n    <a class='product' target='_blank' href='https:\/\/www.primor.eu\/es_es\/lancome-advanced-genifique-crema-contorno-de-ojos-16166.html'>\r\n        <img loading='async' src='https:\/\/cdn2.primor.eu\/media\/catalog\/product\/cache\/8d3aba296f7a18b5251ee30fa5db42b2\/0\/T\/0TF19912_1_fac3.jpg' alt='COMPRAR AHORA'>\r\n            <div class=\"claim\">\r\n                COMPRAR AHORA            <\/div>\r\n        <\/a>\r\n    \n\n\n\n<h3 class=\"wp-block-heading\">SkinLongevity Long Life Herb Eye Treatment BareMinerals<\/h3>\n\n\n\n<p>Contorno de ojos en textura gel-crema que <strong>refuerza la piel y retrasa los signos de envejecimiento <\/strong>gracias a su composici\u00f3n con la Hierba de la Longevidad.<\/p>\n\n\n    <a class='product' target='_blank' href='https:\/\/www.primor.eu\/es_es\/bareminerals-skinlongevity-sleeping-gel-cream-18422.html'>\r\n        <img loading='async' src='https:\/\/cdn2.primor.eu\/media\/catalog\/product\/cache\/8d3aba296f7a18b5251ee30fa5db42b2\/0\/T\/0TF18038_1_d329.jpg' alt='COMPRAR AHORA'>\r\n            <div class=\"claim\">\r\n                COMPRAR AHORA            <\/div>\r\n        <\/a>\r\n    \n\n\n\n<h2 class=\"wp-block-heading\">\u2b50\ufe0f Crema de d\u00eda rutina primeras arrugas<\/h2>\n\n\n\n<h3 class=\"wp-block-heading\">Multi Activa D\u00eda Gel Crema Clarins<\/h3>\n\n\n\n<p>Esta crema de Clarins es ideal para una<strong> rutina primeras arrugas de pieles mixtas o grasas<\/strong>. Su textura permite aplicarla y una absorci\u00f3n inmediata. Ideal para para combatir la aparici\u00f3n de las primeras arrugas y alisar visiblemente la piel.<\/p>\n\n\n    <a class='product' target='_blank' href='https:\/\/www.primor.eu\/es_es\/clarins-multi-activa-dia-crema-spf-15-92951.html'>\r\n        <img loading='async' src='https:\/\/cdn2.primor.eu\/media\/catalog\/product\/cache\/8d3aba296f7a18b5251ee30fa5db42b2\/3\/6\/3666057177620_1_67b2.jpg' alt='COMPRAR AHORA'>\r\n            <div class=\"claim\">\r\n                COMPRAR AHORA            <\/div>\r\n        <\/a>\r\n    \n\n\n\n<h3 class=\"wp-block-heading\">Clinique Superdefense Gel Multicorrecci\u00f3n Antifatiga SPF40<\/h3>\n\n\n\n<p>Con textura gel, esta crema con SPF40<strong> ayuda a corregir visiblemente los primeros signos de envejecimiento<\/strong>, la textura desigual, el tono apagado y las l\u00edneas de expresi\u00f3n. Resistente a la humedad y al sudor.<\/p>\n\n\n    <a class='product' target='_blank' href='https:\/\/www.primor.eu\/es_es\/clinique-superdefense-corrector-en-gel-anti-manchas-spf40-13746.html'>\r\n        <img loading='async' src='https:\/\/cdn2.primor.eu\/media\/catalog\/product\/cache\/8d3aba296f7a18b5251ee30fa5db42b2\/0\/T\/0TF18606_1_13be.jpg' alt='COMPRAR AHORA'>\r\n            <div class=\"claim\">\r\n                COMPRAR AHORA            <\/div>\r\n        <\/a>\r\n    \n\n\n\n<h3 class=\"wp-block-heading\">Crema DayWear Tratamiento Anti-Oxidante SPF 15 Est\u00e9e Lauder<\/h3>\n\n\n\n<p>Disponible para todo tipo de pieles, esta crema de d\u00eda Est\u00e9e Lauder contiene un <strong>Complejo Super Antioxidante<\/strong>&nbsp; para<strong> prevenir y disminuir la aparici\u00f3n de los primeros signos de envejecimiento<\/strong>, luchar contra el tono apagado de la piel, las l\u00edneas finas y la sequedad.<\/p>\n\n\n    <a class='product' target='_blank' href='https:\/\/www.primor.eu\/es_es\/estee-lauder-crema-daywear-tratamiento-anti-oxidante-spf-15-piel-seca-13423.html'>\r\n        <img loading='async' src='https:\/\/cdn2.primor.eu\/media\/catalog\/product\/cache\/8d3aba296f7a18b5251ee30fa5db42b2\/0\/T\/0TF01535_1_07e7.jpg' alt='COMPRAR AHORA'>\r\n            <div class=\"claim\">\r\n                COMPRAR AHORA            <\/div>\r\n        <\/a>\r\n    \n\n\n\n<h2 class=\"wp-block-heading\">\u2b50\ufe0f Crema de noche rutina primeras arrugas<\/h2>\n\n\n\n<h3 class=\"wp-block-heading\">Crema Revitalizante Multi-activa Noche Clarins<\/h3>\n\n\n\n<p>Crema para tu <strong>rutina primeras arrugas disponible para pieles normales, mixtas y pieles secas<\/strong>.  \u00bfC\u00f3mo funciona? Gracias a su composici\u00f3n con amapola de California bio, una planta de <strong>propiedades regeneradoras<\/strong>,&nbsp;esta crema act\u00faa por las noches para que<strong> <\/strong>al despertar tu piel est\u00e9 m\u00e1s lisa, tonificada y visiblemente m\u00e1s joven.<\/p>\n\n\n    <a class='product' target='_blank' href='https:\/\/www.primor.eu\/es_es\/clarins-multi-activa-crema-de-noche-pieles-secas-92953.html'>\r\n        <img loading='async' src='https:\/\/cdn2.primor.eu\/media\/catalog\/product\/cache\/8d3aba296f7a18b5251ee30fa5db42b2\/3\/6\/3666057177668_1_1794.jpg' alt='COMPRAR AHORA'>\r\n            <div class=\"claim\">\r\n                COMPRAR AHORA            <\/div>\r\n        <\/a>\r\n    \n\n\n\n<h3 class=\"wp-block-heading\">Crema Antiarrugas de Noche Blue Therapy Accelerated Biotherm<\/h3>\n\n\n\n<p>Esta crema Biotherm act\u00faa durante la noche aprovechando que es el momento en el que la piel est\u00e1 m\u00e1s receptiva.&nbsp; Tiene una textura sedosa y de r\u00e1pida absorci\u00f3n, trabaja para una <strong>piel joven, densa, tersa y con menos manchas y arrugas<\/strong>.<\/p>\n\n\n    <a class='product' target='_blank' href='https:\/\/www.primor.eu\/es_es\/biotherm-crema-antiarrugas-de-noche-blue-therapy-14328.html'>\r\n        <img loading='async' src='https:\/\/cdn2.primor.eu\/media\/catalog\/product\/cache\/8d3aba296f7a18b5251ee30fa5db42b2\/0\/T\/0TF08664_1_7d52.jpg' alt='COMPRAR AHORA'>\r\n            <div class=\"claim\">\r\n                COMPRAR AHORA            <\/div>\r\n        <\/a>\r\n    \n\n\n<div class=\"kk-star-ratings kksr-auto kksr-align-center kksr-valign-bottom\"\n    data-payload='{&quot;align&quot;:&quot;center&quot;,&quot;id&quot;:&quot;15857&quot;,&quot;slug&quot;:&quot;default&quot;,&quot;valign&quot;:&quot;bottom&quot;,&quot;ignore&quot;:&quot;&quot;,&quot;reference&quot;:&quot;auto&quot;,&quot;class&quot;:&quot;&quot;,&quot;count&quot;:&quot;0&quot;,&quot;legendonly&quot;:&quot;&quot;,&quot;readonly&quot;:&quot;&quot;,&quot;score&quot;:&quot;0&quot;,&quot;starsonly&quot;:&quot;&quot;,&quot;best&quot;:&quot;5&quot;,&quot;gap&quot;:&quot;5&quot;,&quot;greet&quot;:&quot;Valora este art\u00edculo&quot;,&quot;legend&quot;:&quot;0\\\/5 - (0 votos)&quot;,&quot;size&quot;:&quot;24&quot;,&quot;title&quot;:&quot;Rutina cuidado facial primeras arrugas&quot;,&quot;width&quot;:&quot;0&quot;,&quot;_legend&quot;:&quot;{score}\\\/{best} - ({count} {votes})&quot;,&quot;font_factor&quot;:&quot;1.25&quot;}'>\n            \n<div class=\"kksr-stars\">\n    \n<div class=\"kksr-stars-inactive\">\n            <div class=\"kksr-star\" data-star=\"1\" style=\"padding-right: 5px\">\n            \n\n<div class=\"kksr-icon\" style=\"width: 24px; height: 24px;\"><\/div>\n        <\/div>\n            <div class=\"kksr-star\" data-star=\"2\" style=\"padding-right: 5px\">\n            \n\n<div class=\"kksr-icon\" style=\"width: 24px; height: 24px;\"><\/div>\n        <\/div>\n            <div class=\"kksr-star\" data-star=\"3\" style=\"padding-right: 5px\">\n            \n\n<div class=\"kksr-icon\" style=\"width: 24px; height: 24px;\"><\/div>\n        <\/div>\n            <div class=\"kksr-star\" data-star=\"4\" style=\"padding-right: 5px\">\n            \n\n<div class=\"kksr-icon\" style=\"width: 24px; height: 24px;\"><\/div>\n        <\/div>\n            <div class=\"kksr-star\" data-star=\"5\" style=\"padding-right: 5px\">\n            \n\n<div class=\"kksr-icon\" style=\"width: 24px; height: 24px;\"><\/div>\n        <\/div>\n    <\/div>\n    \n<div class=\"kksr-stars-active\" style=\"width: 0px;\">\n            <div class=\"kksr-star\" style=\"padding-right: 5px\">\n            \n\n<div class=\"kksr-icon\" style=\"width: 24px; height: 24px;\"><\/div>\n        <\/div>\n            <div class=\"kksr-star\" style=\"padding-right: 5px\">\n            \n\n<div class=\"kksr-icon\" style=\"width: 24px; height: 24px;\"><\/div>\n        <\/div>\n            <div class=\"kksr-star\" style=\"padding-right: 5px\">\n            \n\n<div class=\"kksr-icon\" style=\"width: 24px; height: 24px;\"><\/div>\n        <\/div>\n            <div class=\"kksr-star\" style=\"padding-right: 5px\">\n            \n\n<div class=\"kksr-icon\" style=\"width: 24px; height: 24px;\"><\/div>\n        <\/div>\n            <div class=\"kksr-star\" style=\"padding-right: 5px\">\n            \n\n<div class=\"kksr-icon\" style=\"width: 24px; height: 24px;\"><\/div>\n        <\/div>\n    <\/div>\n<\/div>\n                \n\n<div class=\"kksr-legend\" style=\"font-size: 19.2px;\">\n            <span class=\"kksr-muted\">Valora este art\u00edculo<\/span>\n    <\/div>\n    <\/div>\n","protected":false},"excerpt":{"rendered":"<p>Las primeras arrugas y l\u00edneas de expresi\u00f3n comienzan a aparecer&#8230; Don&#8217;t panic! Equipo Primor en marcha ?? para recomendarte toda una serie de productos faciales que te ayudar\u00e1n a frenar el paso del tiempo en tu piel. Nosotros ponemos los productos para esa rutina primeras arrugas, pero la constancia corre de tu parte ? \u00a1Vamos [&hellip;]<\/p>\n","protected":false},"author":4,"featured_media":90639,"comment_status":"open","ping_status":"open","sticky":false,"template":"","format":"standard","meta":{"jnews-multi-image_gallery":[],"jnews_single_post":{"subtitle":"","format":"standard","video":"","gallery":"","source_name":"","source_url":"","via_name":"","via_url":"","override_template":"0","override":[{"template":"1","single_blog_custom":"","parallax":"1","fullscreen":"1","layout":"right-sidebar","sidebar":"home-2","second_sidebar":"default-sidebar","sticky_sidebar":"0","share_position":"float","share_float_style":"share-monocrhome","show_share_counter":"0","show_view_counter":"0","show_featured":"1","show_post_meta":"1","show_post_author":"0","show_post_author_image":"1","show_post_date":"1","post_date_format":"default","post_date_format_custom":"Y\/m\/d","show_post_category":"1","show_post_reading_time":"0","post_reading_time_wpm":"300","show_zoom_button":"0","zoom_button_out_step":"2","zoom_button_in_step":"3","show_post_tag":"0","show_prev_next_post":"0","show_popup_post":"0","number_popup_post":"2","show_author_box":"0","show_post_related":"0","show_inline_post_related":"1"}],"override_image_size":"0","image_override":[{"single_post_thumbnail_size":"no-crop","single_post_gallery_size":"crop-500"}],"trending_post":"0","trending_post_position":"meta","trending_post_label":"Trending","sponsored_post":"0","sponsored_post_label":"Sponsored by","sponsored_post_name":"","sponsored_post_url":"","sponsored_post_logo_enable":"0","sponsored_post_logo":"","sponsored_post_desc":"","disable_ad":"0"},"jnews_primary_category":{"id":"","hide":""},"jnews_social_meta":{"fb_title":"","fb_description":"","fb_image":"","twitter_title":"","twitter_description":"","twitter_image":""},"jnews_override_counter":{"override_view_counter":"0","view_counter_number":"0","override_share_counter":"0","share_counter_number":"0","override_like_counter":"0","like_counter_number":"0","override_dislike_counter":"0","dislike_counter_number":"0"},"footnotes":""},"categories":[29,38,40],"tags":[],"class_list":["post-15857","post","type-post","status-publish","format-standard","has-post-thumbnail","hentry","category-cosmetica","category-cremas-antiedad","category-rutina-facial"],"_links":{"self":[{"href":"https:\/\/www.primor.eu\/blog\/wp-json\/wp\/v2\/posts\/15857","targetHints":{"allow":["GET"]}}],"collection":[{"href":"https:\/\/www.primor.eu\/blog\/wp-json\/wp\/v2\/posts"}],"about":[{"href":"https:\/\/www.primor.eu\/blog\/wp-json\/wp\/v2\/types\/post"}],"author":[{"embeddable":true,"href":"https:\/\/www.primor.eu\/blog\/wp-json\/wp\/v2\/users\/4"}],"replies":[{"embeddable":true,"href":"https:\/\/www.primor.eu\/blog\/wp-json\/wp\/v2\/comments?post=15857"}],"version-history":[{"count":25,"href":"https:\/\/www.primor.eu\/blog\/wp-json\/wp\/v2\/posts\/15857\/revisions"}],"predecessor-version":[{"id":90650,"href":"https:\/\/www.primor.eu\/blog\/wp-json\/wp\/v2\/posts\/15857\/revisions\/90650"}],"wp:featuredmedia":[{"embeddable":true,"href":"https:\/\/www.primor.eu\/blog\/wp-json\/wp\/v2\/media\/90639"}],"wp:attachment":[{"href":"https:\/\/www.primor.eu\/blog\/wp-json\/wp\/v2\/media?parent=15857"}],"wp:term":[{"taxonomy":"category","embeddable":true,"href":"https:\/\/www.primor.eu\/blog\/wp-json\/wp\/v2\/categories?post=15857"},{"taxonomy":"post_tag","embeddable":true,"href":"https:\/\/www.primor.eu\/blog\/wp-json\/wp\/v2\/tags?post=15857"}],"curies":[{"name":"wp","href":"https:\/\/api.w.org\/{rel}","templated":true}]}}