{"id":14758,"date":"2022-07-29T10:00:00","date_gmt":"2022-07-29T08:00:00","guid":{"rendered":"https:\/\/blog.primor.eu\/?p=14758"},"modified":"2025-06-30T06:01:01","modified_gmt":"2025-06-30T06:01:01","slug":"tratamientos-para-la-cara","status":"publish","type":"post","link":"https:\/\/www.primor.eu\/blog\/tratamientos-para-la-cara\/","title":{"rendered":"Estos son los tratamientos para la cara m\u00e1s eficaces seg\u00fan tu tipo de piel y necesidad"},"content":{"rendered":"\n<p><p>Una piel sana es una piel sin imperfecciones y a prueba de balas. Por tanto, si est\u00e1s buscando los <strong>mejores tratamientos para la cara<\/strong>, deber\u00edas tener en cuenta tres factores: tu <strong>tipo de piel, necesidad y la edad<\/strong>. Te explicamos todo lo que deber\u00edas saber y d\u00f3nde puedes encontrar los mejores productos para un rostro uniforme, liso y terso.\u00a0<\/p><br><h2><a href=\"https:\/\/www.primor.eu\/blog\/como-saber-que-tipo-de-piel-tengo\/\"><b>\u00bfQu\u00e9 tipo de piel tengo?<\/b><\/a><\/h2><br><ul><br><li style=\"font-weight: 400;\" aria-level=\"1\"><b>Piel normal<\/b><span style=\"font-weight: 400;\">. Si notas que tienes pocos granos, poros peque\u00f1os y tu piel no suele irritarse ni enrojecerse, lo m\u00e1s probable es que tengas una piel normal. Este tipo de piel suele ser equilibrada, no es demasiado seca ni muy grasa, y no tiene manchas. Por otro lado, tu dermis es suave, resistente, y acepta la mayor\u00eda de los principios activos que se usan en los productos de cuidado para la piel, por lo que comprar productos de belleza ser\u00e1 pan comido para ti.<\/span><\/li><br><li style=\"font-weight: 400;\" aria-level=\"1\"><b>Piel mixta.<\/b><span style=\"font-weight: 400;\"> Este tipo de piel es una <\/span><b>combinaci\u00f3n entre la piel seca y la piel grasa<\/b><span style=\"font-weight: 400;\"> cuyas particularidades se manifiestan principalmente en el rostro. Se caracteriza por tener la conocida zona \u201cT\u201d (frente, nariz y barbilla) con tendencia grasa. Ah\u00ed, los poros est\u00e1n abiertos, con impurezas y rastros de acn\u00e9 por lo que presenta un aspecto brillante. Sin embargo, en la zona de las mejillas la piel es normal, incluso con tendencia a ser seca.<\/span><\/li><br><li style=\"font-weight: 400;\" aria-level=\"1\"><b>Piel grasa.<\/b><span style=\"font-weight: 400;\"> La <\/span><b>piel grasa<\/b><span style=\"font-weight: 400;\"> es una <\/span><b>piel<\/b><span style=\"font-weight: 400;\"> que produce un exceso de l\u00edpidos. Este desarreglo puede <\/span><b>tener<\/b><span style=\"font-weight: 400;\"> su origen en las variaciones hormonales, o agresiones externas como el estr\u00e9s o la contaminaci\u00f3n. A diferencia de la <\/span><b>piel<\/b><span style=\"font-weight: 400;\"> seca, en este caso las gl\u00e1ndulas seb\u00e1ceas aportan bastantes m\u00e1s l\u00edpidos de los necesarios, y cuando el exceso de grasa se mezcla con la suciedad y las c\u00e9lulas muertas de la piel, comienzan a formarse granos. Las investigaciones indican que entre el 40 y 55% de los adultos tienen la piel grasa y sufren acn\u00e9 tard\u00edo.<\/span><\/li><br><li style=\"font-weight: 400;\" aria-level=\"1\"><b>Piel seca<\/b><span style=\"font-weight: 400;\">. La piel seca es <\/span><b>pobre en l\u00edpidos y con tendencia a la deshidrataci\u00f3n. <\/b><span style=\"font-weight: 400;\">Es por eso que necesita cuidados espec\u00edficos que la ayuden a mantener su funci\u00f3n de barrera y a preservar la hidrataci\u00f3n que tanto necesita. Las pieles secas se caracterizan por tener una sensaci\u00f3n de tirantez, tono apagado, tacto \u00e1spero, irritable, con rojeces e incluso puede presentar descamaci\u00f3n.\u00a0 Por tanto, hidratarla es la clave para que el paso de los a\u00f1os no la castigue.<\/span><\/li><br><li style=\"font-weight: 400;\" aria-level=\"1\"><b>Piel sensible.<\/b><span style=\"font-weight: 400;\"> Una <\/span><b>piel sensible<\/b><span style=\"font-weight: 400;\"> e intolerante reacciona m\u00e1s que una piel normal, es decir, es hiperreactiva. Experimenta sensaciones de cosquilleo, calor (quemaz\u00f3n), hormigueo y picor (aunque esto es poco frecuente), la mayor\u00eda de las veces de manera intermitente. Estas sensaciones de incomodidad a veces tambi\u00e9n van acompa\u00f1adas de enrojecimientos y se manifiestan de forma exagerada como reacci\u00f3n a est\u00edmulos de naturaleza diversa que, normalmente, no deber\u00edan causar irritaci\u00f3n. Dichos factores o est\u00edmulos pueden ser f\u00edsicos: radiaci\u00f3n UV, variaciones de temperatura, viento o el propio hecho de frotarse la piel; psicol\u00f3gicos: por ejemplo, el estr\u00e9s, o qu\u00edmicos: productos cosm\u00e9ticos, jabones\u2026<\/span><\/li><br><\/ul><br><h2><a href=\"https:\/\/www.primor.eu\/blog\/cuidar-la-piel\/\"><b>A cada edad una preocupaci\u00f3n<\/b><\/a><\/h2><br><h3><span style=\"font-weight: 400;\">A los 30<\/span><\/h3><br><p><span style=\"font-weight: 400;\">Querida beauty hunter, ahora mismo la <\/span><b>prevenci\u00f3n<\/b><span style=\"font-weight: 400;\"> es la clave de todo. Ayuda a tu piel a retener la <\/span><b>retener la hidrataci\u00f3n en la piel y seguir luchando contra el antienvejecimiento prematuro<\/b><span style=\"font-weight: 400;\">. Como ingredientes milagrosos, apuesta por aquellos cosm\u00e9ticos con <\/span><b>\u00e1cido hialur\u00f3nico<\/b><span style=\"font-weight: 400;\"> para hidratar y <\/span><b>vitamina C<\/b><span style=\"font-weight: 400;\"> para aportar luminosidad.<\/span><\/p><br><p><span style=\"font-weight: 400;\">Adem\u00e1s, <\/span><b>olv\u00eddate de aplicarte la misma crema de noche que de d\u00eda.<\/b><span style=\"font-weight: 400;\"> Por la noche, son una buena opci\u00f3n los <\/span><b>retinoides<\/b><span style=\"font-weight: 400;\">. Es el mejor activo preventivo. Si no sabes c\u00f3mo usarlos,<\/span><a href=\"https:\/\/www.primor.eu\/blog\/retinol\/\"><span style=\"font-weight: 400;\"> lo mejor es que acudas a nuestra gu\u00eda b\u00e1sica para usar el retinol<\/span><\/a><span style=\"font-weight: 400;\">. Tampoco olvides el <\/span><b>contorno de ojos<\/b><span style=\"font-weight: 400;\">. A partir de los 25 se vuelve todo un imprescindible, ya que la piel deja de producir col\u00e1geno de forma natural.<\/span><\/p><br><h3><span style=\"font-weight: 400;\">A los 40<\/span><\/h3><br><p><span style=\"font-weight: 400;\">A esta edad, la piel pierde elasticidad y luminosidad. <\/span><b>Las arrugas comienzan a ser m\u00e1s visibles y los signos de fatiga se hacen m\u00e1s evidentes.<\/b><span style=\"font-weight: 400;\"> \u00a1No permitas que el paso del tiempo haga mella en tu piel! Escoge cosm\u00e9ticos con<\/span><b> retinol, coenzima q10 y un complejo vitam\u00ednico<\/b><span style=\"font-weight: 400;\"> que estimule la producci\u00f3n de elastina de la piel. \u00bfUn secreto? El <\/span><b>booster<\/b><span style=\"font-weight: 400;\"> se convertir\u00e1 en tu mayor aliado.<\/span><\/p><br><h3><span style=\"font-weight: 400;\">A partir de los 50<\/span><\/h3><br><p><b>Las pieles maduras son algo m\u00e1s dif\u00edciles de tratar<\/b><span style=\"font-weight: 400;\">, pero nada que no se pueda solucionar con una buena elecci\u00f3n de productos. A partir de los 50 a\u00f1os, la dermis<\/span><b> se vuelve fl\u00e1cida, se hunde y deja de producir col\u00e1geno y elastina de forma natural<\/b><span style=\"font-weight: 400;\">. Eso, sumado a factores como la menopausia, pueden causar estragos en tu piel. Para evitarlo,<\/span><b> apuesta por hidratantes densas<\/b><span style=\"font-weight: 400;\"> que ataquen a los diferentes tipos de arrugas y que potencien tu mejor versi\u00f3n.<\/span><\/p><br><h2><b>Tipos de tratamientos para la cara<\/b><\/h2><br><ul><br><li><b>Antimanchas<\/b><span style=\"font-weight: 400;\">. O anti pigmentantes. Estos tratamientos disminuyen el tama\u00f1o de las manchas causadas por la edad o por la exposici\u00f3n solar y previenen su aparici\u00f3n futura.<\/span><\/li><br><li><b>Antiarrugas<\/b><span style=\"font-weight: 400;\">. Rellenan las arrugas desde el interior para un acabado liso y visiblemente m\u00e1s joven. Por otro lado, fomenta la producci\u00f3n de col\u00e1geno y elastina de la piel, al mismo tiempo que refuerza la barrera cut\u00e1nea.<\/span><\/li><br><li><b>Antifatiga. <\/b><span style=\"font-weight: 400;\">Despiertan la piel para un acabado el\u00e1stico y revitalizado. La piel apagada toma un aspecto iluminado, sin bolsas, ojeras o marcas del estr\u00e9s oxidativo.\u00a0<\/span><\/li><br><li><b>Antiacn\u00e9<\/b><span style=\"font-weight: 400;\">. Combaten granos, comedones, espinillas y brotes. Su acci\u00f3n secante acelera el proceso de curaci\u00f3n del grano a la vez que le proporciona la hidrataci\u00f3n que necesita para evitar tirantez o descamaci\u00f3n.<\/span><\/li><br><\/ul><br><h4 style=\"text-align: center;\"><a href=\"https:\/\/www.primor.eu\/es_es\/caudalie-vinoperfect-serum-resplandor-antimanchas-15906.html\" data-type=\"link\" data-id=\"https:\/\/www.primor.eu\/es_es\/caudalie-vinoperfect-serum-resplandor-antimanchas-15906.html\"><strong>Vinoperfect S\u00e9rum Resplandor Antimanchas de Caudalie<\/strong><\/a><\/h4><br><p>Eficaz con todo tipo de manchas y con todo tipo de pieles, incluso las m\u00e1s sensibles. Este s\u00e9rum no solo corrige las manchas y previene su aparici\u00f3n, sino que tambi\u00e9n resalta el resplandor del cutis al tiempo que lo uniformiza.<\/p><br><figure id=\"attachment_39713\" aria-describedby=\"caption-attachment-39713\" style=\"width: 300px\" class=\"wp-caption aligncenter\"><a href=\"https:\/\/www.primor.eu\/caudalie\/56962-vinoperfect-serum-resplandor-antimanchas.html#\/volumen-30_ml\"><img decoding=\"async\" width=\"300\" height=\"300\" class=\"wp-image-39713\" src=\"\/wp-content\/uploads\/2022\/05\/tratamientos-para-la-cara-vinoperfect-serum-resplandor-antimanchas.jpg\" alt=\"\"><\/a><figcaption id=\"caption-attachment-39713\" class=\"wp-caption-text\"><a href=\"https:\/\/www.primor.eu\/es_es\/caudalie-vinoperfect-serum-resplandor-antimanchas-15906.html\" data-type=\"link\" data-id=\"https:\/\/www.primor.eu\/es_es\/caudalie-vinoperfect-serum-resplandor-antimanchas-15906.html\">Vinoperfect S\u00e9rum Resplandor Antimanchas de Caudalie<\/a><\/figcaption><\/figure><br><h4 style=\"text-align: center;\"><a href=\"https:\/\/www.primor.eu\/es_es\/estee-lauder-advanced-night-repair-serum-18645.html\"><strong>Est\u00e9e Lauder Advanced Night Repair S\u00e9rum<\/strong> <\/a><\/h4><br><div>Es un\u00a0 producto de <a href=\"https:\/\/www.primor.eu\/es_es\/cosmetica-de-lujo\" target=\"_blank\" rel=\"noopener\">cosm\u00e9tica de lujo<\/a>\u00a0que fomenta la producci\u00f3n natural de col\u00e1geno, potenciando las c\u00e9lulas sanas de la piel para un resultado firme, saludable y sin arrugas. Gracias a su poder antioxidante y al \u00c1cido Hialur\u00f3nico como componente estrella, ayuda a retener la hidrataci\u00f3n de la piel hasta 72 horas, con el cual optimiza el proceso de reparaci\u00f3n natural de la piel.<\/div><br><div>\u00a0 \u00a0 \u00a0 \u00a0\u00a0<\/div><br><div>Tambi\u00e9n reduce la presencia de poros y combate los principales signos del envejecimiento como arrugas, l\u00edneas de expresi\u00f3n, sequedad u opacidad de la piel. \u00a1Todo mientras duermes! Adem\u00e1s, al ser un producto libre de aceites, es apto para todo tipo de pieles, desde las m\u00e1s sensibles hasta las m\u00e1s grasas. Tras tres semanas de uso, tu rostro se ver\u00e1 m\u00e1s radiante y visiblemente m\u00e1s joven.\u00a0<\/div><br><div><br><figure id=\"attachment_39711\" aria-describedby=\"caption-attachment-39711\" style=\"width: 300px\" class=\"wp-caption aligncenter\"><a href=\"https:\/\/www.primor.eu\/es_es\/estee-lauder-advanced-night-repair-serum-18645.html\"><img decoding=\"async\" width=\"300\" height=\"300\" class=\"wp-image-39711\" src=\"\/wp-content\/uploads\/2022\/05\/tratamientos-para-la-cara-vadvanced-night-repair-serum.jpg\" alt=\"\"><\/a><figcaption id=\"caption-attachment-39711\" class=\"wp-caption-text\"><a href=\"https:\/\/www.primor.eu\/es_es\/estee-lauder-advanced-night-repair-serum-18645.html\">Est\u00e9e Lauder Advanced Night Repair S\u00e9rum<\/a><\/figcaption><\/figure><br><\/div><br><h4 style=\"text-align: center;\"><a href=\"https:\/\/www.primor.eu\/es_es\/rilastil-acnestil-crema-antiacne-15861.html\"><strong>Acnestil Attiva Crema Antiacn\u00e9<\/strong> de Rilastil<\/a><\/h4><br><div>Reduce y previene las imperfecciones de las pieles con impurezas. Enriquecida con pantenol, ceramidas y \u00e1cido hialur\u00f3nico, de acci\u00f3n hidratante, y con un antimicrobiano que favorece el control del crecimiento de los microorganismos cut\u00e1neos.<\/div><br><div><br><figure id=\"attachment_39709\" aria-describedby=\"caption-attachment-39709\" style=\"width: 300px\" class=\"wp-caption aligncenter\"><a href=\"https:\/\/www.primor.eu\/es_es\/rilastil-acnestil-crema-antiacne-15861.html\"><img decoding=\"async\" width=\"300\" height=\"300\" class=\"wp-image-39709\" src=\"\/wp-content\/uploads\/2022\/05\/tratamientos-para-la-cara-vacnestil-attiva-crema-antiacne.jpg\" alt=\"\"><\/a><figcaption id=\"caption-attachment-39709\" class=\"wp-caption-text\"><a href=\"https:\/\/www.primor.eu\/es_es\/rilastil-acnestil-crema-antiacne-15861.html\">RILASTIL Acnestil Attiva Crema Antiacn\u00e9<\/a><\/figcaption><\/figure><br><\/div><br><div><br><h4 style=\"text-align: center;\"><a href=\"https:\/\/www.primor.eu\/es_es\/vichy-mineral-89-18711.html\">Mineral 89 Concentrado Fortificante de Vichy<\/a><\/h4><br><div>Se ha convertido en el as bajo la manga de muchos hombres y mujeres en materia de belleza.\u00a0 Es un suero concentrado con \u00e1cido hialur\u00f3nico como principal ingrediente que refuerza la barrera cut\u00e1nea de la piel, la protege de las agresiones externas e internas, y la hidrata desde el interior. As\u00ed, la piel luce bonita, radiante e hidratada durante todo el d\u00eda.\u00a0<\/div><br><div>\u00a0 \u00a0 \u00a0\u00a0<\/div><br><div>Su f\u00f3rmula contiene \u00c1cido Hialur\u00f3nico de origen natural y un 89% del Agua Volc\u00e1nica de Vichy, dos ingredientes que lo convierten en un\u00a0<a href=\"https:\/\/www.primor.eu\/es_es\/cremas-hidratantes-faciales-de-parafarmacia\" target=\"_blank\" rel=\"noopener\">hidratante facial\u00a0<\/a>apto para todo tipo de pieles. Adem\u00e1s, Vichy Mineral 89 no contiene siliconas, ni parabenos ni perfume. Es el cosm\u00e9tico perfecto para todo aquel que busque m\u00e1s por menos.<\/div><br><div><br><figure id=\"attachment_39707\" aria-describedby=\"caption-attachment-39707\" style=\"width: 300px\" class=\"wp-caption aligncenter\"><a href=\"https:\/\/www.primor.eu\/es_es\/vichy-mineral-89-18711.html\"><img decoding=\"async\" width=\"300\" height=\"300\" class=\"wp-image-39707\" src=\"\/wp-content\/uploads\/2022\/05\/tratamientos-para-la-cara-vmineral-89.jpg\" alt=\"\"><\/a><figcaption id=\"caption-attachment-39707\" class=\"wp-caption-text\"><a href=\"https:\/\/www.primor.eu\/es_es\/vichy-mineral-89-18711.html\">Mineral 89 Concentrado Fortificante de Vichy<\/a><\/figcaption><\/figure><br><\/div><br><div>\u00a0<\/div><br><\/div>\n\n\n<div class=\"kk-star-ratings kksr-auto kksr-align-center kksr-valign-bottom\"\n    data-payload='{&quot;align&quot;:&quot;center&quot;,&quot;id&quot;:&quot;14758&quot;,&quot;slug&quot;:&quot;default&quot;,&quot;valign&quot;:&quot;bottom&quot;,&quot;ignore&quot;:&quot;&quot;,&quot;reference&quot;:&quot;auto&quot;,&quot;class&quot;:&quot;&quot;,&quot;count&quot;:&quot;0&quot;,&quot;legendonly&quot;:&quot;&quot;,&quot;readonly&quot;:&quot;&quot;,&quot;score&quot;:&quot;0&quot;,&quot;starsonly&quot;:&quot;&quot;,&quot;best&quot;:&quot;5&quot;,&quot;gap&quot;:&quot;5&quot;,&quot;greet&quot;:&quot;Valora este art\u00edculo&quot;,&quot;legend&quot;:&quot;0\\\/5 - (0 votos)&quot;,&quot;size&quot;:&quot;24&quot;,&quot;title&quot;:&quot;Estos son los tratamientos para la cara m\u00e1s eficaces seg\u00fan tu tipo de piel y necesidad&quot;,&quot;width&quot;:&quot;0&quot;,&quot;_legend&quot;:&quot;{score}\\\/{best} - ({count} {votes})&quot;,&quot;font_factor&quot;:&quot;1.25&quot;}'>\n            \n<div class=\"kksr-stars\">\n    \n<div class=\"kksr-stars-inactive\">\n            <div class=\"kksr-star\" data-star=\"1\" style=\"padding-right: 5px\">\n            \n\n<div class=\"kksr-icon\" style=\"width: 24px; height: 24px;\"><\/div>\n        <\/div>\n            <div class=\"kksr-star\" data-star=\"2\" style=\"padding-right: 5px\">\n            \n\n<div class=\"kksr-icon\" style=\"width: 24px; height: 24px;\"><\/div>\n        <\/div>\n            <div class=\"kksr-star\" data-star=\"3\" style=\"padding-right: 5px\">\n            \n\n<div class=\"kksr-icon\" style=\"width: 24px; height: 24px;\"><\/div>\n        <\/div>\n            <div class=\"kksr-star\" data-star=\"4\" style=\"padding-right: 5px\">\n            \n\n<div class=\"kksr-icon\" style=\"width: 24px; height: 24px;\"><\/div>\n        <\/div>\n            <div class=\"kksr-star\" data-star=\"5\" style=\"padding-right: 5px\">\n            \n\n<div class=\"kksr-icon\" style=\"width: 24px; height: 24px;\"><\/div>\n        <\/div>\n    <\/div>\n    \n<div class=\"kksr-stars-active\" style=\"width: 0px;\">\n            <div class=\"kksr-star\" style=\"padding-right: 5px\">\n            \n\n<div class=\"kksr-icon\" style=\"width: 24px; height: 24px;\"><\/div>\n        <\/div>\n            <div class=\"kksr-star\" style=\"padding-right: 5px\">\n            \n\n<div class=\"kksr-icon\" style=\"width: 24px; height: 24px;\"><\/div>\n        <\/div>\n            <div class=\"kksr-star\" style=\"padding-right: 5px\">\n            \n\n<div class=\"kksr-icon\" style=\"width: 24px; height: 24px;\"><\/div>\n        <\/div>\n            <div class=\"kksr-star\" style=\"padding-right: 5px\">\n            \n\n<div class=\"kksr-icon\" style=\"width: 24px; height: 24px;\"><\/div>\n        <\/div>\n            <div class=\"kksr-star\" style=\"padding-right: 5px\">\n            \n\n<div class=\"kksr-icon\" style=\"width: 24px; height: 24px;\"><\/div>\n        <\/div>\n    <\/div>\n<\/div>\n                \n\n<div class=\"kksr-legend\" style=\"font-size: 19.2px;\">\n            <span class=\"kksr-muted\">Valora este art\u00edculo<\/span>\n    <\/div>\n    <\/div>\n","protected":false},"excerpt":{"rendered":"<p>Una piel sana es una piel sin imperfecciones y a prueba de balas. Por tanto, si est\u00e1s buscando los mejores tratamientos para la cara, deber\u00edas tener en cuenta tres factores: tu tipo de piel, necesidad y la edad. Te explicamos todo lo que deber\u00edas saber y d\u00f3nde puedes encontrar los mejores productos para un rostro [&hellip;]<\/p>\n","protected":false},"author":4,"featured_media":63078,"comment_status":"open","ping_status":"open","sticky":false,"template":"","format":"standard","meta":{"jnews-multi-image_gallery":[],"jnews_single_post":{"subtitle":"","format":"standard","video":"","gallery":"","source_name":"","source_url":"","via_name":"","via_url":"","override_template":"0","override":[{"template":"1","single_blog_custom":"","parallax":"1","fullscreen":"1","layout":"right-sidebar","sidebar":"home-2","second_sidebar":"default-sidebar","sticky_sidebar":"0","share_position":"float","share_float_style":"share-monocrhome","show_share_counter":"0","show_view_counter":"0","show_featured":"1","show_post_meta":"1","show_post_author":"0","show_post_author_image":"1","show_post_date":"1","post_date_format":"default","post_date_format_custom":"Y\/m\/d","show_post_category":"1","show_post_reading_time":"0","post_reading_time_wpm":"300","show_zoom_button":"0","zoom_button_out_step":"2","zoom_button_in_step":"3","show_post_tag":"0","show_prev_next_post":"0","show_popup_post":"0","number_popup_post":"2","show_author_box":"0","show_post_related":"0","show_inline_post_related":"1"}],"override_image_size":"0","image_override":[{"single_post_thumbnail_size":"no-crop","single_post_gallery_size":"crop-500"}],"trending_post":"0","trending_post_position":"meta","trending_post_label":"Trending","sponsored_post":"0","sponsored_post_label":"Sponsored by","sponsored_post_name":"","sponsored_post_url":"","sponsored_post_logo_enable":"0","sponsored_post_logo":"","sponsored_post_desc":"","disable_ad":"0"},"jnews_primary_category":{"id":"","hide":""},"jnews_social_meta":{"fb_title":"","fb_description":"","fb_image":"","twitter_title":"","twitter_description":"","twitter_image":""},"jnews_override_counter":{"override_view_counter":"0","view_counter_number":"0","override_share_counter":"0","share_counter_number":"0","override_like_counter":"0","like_counter_number":"0","override_dislike_counter":"0","dislike_counter_number":"0"},"footnotes":""},"categories":[29],"tags":[],"class_list":["post-14758","post","type-post","status-publish","format-standard","has-post-thumbnail","hentry","category-cosmetica"],"_links":{"self":[{"href":"https:\/\/www.primor.eu\/blog\/wp-json\/wp\/v2\/posts\/14758","targetHints":{"allow":["GET"]}}],"collection":[{"href":"https:\/\/www.primor.eu\/blog\/wp-json\/wp\/v2\/posts"}],"about":[{"href":"https:\/\/www.primor.eu\/blog\/wp-json\/wp\/v2\/types\/post"}],"author":[{"embeddable":true,"href":"https:\/\/www.primor.eu\/blog\/wp-json\/wp\/v2\/users\/4"}],"replies":[{"embeddable":true,"href":"https:\/\/www.primor.eu\/blog\/wp-json\/wp\/v2\/comments?post=14758"}],"version-history":[{"count":7,"href":"https:\/\/www.primor.eu\/blog\/wp-json\/wp\/v2\/posts\/14758\/revisions"}],"predecessor-version":[{"id":128455,"href":"https:\/\/www.primor.eu\/blog\/wp-json\/wp\/v2\/posts\/14758\/revisions\/128455"}],"wp:featuredmedia":[{"embeddable":true,"href":"https:\/\/www.primor.eu\/blog\/wp-json\/wp\/v2\/media\/63078"}],"wp:attachment":[{"href":"https:\/\/www.primor.eu\/blog\/wp-json\/wp\/v2\/media?parent=14758"}],"wp:term":[{"taxonomy":"category","embeddable":true,"href":"https:\/\/www.primor.eu\/blog\/wp-json\/wp\/v2\/categories?post=14758"},{"taxonomy":"post_tag","embeddable":true,"href":"https:\/\/www.primor.eu\/blog\/wp-json\/wp\/v2\/tags?post=14758"}],"curies":[{"name":"wp","href":"https:\/\/api.w.org\/{rel}","templated":true}]}}