{"id":147259,"date":"2026-09-05T18:00:00","date_gmt":"2026-09-05T18:00:00","guid":{"rendered":"https:\/\/www.primor.eu\/blog\/?p=147259"},"modified":"2026-09-03T08:42:49","modified_gmt":"2026-09-03T08:42:49","slug":"unas-pistacho-manicura","status":"publish","type":"post","link":"https:\/\/www.primor.eu\/blog\/unas-pistacho-manicura\/","title":{"rendered":"U\u00f1as pistacho: la tendencia culinaria que llega hasta tu manicura"},"content":{"rendered":"\n<p class=\"wp-block-paragraph\">Las <strong>u\u00f1as pistacho<\/strong> son una tendencia de <strong><a href=\"https:\/\/www.primor.eu\/blog\/tipos-manicura\/\" data-type=\"link\" data-id=\"https:\/\/www.primor.eu\/blog\/tipos-manicura\/\">manicura <\/a><\/strong>con un toque de lo m\u00e1s fresco y natural. Y es que el pistacho se ha convertido en uno de los ingredientes estrella de la gastronom\u00eda, ya sea en forma de cremas o postres, as\u00ed como en helados o dulces de chocolate y tambi\u00e9n en bebidas.<\/p>\n\n\n\n<p class=\"wp-block-paragraph\">Quiz\u00e1s esa sea la raz\u00f3n de que se haya puesto tan de moda tambi\u00e9n el <strong>color para <\/strong><a href=\"https:\/\/www.primor.eu\/es_es\/esmaltes-de-unas-lujo\" data-type=\"link\" data-id=\"https:\/\/www.primor.eu\/es_es\/esmaltes-de-unas-lujo\"><strong>u\u00f1as<\/strong> <\/a>y ropa. Vamos a ver algunas opciones de u\u00f1as pistacho para que escojas la que m\u00e1s te gusta.<\/p>\n\n\n\n<h2 class=\"wp-block-heading\">La tendencia de las u\u00f1as verde pistacho<\/h2>\n\n\n\n<p class=\"wp-block-paragraph\">Las <strong><a href=\"https:\/\/www.primor.eu\/es_es\/cuidado-de-unas-lujo\" data-type=\"link\" data-id=\"https:\/\/www.primor.eu\/es_es\/cuidado-de-unas-lujo\">u\u00f1as <\/a>pistacho<\/strong> pueden parecer la mejor opci\u00f3n para la primavera o el verano, pero en realidad son una opci\u00f3n que puedes escoger en cualquier etapa del a\u00f1o.\u00a0<\/p>\n\n\n\n<p class=\"wp-block-paragraph\">Y es que ese verde tan caracter\u00edstico del pistacho habla m\u00e1s de una esencia personal y una actitud ante la vida, que de una sola temporada del a\u00f1o. Las u\u00f1as pistacho aportan <strong>frescura al look<\/strong>, pero sin llegar a esos colores m\u00e1s llamativos como pueden ser los tonos ne\u00f3n o fl\u00faor.<\/p>\n\n\n\n<p class=\"wp-block-paragraph\">Lo que aporta de diferente el pistacho es que se forma de una combinaci\u00f3n de verdes y amarillos, creando una tonalidad pastel que resulta luminosa, fresca y natural. Si te est\u00e1s preguntando con qu\u00e9 colores combina mejor en cuanto a ropa, la respuesta es que con los tonos como el blanco, beige, marr\u00f3n o nudes. Incluso con tonos pastel.<\/p>\n\n\n\n<h2 class=\"wp-block-heading\">\u00bfC\u00f3mo llevar las u\u00f1as pistacho?<\/h2>\n\n\n\n<p class=\"wp-block-paragraph\">Otra de las preguntas que te puedes estar haciendo es c\u00f3mo integrar las u\u00f1as pistacho en tu manicura, en cu\u00e1nto al estilo de manicura que escoger. En este sentido, es un tono bastante vers\u00e1til.&nbsp;<\/p>\n\n\n\n<p class=\"wp-block-paragraph\">Puedes escoger una <strong>manicura sencilla<\/strong> con las u\u00f1as cortas y un buen acabado y elegir el tono pistacho como base, consiguiendo as\u00ed una manicura de lo m\u00e1s sencillo.&nbsp;<\/p>\n\n\n\n<p class=\"wp-block-paragraph\">Por otro lado, te puedes lanzar con una versi\u00f3n de <strong>manicura francesa<\/strong> en color pistacho, con las u\u00f1as m\u00e1s largas y cuadradas, con la l\u00ednea en pistacho en lugar de en blanco.<\/p>\n\n\n\n<p class=\"wp-block-paragraph\">Por otro lado, puedes combinar el pistacho con <strong>nail art<\/strong> si eres de las amantes de este estilo y combinar la base de u\u00f1as pistacho con dibujos como flores, frutas, puntos, l\u00edneas o dibujos geom\u00e9tricos m\u00e1s complejos.<\/p>\n\n\n\n<h2 class=\"wp-block-heading\">Los mejores tonos para tus u\u00f1as pistacho<\/h2>\n\n\n\n<h3 class=\"wp-block-heading\">Esmalte Gel Nail Polish de Essence<\/h3>\n\n\n\n<p class=\"wp-block-paragraph\">Su f\u00f3rmula suave y de secado r\u00e1pido proporciona un color intenso y brillante similar al gel, sin necesidad de l\u00e1mpara UV.<\/p>\n\n\n\n<p class=\"wp-block-paragraph\">El pincel innovador se adapta a la forma natural de la u\u00f1a para una aplicaci\u00f3n uniforme y sin imperfecciones, mientras que la capa superior opcional Top Gloss garantiza un brillo duradero.<\/p>\n\n\n\n<p class=\"wp-block-paragraph\">Ideal para looks sutiles o atrevidos, este esmalte aporta un acabado profesional en cada manicura, haciendo que tus u\u00f1as luzcan impecables y con estilo.<\/p>\n\n\n    <a class='product' target='_blank' href='https:\/\/www.primor.eu\/es_es\/essence-esmalte-gel-nail-polish-142326.html?#803=48113'>\r\n        <img loading='async' src='https:\/\/cdn2.primor.eu\/media\/catalog\/product\/cache\/8d3aba296f7a18b5251ee30fa5db42b2\/4\/0\/4059729585530__8_eab2.jpg' alt='COMPRAR AHORA'>\r\n            <div class=\"claim\">\r\n                COMPRAR AHORA            <\/div>\r\n        <\/a>\r\n    \n\n\n<h3 class=\"wp-block-heading\">Esmalte de U\u00f1as 60 Seconds Super Shine de Rimmel<\/h3>\n\n\n\n<p class=\"wp-block-paragraph\">Este esmalte de secado r\u00e1pido ofrece una manicura de calidad profesional que perdura por m\u00e1s de una semana.<\/p>\n\n\n\n<p class=\"wp-block-paragraph\">El amplio cepillo de precisi\u00f3n de este esmalte de u\u00f1as facilita la aplicaci\u00f3n, extendiendo el color de alto impacto en las puntas y logrando un acabado brillante impecable. Aplica una segunda capa y disfruta de un color ultra brillante con buen impacto y un acabado glossy.<\/p>\n\n\n\n<p class=\"wp-block-paragraph\">La tecnolog\u00eda 3 en 1 del Esmalte de U\u00f1as 60 Seconds Super-Shine de Rimmel incluye base, color y top coat glossy en cada pasada, proporcionando una base de color y un acabado protector brillante. Experimenta una aplicaci\u00f3n r\u00e1pida y uniforme gracias al cepillo dise\u00f1ado para un resultado impecable.<\/p>\n\n\n    <a class='product' target='_blank' href='https:\/\/www.primor.eu\/es_es\/rimmel-esmalte-de-unas-60-seconds-super-shine-110227.html?#803=52708'>\r\n        <img loading='async' src='https:\/\/cdn2.primor.eu\/media\/catalog\/product\/cache\/8d3aba296f7a18b5251ee30fa5db42b2\/0\/M\/0MM14004_1_839f.jpg' alt='COMPRAR AHORA'>\r\n            <div class=\"claim\">\r\n                COMPRAR AHORA            <\/div>\r\n        <\/a>\r\n    \n\n<div class=\"kk-star-ratings kksr-auto kksr-align-center kksr-valign-bottom\"\n    data-payload='{&quot;align&quot;:&quot;center&quot;,&quot;id&quot;:&quot;147259&quot;,&quot;slug&quot;:&quot;default&quot;,&quot;valign&quot;:&quot;bottom&quot;,&quot;ignore&quot;:&quot;&quot;,&quot;reference&quot;:&quot;auto&quot;,&quot;class&quot;:&quot;&quot;,&quot;count&quot;:&quot;0&quot;,&quot;legendonly&quot;:&quot;&quot;,&quot;readonly&quot;:&quot;&quot;,&quot;score&quot;:&quot;0&quot;,&quot;starsonly&quot;:&quot;&quot;,&quot;best&quot;:&quot;5&quot;,&quot;gap&quot;:&quot;5&quot;,&quot;greet&quot;:&quot;Valora este art\u00edculo&quot;,&quot;legend&quot;:&quot;0\\\/5 - (0 votos)&quot;,&quot;size&quot;:&quot;24&quot;,&quot;title&quot;:&quot;U\u00f1as pistacho: la tendencia culinaria que llega hasta tu manicura&quot;,&quot;width&quot;:&quot;0&quot;,&quot;_legend&quot;:&quot;{score}\\\/{best} - ({count} {votes})&quot;,&quot;font_factor&quot;:&quot;1.25&quot;}'>\n            \n<div class=\"kksr-stars\">\n    \n<div class=\"kksr-stars-inactive\">\n            <div class=\"kksr-star\" data-star=\"1\" style=\"padding-right: 5px\">\n            \n\n<div class=\"kksr-icon\" style=\"width: 24px; height: 24px;\"><\/div>\n        <\/div>\n            <div class=\"kksr-star\" data-star=\"2\" style=\"padding-right: 5px\">\n            \n\n<div class=\"kksr-icon\" style=\"width: 24px; height: 24px;\"><\/div>\n        <\/div>\n            <div class=\"kksr-star\" data-star=\"3\" style=\"padding-right: 5px\">\n            \n\n<div class=\"kksr-icon\" style=\"width: 24px; height: 24px;\"><\/div>\n        <\/div>\n            <div class=\"kksr-star\" data-star=\"4\" style=\"padding-right: 5px\">\n            \n\n<div class=\"kksr-icon\" style=\"width: 24px; height: 24px;\"><\/div>\n        <\/div>\n            <div class=\"kksr-star\" data-star=\"5\" style=\"padding-right: 5px\">\n            \n\n<div class=\"kksr-icon\" style=\"width: 24px; height: 24px;\"><\/div>\n        <\/div>\n    <\/div>\n    \n<div class=\"kksr-stars-active\" style=\"width: 0px;\">\n            <div class=\"kksr-star\" style=\"padding-right: 5px\">\n            \n\n<div class=\"kksr-icon\" style=\"width: 24px; height: 24px;\"><\/div>\n        <\/div>\n            <div class=\"kksr-star\" style=\"padding-right: 5px\">\n            \n\n<div class=\"kksr-icon\" style=\"width: 24px; height: 24px;\"><\/div>\n        <\/div>\n            <div class=\"kksr-star\" style=\"padding-right: 5px\">\n            \n\n<div class=\"kksr-icon\" style=\"width: 24px; height: 24px;\"><\/div>\n        <\/div>\n            <div class=\"kksr-star\" style=\"padding-right: 5px\">\n            \n\n<div class=\"kksr-icon\" style=\"width: 24px; height: 24px;\"><\/div>\n        <\/div>\n            <div class=\"kksr-star\" style=\"padding-right: 5px\">\n            \n\n<div class=\"kksr-icon\" style=\"width: 24px; height: 24px;\"><\/div>\n        <\/div>\n    <\/div>\n<\/div>\n                \n\n<div class=\"kksr-legend\" style=\"font-size: 19.2px;\">\n            <span class=\"kksr-muted\">Valora este art\u00edculo<\/span>\n    <\/div>\n    <\/div>\n","protected":false},"excerpt":{"rendered":"<p>Las u\u00f1as pistacho son una tendencia de manicura con un toque de lo m\u00e1s fresco y natural. Y es que el pistacho se ha convertido en uno de los ingredientes estrella de la gastronom\u00eda, ya sea en forma de cremas o postres, as\u00ed como en helados o dulces de chocolate y tambi\u00e9n en bebidas. Quiz\u00e1s [&hellip;]<\/p>\n","protected":false},"author":30,"featured_media":147260,"comment_status":"closed","ping_status":"closed","sticky":false,"template":"","format":"standard","meta":{"jnews-multi-image_gallery":[],"jnews_single_post":{"format":"standard"},"jnews_primary_category":[],"jnews_social_meta":[],"jnews_override_counter":[],"footnotes":""},"categories":[1831],"tags":[],"class_list":["post-147259","post","type-post","status-publish","format-standard","has-post-thumbnail","hentry","category-manicuras"],"_links":{"self":[{"href":"https:\/\/www.primor.eu\/blog\/wp-json\/wp\/v2\/posts\/147259","targetHints":{"allow":["GET"]}}],"collection":[{"href":"https:\/\/www.primor.eu\/blog\/wp-json\/wp\/v2\/posts"}],"about":[{"href":"https:\/\/www.primor.eu\/blog\/wp-json\/wp\/v2\/types\/post"}],"author":[{"embeddable":true,"href":"https:\/\/www.primor.eu\/blog\/wp-json\/wp\/v2\/users\/30"}],"replies":[{"embeddable":true,"href":"https:\/\/www.primor.eu\/blog\/wp-json\/wp\/v2\/comments?post=147259"}],"version-history":[{"count":2,"href":"https:\/\/www.primor.eu\/blog\/wp-json\/wp\/v2\/posts\/147259\/revisions"}],"predecessor-version":[{"id":147263,"href":"https:\/\/www.primor.eu\/blog\/wp-json\/wp\/v2\/posts\/147259\/revisions\/147263"}],"wp:featuredmedia":[{"embeddable":true,"href":"https:\/\/www.primor.eu\/blog\/wp-json\/wp\/v2\/media\/147260"}],"wp:attachment":[{"href":"https:\/\/www.primor.eu\/blog\/wp-json\/wp\/v2\/media?parent=147259"}],"wp:term":[{"taxonomy":"category","embeddable":true,"href":"https:\/\/www.primor.eu\/blog\/wp-json\/wp\/v2\/categories?post=147259"},{"taxonomy":"post_tag","embeddable":true,"href":"https:\/\/www.primor.eu\/blog\/wp-json\/wp\/v2\/tags?post=147259"}],"curies":[{"name":"wp","href":"https:\/\/api.w.org\/{rel}","templated":true}]}}