{"id":147227,"date":"2026-09-01T09:49:17","date_gmt":"2026-09-01T09:49:17","guid":{"rendered":"https:\/\/www.primor.eu\/blog\/?p=147227"},"modified":"2026-09-01T09:57:44","modified_gmt":"2026-09-01T09:57:44","slug":"barre-matcha-break","status":"publish","type":"post","link":"https:\/\/www.primor.eu\/blog\/barre-matcha-break\/","title":{"rendered":"Barre &amp; Matcha Break: una ma\u00f1ana de autocuidado en el Gran Hotel Miramar"},"content":{"rendered":"\n<p class=\"wp-block-paragraph\">El pasado domingo 30 de agosto, el <strong>Gran Hotel Miramar<\/strong> se transform\u00f3 en un escenario de movimiento, sabor y cuidado personal para acoger <strong>Barre &amp; Matcha Break.<\/strong> Una ma\u00f1ana en la que nos unimos a <strong>Rola Barre<\/strong> y <strong>Matcha &amp; Co<\/strong> para despedir el verano de la mejor manera posible: cuid\u00e1ndonos por dentro y por fuera. Todo ello, con el <strong>Oso Primoroso<\/strong> como gran protagonista.<\/p>\n\n\n\n<h2 class=\"wp-block-heading\">Wellness+beauty en el sal\u00f3n Victoria del Gran Hotel Miramar<\/h2>\n\n\n\n<p class=\"wp-block-paragraph\">El <strong>sal\u00f3n Victoria del Gran Hotel Miramar<\/strong>, en pleno coraz\u00f3n de M\u00e1laga, fue el escenario elegido para la ocasi\u00f3n. <strong>Treinta y cinco asistentes<\/strong> se sumaron al plan: una hora de clase de barre para activar el cuerpo, seguida de brunch para disfrutar sin prisa.<\/p>\n\n\n\n<p class=\"wp-block-paragraph\"><strong>Rola Barre<\/strong> puso el movimiento con una clase que combin\u00f3 fuerza y equilibrio, pensada para despertar el cuerpo antes de que llegara el turno de sentarse a disfrutar. Y cuando toc\u00f3 bajar el ritmo, <strong>Matcha &amp; Co<\/strong> tom\u00f3 el relevo, preparando cada matcha como un peque\u00f1o ritual para continuar la ma\u00f1ana con la mejor actitud.&nbsp;<\/p>\n\n\n\n<h2 class=\"wp-block-heading\">El Oso Primoroso, anfitri\u00f3n de la ma\u00f1ana<\/h2>\n\n\n\n<p class=\"wp-block-paragraph\">Todo gir\u00f3 en torno al <a href=\"https:\/\/www.primor.eu\/es_es\/primor-oso-primoroso-botella-600ml-149667.html\">Oso Primoroso<\/a> como anfitri\u00f3n de ese momento social, uniendo wellness, belleza y ese toque divertido que ya lo hace inconfundible. Presente en cada colchoneta y en cada brindis de matcha, se convirti\u00f3 en el hilo conductor de la experiencia, record\u00e1ndonos que el autocuidado tambi\u00e9n puede ser motivo de celebraci\u00f3n.<\/p>\n\n\n\n<p class=\"wp-block-paragraph\">Junto al <strong>Oso Primoroso<\/strong>, cada asistente recibi\u00f3 una selecci\u00f3n de <strong>Beauty Drops<\/strong> pensada para seguir cuid\u00e1ndose despu\u00e9s del evento: la bruma corporal <a href=\"https:\/\/www.primor.eu\/es_es\/beauty-drops-body-mist-words-flores-encantadas-150754.html\">Words Flores Encantadas<\/a>, los <a href=\"https:\/\/www.primor.eu\/es_es\/beauty-drops-parches-de-ojos-green-eucalyptus-93081.html\">parches Eucalyptus de hidrogel<\/a>, la crema corporal <a href=\"https:\/\/www.primor.eu\/es_es\/beauty-drops-body-cream-words-pot-150685.html\">Words Pot<\/a> o el parche labial <a href=\"https:\/\/www.primor.eu\/es_es\/beauty-drops-parche-labial-lips-repair-76064.html\">Lips Repair<\/a> enriquecido con p\u00e9ptidos y vitamina E. Un pack completo para seguir mim\u00e1ndonos despu\u00e9s del verano y acercar el autocuidado a los peque\u00f1os momentos del d\u00eda a d\u00eda.<\/p>\n\n\n\n<figure class=\"wp-block-gallery has-nested-images columns-default is-cropped wp-block-gallery-1 is-layout-flex wp-block-gallery-is-layout-flex\">\n<figure class=\"wp-block-image size-full\"><img decoding=\"async\" width=\"1000\" height=\"1500\" data-id=\"147232\" src=\"https:\/\/www.primor.eu\/blog\/wp-content\/uploads\/2026\/09\/evento-barre-matcha-primor-1.webp\" alt=\"\" class=\"wp-image-147232\" srcset=\"https:\/\/www.primor.eu\/blog\/wp-content\/uploads\/2026\/09\/evento-barre-matcha-primor-1.webp 1000w, https:\/\/www.primor.eu\/blog\/wp-content\/uploads\/2026\/09\/evento-barre-matcha-primor-1-200x300.webp 200w, https:\/\/www.primor.eu\/blog\/wp-content\/uploads\/2026\/09\/evento-barre-matcha-primor-1-768x1152.webp 768w, https:\/\/www.primor.eu\/blog\/wp-content\/uploads\/2026\/09\/evento-barre-matcha-primor-1-683x1024.webp 683w, https:\/\/www.primor.eu\/blog\/wp-content\/uploads\/2026\/09\/evento-barre-matcha-primor-1-750x1125.webp 750w\" sizes=\"(max-width: 1000px) 100vw, 1000px\" \/><\/figure>\n\n\n\n<figure class=\"wp-block-image size-large\"><img decoding=\"async\" width=\"683\" height=\"1024\" data-id=\"147234\" src=\"https:\/\/www.primor.eu\/blog\/wp-content\/uploads\/2026\/09\/evento-barre-matcha-primor-2-683x1024.webp\" alt=\"\" class=\"wp-image-147234\" srcset=\"https:\/\/www.primor.eu\/blog\/wp-content\/uploads\/2026\/09\/evento-barre-matcha-primor-2-683x1024.webp 683w, https:\/\/www.primor.eu\/blog\/wp-content\/uploads\/2026\/09\/evento-barre-matcha-primor-2-200x300.webp 200w, https:\/\/www.primor.eu\/blog\/wp-content\/uploads\/2026\/09\/evento-barre-matcha-primor-2-768x1152.webp 768w, https:\/\/www.primor.eu\/blog\/wp-content\/uploads\/2026\/09\/evento-barre-matcha-primor-2-1024x1536.webp 1024w, https:\/\/www.primor.eu\/blog\/wp-content\/uploads\/2026\/09\/evento-barre-matcha-primor-2-1365x2048.webp 1365w, https:\/\/www.primor.eu\/blog\/wp-content\/uploads\/2026\/09\/evento-barre-matcha-primor-2-750x1125.webp 750w, https:\/\/www.primor.eu\/blog\/wp-content\/uploads\/2026\/09\/evento-barre-matcha-primor-2-1140x1710.webp 1140w, https:\/\/www.primor.eu\/blog\/wp-content\/uploads\/2026\/09\/evento-barre-matcha-primor-2.webp 1500w\" sizes=\"(max-width: 683px) 100vw, 683px\" \/><\/figure>\n\n\n\n<figure class=\"wp-block-image size-large\"><img decoding=\"async\" width=\"683\" height=\"1024\" data-id=\"147233\" src=\"https:\/\/www.primor.eu\/blog\/wp-content\/uploads\/2026\/09\/evento-barre-matcha-primor-3-683x1024.webp\" alt=\"\" class=\"wp-image-147233\" srcset=\"https:\/\/www.primor.eu\/blog\/wp-content\/uploads\/2026\/09\/evento-barre-matcha-primor-3-683x1024.webp 683w, https:\/\/www.primor.eu\/blog\/wp-content\/uploads\/2026\/09\/evento-barre-matcha-primor-3-200x300.webp 200w, https:\/\/www.primor.eu\/blog\/wp-content\/uploads\/2026\/09\/evento-barre-matcha-primor-3-768x1152.webp 768w, https:\/\/www.primor.eu\/blog\/wp-content\/uploads\/2026\/09\/evento-barre-matcha-primor-3-750x1125.webp 750w, https:\/\/www.primor.eu\/blog\/wp-content\/uploads\/2026\/09\/evento-barre-matcha-primor-3.webp 1000w\" sizes=\"(max-width: 683px) 100vw, 683px\" \/><\/figure>\n\n\n\n<figure class=\"wp-block-image size-full\"><img decoding=\"async\" width=\"1000\" height=\"667\" data-id=\"147245\" src=\"https:\/\/www.primor.eu\/blog\/wp-content\/uploads\/2026\/09\/evento-barre-matcha-primor-8.webp\" alt=\"\" class=\"wp-image-147245\" srcset=\"https:\/\/www.primor.eu\/blog\/wp-content\/uploads\/2026\/09\/evento-barre-matcha-primor-8.webp 1000w, https:\/\/www.primor.eu\/blog\/wp-content\/uploads\/2026\/09\/evento-barre-matcha-primor-8-300x200.webp 300w, https:\/\/www.primor.eu\/blog\/wp-content\/uploads\/2026\/09\/evento-barre-matcha-primor-8-768x512.webp 768w, https:\/\/www.primor.eu\/blog\/wp-content\/uploads\/2026\/09\/evento-barre-matcha-primor-8-750x500.webp 750w\" sizes=\"(max-width: 1000px) 100vw, 1000px\" \/><\/figure>\n\n\n\n<figure class=\"wp-block-image size-large\"><img decoding=\"async\" width=\"683\" height=\"1024\" data-id=\"147236\" src=\"https:\/\/www.primor.eu\/blog\/wp-content\/uploads\/2026\/09\/evento-barre-matcha-primor-4-683x1024.webp\" alt=\"\" class=\"wp-image-147236\" srcset=\"https:\/\/www.primor.eu\/blog\/wp-content\/uploads\/2026\/09\/evento-barre-matcha-primor-4-683x1024.webp 683w, https:\/\/www.primor.eu\/blog\/wp-content\/uploads\/2026\/09\/evento-barre-matcha-primor-4-200x300.webp 200w, https:\/\/www.primor.eu\/blog\/wp-content\/uploads\/2026\/09\/evento-barre-matcha-primor-4-768x1152.webp 768w, https:\/\/www.primor.eu\/blog\/wp-content\/uploads\/2026\/09\/evento-barre-matcha-primor-4-750x1125.webp 750w, https:\/\/www.primor.eu\/blog\/wp-content\/uploads\/2026\/09\/evento-barre-matcha-primor-4.webp 1000w\" sizes=\"(max-width: 683px) 100vw, 683px\" \/><\/figure>\n\n\n\n<figure class=\"wp-block-image size-large\"><img decoding=\"async\" width=\"683\" height=\"1024\" data-id=\"147235\" src=\"https:\/\/www.primor.eu\/blog\/wp-content\/uploads\/2026\/09\/evento-barre-matcha-primor-5-683x1024.webp\" alt=\"\" class=\"wp-image-147235\" srcset=\"https:\/\/www.primor.eu\/blog\/wp-content\/uploads\/2026\/09\/evento-barre-matcha-primor-5-683x1024.webp 683w, https:\/\/www.primor.eu\/blog\/wp-content\/uploads\/2026\/09\/evento-barre-matcha-primor-5-200x300.webp 200w, https:\/\/www.primor.eu\/blog\/wp-content\/uploads\/2026\/09\/evento-barre-matcha-primor-5-768x1152.webp 768w, https:\/\/www.primor.eu\/blog\/wp-content\/uploads\/2026\/09\/evento-barre-matcha-primor-5-750x1125.webp 750w, https:\/\/www.primor.eu\/blog\/wp-content\/uploads\/2026\/09\/evento-barre-matcha-primor-5.webp 1000w\" sizes=\"(max-width: 683px) 100vw, 683px\" \/><\/figure>\n\n\n\n<figure class=\"wp-block-image size-large\"><img decoding=\"async\" width=\"683\" height=\"1024\" data-id=\"147237\" src=\"https:\/\/www.primor.eu\/blog\/wp-content\/uploads\/2026\/09\/evento-barre-matcha-primor-6-683x1024.webp\" alt=\"\" class=\"wp-image-147237\" srcset=\"https:\/\/www.primor.eu\/blog\/wp-content\/uploads\/2026\/09\/evento-barre-matcha-primor-6-683x1024.webp 683w, https:\/\/www.primor.eu\/blog\/wp-content\/uploads\/2026\/09\/evento-barre-matcha-primor-6-200x300.webp 200w, https:\/\/www.primor.eu\/blog\/wp-content\/uploads\/2026\/09\/evento-barre-matcha-primor-6-768x1151.webp 768w, https:\/\/www.primor.eu\/blog\/wp-content\/uploads\/2026\/09\/evento-barre-matcha-primor-6-1024x1536.webp 1024w, https:\/\/www.primor.eu\/blog\/wp-content\/uploads\/2026\/09\/evento-barre-matcha-primor-6-750x1124.webp 750w, https:\/\/www.primor.eu\/blog\/wp-content\/uploads\/2026\/09\/evento-barre-matcha-primor-6.webp 1067w\" sizes=\"(max-width: 683px) 100vw, 683px\" \/><\/figure>\n\n\n\n<figure class=\"wp-block-image size-full\"><img decoding=\"async\" width=\"400\" height=\"600\" data-id=\"147244\" src=\"https:\/\/www.primor.eu\/blog\/wp-content\/uploads\/2026\/09\/evento-barre-matcha-primor-7.2.webp\" alt=\"\" class=\"wp-image-147244\" srcset=\"https:\/\/www.primor.eu\/blog\/wp-content\/uploads\/2026\/09\/evento-barre-matcha-primor-7.2.webp 400w, https:\/\/www.primor.eu\/blog\/wp-content\/uploads\/2026\/09\/evento-barre-matcha-primor-7.2-200x300.webp 200w\" sizes=\"(max-width: 400px) 100vw, 400px\" \/><\/figure>\n<\/figure>\n\n\n<div class=\"kk-star-ratings kksr-auto kksr-align-center kksr-valign-bottom\"\n    data-payload='{&quot;align&quot;:&quot;center&quot;,&quot;id&quot;:&quot;147227&quot;,&quot;slug&quot;:&quot;default&quot;,&quot;valign&quot;:&quot;bottom&quot;,&quot;ignore&quot;:&quot;&quot;,&quot;reference&quot;:&quot;auto&quot;,&quot;class&quot;:&quot;&quot;,&quot;count&quot;:&quot;1&quot;,&quot;legendonly&quot;:&quot;&quot;,&quot;readonly&quot;:&quot;&quot;,&quot;score&quot;:&quot;5&quot;,&quot;starsonly&quot;:&quot;&quot;,&quot;best&quot;:&quot;5&quot;,&quot;gap&quot;:&quot;5&quot;,&quot;greet&quot;:&quot;Valora este art\u00edculo&quot;,&quot;legend&quot;:&quot;5\\\/5 - (1 voto)&quot;,&quot;size&quot;:&quot;24&quot;,&quot;title&quot;:&quot;Barre \\u0026amp; Matcha Break: una ma\u00f1ana de autocuidado en el Gran Hotel Miramar&quot;,&quot;width&quot;:&quot;142.5&quot;,&quot;_legend&quot;:&quot;{score}\\\/{best} - ({count} {votes})&quot;,&quot;font_factor&quot;:&quot;1.25&quot;}'>\n            \n<div class=\"kksr-stars\">\n    \n<div class=\"kksr-stars-inactive\">\n            <div class=\"kksr-star\" data-star=\"1\" style=\"padding-right: 5px\">\n            \n\n<div class=\"kksr-icon\" style=\"width: 24px; height: 24px;\"><\/div>\n        <\/div>\n            <div class=\"kksr-star\" data-star=\"2\" style=\"padding-right: 5px\">\n            \n\n<div class=\"kksr-icon\" style=\"width: 24px; height: 24px;\"><\/div>\n        <\/div>\n            <div class=\"kksr-star\" data-star=\"3\" style=\"padding-right: 5px\">\n            \n\n<div class=\"kksr-icon\" style=\"width: 24px; height: 24px;\"><\/div>\n        <\/div>\n            <div class=\"kksr-star\" data-star=\"4\" style=\"padding-right: 5px\">\n            \n\n<div class=\"kksr-icon\" style=\"width: 24px; height: 24px;\"><\/div>\n        <\/div>\n            <div class=\"kksr-star\" data-star=\"5\" style=\"padding-right: 5px\">\n            \n\n<div class=\"kksr-icon\" style=\"width: 24px; height: 24px;\"><\/div>\n        <\/div>\n    <\/div>\n    \n<div class=\"kksr-stars-active\" style=\"width: 142.5px;\">\n            <div class=\"kksr-star\" style=\"padding-right: 5px\">\n            \n\n<div class=\"kksr-icon\" style=\"width: 24px; height: 24px;\"><\/div>\n        <\/div>\n            <div class=\"kksr-star\" style=\"padding-right: 5px\">\n            \n\n<div class=\"kksr-icon\" style=\"width: 24px; height: 24px;\"><\/div>\n        <\/div>\n            <div class=\"kksr-star\" style=\"padding-right: 5px\">\n            \n\n<div class=\"kksr-icon\" style=\"width: 24px; height: 24px;\"><\/div>\n        <\/div>\n            <div class=\"kksr-star\" style=\"padding-right: 5px\">\n            \n\n<div class=\"kksr-icon\" style=\"width: 24px; height: 24px;\"><\/div>\n        <\/div>\n            <div class=\"kksr-star\" style=\"padding-right: 5px\">\n            \n\n<div class=\"kksr-icon\" style=\"width: 24px; height: 24px;\"><\/div>\n        <\/div>\n    <\/div>\n<\/div>\n                \n\n<div class=\"kksr-legend\" style=\"font-size: 19.2px;\">\n            5\/5 - (1 voto)    <\/div>\n    <\/div>\n","protected":false},"excerpt":{"rendered":"<p>El pasado domingo 30 de agosto, el Gran Hotel Miramar se transform\u00f3 en un escenario de movimiento, sabor y cuidado personal para acoger Barre &amp; Matcha Break. Una ma\u00f1ana en la que nos unimos a Rola Barre y Matcha &amp; Co para despedir el verano de la mejor manera posible: cuid\u00e1ndonos por dentro y por [&hellip;]<\/p>\n","protected":false},"author":42,"featured_media":147228,"comment_status":"closed","ping_status":"closed","sticky":false,"template":"","format":"standard","meta":{"jnews-multi-image_gallery":[],"jnews_single_post":{"format":"standard"},"jnews_primary_category":[],"jnews_social_meta":[],"jnews_override_counter":[],"footnotes":""},"categories":[6316,34],"tags":[],"class_list":["post-147227","post","type-post","status-publish","format-standard","has-post-thumbnail","hentry","category-beauty-viral","category-eventos"],"_links":{"self":[{"href":"https:\/\/www.primor.eu\/blog\/wp-json\/wp\/v2\/posts\/147227","targetHints":{"allow":["GET"]}}],"collection":[{"href":"https:\/\/www.primor.eu\/blog\/wp-json\/wp\/v2\/posts"}],"about":[{"href":"https:\/\/www.primor.eu\/blog\/wp-json\/wp\/v2\/types\/post"}],"author":[{"embeddable":true,"href":"https:\/\/www.primor.eu\/blog\/wp-json\/wp\/v2\/users\/42"}],"replies":[{"embeddable":true,"href":"https:\/\/www.primor.eu\/blog\/wp-json\/wp\/v2\/comments?post=147227"}],"version-history":[{"count":5,"href":"https:\/\/www.primor.eu\/blog\/wp-json\/wp\/v2\/posts\/147227\/revisions"}],"predecessor-version":[{"id":147246,"href":"https:\/\/www.primor.eu\/blog\/wp-json\/wp\/v2\/posts\/147227\/revisions\/147246"}],"wp:featuredmedia":[{"embeddable":true,"href":"https:\/\/www.primor.eu\/blog\/wp-json\/wp\/v2\/media\/147228"}],"wp:attachment":[{"href":"https:\/\/www.primor.eu\/blog\/wp-json\/wp\/v2\/media?parent=147227"}],"wp:term":[{"taxonomy":"category","embeddable":true,"href":"https:\/\/www.primor.eu\/blog\/wp-json\/wp\/v2\/categories?post=147227"},{"taxonomy":"post_tag","embeddable":true,"href":"https:\/\/www.primor.eu\/blog\/wp-json\/wp\/v2\/tags?post=147227"}],"curies":[{"name":"wp","href":"https:\/\/api.w.org\/{rel}","templated":true}]}}