{"id":147076,"date":"2026-09-04T08:10:25","date_gmt":"2026-09-04T08:10:25","guid":{"rendered":"https:\/\/www.primor.eu\/blog\/?p=147076"},"modified":"2026-08-27T08:15:13","modified_gmt":"2026-08-27T08:15:13","slug":"mejores-productos-cabello-vitamina-c","status":"publish","type":"post","link":"https:\/\/www.primor.eu\/blog\/mejores-productos-cabello-vitamina-c\/","title":{"rendered":"Los 5 mejores productos con vitamina C para tu cabello"},"content":{"rendered":"\n<p class=\"wp-block-paragraph\">Tu <a href=\"https:\/\/www.primor.eu\/es_es\/cabello\">pelo<\/a> es una de las partes m\u00e1s importantes de tu f\u00edsico y es que todo cambia cuando no se encuentra en buen estado. Son muchos factores los que le afectan directamente, desde externos como puede ser la contaminaci\u00f3n, hasta internos como el estr\u00e9s o la alimentaci\u00f3n. Por eso los <strong>productos con vitamina C<\/strong> para el pelo son una gran ayuda.<\/p>\n\n\n\n<p class=\"wp-block-paragraph\">Si est\u00e1s pensando en c\u00f3mo fortalecer y cuidar tu cabello d\u00eda tras d\u00eda, hay un gran truco al alcance de todo el mundo: los <strong>productos con vitamina<\/strong> &nbsp;para el pelo. Con su uso continuado lograr\u00e1s una melena mucho m\u00e1s fuerte, brillante y con apenas <a href=\"https:\/\/www.primor.eu\/blog\/mitos-verdades-caida-pelo\/?srsltid=AfmBOopB9N2J9QHFp1RnAXTrdYlzDqvcHMMUnarXv8j4pmqjTr-0NT7J\">ca\u00edda<\/a> para lucir as\u00ed mucho m\u00e1s segura de ti misma y con un pelazo para hacerte todos tus <a href=\"https:\/\/www.primor.eu\/es_es\/productos-de-peinado\">peinados<\/a> favoritos.<\/p>\n\n\n\n<h2 class=\"wp-block-heading\">Los mejores productos con vitamina C para el pelo<\/h2>\n\n\n        <product-table class=\"pr-slider\">\r\n            <product-headers class=\"grid-table-rows\">\r\n                <div>Foto<\/div>\r\n                <div>Producto<\/div>\r\n                <div>Marca<\/div>\r\n                <div>Valoraciones<\/div>\r\n                <div>Precio<\/div>\r\n            <\/product-headers>\r\n\r\n            <product-list>\r\n                                    <a href=\"https:\/\/www.primor.eu\/es_es\/weider-beauty-gummies-5540.html\" class=\"product-item grid-table-rows\" target=\"_blank\">\r\n                        <div>\r\n                            <img decoding=\"async\" class=\"product-img\" width=\"80px\" height=\"80px\" src=\"https:\/\/cdn2.primor.eu\/media\/catalog\/product\/cache\/8d3aba296f7a18b5251ee30fa5db42b2\/6\/X\/6XS14327_1_8085.jpg\" alt=\"Beauty Gummies\">\r\n                        <\/div>\r\n\r\n                        <!-- Contenido de producto  -->\r\n                        <div>\r\n                            <div class=\"product-position\">\r\n                                #1 Top Ventas                            <\/div>\r\n\r\n                            <h2>\r\n                                Beauty Gummies                            <\/h2>\r\n                        <\/div>\r\n\r\n                        <!-- Imagen y\/o nombre de la marca -->\r\n                        <div class=\"brand-image-name\">\r\n                                                            <img decoding=\"async\" class=\"brand-image\" src=\"https:\/\/www.primor.eu\/media\/catalog\/category\/Weider.jpg\" alt=\"\">\r\n                                                    <\/div>\r\n\r\n                        <!-- Puntuaci\u00f3n del producto  -->\r\n                        <div class=\"rating\">\r\n                                                            <div class=\"rate\" style=\"--p:94;\"><\/div>\r\n                                <b>4.7\/5<\/b>\r\n                                <div class=\"rate-stars\">\r\n                                                                            <div\r\n                                            class=\"rate-star  \">\r\n                                        <\/div>\r\n                                                                            <div\r\n                                            class=\"rate-star  \">\r\n                                        <\/div>\r\n                                                                            <div\r\n                                            class=\"rate-star  \">\r\n                                        <\/div>\r\n                                                                            <div\r\n                                            class=\"rate-star  \">\r\n                                        <\/div>\r\n                                                                            <div\r\n                                            class=\"rate-star  \">\r\n                                        <\/div>\r\n                                                                    <\/div>\r\n                                                    <\/div>\r\n\r\n                        <!-- Bot\u00f3n de producto  -->\r\n                        <div>\r\n                            <span class=\"price-claim\">\r\n                                VER PRECIO                            <\/span>\r\n                        <\/div>\r\n                    <\/a>\r\n                                    <a href=\"https:\/\/www.primor.eu\/es_es\/collistar-attivi-puri-hair-mascarilla-vitamina-c-revitalizante-113128.html\" class=\"product-item grid-table-rows\" target=\"_blank\">\r\n                        <div>\r\n                            <img decoding=\"async\" class=\"product-img\" width=\"80px\" height=\"80px\" src=\"https:\/\/cdn2.primor.eu\/media\/catalog\/product\/cache\/8d3aba296f7a18b5251ee30fa5db42b2\/8\/0\/8015150297257_01_35c2.jpg\" alt=\"Attivi Puri Hair Mascarilla Vitamina C Revitalizante\">\r\n                        <\/div>\r\n\r\n                        <!-- Contenido de producto  -->\r\n                        <div>\r\n                            <div class=\"product-position\">\r\n                                #2                            <\/div>\r\n\r\n                            <h2>\r\n                                Attivi Puri Hair Mascarilla Vitamina C Revitalizante                            <\/h2>\r\n                        <\/div>\r\n\r\n                        <!-- Imagen y\/o nombre de la marca -->\r\n                        <div class=\"brand-image-name\">\r\n                                                            <img decoding=\"async\" class=\"brand-image\" src=\"https:\/\/www.primor.eu\/media\/catalog\/category\/collistar.png\" alt=\"\">\r\n                                                    <\/div>\r\n\r\n                        <!-- Puntuaci\u00f3n del producto  -->\r\n                        <div class=\"rating\">\r\n                                                            <p>No hay valoraciones disponibles<\/p>\r\n                                                    <\/div>\r\n\r\n                        <!-- Bot\u00f3n de producto  -->\r\n                        <div>\r\n                            <span class=\"price-claim\">\r\n                                VER PRECIO                            <\/span>\r\n                        <\/div>\r\n                    <\/a>\r\n                                    <a href=\"https:\/\/www.primor.eu\/es_es\/garnier-fructis-mascarilla-vitamin-c-force-hair-bomb-biotina-77748.html\" class=\"product-item grid-table-rows\" target=\"_blank\">\r\n                        <div>\r\n                            <img decoding=\"async\" class=\"product-img\" width=\"80px\" height=\"80px\" src=\"https:\/\/cdn2.primor.eu\/media\/catalog\/product\/cache\/8d3aba296f7a18b5251ee30fa5db42b2\/m\/a\/mascarilla_vitamin_c_force_hair_bomb_biotina_5e21.jpg\" alt=\"Fructis Mascarilla Vitamin C Force Hair Bomb Biotina\">\r\n                        <\/div>\r\n\r\n                        <!-- Contenido de producto  -->\r\n                        <div>\r\n                            <div class=\"product-position\">\r\n                                #3                            <\/div>\r\n\r\n                            <h2>\r\n                                Fructis Mascarilla Vitamin C Force Hair Bomb Biotina                            <\/h2>\r\n                        <\/div>\r\n\r\n                        <!-- Imagen y\/o nombre de la marca -->\r\n                        <div class=\"brand-image-name\">\r\n                                                            <img decoding=\"async\" class=\"brand-image\" src=\"https:\/\/www.primor.eu\/media\/catalog\/category\/Garnier.jpg\" alt=\"\">\r\n                                                    <\/div>\r\n\r\n                        <!-- Puntuaci\u00f3n del producto  -->\r\n                        <div class=\"rating\">\r\n                                                            <div class=\"rate\" style=\"--p:96;\"><\/div>\r\n                                <b>4.8\/5<\/b>\r\n                                <div class=\"rate-stars\">\r\n                                                                            <div\r\n                                            class=\"rate-star  \">\r\n                                        <\/div>\r\n                                                                            <div\r\n                                            class=\"rate-star  \">\r\n                                        <\/div>\r\n                                                                            <div\r\n                                            class=\"rate-star  \">\r\n                                        <\/div>\r\n                                                                            <div\r\n                                            class=\"rate-star  \">\r\n                                        <\/div>\r\n                                                                            <div\r\n                                            class=\"rate-star  \">\r\n                                        <\/div>\r\n                                                                    <\/div>\r\n                                                    <\/div>\r\n\r\n                        <!-- Bot\u00f3n de producto  -->\r\n                        <div>\r\n                            <span class=\"price-claim\">\r\n                                VER PRECIO                            <\/span>\r\n                        <\/div>\r\n                    <\/a>\r\n                                    <a href=\"https:\/\/www.primor.eu\/es_es\/babaria-champu-limon-vitamina-c-146774.html\" class=\"product-item grid-table-rows\" target=\"_blank\">\r\n                        <div>\r\n                            <img decoding=\"async\" class=\"product-img\" width=\"80px\" height=\"80px\" src=\"https:\/\/cdn2.primor.eu\/media\/catalog\/product\/cache\/8d3aba296f7a18b5251ee30fa5db42b2\/C\/a\/Captura_limon_babaria_a8ec.PNG\" alt=\"Champ\u00fa Lim\u00f3n & Vitamina C 380 ml\">\r\n                        <\/div>\r\n\r\n                        <!-- Contenido de producto  -->\r\n                        <div>\r\n                            <div class=\"product-position\">\r\n                                #4                            <\/div>\r\n\r\n                            <h2>\r\n                                Champ\u00fa Lim\u00f3n & Vitamina C 380 ml                            <\/h2>\r\n                        <\/div>\r\n\r\n                        <!-- Imagen y\/o nombre de la marca -->\r\n                        <div class=\"brand-image-name\">\r\n                                                            <img decoding=\"async\" class=\"brand-image\" src=\"https:\/\/cdn2.primor.eu\/media\/catalog\/category\/Babaria.jpg\" alt=\"Babaria\">\r\n                                                    <\/div>\r\n\r\n                        <!-- Puntuaci\u00f3n del producto  -->\r\n                        <div class=\"rating\">\r\n                                                            <div class=\"rate\" style=\"--p:100;\"><\/div>\r\n                                <b>5\/5<\/b>\r\n                                <div class=\"rate-stars\">\r\n                                                                            <div\r\n                                            class=\"rate-star  \">\r\n                                        <\/div>\r\n                                                                            <div\r\n                                            class=\"rate-star  \">\r\n                                        <\/div>\r\n                                                                            <div\r\n                                            class=\"rate-star  \">\r\n                                        <\/div>\r\n                                                                            <div\r\n                                            class=\"rate-star  \">\r\n                                        <\/div>\r\n                                                                            <div\r\n                                            class=\"rate-star  \">\r\n                                        <\/div>\r\n                                                                    <\/div>\r\n                                                    <\/div>\r\n\r\n                        <!-- Bot\u00f3n de producto  -->\r\n                        <div>\r\n                            <span class=\"price-claim\">\r\n                                VER PRECIO                            <\/span>\r\n                        <\/div>\r\n                    <\/a>\r\n                                    <a href=\"https:\/\/www.primor.eu\/es_es\/be-natural-champu-para-cabellos-grises-blueberry-silver-9255.html\" class=\"product-item grid-table-rows\" target=\"_blank\">\r\n                        <div>\r\n                            <img decoding=\"async\" class=\"product-img\" width=\"80px\" height=\"80px\" src=\"https:\/\/cdn2.primor.eu\/media\/catalog\/product\/cache\/8d3aba296f7a18b5251ee30fa5db42b2\/2\/C\/2CC03235_1_d8d5.jpg\" alt=\"Champ\u00fa para cabellos grises Blueberry Silver\">\r\n                        <\/div>\r\n\r\n                        <!-- Contenido de producto  -->\r\n                        <div>\r\n                            <div class=\"product-position\">\r\n                                #5                            <\/div>\r\n\r\n                            <h2>\r\n                                Champ\u00fa para cabellos grises Blueberry Silver                            <\/h2>\r\n                        <\/div>\r\n\r\n                        <!-- Imagen y\/o nombre de la marca -->\r\n                        <div class=\"brand-image-name\">\r\n                                                            <img decoding=\"async\" class=\"brand-image\" src=\"https:\/\/www.primor.eu\/media\/catalog\/category\/Be_Natural.png\" alt=\"\">\r\n                                                    <\/div>\r\n\r\n                        <!-- Puntuaci\u00f3n del producto  -->\r\n                        <div class=\"rating\">\r\n                                                            <div class=\"rate\" style=\"--p:92;\"><\/div>\r\n                                <b>4.6\/5<\/b>\r\n                                <div class=\"rate-stars\">\r\n                                                                            <div\r\n                                            class=\"rate-star  \">\r\n                                        <\/div>\r\n                                                                            <div\r\n                                            class=\"rate-star  \">\r\n                                        <\/div>\r\n                                                                            <div\r\n                                            class=\"rate-star  \">\r\n                                        <\/div>\r\n                                                                            <div\r\n                                            class=\"rate-star  \">\r\n                                        <\/div>\r\n                                                                            <div\r\n                                            class=\"rate-star  \">\r\n                                        <\/div>\r\n                                                                    <\/div>\r\n                                                    <\/div>\r\n\r\n                        <!-- Bot\u00f3n de producto  -->\r\n                        <div>\r\n                            <span class=\"price-claim\">\r\n                                VER PRECIO                            <\/span>\r\n                        <\/div>\r\n                    <\/a>\r\n                            <\/product-list>\r\n        <\/product-table>\r\n\r\n        \n\n\n\n<h3 class=\"wp-block-heading\">Weider Beauty Gummies<\/h3>\n\n\n\n<p class=\"wp-block-paragraph\">Beauty Gummies de Weider plantean la vitamina C desde un enfoque diferente: no como cosm\u00e9tico capilar, sino como complemento alimenticio para cabello, piel y u\u00f1as. Su f\u00f3rmula combina vitamina C con una dosis elevada de biotina, adem\u00e1s de zinc, col\u00e1geno hidrolizado, \u00e1cido hialur\u00f3nico y coenzima Q10. La vitamina C contribuye a la formaci\u00f3n normal de col\u00e1geno y, junto al zinc, participa en la protecci\u00f3n de las c\u00e9lulas frente al estr\u00e9s oxidativo.<\/p>\n\n\n\n<p class=\"wp-block-paragraph\">En lo que respecta espec\u00edficamente al pelo, son sobre todo la biotina y el zinc los nutrientes de la f\u00f3rmula relacionados con el mantenimiento normal del cabello. Las escoger\u00eda para quien busca complementar su alimentaci\u00f3n con un producto que englobe cabello, u\u00f1as y piel, teniendo en cuenta que los suplementos no sustituyen una dieta equilibrada ni funcionan como tratamiento directo de problemas de ca\u00edda capilar.<\/p>\n\n\n    <a class='product' target='_blank' href='https:\/\/www.primor.eu\/es_es\/weider-beauty-gummies-5540.html'>\r\n        <img loading='async' src='https:\/\/cdn2.primor.eu\/media\/catalog\/product\/cache\/8d3aba296f7a18b5251ee30fa5db42b2\/6\/X\/6XS14327_1_8085.jpg' alt='COMPRAR AHORA'>\r\n            <div class=\"claim\">\r\n                COMPRAR AHORA            <\/div>\r\n        <\/a>\r\n    \n\n\n<h3 class=\"wp-block-heading\">Collistar Attivi Puri Hair Mascarilla Vitamina C Revitalizante<\/h3>\n\n\n\n<p class=\"wp-block-paragraph\">Si tienes el cabello te\u00f1ido, apagado o falto de luminosidad, esta mascarilla de Collistar utiliza la vitamina C precisamente con un enfoque revitalizante. Est\u00e1 formulada para ayudar a mantener la intensidad del color y potenciar el brillo, al mismo tiempo que acondiciona y desenreda el cabello y ayuda a sellar la cut\u00edcula para conseguir un acabado m\u00e1s suave y pulido.<\/p>\n\n\n\n<p class=\"wp-block-paragraph\">La f\u00f3rmula combina la vitamina C con extracto de flores de gordolobo, utilizado para ayudar a proteger el cabello frente a la radiaci\u00f3n UV y potenciar su luminosidad. Me parece especialmente interesante despu\u00e9s de una coloraci\u00f3n o durante \u00e9pocas de mucha exposici\u00f3n solar, cuando el tono puede empezar a perder viveza. Una mascarilla pensada para conseguir un cabello m\u00e1s brillante, sedoso y con un color visualmente m\u00e1s luminoso.<\/p>\n\n\n    <a class='product' target='_blank' href='https:\/\/www.primor.eu\/es_es\/collistar-attivi-puri-hair-mascarilla-vitamina-c-revitalizante-113128.html'>\r\n        <img loading='async' src='https:\/\/cdn2.primor.eu\/media\/catalog\/product\/cache\/8d3aba296f7a18b5251ee30fa5db42b2\/8\/0\/8015150297257_01_35c2.jpg' alt='COMPRAR AHORA'>\r\n            <div class=\"claim\">\r\n                COMPRAR AHORA            <\/div>\r\n        <\/a>\r\n    \n\n\n<h3 class=\"wp-block-heading\">Garnier Fructis Vitamin C Force Hair Bomb Biotina<\/h3>\n\n\n\n<p class=\"wp-block-paragraph\">Vitamin C Force Hair Bomb de Garnier Fructis se dirige especialmente al cabello fr\u00e1gil y con tendencia a la ca\u00edda asociada a la rotura. Su f\u00f3rmula contiene un 19 % de complejo fortalecedor con biotina y un derivado de vitamina C, acompa\u00f1ado de naranja roja, y est\u00e1 pensada para mejorar la resistencia de una fibra debilitada.<\/p>\n\n\n\n<p class=\"wp-block-paragraph\">Al tratarse de una mascarilla, resulta especialmente \u00fatil para proporcionar ese cuidado intensivo que puede necesitar un cabello que se rompe con facilidad durante el cepillado. La escoger\u00eda si, adem\u00e1s de buscar los beneficios antioxidantes asociados a la vitamina C, tu prioridad es conseguir una melena que se sienta m\u00e1s resistente, acondicionada y protegida frente a la rotura.<\/p>\n\n\n    <a class='product' target='_blank' href='https:\/\/www.primor.eu\/es_es\/garnier-fructis-mascarilla-vitamin-c-force-hair-bomb-biotina-77748.html'>\r\n        <img loading='async' src='https:\/\/cdn2.primor.eu\/media\/catalog\/product\/cache\/8d3aba296f7a18b5251ee30fa5db42b2\/m\/a\/mascarilla_vitamin_c_force_hair_bomb_biotina_5e21.jpg' alt='COMPRAR AHORA'>\r\n            <div class=\"claim\">\r\n                COMPRAR AHORA            <\/div>\r\n        <\/a>\r\n    \n\n\n<h3 class=\"wp-block-heading\">Babaria Champ\u00fa Lim\u00f3n &amp; Vitamina C<\/h3>\n\n\n\n<p class=\"wp-block-paragraph\">Champ\u00fa Lim\u00f3n &amp; Vitamina C de Babaria es la alternativa m\u00e1s sencilla de la selecci\u00f3n para incorporar este ingrediente durante el lavado. Est\u00e1 especialmente orientado a cabellos apagados, con falta de brillo o que tienden a sentirse pesados, combinando la vitamina C con el lim\u00f3n para proporcionar una limpieza fresca y una apariencia m\u00e1s luminosa.<\/p>\n\n\n\n<p class=\"wp-block-paragraph\">No lo plantear\u00eda como un tratamiento intensivo de vitamina C, sino como un champ\u00fa de uso habitual para quienes priorizan limpieza, ligereza y brillo. Puede resultar especialmente apetecible cuando las ra\u00edces necesitan una buena sensaci\u00f3n de frescor y no quieres recurrir a f\u00f3rmulas capilares demasiado nutritivas que puedan restar movimiento a la melena.<\/p>\n\n\n    <a class='product' target='_blank' href='https:\/\/www.primor.eu\/es_es\/babaria-champu-limon-vitamina-c-146774.html'>\r\n        <img loading='async' src='https:\/\/cdn2.primor.eu\/media\/catalog\/product\/cache\/8d3aba296f7a18b5251ee30fa5db42b2\/C\/a\/Captura_limon_babaria_a8ec.PNG' alt='COMPRAR AHORA'>\r\n            <div class=\"claim\">\r\n                COMPRAR AHORA            <\/div>\r\n        <\/a>\r\n    \n\n\n<h3 class=\"wp-block-heading\">Be Natural Blueberry Silver Shampoo<\/h3>\n\n\n\n<p class=\"wp-block-paragraph\">Blueberry Silver de Be Natural combina el poder antioxidante de los ar\u00e1ndanos con una funci\u00f3n muy concreta: mantener bonitos los cabellos blancos, grises, rubios muy claros o platinados. Su pigmentaci\u00f3n azul ayuda a contrarrestar visualmente los reflejos amarillentos que pueden aparecer por la oxidaci\u00f3n, la exposici\u00f3n solar y otros factores externos.<\/p>\n\n\n\n<p class=\"wp-block-paragraph\">El ar\u00e1ndano aporta naturalmente vitamina C, vitamina A, vitaminas del grupo B y antocianinas, componentes con actividad antioxidante. Su inter\u00e9s principal, sin embargo, est\u00e1 en combinar ese cuidado con la neutralizaci\u00f3n del tono para conseguir un cabello m\u00e1s brillante y visualmente m\u00e1s fr\u00edo. Lo elegir\u00eda para mantener un rubio o gris luminoso y reducir la apariencia de reflejos amarillos indeseados<\/p>\n\n\n    <a class='product' target='_blank' href='https:\/\/www.primor.eu\/es_es\/be-natural-champu-para-cabellos-grises-blueberry-silver-9255.html'>\r\n        <img loading='async' src='https:\/\/cdn2.primor.eu\/media\/catalog\/product\/cache\/8d3aba296f7a18b5251ee30fa5db42b2\/2\/C\/2CC03235_1_d8d5.jpg' alt='COMPRAR AHORA'>\r\n            <div class=\"claim\">\r\n                COMPRAR AHORA            <\/div>\r\n        <\/a>\r\n    \n\n<div class=\"kk-star-ratings kksr-auto kksr-align-center kksr-valign-bottom\"\n    data-payload='{&quot;align&quot;:&quot;center&quot;,&quot;id&quot;:&quot;147076&quot;,&quot;slug&quot;:&quot;default&quot;,&quot;valign&quot;:&quot;bottom&quot;,&quot;ignore&quot;:&quot;&quot;,&quot;reference&quot;:&quot;auto&quot;,&quot;class&quot;:&quot;&quot;,&quot;count&quot;:&quot;0&quot;,&quot;legendonly&quot;:&quot;&quot;,&quot;readonly&quot;:&quot;&quot;,&quot;score&quot;:&quot;0&quot;,&quot;starsonly&quot;:&quot;&quot;,&quot;best&quot;:&quot;5&quot;,&quot;gap&quot;:&quot;5&quot;,&quot;greet&quot;:&quot;Valora este art\u00edculo&quot;,&quot;legend&quot;:&quot;0\\\/5 - (0 votos)&quot;,&quot;size&quot;:&quot;24&quot;,&quot;title&quot;:&quot;Los 5 mejores productos con vitamina C para tu cabello&quot;,&quot;width&quot;:&quot;0&quot;,&quot;_legend&quot;:&quot;{score}\\\/{best} - ({count} {votes})&quot;,&quot;font_factor&quot;:&quot;1.25&quot;}'>\n            \n<div class=\"kksr-stars\">\n    \n<div class=\"kksr-stars-inactive\">\n            <div class=\"kksr-star\" data-star=\"1\" style=\"padding-right: 5px\">\n            \n\n<div class=\"kksr-icon\" style=\"width: 24px; height: 24px;\"><\/div>\n        <\/div>\n            <div class=\"kksr-star\" data-star=\"2\" style=\"padding-right: 5px\">\n            \n\n<div class=\"kksr-icon\" style=\"width: 24px; height: 24px;\"><\/div>\n        <\/div>\n            <div class=\"kksr-star\" data-star=\"3\" style=\"padding-right: 5px\">\n            \n\n<div class=\"kksr-icon\" style=\"width: 24px; height: 24px;\"><\/div>\n        <\/div>\n            <div class=\"kksr-star\" data-star=\"4\" style=\"padding-right: 5px\">\n            \n\n<div class=\"kksr-icon\" style=\"width: 24px; height: 24px;\"><\/div>\n        <\/div>\n            <div class=\"kksr-star\" data-star=\"5\" style=\"padding-right: 5px\">\n            \n\n<div class=\"kksr-icon\" style=\"width: 24px; height: 24px;\"><\/div>\n        <\/div>\n    <\/div>\n    \n<div class=\"kksr-stars-active\" style=\"width: 0px;\">\n            <div class=\"kksr-star\" style=\"padding-right: 5px\">\n            \n\n<div class=\"kksr-icon\" style=\"width: 24px; height: 24px;\"><\/div>\n        <\/div>\n            <div class=\"kksr-star\" style=\"padding-right: 5px\">\n            \n\n<div class=\"kksr-icon\" style=\"width: 24px; height: 24px;\"><\/div>\n        <\/div>\n            <div class=\"kksr-star\" style=\"padding-right: 5px\">\n            \n\n<div class=\"kksr-icon\" style=\"width: 24px; height: 24px;\"><\/div>\n        <\/div>\n            <div class=\"kksr-star\" style=\"padding-right: 5px\">\n            \n\n<div class=\"kksr-icon\" style=\"width: 24px; height: 24px;\"><\/div>\n        <\/div>\n            <div class=\"kksr-star\" style=\"padding-right: 5px\">\n            \n\n<div class=\"kksr-icon\" style=\"width: 24px; height: 24px;\"><\/div>\n        <\/div>\n    <\/div>\n<\/div>\n                \n\n<div class=\"kksr-legend\" style=\"font-size: 19.2px;\">\n            <span class=\"kksr-muted\">Valora este art\u00edculo<\/span>\n    <\/div>\n    <\/div>\n","protected":false},"excerpt":{"rendered":"<p>Tu pelo es una de las partes m\u00e1s importantes de tu f\u00edsico y es que todo cambia cuando no se encuentra en buen estado. Son muchos factores los que le afectan directamente, desde externos como puede ser la contaminaci\u00f3n, hasta internos como el estr\u00e9s o la alimentaci\u00f3n. Por eso los productos con vitamina C para [&hellip;]<\/p>\n","protected":false},"author":14,"featured_media":147082,"comment_status":"closed","ping_status":"closed","sticky":false,"template":"","format":"standard","meta":{"jnews-multi-image_gallery":[],"jnews_single_post":{"format":"standard"},"jnews_primary_category":[],"jnews_social_meta":[],"jnews_override_counter":[],"footnotes":""},"categories":[35],"tags":[],"class_list":["post-147076","post","type-post","status-publish","format-standard","has-post-thumbnail","hentry","category-cabello"],"_links":{"self":[{"href":"https:\/\/www.primor.eu\/blog\/wp-json\/wp\/v2\/posts\/147076","targetHints":{"allow":["GET"]}}],"collection":[{"href":"https:\/\/www.primor.eu\/blog\/wp-json\/wp\/v2\/posts"}],"about":[{"href":"https:\/\/www.primor.eu\/blog\/wp-json\/wp\/v2\/types\/post"}],"author":[{"embeddable":true,"href":"https:\/\/www.primor.eu\/blog\/wp-json\/wp\/v2\/users\/14"}],"replies":[{"embeddable":true,"href":"https:\/\/www.primor.eu\/blog\/wp-json\/wp\/v2\/comments?post=147076"}],"version-history":[{"count":1,"href":"https:\/\/www.primor.eu\/blog\/wp-json\/wp\/v2\/posts\/147076\/revisions"}],"predecessor-version":[{"id":147083,"href":"https:\/\/www.primor.eu\/blog\/wp-json\/wp\/v2\/posts\/147076\/revisions\/147083"}],"wp:featuredmedia":[{"embeddable":true,"href":"https:\/\/www.primor.eu\/blog\/wp-json\/wp\/v2\/media\/147082"}],"wp:attachment":[{"href":"https:\/\/www.primor.eu\/blog\/wp-json\/wp\/v2\/media?parent=147076"}],"wp:term":[{"taxonomy":"category","embeddable":true,"href":"https:\/\/www.primor.eu\/blog\/wp-json\/wp\/v2\/categories?post=147076"},{"taxonomy":"post_tag","embeddable":true,"href":"https:\/\/www.primor.eu\/blog\/wp-json\/wp\/v2\/tags?post=147076"}],"curies":[{"name":"wp","href":"https:\/\/api.w.org\/{rel}","templated":true}]}}