{"id":147073,"date":"2026-09-03T08:10:18","date_gmt":"2026-09-03T08:10:18","guid":{"rendered":"https:\/\/www.primor.eu\/blog\/?p=147073"},"modified":"2026-08-27T08:17:17","modified_gmt":"2026-08-27T08:17:17","slug":"combinar-maquillaje-labios-rojos","status":"publish","type":"post","link":"https:\/\/www.primor.eu\/blog\/combinar-maquillaje-labios-rojos\/","title":{"rendered":"Saca todo el partido a tu maquillaje: c\u00f3mo combinarlo con unos labios rojos"},"content":{"rendered":"\n<p class=\"wp-block-paragraph\">El <strong>labial rojo<\/strong> siempre cambia todo nuestro maquillaje. Puedes llevar la piel pr\u00e1cticamente desnuda, un poco de m\u00e1scara de pesta\u00f1as y las <a href=\"https:\/\/www.primor.eu\/blog\/como-recortar-cejas\/\">cejas peinadas,<\/a> a\u00f1adir unos <a href=\"https:\/\/www.primor.eu\/blog\/pintalabios-rojos\/\">labios rojos<\/a> y, de repente, parece que detr\u00e1s del look hab\u00eda much\u00edsimo m\u00e1s esfuerzo. Probablemente por eso sigue funcionando a\u00f1o tras a\u00f1o: es <strong>cl\u00e1sico<\/strong>, <strong>favorecedor<\/strong> y tiene esa capacidad de convertir el maquillaje m\u00e1s sencillo en algo especial en cuesti\u00f3n de segundos.<\/p>\n\n\n\n<p class=\"wp-block-paragraph\">El <strong>problema<\/strong> llega cuando tenemos que decidir qu\u00e9 hacer con el resto de la cara. \u00bfColorete rosa o melocot\u00f3n? \u00bfSombras neutras? \u00bfPodemos llevar <a href=\"https:\/\/www.primor.eu\/blog\/maquillaje-ojos-ahumados\/\"><em>smokey eye<\/em><\/a> o estaremos intentando meter todos nuestros productos favoritos en el mismo maquillaje? La buena noticia es que los labios rojos admiten muchas m\u00e1s combinaciones de las que imaginamos. De hecho, firmas como <strong>Maybelline<\/strong> tienen claro que, \u201cen una versi\u00f3n formal o informal, el labial rojo es audaz, sexy y siempre luce fabuloso. Ya sea que se trate de un labial rojo brillante, rojo oscuro o rojo cereza, si lo usas, puedes omitir cualquier otro maquillaje.<\/p>\n\n\n\n<h2 class=\"wp-block-heading\">C\u00f3mo escoger el mejor labial rojo<\/h2>\n\n\n\n<p class=\"wp-block-paragraph\">El <strong>L\u2019Or\u00e9al<\/strong> tienen claro que un labial rojo es como el peque\u00f1o vestido negro del maquillaje de labios, en el sentido de que toda mujer deber\u00eda tener al menos uno que le haga sentirse segura de s\u00ed misma. \u201cLos looks con labial rojo son cl\u00e1sicos y atemporales, y el color combina bien con casi todo. Permiten vestir los vaqueros y las camisetas m\u00e1s informales, transformar un look sin maquillaje en un look glamuroso con una sola pasada y a\u00f1adir f\u00e1cilmente un toque de color a looks que podr\u00edan parecer planos en un entorno virtual\u201d.<\/p>\n\n\n\n<p class=\"wp-block-paragraph\">Sin embargo, no todos los tonos son iguales. \u201cComo cualquier color de labial, tienes que tener <strong>en cuenta tu tono de piel<\/strong>, tus <strong>subtonos<\/strong> y los <strong>tonos del producto<\/strong>. As\u00ed que es comprensible por qu\u00e9 encontrar el mejor para uno mismo puede ser complicado\u201d.<\/p>\n\n\n\n<h2 class=\"wp-block-heading\">C\u00f3mo me maquillo si llevo los labios rojos<\/h2>\n\n\n\n<h3 class=\"wp-block-heading\">Menos es m\u00e1s<\/h3>\n\n\n\n<p class=\"wp-block-paragraph\">Cuando queremos que los labios sean protagonistas, una base ligera, skin tint o simplemente corrector en puntos estrat\u00e9gicos te ayudar\u00e1 a conseguir un resultado mucho m\u00e1s fresco.&nbsp;<\/p>\n\n\n\n<h3 class=\"wp-block-heading\">Cuidado con el colorete<\/h3>\n\n\n\n<p class=\"wp-block-paragraph\">Aqu\u00ed es donde resulta bastante f\u00e1cil pasarse. De hecho, Maybelline, recomienda un rubor neutro para acompa\u00f1ar unos labios rojos cuando buscamos un acabado natural. \u201cUn rojo anaranjado puede quedar precioso junto a un melocot\u00f3n o terracota suave. Con un rojo cereza fr\u00edo puedes probar rosas o malvas muy ligeros\u201d.<\/p>\n\n\n\n<h3 class=\"wp-block-heading\">M\u00e1scara de pesta\u00f1as y labios rojos<\/h3>\n\n\n\n<p class=\"wp-block-paragraph\">Para m\u00ed es lo m\u00e1s sencillo. No pasa de moda y siempre se ve elegante. No se le puede pedir nada m\u00e1s.<\/p>\n\n\n\n<h3 class=\"wp-block-heading\">Eyeliner negro para un cl\u00e1sico<\/h3>\n\n\n\n<p class=\"wp-block-paragraph\">Pocas combinaciones funcionan tan bien como piel limpia, eyeliner negro y labios rojos. Eso s\u00ed, intenta que sea sencillo y que no sea muy grueso.<\/p>\n\n\n\n<h3 class=\"wp-block-heading\">Sombras con labios rojos<\/h3>\n\n\n\n<p class=\"wp-block-paragraph\">S\u00ed, puedes llevarlos. L\u2019Or\u00e9al recomienda los tonos bronce si quieres a\u00f1adir intensidad sin introducir un color que compita demasiado con los labios. Adem\u00e1s, puedes utilizar tambi\u00e9n tu <a href=\"https:\/\/www.primor.eu\/blog\/colorimetria\/\">colorimetr\u00eda<\/a>: cobres y dorados pueden resultar especialmente arm\u00f3nicos con subtonos c\u00e1lidos, mientras que plateados, grises y determinados tonos joya pueden funcionar con subtonos fr\u00edos.<\/p>\n\n\n<div class=\"kk-star-ratings kksr-auto kksr-align-center kksr-valign-bottom\"\n    data-payload='{&quot;align&quot;:&quot;center&quot;,&quot;id&quot;:&quot;147073&quot;,&quot;slug&quot;:&quot;default&quot;,&quot;valign&quot;:&quot;bottom&quot;,&quot;ignore&quot;:&quot;&quot;,&quot;reference&quot;:&quot;auto&quot;,&quot;class&quot;:&quot;&quot;,&quot;count&quot;:&quot;0&quot;,&quot;legendonly&quot;:&quot;&quot;,&quot;readonly&quot;:&quot;&quot;,&quot;score&quot;:&quot;0&quot;,&quot;starsonly&quot;:&quot;&quot;,&quot;best&quot;:&quot;5&quot;,&quot;gap&quot;:&quot;5&quot;,&quot;greet&quot;:&quot;Valora este art\u00edculo&quot;,&quot;legend&quot;:&quot;0\\\/5 - (0 votos)&quot;,&quot;size&quot;:&quot;24&quot;,&quot;title&quot;:&quot;Saca todo el partido a tu maquillaje: c\u00f3mo combinarlo con unos labios rojos&quot;,&quot;width&quot;:&quot;0&quot;,&quot;_legend&quot;:&quot;{score}\\\/{best} - ({count} {votes})&quot;,&quot;font_factor&quot;:&quot;1.25&quot;}'>\n            \n<div class=\"kksr-stars\">\n    \n<div class=\"kksr-stars-inactive\">\n            <div class=\"kksr-star\" data-star=\"1\" style=\"padding-right: 5px\">\n            \n\n<div class=\"kksr-icon\" style=\"width: 24px; height: 24px;\"><\/div>\n        <\/div>\n            <div class=\"kksr-star\" data-star=\"2\" style=\"padding-right: 5px\">\n            \n\n<div class=\"kksr-icon\" style=\"width: 24px; height: 24px;\"><\/div>\n        <\/div>\n            <div class=\"kksr-star\" data-star=\"3\" style=\"padding-right: 5px\">\n            \n\n<div class=\"kksr-icon\" style=\"width: 24px; height: 24px;\"><\/div>\n        <\/div>\n            <div class=\"kksr-star\" data-star=\"4\" style=\"padding-right: 5px\">\n            \n\n<div class=\"kksr-icon\" style=\"width: 24px; height: 24px;\"><\/div>\n        <\/div>\n            <div class=\"kksr-star\" data-star=\"5\" style=\"padding-right: 5px\">\n            \n\n<div class=\"kksr-icon\" style=\"width: 24px; height: 24px;\"><\/div>\n        <\/div>\n    <\/div>\n    \n<div class=\"kksr-stars-active\" style=\"width: 0px;\">\n            <div class=\"kksr-star\" style=\"padding-right: 5px\">\n            \n\n<div class=\"kksr-icon\" style=\"width: 24px; height: 24px;\"><\/div>\n        <\/div>\n            <div class=\"kksr-star\" style=\"padding-right: 5px\">\n            \n\n<div class=\"kksr-icon\" style=\"width: 24px; height: 24px;\"><\/div>\n        <\/div>\n            <div class=\"kksr-star\" style=\"padding-right: 5px\">\n            \n\n<div class=\"kksr-icon\" style=\"width: 24px; height: 24px;\"><\/div>\n        <\/div>\n            <div class=\"kksr-star\" style=\"padding-right: 5px\">\n            \n\n<div class=\"kksr-icon\" style=\"width: 24px; height: 24px;\"><\/div>\n        <\/div>\n            <div class=\"kksr-star\" style=\"padding-right: 5px\">\n            \n\n<div class=\"kksr-icon\" style=\"width: 24px; height: 24px;\"><\/div>\n        <\/div>\n    <\/div>\n<\/div>\n                \n\n<div class=\"kksr-legend\" style=\"font-size: 19.2px;\">\n            <span class=\"kksr-muted\">Valora este art\u00edculo<\/span>\n    <\/div>\n    <\/div>\n","protected":false},"excerpt":{"rendered":"<p>El labial rojo siempre cambia todo nuestro maquillaje. Puedes llevar la piel pr\u00e1cticamente desnuda, un poco de m\u00e1scara de pesta\u00f1as y las cejas peinadas, a\u00f1adir unos labios rojos y, de repente, parece que detr\u00e1s del look hab\u00eda much\u00edsimo m\u00e1s esfuerzo. Probablemente por eso sigue funcionando a\u00f1o tras a\u00f1o: es cl\u00e1sico, favorecedor y tiene esa capacidad [&hellip;]<\/p>\n","protected":false},"author":14,"featured_media":147079,"comment_status":"closed","ping_status":"closed","sticky":false,"template":"","format":"standard","meta":{"jnews-multi-image_gallery":[],"jnews_single_post":{"format":"standard"},"jnews_primary_category":[],"jnews_social_meta":[],"jnews_override_counter":[],"footnotes":""},"categories":[41],"tags":[],"class_list":["post-147073","post","type-post","status-publish","format-standard","has-post-thumbnail","hentry","category-maquillaje"],"_links":{"self":[{"href":"https:\/\/www.primor.eu\/blog\/wp-json\/wp\/v2\/posts\/147073","targetHints":{"allow":["GET"]}}],"collection":[{"href":"https:\/\/www.primor.eu\/blog\/wp-json\/wp\/v2\/posts"}],"about":[{"href":"https:\/\/www.primor.eu\/blog\/wp-json\/wp\/v2\/types\/post"}],"author":[{"embeddable":true,"href":"https:\/\/www.primor.eu\/blog\/wp-json\/wp\/v2\/users\/14"}],"replies":[{"embeddable":true,"href":"https:\/\/www.primor.eu\/blog\/wp-json\/wp\/v2\/comments?post=147073"}],"version-history":[{"count":1,"href":"https:\/\/www.primor.eu\/blog\/wp-json\/wp\/v2\/posts\/147073\/revisions"}],"predecessor-version":[{"id":147086,"href":"https:\/\/www.primor.eu\/blog\/wp-json\/wp\/v2\/posts\/147073\/revisions\/147086"}],"wp:featuredmedia":[{"embeddable":true,"href":"https:\/\/www.primor.eu\/blog\/wp-json\/wp\/v2\/media\/147079"}],"wp:attachment":[{"href":"https:\/\/www.primor.eu\/blog\/wp-json\/wp\/v2\/media?parent=147073"}],"wp:term":[{"taxonomy":"category","embeddable":true,"href":"https:\/\/www.primor.eu\/blog\/wp-json\/wp\/v2\/categories?post=147073"},{"taxonomy":"post_tag","embeddable":true,"href":"https:\/\/www.primor.eu\/blog\/wp-json\/wp\/v2\/tags?post=147073"}],"curies":[{"name":"wp","href":"https:\/\/api.w.org\/{rel}","templated":true}]}}