{"id":147060,"date":"2026-09-01T14:22:41","date_gmt":"2026-09-01T14:22:41","guid":{"rendered":"https:\/\/www.primor.eu\/blog\/?p=147060"},"modified":"2026-08-26T14:23:46","modified_gmt":"2026-08-26T14:23:46","slug":"colorimetria","status":"publish","type":"post","link":"https:\/\/www.primor.eu\/blog\/colorimetria\/","title":{"rendered":"\u00bfQu\u00e9 es la colorimetr\u00eda y por qu\u00e9 deber\u00edas tenerla en cuenta?"},"content":{"rendered":"\n<p class=\"wp-block-paragraph\">Has o\u00eddo hablar de ella en TikTok o redes sociales. Desde hace unos a\u00f1os, la <strong>colorimetr\u00eda<\/strong> se ha convertido en el centro de todas las recomendaciones. No es para menos. Hay personas que consiguen que todo lo que llevan les funcione. Necesitan <a href=\"https:\/\/www.primor.eu\/blog\/maquillaje-no-makeup-ir-maquillada-sin-parecerlo\/\">poco maquillaje<\/a> y la piel se le ve estupenda. Esa es una persona que ha utilizado bien <strong>la colorimetr\u00eda en su maquillaje.<\/strong> Es la <strong>herramienta<\/strong> favorita de los estilistas y coloristas m\u00e1s famosos y aunque no es demasiado sencillo aprender a identificarla, s\u00ed que puede ayudarte m\u00e1s de lo que imaginas. En el blog de Primor te contamos c\u00f3mo hacerlo paso a paso con ayuda de la revista Instyle. \u00bfLista para conocer todo lo que debes saber sobre tu maquillaje y facilitarte la vida?<\/p>\n\n\n\n<h2 class=\"wp-block-heading\">Qu\u00e9 es la colorimetr\u00eda<\/h2>\n\n\n\n<p class=\"wp-block-paragraph\">Como explican en la revista Instyle, la <strong>colorimetr\u00eda <\/strong>es una <strong>t\u00e9cnica<\/strong> utilizada en la industria de la moda, el maquillaje, la dermatolog\u00eda y otras \u00e1reas relacionadas para determinar los <strong>colores que mejor complementan<\/strong> el tono de piel de una persona. \u201cEsta t\u00e9cnica implica identificar el<strong> tono de piel <\/strong>de una persona, as\u00ed como su <strong>subtono<\/strong>, a trav\u00e9s de la <strong>observaci\u00f3n<\/strong> y <strong>comparaci\u00f3n<\/strong> con una serie de colores est\u00e1ndar. Una vez tenemos esta informaci\u00f3n, se pueden recomendar <strong>tonos de ropa, maquillaje y accesorios<\/strong> que resalten la apariencia de la persona y complementen su tono de piel de manera favorable\u201d.&nbsp;<\/p>\n\n\n\n<p class=\"wp-block-paragraph\">Por otro lado, \u201cla colorimetr\u00eda de la piel tambi\u00e9n contribuye a <strong>camuflar imperfecciones<\/strong>, como manchas o decoloraciones, utilizando correctores o bases que se adapten mejor al tono y subtono de la piel de cada individuo. Por tanto, es una herramienta \u00fatil para <strong>personalizar<\/strong> y <strong>mejorar la apariencia est\u00e9tica <\/strong>de una persona teniendo en cuenta sus caracter\u00edsticas \u00fanicas\u201d.<\/p>\n\n\n\n<h2 class=\"wp-block-heading\">C\u00f3mo saber cu\u00e1l es mi colorimetr\u00eda: el truco de los colores<\/h2>\n\n\n\n<p class=\"wp-block-paragraph\">Los expertos coinciden en que la mejor forma de averiguarlo es a trav\u00e9s del <strong>truco de los colores<\/strong>. Prueba colocando diferentes telas de colores alrededor de tu cara y observa c\u00f3mo afectan a tu tez. Los colores que te favorecen resaltar\u00e1n tu piel y har\u00e1n que tus ojos brillen, mientras que los colores que no te favorecen pueden hacer que tu piel parezca opaca o que los rasgos faciales no se destaquen. No obstante, tambi\u00e9n es importante:<\/p>\n\n\n\n<ul class=\"wp-block-list\">\n<li><strong>Mira tu tono de piel<\/strong> bajo luz natural y observa si tiene tonos c\u00e1lidos o fr\u00edos. Las personas con tonos c\u00e1lidos tienden a tener tonos dorados o melocot\u00f3n en su piel, mientras que las personas con tonos fr\u00edos tienden a tener tonos rosados o azulados.<\/li>\n\n\n\n<li><strong>Color de tus ojos y cabello<\/strong> tambi\u00e9n puede darte pistas sobre tu estaci\u00f3n de color. Por ejemplo, las personas con ojos y cabello m\u00e1s oscuros a menudo se inclinan hacia los tonos de invierno u oto\u00f1o, mientras que las personas con ojos y cabello m\u00e1s claros pueden inclinarse hacia tonos de primavera o verano.<\/li>\n\n\n\n<li>Adem\u00e1s del tono de tu piel, tambi\u00e9n es importante <strong>ten en cuenta el nivel de contraste <\/strong>entre tu cabello, piel y ojos. Algunas personas tienen un contraste alto (por ejemplo, cabello oscuro y piel clara), mientras que otras tienen un contraste m\u00e1s bajo (por ejemplo, cabello y piel claros). Esto puede influir en los tonos que te favorecen m\u00e1s.<\/li>\n\n\n\n<li><strong>Busca consejo profesional.<\/strong> Es la mejor opci\u00f3n si sientes que tienes dificultades para determinar tu estaci\u00f3n de color por tu cuenta. Ellos pueden ofrecerte una evaluaci\u00f3n m\u00e1s precisa y recomendaciones personalizadas.<\/li>\n<\/ul>\n\n\n<div class=\"kk-star-ratings kksr-auto kksr-align-center kksr-valign-bottom\"\n    data-payload='{&quot;align&quot;:&quot;center&quot;,&quot;id&quot;:&quot;147060&quot;,&quot;slug&quot;:&quot;default&quot;,&quot;valign&quot;:&quot;bottom&quot;,&quot;ignore&quot;:&quot;&quot;,&quot;reference&quot;:&quot;auto&quot;,&quot;class&quot;:&quot;&quot;,&quot;count&quot;:&quot;0&quot;,&quot;legendonly&quot;:&quot;&quot;,&quot;readonly&quot;:&quot;&quot;,&quot;score&quot;:&quot;0&quot;,&quot;starsonly&quot;:&quot;&quot;,&quot;best&quot;:&quot;5&quot;,&quot;gap&quot;:&quot;5&quot;,&quot;greet&quot;:&quot;Valora este art\u00edculo&quot;,&quot;legend&quot;:&quot;0\\\/5 - (0 votos)&quot;,&quot;size&quot;:&quot;24&quot;,&quot;title&quot;:&quot;\u00bfQu\u00e9 es la colorimetr\u00eda y por qu\u00e9 deber\u00edas tenerla en cuenta?&quot;,&quot;width&quot;:&quot;0&quot;,&quot;_legend&quot;:&quot;{score}\\\/{best} - ({count} {votes})&quot;,&quot;font_factor&quot;:&quot;1.25&quot;}'>\n            \n<div class=\"kksr-stars\">\n    \n<div class=\"kksr-stars-inactive\">\n            <div class=\"kksr-star\" data-star=\"1\" style=\"padding-right: 5px\">\n            \n\n<div class=\"kksr-icon\" style=\"width: 24px; height: 24px;\"><\/div>\n        <\/div>\n            <div class=\"kksr-star\" data-star=\"2\" style=\"padding-right: 5px\">\n            \n\n<div class=\"kksr-icon\" style=\"width: 24px; height: 24px;\"><\/div>\n        <\/div>\n            <div class=\"kksr-star\" data-star=\"3\" style=\"padding-right: 5px\">\n            \n\n<div class=\"kksr-icon\" style=\"width: 24px; height: 24px;\"><\/div>\n        <\/div>\n            <div class=\"kksr-star\" data-star=\"4\" style=\"padding-right: 5px\">\n            \n\n<div class=\"kksr-icon\" style=\"width: 24px; height: 24px;\"><\/div>\n        <\/div>\n            <div class=\"kksr-star\" data-star=\"5\" style=\"padding-right: 5px\">\n            \n\n<div class=\"kksr-icon\" style=\"width: 24px; height: 24px;\"><\/div>\n        <\/div>\n    <\/div>\n    \n<div class=\"kksr-stars-active\" style=\"width: 0px;\">\n            <div class=\"kksr-star\" style=\"padding-right: 5px\">\n            \n\n<div class=\"kksr-icon\" style=\"width: 24px; height: 24px;\"><\/div>\n        <\/div>\n            <div class=\"kksr-star\" style=\"padding-right: 5px\">\n            \n\n<div class=\"kksr-icon\" style=\"width: 24px; height: 24px;\"><\/div>\n        <\/div>\n            <div class=\"kksr-star\" style=\"padding-right: 5px\">\n            \n\n<div class=\"kksr-icon\" style=\"width: 24px; height: 24px;\"><\/div>\n        <\/div>\n            <div class=\"kksr-star\" style=\"padding-right: 5px\">\n            \n\n<div class=\"kksr-icon\" style=\"width: 24px; height: 24px;\"><\/div>\n        <\/div>\n            <div class=\"kksr-star\" style=\"padding-right: 5px\">\n            \n\n<div class=\"kksr-icon\" style=\"width: 24px; height: 24px;\"><\/div>\n        <\/div>\n    <\/div>\n<\/div>\n                \n\n<div class=\"kksr-legend\" style=\"font-size: 19.2px;\">\n            <span class=\"kksr-muted\">Valora este art\u00edculo<\/span>\n    <\/div>\n    <\/div>\n","protected":false},"excerpt":{"rendered":"<p>Has o\u00eddo hablar de ella en TikTok o redes sociales. Desde hace unos a\u00f1os, la colorimetr\u00eda se ha convertido en el centro de todas las recomendaciones. No es para menos. Hay personas que consiguen que todo lo que llevan les funcione. Necesitan poco maquillaje y la piel se le ve estupenda. Esa es una persona [&hellip;]<\/p>\n","protected":false},"author":14,"featured_media":147061,"comment_status":"closed","ping_status":"closed","sticky":false,"template":"","format":"standard","meta":{"jnews-multi-image_gallery":[],"jnews_single_post":{"format":"standard"},"jnews_primary_category":[],"jnews_social_meta":[],"jnews_override_counter":[],"footnotes":""},"categories":[6299],"tags":[],"class_list":["post-147060","post","type-post","status-publish","format-standard","has-post-thumbnail","hentry","category-bienestar"],"_links":{"self":[{"href":"https:\/\/www.primor.eu\/blog\/wp-json\/wp\/v2\/posts\/147060","targetHints":{"allow":["GET"]}}],"collection":[{"href":"https:\/\/www.primor.eu\/blog\/wp-json\/wp\/v2\/posts"}],"about":[{"href":"https:\/\/www.primor.eu\/blog\/wp-json\/wp\/v2\/types\/post"}],"author":[{"embeddable":true,"href":"https:\/\/www.primor.eu\/blog\/wp-json\/wp\/v2\/users\/14"}],"replies":[{"embeddable":true,"href":"https:\/\/www.primor.eu\/blog\/wp-json\/wp\/v2\/comments?post=147060"}],"version-history":[{"count":1,"href":"https:\/\/www.primor.eu\/blog\/wp-json\/wp\/v2\/posts\/147060\/revisions"}],"predecessor-version":[{"id":147062,"href":"https:\/\/www.primor.eu\/blog\/wp-json\/wp\/v2\/posts\/147060\/revisions\/147062"}],"wp:featuredmedia":[{"embeddable":true,"href":"https:\/\/www.primor.eu\/blog\/wp-json\/wp\/v2\/media\/147061"}],"wp:attachment":[{"href":"https:\/\/www.primor.eu\/blog\/wp-json\/wp\/v2\/media?parent=147060"}],"wp:term":[{"taxonomy":"category","embeddable":true,"href":"https:\/\/www.primor.eu\/blog\/wp-json\/wp\/v2\/categories?post=147060"},{"taxonomy":"post_tag","embeddable":true,"href":"https:\/\/www.primor.eu\/blog\/wp-json\/wp\/v2\/tags?post=147060"}],"curies":[{"name":"wp","href":"https:\/\/api.w.org\/{rel}","templated":true}]}}