{"id":147056,"date":"2026-09-01T14:18:04","date_gmt":"2026-09-01T14:18:04","guid":{"rendered":"https:\/\/www.primor.eu\/blog\/?p=147056"},"modified":"2026-08-26T14:19:01","modified_gmt":"2026-08-26T14:19:01","slug":"aplicar-colorimetria-maquillaje","status":"publish","type":"post","link":"https:\/\/www.primor.eu\/blog\/aplicar-colorimetria-maquillaje\/","title":{"rendered":"C\u00f3mo aplicar la colorimetr\u00eda a tu maquillaje y sacarle todo el partido"},"content":{"rendered":"\n<p class=\"wp-block-paragraph\">Desde hace unos a\u00f1os, la <strong>colorimetr\u00eda<\/strong> se ha convertido en el centro de todas las recomendaciones. No es para menos. Hay personas que consiguen que todo lo que llevan les funcione. Necesitan <a href=\"https:\/\/www.primor.eu\/blog\/maquillaje-no-makeup-ir-maquillada-sin-parecerlo\/\">poco maquillaje<\/a> y la piel se le ve estupenda. Esa es una persona que ha utilizado bien <strong>la colorimetr\u00eda en su maquillaje.<\/strong> Es la <strong>herramienta<\/strong> favorita de los estilistas y coloristas m\u00e1s famosos y aunque no es demasiado sencillo aprender a identificarla, s\u00ed que puede ayudarte m\u00e1s de lo que imaginas. En el blog de Primor te contamos c\u00f3mo hacerlo paso a paso con ayuda de la revista Instyle. \u00bfLista para conocer todo lo que debes saber sobre tu maquillaje y facilitarte la vida?<\/p>\n\n\n\n<h2 class=\"wp-block-heading\">Qu\u00e9 es la colorimetr\u00eda<\/h2>\n\n\n\n<p class=\"wp-block-paragraph\">Como explican en la revista Instyle, la <strong>colorimetr\u00eda <\/strong>es una <strong>t\u00e9cnica<\/strong> utilizada en la industria de la moda, el maquillaje, la dermatolog\u00eda y otras \u00e1reas relacionadas para determinar los <strong>colores que mejor complementan<\/strong> el tono de piel de una persona. \u201cEsta t\u00e9cnica implica identificar el<strong> tono de piel <\/strong>de una persona, as\u00ed como su <strong>subtono<\/strong>, a trav\u00e9s de la <strong>observaci\u00f3n<\/strong> y <strong>comparaci\u00f3n<\/strong> con una serie de colores est\u00e1ndar. Una vez tenemos esta informaci\u00f3n, se pueden recomendar <strong>tonos de ropa, maquillaje y accesorios<\/strong> que resalten la apariencia de la persona y complementen su tono de piel de manera favorable\u201d.&nbsp;<\/p>\n\n\n\n<p class=\"wp-block-paragraph\">Por otro lado, \u201cla colorimetr\u00eda de la piel tambi\u00e9n contribuye a <strong>camuflar imperfecciones<\/strong>, como manchas o decoloraciones, utilizando correctores o bases que se adapten mejor al tono y subtono de la piel de cada individuo. Por tanto, es una herramienta \u00fatil para <strong>personalizar<\/strong> y <strong>mejorar la apariencia est\u00e9tica <\/strong>de una persona teniendo en cuenta sus caracter\u00edsticas \u00fanicas\u201d.<\/p>\n\n\n\n<h2 class=\"wp-block-heading\">Colorimetr\u00eda en maquillaje: c\u00f3mo sacarme el m\u00e1ximo partido<\/h2>\n\n\n\n<p class=\"wp-block-paragraph\">Teniendo en cuenta todo lo que hemos aprendido seg\u00fan los expertos de la revista, algunos de los mejores consejos sobre c\u00f3mo utilizar la colorimetr\u00eda en el maquillaje ser\u00edan:<\/p>\n\n\n\n<ul class=\"wp-block-list\">\n<li><strong>Invierno (subtono fr\u00edo). <\/strong>Para los ojos opta por sombras en tonos rosados, azulados y anaranjados. \u201cEvita los tonos dorados, ya que pueden hacer que la piel se vea m\u00e1s amarillenta. Para los labios, los tonos de labios en rosado o rojo fr\u00edo complementar\u00e1n tu piel de invierno\u201d.<\/li>\n\n\n\n<li><strong>Oto\u00f1o (subtono c\u00e1lido). <\/strong>Para los ojos, los tonos marrones y verdes son ideales para resaltar la calidez de tu piel. \u201cTambi\u00e9n puedes probar con azules como el turquesa para un aspecto m\u00e1s atrevido. De la misma forma, para los labios, los tonos c\u00e1lidos como el terracota o el rojo ladrillo funcionar\u00e1n bien con tu tono de piel oto\u00f1al\u201d.<\/li>\n\n\n\n<li><strong>Primavera (subtono c\u00e1lido).<\/strong> Para los ojos, opta por sombras en tonos anaranjados, rosas y verdes dorados suaves y brillantes para realzar la frescura de tu piel de primavera; \u201cy para los labios, los tonos de labios en melocot\u00f3n, coral o rosa son perfectos para favorecer tu aspecto primaveral\u201d.<\/li>\n\n\n\n<li><strong>Verano (subtono fr\u00edo).<\/strong> Aqu\u00ed recomiendan para los ojos, los tonos suaves y pastel son ideales para resaltar la delicadeza de tu piel de verano y los labiales nude o rosados son excelentes opciones para complementar tu piel de verano.<\/li>\n<\/ul>\n\n\n<div class=\"kk-star-ratings kksr-auto kksr-align-center kksr-valign-bottom\"\n    data-payload='{&quot;align&quot;:&quot;center&quot;,&quot;id&quot;:&quot;147056&quot;,&quot;slug&quot;:&quot;default&quot;,&quot;valign&quot;:&quot;bottom&quot;,&quot;ignore&quot;:&quot;&quot;,&quot;reference&quot;:&quot;auto&quot;,&quot;class&quot;:&quot;&quot;,&quot;count&quot;:&quot;0&quot;,&quot;legendonly&quot;:&quot;&quot;,&quot;readonly&quot;:&quot;&quot;,&quot;score&quot;:&quot;0&quot;,&quot;starsonly&quot;:&quot;&quot;,&quot;best&quot;:&quot;5&quot;,&quot;gap&quot;:&quot;5&quot;,&quot;greet&quot;:&quot;Valora este art\u00edculo&quot;,&quot;legend&quot;:&quot;0\\\/5 - (0 votos)&quot;,&quot;size&quot;:&quot;24&quot;,&quot;title&quot;:&quot;C\u00f3mo aplicar la colorimetr\u00eda a tu maquillaje y sacarle todo el partido&quot;,&quot;width&quot;:&quot;0&quot;,&quot;_legend&quot;:&quot;{score}\\\/{best} - ({count} {votes})&quot;,&quot;font_factor&quot;:&quot;1.25&quot;}'>\n            \n<div class=\"kksr-stars\">\n    \n<div class=\"kksr-stars-inactive\">\n            <div class=\"kksr-star\" data-star=\"1\" style=\"padding-right: 5px\">\n            \n\n<div class=\"kksr-icon\" style=\"width: 24px; height: 24px;\"><\/div>\n        <\/div>\n            <div class=\"kksr-star\" data-star=\"2\" style=\"padding-right: 5px\">\n            \n\n<div class=\"kksr-icon\" style=\"width: 24px; height: 24px;\"><\/div>\n        <\/div>\n            <div class=\"kksr-star\" data-star=\"3\" style=\"padding-right: 5px\">\n            \n\n<div class=\"kksr-icon\" style=\"width: 24px; height: 24px;\"><\/div>\n        <\/div>\n            <div class=\"kksr-star\" data-star=\"4\" style=\"padding-right: 5px\">\n            \n\n<div class=\"kksr-icon\" style=\"width: 24px; height: 24px;\"><\/div>\n        <\/div>\n            <div class=\"kksr-star\" data-star=\"5\" style=\"padding-right: 5px\">\n            \n\n<div class=\"kksr-icon\" style=\"width: 24px; height: 24px;\"><\/div>\n        <\/div>\n    <\/div>\n    \n<div class=\"kksr-stars-active\" style=\"width: 0px;\">\n            <div class=\"kksr-star\" style=\"padding-right: 5px\">\n            \n\n<div class=\"kksr-icon\" style=\"width: 24px; height: 24px;\"><\/div>\n        <\/div>\n            <div class=\"kksr-star\" style=\"padding-right: 5px\">\n            \n\n<div class=\"kksr-icon\" style=\"width: 24px; height: 24px;\"><\/div>\n        <\/div>\n            <div class=\"kksr-star\" style=\"padding-right: 5px\">\n            \n\n<div class=\"kksr-icon\" style=\"width: 24px; height: 24px;\"><\/div>\n        <\/div>\n            <div class=\"kksr-star\" style=\"padding-right: 5px\">\n            \n\n<div class=\"kksr-icon\" style=\"width: 24px; height: 24px;\"><\/div>\n        <\/div>\n            <div class=\"kksr-star\" style=\"padding-right: 5px\">\n            \n\n<div class=\"kksr-icon\" style=\"width: 24px; height: 24px;\"><\/div>\n        <\/div>\n    <\/div>\n<\/div>\n                \n\n<div class=\"kksr-legend\" style=\"font-size: 19.2px;\">\n            <span class=\"kksr-muted\">Valora este art\u00edculo<\/span>\n    <\/div>\n    <\/div>\n","protected":false},"excerpt":{"rendered":"<p>Desde hace unos a\u00f1os, la colorimetr\u00eda se ha convertido en el centro de todas las recomendaciones. No es para menos. Hay personas que consiguen que todo lo que llevan les funcione. Necesitan poco maquillaje y la piel se le ve estupenda. Esa es una persona que ha utilizado bien la colorimetr\u00eda en su maquillaje. Es [&hellip;]<\/p>\n","protected":false},"author":14,"featured_media":147057,"comment_status":"closed","ping_status":"closed","sticky":false,"template":"","format":"standard","meta":{"jnews-multi-image_gallery":[],"jnews_single_post":{"format":"standard"},"jnews_primary_category":[],"jnews_social_meta":[],"jnews_override_counter":[],"footnotes":""},"categories":[41],"tags":[],"class_list":["post-147056","post","type-post","status-publish","format-standard","has-post-thumbnail","hentry","category-maquillaje"],"_links":{"self":[{"href":"https:\/\/www.primor.eu\/blog\/wp-json\/wp\/v2\/posts\/147056","targetHints":{"allow":["GET"]}}],"collection":[{"href":"https:\/\/www.primor.eu\/blog\/wp-json\/wp\/v2\/posts"}],"about":[{"href":"https:\/\/www.primor.eu\/blog\/wp-json\/wp\/v2\/types\/post"}],"author":[{"embeddable":true,"href":"https:\/\/www.primor.eu\/blog\/wp-json\/wp\/v2\/users\/14"}],"replies":[{"embeddable":true,"href":"https:\/\/www.primor.eu\/blog\/wp-json\/wp\/v2\/comments?post=147056"}],"version-history":[{"count":1,"href":"https:\/\/www.primor.eu\/blog\/wp-json\/wp\/v2\/posts\/147056\/revisions"}],"predecessor-version":[{"id":147058,"href":"https:\/\/www.primor.eu\/blog\/wp-json\/wp\/v2\/posts\/147056\/revisions\/147058"}],"wp:featuredmedia":[{"embeddable":true,"href":"https:\/\/www.primor.eu\/blog\/wp-json\/wp\/v2\/media\/147057"}],"wp:attachment":[{"href":"https:\/\/www.primor.eu\/blog\/wp-json\/wp\/v2\/media?parent=147056"}],"wp:term":[{"taxonomy":"category","embeddable":true,"href":"https:\/\/www.primor.eu\/blog\/wp-json\/wp\/v2\/categories?post=147056"},{"taxonomy":"post_tag","embeddable":true,"href":"https:\/\/www.primor.eu\/blog\/wp-json\/wp\/v2\/tags?post=147056"}],"curies":[{"name":"wp","href":"https:\/\/api.w.org\/{rel}","templated":true}]}}