{"id":147013,"date":"2026-09-01T10:41:49","date_gmt":"2026-09-01T10:41:49","guid":{"rendered":"https:\/\/www.primor.eu\/blog\/?p=147013"},"modified":"2026-08-26T10:44:23","modified_gmt":"2026-08-26T10:44:23","slug":"la-favorite-de-jean-paul-gaultier-nuevo-perfume-femenino-ambar-floral","status":"publish","type":"post","link":"https:\/\/www.primor.eu\/blog\/la-favorite-de-jean-paul-gaultier-nuevo-perfume-femenino-ambar-floral\/","title":{"rendered":"La Favorite: la nueva feminidad de Jean Paul Gaultier"},"content":{"rendered":"\n<h4 class=\"wp-block-heading\"><strong><em>La Favorite de Jean Paul Gaultier: el nuevo perfume femenino \u00e1mbar floral que celebra brillar con luz propia<\/em><\/strong><\/h4>\n\n\n\n<p class=\"wp-block-paragraph\">En Par\u00eds siempre hay alguien que acapara las miradas. Esa persona que entra en escena y, sin buscarlo, se convierte en el centro de atenci\u00f3n. En el universo de Jean Paul Gaultier, esa figura tiene nombre propio: <strong>La Favorite.<\/strong><\/p>\n\n\n\n<p class=\"wp-block-paragraph\">Con este nuevo lanzamiento, <strong>Jean Paul Gaultier reinterpreta la feminidad a trav\u00e9s de una fragancia creada para quienes brillan con naturalidad<\/strong>. La Favorite no trata de llamar la atenci\u00f3n a cualquier precio, sino de transmitir esa confianza magn\u00e9tica que hace que todo parezca m\u00e1s f\u00e1cil. <strong>Una actitud radiante, elegante y segura que no necesita presentaci\u00f3n.<\/strong><\/p>\n\n\n\n<h2 class=\"wp-block-heading\"><strong>\u00bfQu\u00e9 es La Favorite de Jean Paul Gaultier?<\/strong><\/h2>\n\n\n\n<p class=\"wp-block-paragraph\">La Favorite no es solo un perfume. Es una actitud. La de quien ocupa su lugar sin pedir permiso. La de <strong>quien no sigue las tendencias, sino que las inspira<\/strong>. La de quien entiende que convertirse en su propia favorita es mucho m\u00e1s interesante que intentar gustar a los dem\u00e1s.<\/p>\n\n\n\n<h2 class=\"wp-block-heading\"><strong>\u00bfA qu\u00e9 huele La Favorite de Jean Paul Gaultier?<\/strong><\/h2>\n\n\n\n<p class=\"wp-block-paragraph\">Se presenta como una <strong>fragancia \u00e1mbar floral moderna, c\u00e1lida y adictiva<\/strong>, pensada para quienes buscan un <strong>perfume con personalidad, sofisticaci\u00f3n y una estela memorable.<\/strong><\/p>\n\n\n\n<p class=\"wp-block-paragraph\">Su propuesta olfativa combina la <strong>luminosidad de las flores blancas con la profundidad de las notas ambaradas, dando lugar a un perfume femenino con car\u00e1cter<\/strong>.&nbsp;<\/p>\n\n\n\n<figure class=\"wp-block-image size-large\"><img decoding=\"async\" width=\"1024\" height=\"1024\" src=\"https:\/\/www.primor.eu\/blog\/wp-content\/uploads\/2026\/08\/image-1024x1024.jpeg\" alt=\"\" class=\"wp-image-147014\" srcset=\"https:\/\/www.primor.eu\/blog\/wp-content\/uploads\/2026\/08\/image-1024x1024.jpeg 1024w, https:\/\/www.primor.eu\/blog\/wp-content\/uploads\/2026\/08\/image-300x300.jpeg 300w, https:\/\/www.primor.eu\/blog\/wp-content\/uploads\/2026\/08\/image-150x150.jpeg 150w, https:\/\/www.primor.eu\/blog\/wp-content\/uploads\/2026\/08\/image-768x768.jpeg 768w, https:\/\/www.primor.eu\/blog\/wp-content\/uploads\/2026\/08\/image-75x75.jpeg 75w, https:\/\/www.primor.eu\/blog\/wp-content\/uploads\/2026\/08\/image-350x350.jpeg 350w, https:\/\/www.primor.eu\/blog\/wp-content\/uploads\/2026\/08\/image-750x750.jpeg 750w, https:\/\/www.primor.eu\/blog\/wp-content\/uploads\/2026\/08\/image.jpeg 1080w\" sizes=\"(max-width: 1024px) 100vw, 1024px\" \/><figcaption class=\"wp-element-caption\"><em>Notas olfativas La Favorite: Reina de la noche, Haba Tonka, Benju\u00ed.<\/em><\/figcaption><\/figure>\n\n\n\n<h3 class=\"wp-block-heading\"><strong>Notas olfativas de La Favorite: una fragancia \u00e1mbar floral moderna y adictiva<\/strong><\/h3>\n\n\n\n<p class=\"wp-block-paragraph\">Muchas personas se preguntan cu\u00e1les son las notas de La Favorite o qu\u00e9 tipo de perfume es. La respuesta va m\u00e1s all\u00e1 de una simple pir\u00e1mide olfativa: se trata de un perfume que equilibra delicadeza floral y profundidad ambarada:<\/p>\n\n\n\n<ul class=\"wp-block-list\">\n<li><strong>Flor Reina de la Noche<\/strong>: aporta luminosidad, feminidad y una faceta floral blanca inesperada.<\/li>\n\n\n\n<li><strong>D\u00fao de benju\u00ed<\/strong>: suma calidez, profundidad y un fondo ambarado sofisticado.<\/li>\n\n\n\n<li><strong>Haba tonka<\/strong>: deja una sensaci\u00f3n suave, envolvente y adictiva sobre la piel.<\/li>\n<\/ul>\n\n\n\n<p class=\"wp-block-paragraph\">Gracias a este contraste, La Favorite se convierte en una fragancia c\u00e1lida, moderna y f\u00e1cil de llevar, pero con la fuerza suficiente para dejar huella.<\/p>\n\n\n\n<h2 class=\"wp-block-heading\"><strong>\u00bfCu\u00e1ndo usar La Favorite?<\/strong><\/h2>\n\n\n\n<p class=\"wp-block-paragraph\">Es una fragancia dise\u00f1ada para acompa\u00f1ar <strong>diferentes momentos del d\u00eda<\/strong>, desde la rutina diaria hasta <strong>ocasiones especiales<\/strong> en las que se busca una presencia m\u00e1s intensa y envolvente.<\/p>\n\n\n\n<h2 class=\"wp-block-heading\"><strong>El ritual La Favorite: \u00bfc\u00f3mo prolongar la duraci\u00f3n de la fragancia?<\/strong><\/h2>\n\n\n\n<p class=\"wp-block-paragraph\">Para prolongar a\u00fan m\u00e1s la experiencia, <strong>la colecci\u00f3n se completa con el ritual La Favorite<\/strong>. Aplicar los productos en capas ayuda a potenciar la estela y a mantener la firma olfativa durante m\u00e1s tiempo:<\/p>\n\n\n\n<p class=\"wp-block-paragraph\"><strong>Loci\u00f3n Corporal La Favorite<\/strong>: deja la piel suave e hidratada, creando la base perfecta para aplicar la fragancia.<\/p>\n\n\n       \r\n        \n\n\n<p class=\"wp-block-paragraph\"><strong>Aceite Iluminador La Favorite<\/strong>: aporta un acabado radiante y realza el brillo natural de la piel.<\/p>\n\n\n       \r\n        \n\n\n<p class=\"wp-block-paragraph\"><strong>Eau de Parfum La Favorite:<\/strong> intensifica el ritual y ayuda a prolongar la duraci\u00f3n de la fragancia mediante la t\u00e9cnica del layering.<\/p>\n\n\n       \r\n        \n\n\n<h2 class=\"wp-block-heading\"><strong>\u00bfPor qu\u00e9 elegir La Favorite?<\/strong><\/h2>\n\n\n\n<p class=\"wp-block-paragraph\">Porque La Favorite combina una firma olfativa moderna con una actitud poderosa: la de <strong>brillar con luz propia<\/strong>.&nbsp;<\/p>\n\n\n\n<p class=\"wp-block-paragraph\">Si hay algo que define a La Favorite, es precisamente eso: <strong>su capacidad para quedarse<\/strong>. <strong>En la piel, en la memoria y en todas esas miradas que inevitablemente se vuelven hacia ella.<\/strong><\/p>\n\n\n\n<p class=\"wp-block-paragraph\">La Favorite de Jean Paul Gaultier ya est\u00e1 aqu\u00ed. Creado para quienes saben que convertirse en su propia favorita nunca pasa de moda.<\/p>\n\n\n\n<h2 class=\"wp-block-heading\"><strong>Preguntas frecuentes sobre La Favorite de Jean Paul Gaultier<\/strong><\/h2>\n\n\n\n<h3 class=\"wp-block-heading\"><strong>\u00bfLa Favorite tiene larga duraci\u00f3n?&nbsp;<\/strong><\/h3>\n\n\n\n<p class=\"wp-block-paragraph\">S\u00ed. La Favorite Eau de&nbsp;Parfum&nbsp;ofrece una duraci\u00f3n prolongada sobre la piel gracias a su firma \u00e1mbar floral envolvente. Es una excelente opci\u00f3n para&nbsp;quienes buscan un perfume de mujer duradero que&nbsp;los&nbsp;acompa\u00f1e durante todo el d\u00eda.&nbsp;<\/p>\n\n\n\n<h3 class=\"wp-block-heading\"><strong>\u00bfPuedo llevar La Favorite durante el d\u00eda?&nbsp;<\/strong><\/h3>\n\n\n\n<p class=\"wp-block-paragraph\">S\u00ed. Aunque tiene una estela&nbsp;audaz&nbsp;y memorable, su equilibrio entre flores y notas&nbsp;ambaradas&nbsp;la convierte en una fragancia ideal para el uso diario. Es una opci\u00f3n muy recomendable para quienes buscan un perfume elegante para todos los d\u00edas.&nbsp;<\/p>\n\n\n\n<h3 class=\"wp-block-heading\"><strong>\u00bfPara qui\u00e9n es La Favorite?&nbsp;<\/strong><\/h3>\n\n\n\n<p class=\"wp-block-paragraph\">La Favorite est\u00e1 pensada para mujeres que brillan con luz propia, seguras de s\u00ed mismas, magn\u00e9ticas,&nbsp;aut\u00e9nticas&nbsp;e influyentes. Es una fragancia dise\u00f1ada para quienes quieren expresar su personalidad y dejar una impresi\u00f3n inolvidable all\u00e1 donde vayan.&nbsp;<\/p>\n\n\n\n<h3 class=\"wp-block-heading\"><strong>\u00bfLa Favorite es un buen regalo?&nbsp;<\/strong><\/h3>\n\n\n\n<p class=\"wp-block-paragraph\">S\u00ed. Gracias a su car\u00e1cter elegante, femenino y&nbsp;audaz, La Favorite es una excelente idea de regalo para mujeres que aman las fragancias&nbsp;c\u00e1lidas&nbsp;y adictivas. Su ic\u00f3nico frasco Gaultier la convierte adem\u00e1s en un objeto de deseo para cualquier amante de la perfumer\u00eda.&nbsp;<\/p>\n\n\n\n<h3 class=\"wp-block-heading\"><strong>\u00bfEl frasco de La Favorite es recargable?&nbsp;<\/strong><\/h3>\n\n\n\n<p class=\"wp-block-paragraph\">S\u00ed. La Favorite apuesta por un formato m\u00e1s sostenible gracias a su sistema de recarga. El frasco de&nbsp;<strong>30 ml es recargable<\/strong>, permiti\u00e9ndote disfrutar de tu fragancia favorita durante m\u00e1s tiempo y reducir residuos. Adem\u00e1s, existe una recarga espec\u00edfica de&nbsp;<strong>200 ml<\/strong>&nbsp;para rellenar el frasco f\u00e1cilmente.&nbsp;<\/p>\n\n\n\n<p class=\"wp-block-paragraph\">Si buscas un perfume de mujer recargable que combine&nbsp;audacia, personalidad y una firma olfativa inolvidable, La Favorite es una excelente elecci\u00f3n.<\/p>\n\n\n<div class=\"kk-star-ratings kksr-auto kksr-align-center kksr-valign-bottom\"\n    data-payload='{&quot;align&quot;:&quot;center&quot;,&quot;id&quot;:&quot;147013&quot;,&quot;slug&quot;:&quot;default&quot;,&quot;valign&quot;:&quot;bottom&quot;,&quot;ignore&quot;:&quot;&quot;,&quot;reference&quot;:&quot;auto&quot;,&quot;class&quot;:&quot;&quot;,&quot;count&quot;:&quot;0&quot;,&quot;legendonly&quot;:&quot;&quot;,&quot;readonly&quot;:&quot;&quot;,&quot;score&quot;:&quot;0&quot;,&quot;starsonly&quot;:&quot;&quot;,&quot;best&quot;:&quot;5&quot;,&quot;gap&quot;:&quot;5&quot;,&quot;greet&quot;:&quot;Valora este art\u00edculo&quot;,&quot;legend&quot;:&quot;0\\\/5 - (0 votos)&quot;,&quot;size&quot;:&quot;24&quot;,&quot;title&quot;:&quot;La Favorite: la nueva feminidad de Jean Paul Gaultier&quot;,&quot;width&quot;:&quot;0&quot;,&quot;_legend&quot;:&quot;{score}\\\/{best} - ({count} {votes})&quot;,&quot;font_factor&quot;:&quot;1.25&quot;}'>\n            \n<div class=\"kksr-stars\">\n    \n<div class=\"kksr-stars-inactive\">\n            <div class=\"kksr-star\" data-star=\"1\" style=\"padding-right: 5px\">\n            \n\n<div class=\"kksr-icon\" style=\"width: 24px; height: 24px;\"><\/div>\n        <\/div>\n            <div class=\"kksr-star\" data-star=\"2\" style=\"padding-right: 5px\">\n            \n\n<div class=\"kksr-icon\" style=\"width: 24px; height: 24px;\"><\/div>\n        <\/div>\n            <div class=\"kksr-star\" data-star=\"3\" style=\"padding-right: 5px\">\n            \n\n<div class=\"kksr-icon\" style=\"width: 24px; height: 24px;\"><\/div>\n        <\/div>\n            <div class=\"kksr-star\" data-star=\"4\" style=\"padding-right: 5px\">\n            \n\n<div class=\"kksr-icon\" style=\"width: 24px; height: 24px;\"><\/div>\n        <\/div>\n            <div class=\"kksr-star\" data-star=\"5\" style=\"padding-right: 5px\">\n            \n\n<div class=\"kksr-icon\" style=\"width: 24px; height: 24px;\"><\/div>\n        <\/div>\n    <\/div>\n    \n<div class=\"kksr-stars-active\" style=\"width: 0px;\">\n            <div class=\"kksr-star\" style=\"padding-right: 5px\">\n            \n\n<div class=\"kksr-icon\" style=\"width: 24px; height: 24px;\"><\/div>\n        <\/div>\n            <div class=\"kksr-star\" style=\"padding-right: 5px\">\n            \n\n<div class=\"kksr-icon\" style=\"width: 24px; height: 24px;\"><\/div>\n        <\/div>\n            <div class=\"kksr-star\" style=\"padding-right: 5px\">\n            \n\n<div class=\"kksr-icon\" style=\"width: 24px; height: 24px;\"><\/div>\n        <\/div>\n            <div class=\"kksr-star\" style=\"padding-right: 5px\">\n            \n\n<div class=\"kksr-icon\" style=\"width: 24px; height: 24px;\"><\/div>\n        <\/div>\n            <div class=\"kksr-star\" style=\"padding-right: 5px\">\n            \n\n<div class=\"kksr-icon\" style=\"width: 24px; height: 24px;\"><\/div>\n        <\/div>\n    <\/div>\n<\/div>\n                \n\n<div class=\"kksr-legend\" style=\"font-size: 19.2px;\">\n            <span class=\"kksr-muted\">Valora este art\u00edculo<\/span>\n    <\/div>\n    <\/div>\n","protected":false},"excerpt":{"rendered":"<p>La Favorite de Jean Paul Gaultier: el nuevo perfume femenino \u00e1mbar floral que celebra brillar con luz propia En Par\u00eds siempre hay alguien que acapara las miradas. Esa persona que entra en escena y, sin buscarlo, se convierte en el centro de atenci\u00f3n. En el universo de Jean Paul Gaultier, esa figura tiene nombre propio: [&hellip;]<\/p>\n","protected":false},"author":14,"featured_media":147015,"comment_status":"closed","ping_status":"closed","sticky":false,"template":"","format":"standard","meta":{"jnews-multi-image_gallery":[],"jnews_single_post":{"format":"standard"},"jnews_primary_category":[],"jnews_social_meta":[],"jnews_override_counter":[],"footnotes":""},"categories":[26],"tags":[],"class_list":["post-147013","post","type-post","status-publish","format-standard","has-post-thumbnail","hentry","category-noticias-beauty"],"_links":{"self":[{"href":"https:\/\/www.primor.eu\/blog\/wp-json\/wp\/v2\/posts\/147013","targetHints":{"allow":["GET"]}}],"collection":[{"href":"https:\/\/www.primor.eu\/blog\/wp-json\/wp\/v2\/posts"}],"about":[{"href":"https:\/\/www.primor.eu\/blog\/wp-json\/wp\/v2\/types\/post"}],"author":[{"embeddable":true,"href":"https:\/\/www.primor.eu\/blog\/wp-json\/wp\/v2\/users\/14"}],"replies":[{"embeddable":true,"href":"https:\/\/www.primor.eu\/blog\/wp-json\/wp\/v2\/comments?post=147013"}],"version-history":[{"count":1,"href":"https:\/\/www.primor.eu\/blog\/wp-json\/wp\/v2\/posts\/147013\/revisions"}],"predecessor-version":[{"id":147016,"href":"https:\/\/www.primor.eu\/blog\/wp-json\/wp\/v2\/posts\/147013\/revisions\/147016"}],"wp:featuredmedia":[{"embeddable":true,"href":"https:\/\/www.primor.eu\/blog\/wp-json\/wp\/v2\/media\/147015"}],"wp:attachment":[{"href":"https:\/\/www.primor.eu\/blog\/wp-json\/wp\/v2\/media?parent=147013"}],"wp:term":[{"taxonomy":"category","embeddable":true,"href":"https:\/\/www.primor.eu\/blog\/wp-json\/wp\/v2\/categories?post=147013"},{"taxonomy":"post_tag","embeddable":true,"href":"https:\/\/www.primor.eu\/blog\/wp-json\/wp\/v2\/tags?post=147013"}],"curies":[{"name":"wp","href":"https:\/\/api.w.org\/{rel}","templated":true}]}}