{"id":146992,"date":"2026-08-30T15:00:00","date_gmt":"2026-08-30T15:00:00","guid":{"rendered":"https:\/\/www.primor.eu\/blog\/?p=146992"},"modified":"2026-08-25T14:41:40","modified_gmt":"2026-08-25T14:41:40","slug":"causas-comunes-caida-pelo-hombres","status":"publish","type":"post","link":"https:\/\/www.primor.eu\/blog\/causas-comunes-caida-pelo-hombres\/","title":{"rendered":"Las causas m\u00e1s comunes de la ca\u00edda de pelo en hombres"},"content":{"rendered":"\n<p class=\"wp-block-paragraph\">Si quieres saber cu\u00e1les son las causas de la<strong> <\/strong><a href=\"https:\/\/www.primor.eu\/blog\/tratamientos-anticaida\/\" data-type=\"link\" data-id=\"https:\/\/www.primor.eu\/blog\/tratamientos-anticaida\/\"><strong>ca\u00edda del pelo<\/strong> <\/a>en <strong><a href=\"https:\/\/www.primor.eu\/es_es\/hombre\" data-type=\"link\" data-id=\"https:\/\/www.primor.eu\/es_es\/hombre\">hombres<\/a><\/strong> has llegado a buen puerto. Porque en el blog de Primor nos extendemos sobre la ra\u00edz de problemas como estos, para que puedas comprenderlos y no solamente ir a atacarlos.<\/p>\n\n\n\n<p class=\"wp-block-paragraph\">Y es que las causas var\u00edan de una persona a otra. Si bien sabemos que siempre influye el factor gen\u00e9tico, no siempre es la causa de que exista una alopecia o ca\u00edda del pelo en hombres. Hay<strong> factores<\/strong> a <strong>nivel nutricional<\/strong> u <strong>hormonales<\/strong> que tambi\u00e9n influyen.<\/p>\n\n\n\n<h2 class=\"wp-block-heading\">Causas de la ca\u00edda del pelo en hombre<\/h2>\n\n\n\n<p class=\"wp-block-paragraph\">Y ahora que hemos visto que las causas de la <strong><a href=\"https:\/\/www.primor.eu\/es_es\/champus-anticaida\" data-type=\"link\" data-id=\"https:\/\/www.primor.eu\/es_es\/cabello\">alopecia <\/a><\/strong>no son solamente las gen\u00e9ticas, como quiz\u00e1s mucha gente piensa, vamos a ver cu\u00e1les son las m\u00e1s comunes para que puedas localizar la que crees que causa la alopecia en tu caso.<\/p>\n\n\n\n<h3 class=\"wp-block-heading\">Alopecia androgen\u00e9tica<\/h3>\n\n\n\n<p class=\"wp-block-paragraph\">La m\u00e1s com\u00fan de las causas es esta porque existe una importante predisposici\u00f3n gen\u00e9tica y est\u00e1 relacionada con la sensibilidad de los fol\u00edculos a la dihidrotestosterona (DHT), un derivado de la testosterona.<\/p>\n\n\n\n<p class=\"wp-block-paragraph\">Es por eso que cuando va pasando el tiempo, los fol\u00edculos sensibles pueden reducir progresivamente su tama\u00f1o. Esto provoca que el pelo crezca cada vez m\u00e1s fino y durante menos tiempo, por lo que se dan las conocidas entradas y la falta de cabello en la zona de la coronilla.<\/p>\n\n\n\n<h3 class=\"wp-block-heading\">Estr\u00e9s y ansiedad<\/h3>\n\n\n\n<p class=\"wp-block-paragraph\">Otra de las causas importantes de la<strong><a href=\"https:\/\/www.primor.eu\/es_es\/champus-anticaida\" data-type=\"link\" data-id=\"https:\/\/www.primor.eu\/es_es\/champus-anticaida\"> calvicie<\/a><\/strong> en hombres es el estr\u00e9s y la ansiedad excesivos. Y es que ambos s\u00edntomas, provocados por malestar emocional, falta de actividad f\u00edsica o falta de sue\u00f1o, influyen en el aumento del estr\u00e9s oxidativo.<\/p>\n\n\n\n<p class=\"wp-block-paragraph\">Esto hace que se d\u00e9 en estos casos un tipo de ca\u00edda conocido como efluvio tel\u00f3geno. Es decir, que una mayor cantidad de cabellos entra simult\u00e1neamente en la fase de reposo y termina desprendi\u00e9ndose del cuero cabelludo.<\/p>\n\n\n\n<h3 class=\"wp-block-heading\">D\u00e9ficits nutricionales<\/h3>\n\n\n\n<p class=\"wp-block-paragraph\">La tercera causa es un d\u00e9ficit de algunas vitaminas y nutrientes. Y es que el hecho de que no se coma de forma balanceada influye tambi\u00e9n en la salud capilar. Tanto es as\u00ed que las dietas muy restrictivas o los d\u00e9ficits de determinados nutrientes, como hierro, zinc, prote\u00ednas o algunas vitaminas, pueden favorecer una mayor ca\u00edda del cabello.&nbsp;<\/p>\n\n\n\n<p class=\"wp-block-paragraph\">En caso de que sospeches que este es tu caso y est\u00e9s siguiendo una dieta pobre en estos nutrientes, lo mejor es que acudas a tu m\u00e9dico de cabecera para que te recomiende una rica en ellos.<\/p>\n\n\n\n<h3 class=\"wp-block-heading\">Cambios hormonales, enfermedades y medicamentos<\/h3>\n\n\n\n<p class=\"wp-block-paragraph\">Como hemos dicho, hay algunos casos que se dan por cambios hormonales. Por ejemplo, las alteraciones hormonales, trastornos de la tiroides y determinadas enfermedades que pueden provocar alopecia.<\/p>\n\n\n\n<p class=\"wp-block-paragraph\">Por otro lado, en algunos casos tambi\u00e9n se puede dar debido a enfermedades autoinmunes o algunos procesos que afectan al cuero cabelludo de forma directa.<\/p>\n\n\n\n<p class=\"wp-block-paragraph\">Por su parte, tambi\u00e9n algunos medicamentos pueden generar alopecia como efecto secundario. En estos casos siempre se ha de consultar con el\/la profesional sanitario\/a antes de suspender el tratamiento.<\/p>\n\n\n\n<h3 class=\"wp-block-heading\">H\u00e1bitos y cuidados del cabello<\/h3>\n\n\n\n<p class=\"wp-block-paragraph\">Por \u00faltimo, es importante tener buenos h\u00e1bitos y rutinas de cuidado del cabello, porque en muchos casos la ca\u00edda del pelo en hombres se da porque se usan productos agresivos o determinados tratamientos qu\u00edmicos, as\u00ed como el calor excesivo o peinados muy tirantes.<\/p>\n\n\n<div class=\"kk-star-ratings kksr-auto kksr-align-center kksr-valign-bottom\"\n    data-payload='{&quot;align&quot;:&quot;center&quot;,&quot;id&quot;:&quot;146992&quot;,&quot;slug&quot;:&quot;default&quot;,&quot;valign&quot;:&quot;bottom&quot;,&quot;ignore&quot;:&quot;&quot;,&quot;reference&quot;:&quot;auto&quot;,&quot;class&quot;:&quot;&quot;,&quot;count&quot;:&quot;0&quot;,&quot;legendonly&quot;:&quot;&quot;,&quot;readonly&quot;:&quot;&quot;,&quot;score&quot;:&quot;0&quot;,&quot;starsonly&quot;:&quot;&quot;,&quot;best&quot;:&quot;5&quot;,&quot;gap&quot;:&quot;5&quot;,&quot;greet&quot;:&quot;Valora este art\u00edculo&quot;,&quot;legend&quot;:&quot;0\\\/5 - (0 votos)&quot;,&quot;size&quot;:&quot;24&quot;,&quot;title&quot;:&quot;Las causas m\u00e1s comunes de la ca\u00edda de pelo en hombres&quot;,&quot;width&quot;:&quot;0&quot;,&quot;_legend&quot;:&quot;{score}\\\/{best} - ({count} {votes})&quot;,&quot;font_factor&quot;:&quot;1.25&quot;}'>\n            \n<div class=\"kksr-stars\">\n    \n<div class=\"kksr-stars-inactive\">\n            <div class=\"kksr-star\" data-star=\"1\" style=\"padding-right: 5px\">\n            \n\n<div class=\"kksr-icon\" style=\"width: 24px; height: 24px;\"><\/div>\n        <\/div>\n            <div class=\"kksr-star\" data-star=\"2\" style=\"padding-right: 5px\">\n            \n\n<div class=\"kksr-icon\" style=\"width: 24px; height: 24px;\"><\/div>\n        <\/div>\n            <div class=\"kksr-star\" data-star=\"3\" style=\"padding-right: 5px\">\n            \n\n<div class=\"kksr-icon\" style=\"width: 24px; height: 24px;\"><\/div>\n        <\/div>\n            <div class=\"kksr-star\" data-star=\"4\" style=\"padding-right: 5px\">\n            \n\n<div class=\"kksr-icon\" style=\"width: 24px; height: 24px;\"><\/div>\n        <\/div>\n            <div class=\"kksr-star\" data-star=\"5\" style=\"padding-right: 5px\">\n            \n\n<div class=\"kksr-icon\" style=\"width: 24px; height: 24px;\"><\/div>\n        <\/div>\n    <\/div>\n    \n<div class=\"kksr-stars-active\" style=\"width: 0px;\">\n            <div class=\"kksr-star\" style=\"padding-right: 5px\">\n            \n\n<div class=\"kksr-icon\" style=\"width: 24px; height: 24px;\"><\/div>\n        <\/div>\n            <div class=\"kksr-star\" style=\"padding-right: 5px\">\n            \n\n<div class=\"kksr-icon\" style=\"width: 24px; height: 24px;\"><\/div>\n        <\/div>\n            <div class=\"kksr-star\" style=\"padding-right: 5px\">\n            \n\n<div class=\"kksr-icon\" style=\"width: 24px; height: 24px;\"><\/div>\n        <\/div>\n            <div class=\"kksr-star\" style=\"padding-right: 5px\">\n            \n\n<div class=\"kksr-icon\" style=\"width: 24px; height: 24px;\"><\/div>\n        <\/div>\n            <div class=\"kksr-star\" style=\"padding-right: 5px\">\n            \n\n<div class=\"kksr-icon\" style=\"width: 24px; height: 24px;\"><\/div>\n        <\/div>\n    <\/div>\n<\/div>\n                \n\n<div class=\"kksr-legend\" style=\"font-size: 19.2px;\">\n            <span class=\"kksr-muted\">Valora este art\u00edculo<\/span>\n    <\/div>\n    <\/div>\n","protected":false},"excerpt":{"rendered":"<p>Si quieres saber cu\u00e1les son las causas de la ca\u00edda del pelo en hombres has llegado a buen puerto. Porque en el blog de Primor nos extendemos sobre la ra\u00edz de problemas como estos, para que puedas comprenderlos y no solamente ir a atacarlos. Y es que las causas var\u00edan de una persona a otra. [&hellip;]<\/p>\n","protected":false},"author":30,"featured_media":146994,"comment_status":"closed","ping_status":"closed","sticky":false,"template":"","format":"standard","meta":{"jnews-multi-image_gallery":[],"jnews_single_post":{"format":"standard"},"jnews_primary_category":[],"jnews_social_meta":[],"jnews_override_counter":[],"footnotes":""},"categories":[6311],"tags":[],"class_list":["post-146992","post","type-post","status-publish","format-standard","has-post-thumbnail","hentry","category-hombres"],"_links":{"self":[{"href":"https:\/\/www.primor.eu\/blog\/wp-json\/wp\/v2\/posts\/146992","targetHints":{"allow":["GET"]}}],"collection":[{"href":"https:\/\/www.primor.eu\/blog\/wp-json\/wp\/v2\/posts"}],"about":[{"href":"https:\/\/www.primor.eu\/blog\/wp-json\/wp\/v2\/types\/post"}],"author":[{"embeddable":true,"href":"https:\/\/www.primor.eu\/blog\/wp-json\/wp\/v2\/users\/30"}],"replies":[{"embeddable":true,"href":"https:\/\/www.primor.eu\/blog\/wp-json\/wp\/v2\/comments?post=146992"}],"version-history":[{"count":1,"href":"https:\/\/www.primor.eu\/blog\/wp-json\/wp\/v2\/posts\/146992\/revisions"}],"predecessor-version":[{"id":146995,"href":"https:\/\/www.primor.eu\/blog\/wp-json\/wp\/v2\/posts\/146992\/revisions\/146995"}],"wp:featuredmedia":[{"embeddable":true,"href":"https:\/\/www.primor.eu\/blog\/wp-json\/wp\/v2\/media\/146994"}],"wp:attachment":[{"href":"https:\/\/www.primor.eu\/blog\/wp-json\/wp\/v2\/media?parent=146992"}],"wp:term":[{"taxonomy":"category","embeddable":true,"href":"https:\/\/www.primor.eu\/blog\/wp-json\/wp\/v2\/categories?post=146992"},{"taxonomy":"post_tag","embeddable":true,"href":"https:\/\/www.primor.eu\/blog\/wp-json\/wp\/v2\/tags?post=146992"}],"curies":[{"name":"wp","href":"https:\/\/api.w.org\/{rel}","templated":true}]}}