{"id":146819,"date":"2026-08-29T16:00:00","date_gmt":"2026-08-29T16:00:00","guid":{"rendered":"https:\/\/www.primor.eu\/blog\/?p=146819"},"modified":"2026-08-22T10:44:19","modified_gmt":"2026-08-22T10:44:19","slug":"mejores-productos-anticaida-hombres","status":"publish","type":"post","link":"https:\/\/www.primor.eu\/blog\/mejores-productos-anticaida-hombres\/","title":{"rendered":"Los 5 mejores productos antica\u00edda para hombres"},"content":{"rendered":"\n<p class=\"wp-block-paragraph\">Si est\u00e1s buscando <strong><a href=\"https:\/\/www.primor.eu\/blog\/tratamientos-anticaida\/\" data-type=\"link\" data-id=\"https:\/\/www.primor.eu\/blog\/tratamientos-anticaida\/\">productos antica\u00edda<\/a><\/strong> para <strong><a href=\"https:\/\/www.primor.eu\/es_es\/hombre\" data-type=\"link\" data-id=\"https:\/\/www.primor.eu\/es_es\/hombre\">hombres<\/a><\/strong> est\u00e1s de suerte, porque en Primor tenemos los mejores a los mejores precios.&nbsp;<\/p>\n\n\n\n<p class=\"wp-block-paragraph\">El hecho de que se te caiga el pelo afecta a tu autoestima. Y lo entendemos completamente. Es cierto que el perder pelo no te quita valor ni tiene por qu\u00e9 quitarte atractivo, pero si buscas productos que te ayuden a cuidar la salud de tu cabello y a frenar la ca\u00edda, \u00a1te hemos preparado una lista de los 5 mejores!<\/p>\n\n\n\n<h2 class=\"wp-block-heading\">Los 5 mejores productos antica\u00edda para hombres<\/h2>\n\n\n        <product-table class=\"pr-slider\">\r\n            <product-headers class=\"grid-table-rows\">\r\n                <div>Foto<\/div>\r\n                <div>Producto<\/div>\r\n                <div>Marca<\/div>\r\n                <div>Valoraciones<\/div>\r\n                <div>Precio<\/div>\r\n            <\/product-headers>\r\n\r\n            <product-list>\r\n                                    <a href=\"https:\/\/www.primor.eu\/es_es\/klorane-tratamiento-fortalecedor-intensivo-anticaida-quinina-126870.html\" class=\"product-item grid-table-rows\" target=\"_blank\">\r\n                        <div>\r\n                            <img decoding=\"async\" class=\"product-img\" width=\"80px\" height=\"80px\" src=\"https:\/\/cdn2.primor.eu\/media\/catalog\/product\/cache\/8d3aba296f7a18b5251ee30fa5db42b2\/3\/2\/3282770397635_KLORANE_TRATAMIENTO_FORTALECEDOR_INTENSIVO_ANTICAIDA_QUININA_100M_34e5.jpg\" alt=\"Tratamiento Fortalecedor Intensivo Anticaida Quinina\">\r\n                        <\/div>\r\n\r\n                        <!-- Contenido de producto  -->\r\n                        <div>\r\n                            <div class=\"product-position\">\r\n                                #1 Top Ventas                            <\/div>\r\n\r\n                            <h2>\r\n                                Tratamiento Fortalecedor Intensivo Anticaida Quinina                            <\/h2>\r\n                        <\/div>\r\n\r\n                        <!-- Imagen y\/o nombre de la marca -->\r\n                        <div class=\"brand-image-name\">\r\n                                                            <img decoding=\"async\" class=\"brand-image\" src=\"https:\/\/www.primor.eu\/media\/catalog\/category\/KLORANE.jpg\" alt=\"\">\r\n                                                    <\/div>\r\n\r\n                        <!-- Puntuaci\u00f3n del producto  -->\r\n                        <div class=\"rating\">\r\n                                                            <div class=\"rate\" style=\"--p:94;\"><\/div>\r\n                                <b>4.7\/5<\/b>\r\n                                <div class=\"rate-stars\">\r\n                                                                            <div\r\n                                            class=\"rate-star  \">\r\n                                        <\/div>\r\n                                                                            <div\r\n                                            class=\"rate-star  \">\r\n                                        <\/div>\r\n                                                                            <div\r\n                                            class=\"rate-star  \">\r\n                                        <\/div>\r\n                                                                            <div\r\n                                            class=\"rate-star  \">\r\n                                        <\/div>\r\n                                                                            <div\r\n                                            class=\"rate-star  \">\r\n                                        <\/div>\r\n                                                                    <\/div>\r\n                                                    <\/div>\r\n\r\n                        <!-- Bot\u00f3n de producto  -->\r\n                        <div>\r\n                            <span class=\"price-claim\">\r\n                                VER PRECIO                            <\/span>\r\n                        <\/div>\r\n                    <\/a>\r\n                                    <a href=\"https:\/\/www.primor.eu\/es_es\/revlon-pro-you-the-winner-tratamiento-anticaida-9038.html\" class=\"product-item grid-table-rows\" target=\"_blank\">\r\n                        <div>\r\n                            <img decoding=\"async\" class=\"product-img\" width=\"80px\" height=\"80px\" src=\"https:\/\/cdn2.primor.eu\/media\/catalog\/product\/cache\/8d3aba296f7a18b5251ee30fa5db42b2\/2\/C\/2CC03738_1_2369.jpg\" alt=\"Pro You The Winner Tratamiento Antica\u00edda\">\r\n                        <\/div>\r\n\r\n                        <!-- Contenido de producto  -->\r\n                        <div>\r\n                            <div class=\"product-position\">\r\n                                #2                            <\/div>\r\n\r\n                            <h2>\r\n                                Pro You The Winner Tratamiento Antica\u00edda                            <\/h2>\r\n                        <\/div>\r\n\r\n                        <!-- Imagen y\/o nombre de la marca -->\r\n                        <div class=\"brand-image-name\">\r\n                                                            <img decoding=\"async\" class=\"brand-image\" src=\"https:\/\/www.primor.eu\/media\/catalog\/category\/403.jpg\" alt=\"\">\r\n                                                    <\/div>\r\n\r\n                        <!-- Puntuaci\u00f3n del producto  -->\r\n                        <div class=\"rating\">\r\n                                                            <div class=\"rate\" style=\"--p:98;\"><\/div>\r\n                                <b>4.9\/5<\/b>\r\n                                <div class=\"rate-stars\">\r\n                                                                            <div\r\n                                            class=\"rate-star  \">\r\n                                        <\/div>\r\n                                                                            <div\r\n                                            class=\"rate-star  \">\r\n                                        <\/div>\r\n                                                                            <div\r\n                                            class=\"rate-star  \">\r\n                                        <\/div>\r\n                                                                            <div\r\n                                            class=\"rate-star  \">\r\n                                        <\/div>\r\n                                                                            <div\r\n                                            class=\"rate-star  \">\r\n                                        <\/div>\r\n                                                                    <\/div>\r\n                                                    <\/div>\r\n\r\n                        <!-- Bot\u00f3n de producto  -->\r\n                        <div>\r\n                            <span class=\"price-claim\">\r\n                                VER PRECIO                            <\/span>\r\n                        <\/div>\r\n                    <\/a>\r\n                                    <a href=\"https:\/\/www.primor.eu\/es_es\/h-s-pro-expert-7-en-1-champu-anticaida-10596.html\" class=\"product-item grid-table-rows\" target=\"_blank\">\r\n                        <div>\r\n                            <img decoding=\"async\" class=\"product-img\" width=\"80px\" height=\"80px\" src=\"https:\/\/cdn2.primor.eu\/media\/catalog\/product\/cache\/8d3aba296f7a18b5251ee30fa5db42b2\/0\/8\/08700216265584_80771681_PRODUCT_IMAGE_IN_PACKAGE_FRONT_CENTER_3000X3000_2_SPANI_5f95.jpg\" alt=\"Pro-Expert 7 en 1 Champ\u00fa Antica\u00edda\">\r\n                        <\/div>\r\n\r\n                        <!-- Contenido de producto  -->\r\n                        <div>\r\n                            <div class=\"product-position\">\r\n                                #3                            <\/div>\r\n\r\n                            <h2>\r\n                                Pro-Expert 7 en 1 Champ\u00fa Antica\u00edda                            <\/h2>\r\n                        <\/div>\r\n\r\n                        <!-- Imagen y\/o nombre de la marca -->\r\n                        <div class=\"brand-image-name\">\r\n                                                            <img decoding=\"async\" class=\"brand-image\" src=\"https:\/\/www.primor.eu\/media\/catalog\/category\/H_S.jpg\" alt=\"\">\r\n                                                    <\/div>\r\n\r\n                        <!-- Puntuaci\u00f3n del producto  -->\r\n                        <div class=\"rating\">\r\n                                                            <div class=\"rate\" style=\"--p:96;\"><\/div>\r\n                                <b>4.8\/5<\/b>\r\n                                <div class=\"rate-stars\">\r\n                                                                            <div\r\n                                            class=\"rate-star  \">\r\n                                        <\/div>\r\n                                                                            <div\r\n                                            class=\"rate-star  \">\r\n                                        <\/div>\r\n                                                                            <div\r\n                                            class=\"rate-star  \">\r\n                                        <\/div>\r\n                                                                            <div\r\n                                            class=\"rate-star  \">\r\n                                        <\/div>\r\n                                                                            <div\r\n                                            class=\"rate-star  \">\r\n                                        <\/div>\r\n                                                                    <\/div>\r\n                                                    <\/div>\r\n\r\n                        <!-- Bot\u00f3n de producto  -->\r\n                        <div>\r\n                            <span class=\"price-claim\">\r\n                                VER PRECIO                            <\/span>\r\n                        <\/div>\r\n                    <\/a>\r\n                                    <a href=\"https:\/\/www.primor.eu\/es_es\/vida-shock-estuche-anti-caida-6-ampollas-70147.html\" class=\"product-item grid-table-rows\" target=\"_blank\">\r\n                        <div>\r\n                            <img decoding=\"async\" class=\"product-img\" width=\"80px\" height=\"80px\" src=\"https:\/\/cdn2.primor.eu\/media\/catalog\/product\/cache\/8d3aba296f7a18b5251ee30fa5db42b2\/2\/C\/2CN01023_1_bfea.jpg\" alt=\"Estuche Anti-ca\u00edda 6 Ampollas\">\r\n                        <\/div>\r\n\r\n                        <!-- Contenido de producto  -->\r\n                        <div>\r\n                            <div class=\"product-position\">\r\n                                #4                            <\/div>\r\n\r\n                            <h2>\r\n                                Estuche Anti-ca\u00edda 6 Ampollas                            <\/h2>\r\n                        <\/div>\r\n\r\n                        <!-- Imagen y\/o nombre de la marca -->\r\n                        <div class=\"brand-image-name\">\r\n                                                            <img decoding=\"async\" class=\"brand-image\" src=\"https:\/\/www.primor.eu\/media\/catalog\/category\/vida_shock.jpg\" alt=\"\">\r\n                                                    <\/div>\r\n\r\n                        <!-- Puntuaci\u00f3n del producto  -->\r\n                        <div class=\"rating\">\r\n                                                            <div class=\"rate\" style=\"--p:98;\"><\/div>\r\n                                <b>4.9\/5<\/b>\r\n                                <div class=\"rate-stars\">\r\n                                                                            <div\r\n                                            class=\"rate-star  \">\r\n                                        <\/div>\r\n                                                                            <div\r\n                                            class=\"rate-star  \">\r\n                                        <\/div>\r\n                                                                            <div\r\n                                            class=\"rate-star  \">\r\n                                        <\/div>\r\n                                                                            <div\r\n                                            class=\"rate-star  \">\r\n                                        <\/div>\r\n                                                                            <div\r\n                                            class=\"rate-star  \">\r\n                                        <\/div>\r\n                                                                    <\/div>\r\n                                                    <\/div>\r\n\r\n                        <!-- Bot\u00f3n de producto  -->\r\n                        <div>\r\n                            <span class=\"price-claim\">\r\n                                VER PRECIO                            <\/span>\r\n                        <\/div>\r\n                    <\/a>\r\n                                    <a href=\"https:\/\/www.primor.eu\/es_es\/nioxin-anti-hairloss-serum-tratamiento-anticaida-de-dia-sin-aclarado-122624.html\" class=\"product-item grid-table-rows\" target=\"_blank\">\r\n                        <div>\r\n                            <img decoding=\"async\" class=\"product-img\" width=\"80px\" height=\"80px\" src=\"https:\/\/cdn2.primor.eu\/media\/catalog\/product\/cache\/8d3aba296f7a18b5251ee30fa5db42b2\/4\/0\/406466684257_1_0b16.jpg\" alt=\"Anti Hair Loss Serum Tratamiento Capilar Antica\u00edda\">\r\n                        <\/div>\r\n\r\n                        <!-- Contenido de producto  -->\r\n                        <div>\r\n                            <div class=\"product-position\">\r\n                                #5                            <\/div>\r\n\r\n                            <h2>\r\n                                Anti Hair Loss Serum Tratamiento Capilar Antica\u00edda                            <\/h2>\r\n                        <\/div>\r\n\r\n                        <!-- Imagen y\/o nombre de la marca -->\r\n                        <div class=\"brand-image-name\">\r\n                                                            <img decoding=\"async\" class=\"brand-image\" src=\"https:\/\/www.primor.eu\/media\/catalog\/category\/Logo.jpg\" alt=\"\">\r\n                                                    <\/div>\r\n\r\n                        <!-- Puntuaci\u00f3n del producto  -->\r\n                        <div class=\"rating\">\r\n                                                            <div class=\"rate\" style=\"--p:100;\"><\/div>\r\n                                <b>5\/5<\/b>\r\n                                <div class=\"rate-stars\">\r\n                                                                            <div\r\n                                            class=\"rate-star  \">\r\n                                        <\/div>\r\n                                                                            <div\r\n                                            class=\"rate-star  \">\r\n                                        <\/div>\r\n                                                                            <div\r\n                                            class=\"rate-star  \">\r\n                                        <\/div>\r\n                                                                            <div\r\n                                            class=\"rate-star  \">\r\n                                        <\/div>\r\n                                                                            <div\r\n                                            class=\"rate-star  \">\r\n                                        <\/div>\r\n                                                                    <\/div>\r\n                                                    <\/div>\r\n\r\n                        <!-- Bot\u00f3n de producto  -->\r\n                        <div>\r\n                            <span class=\"price-claim\">\r\n                                VER PRECIO                            <\/span>\r\n                        <\/div>\r\n                    <\/a>\r\n                            <\/product-list>\r\n        <\/product-table>\r\n\r\n        \n\n\n\n<h3 class=\"wp-block-heading\">Tratamiento Antica\u00edda Fortificante Intensivo con Quinina y Cafe\u00edna de Klorane<\/h3>\n\n\n\n<p class=\"wp-block-paragraph\">Es un tratamiento sin aclarado indicado para todos los tipos de ca\u00edda del cabello, que adem\u00e1s protege tambi\u00e9n el cabello frente a los efectos nocivos del estr\u00e9s y del cortisol.&nbsp;<\/p>\n\n\n\n<p class=\"wp-block-paragraph\">Este tratamiento antica\u00edda de origen natural* es un aut\u00e9ntico concentrado de eficacia y de alta tolerancia, que act\u00faa sobre el cuero cabelludo para reducir eficazmente la ca\u00edda del cabello en un 67%**, estimular el crecimiento y fortalecerlo intensamente.&nbsp;<\/p>\n\n\n    <a class='product' target='_blank' href='https:\/\/www.primor.eu\/es_es\/klorane-tratamiento-fortalecedor-intensivo-anticaida-quinina-126870.html'>\r\n        <img loading='async' src='https:\/\/cdn2.primor.eu\/media\/catalog\/product\/cache\/8d3aba296f7a18b5251ee30fa5db42b2\/3\/2\/3282770397635_KLORANE_TRATAMIENTO_FORTALECEDOR_INTENSIVO_ANTICAIDA_QUININA_100M_34e5.jpg' alt='COMPRAR AHORA'>\r\n            <div class=\"claim\">\r\n                COMPRAR AHORA            <\/div>\r\n        <\/a>\r\n    \n\n\n<h3 class=\"wp-block-heading\">Pro You The Winner Tratamiento Antica\u00edda de Cabello D\u00e9bil de Revlon<\/h3>\n\n\n\n<p class=\"wp-block-paragraph\">Gracias a su composici\u00f3n con un complejo de p\u00e9ptidos ultraligeros, el Pro You The Winner Tratamiento Antica\u00edda de Cabello D\u00e9bil de REVLON se distribuye de manera homog\u00e9nea, favoreciendo la hidrataci\u00f3n y el aporte de cuerpo sin sobrecargar. El uso continuado del Pro You The Winner Tratamiento Antica\u00edda de Cabello D\u00e9bil contribuye a mejorar la resistencia del cabello y a reducir la ca\u00edda asociada a la debilidad capilar.<\/p>\n\n\n    <a class='product' target='_blank' href='https:\/\/www.primor.eu\/es_es\/revlon-pro-you-the-winner-tratamiento-anticaida-9038.html'>\r\n        <img loading='async' src='https:\/\/cdn2.primor.eu\/media\/catalog\/product\/cache\/8d3aba296f7a18b5251ee30fa5db42b2\/2\/C\/2CC03738_1_2369.jpg' alt='COMPRAR AHORA'>\r\n            <div class=\"claim\">\r\n                COMPRAR AHORA            <\/div>\r\n        <\/a>\r\n    \n\n\n<h3 class=\"wp-block-heading\">Pro-Expert 7 en 1 Champ\u00fa Antica\u00edda de H&amp;S<\/h3>\n\n\n\n<p class=\"wp-block-paragraph\">Est\u00e1 desarrollado para el cuidado diario del cuero cabelludo con tendencia a la caspa y a la ca\u00edda del cabello. Pro-Expert 7 en 1 Champ\u00fa Antica\u00edda de H&amp;S incorpora cafe\u00edna y una combinaci\u00f3n de activos anticaspa que act\u00faan de forma constante desde el primer lavado.<\/p>\n\n\n\n<p class=\"wp-block-paragraph\">Gracias a su f\u00f3rmula de uso regular, el Pro-Expert 7 en 1 Champ\u00fa Antica\u00edda de H&amp;S ayuda a eliminar la caspa visible, a mantener el equilibrio natural del cuero cabelludo y a limpiar en profundidad. El uso continuado del Pro-Expert 7 en 1 Champ\u00fa Antica\u00edda contribuye a controlar la producci\u00f3n de grasa, aliviar el picor y calmar las molestias asociadas al cuero cabelludo sensible.<\/p>\n\n\n    <a class='product' target='_blank' href='https:\/\/www.primor.eu\/es_es\/h-s-pro-expert-7-en-1-champu-anticaida-10596.html'>\r\n        <img loading='async' src='https:\/\/cdn2.primor.eu\/media\/catalog\/product\/cache\/8d3aba296f7a18b5251ee30fa5db42b2\/0\/8\/08700216265584_80771681_PRODUCT_IMAGE_IN_PACKAGE_FRONT_CENTER_3000X3000_2_SPANI_5f95.jpg' alt='COMPRAR AHORA'>\r\n            <div class=\"claim\">\r\n                COMPRAR AHORA            <\/div>\r\n        <\/a>\r\n    \n\n\n<h3 class=\"wp-block-heading\">Estuche Anti-ca\u00edda 6 Ampollas de Vida Shock<\/h3>\n\n\n\n<p class=\"wp-block-paragraph\">Su especial complejo prote\u00ednico est\u00e1 formulado para recuperar la funci\u00f3n del ciclo capilar, y as\u00ed prevenir y retrasar la ca\u00edda del cabello. Tambi\u00e9n favorece la oxigenaci\u00f3n y estimula la actividad metab\u00f3lica celular. Su f\u00f3rmula est\u00e1 enriquecida con Extractos vegetales y Queratina. Todos estos ingredientes evitan la ca\u00edda del cabello, lo fortalecen y dejan una pel\u00edcula biol\u00f3gica protectora en la superficie del pelo.<\/p>\n\n\n    <a class='product' target='_blank' href='https:\/\/www.primor.eu\/es_es\/vida-shock-estuche-anti-caida-6-ampollas-70147.html'>\r\n        <img loading='async' src='https:\/\/cdn2.primor.eu\/media\/catalog\/product\/cache\/8d3aba296f7a18b5251ee30fa5db42b2\/2\/C\/2CN01023_1_bfea.jpg' alt='COMPRAR AHORA'>\r\n            <div class=\"claim\">\r\n                COMPRAR AHORA            <\/div>\r\n        <\/a>\r\n    \n\n\n<h3 class=\"wp-block-heading\">Anti Hair Loss Serum Tratamiento Capilar Antica\u00edda de Nioxin<\/h3>\n\n\n\n<p class=\"wp-block-paragraph\">Este s\u00e9rum sin aclarado ha sido formulado para fortalecer el cabello y reducir la ca\u00edda en solo 8 semanas, mejorando el anclaje de las ra\u00edces al cuero cabelludo y aumentando la densidad desde el primer uso.<\/p>\n\n\n\n<p class=\"wp-block-paragraph\">El tratamiento capilar antica\u00edda Anti Hair Loss Serum de NIOXIN es adecuado tanto para hombres como para mujeres. Su f\u00f3rmula con niacinamida estimula y nutre los fol\u00edculos pilosos, ayudando a mejorar la resistencia del cabello y minimizando la p\u00e9rdida capilar.<\/p>\n\n\n    <a class='product' target='_blank' href='https:\/\/www.primor.eu\/es_es\/nioxin-anti-hairloss-serum-tratamiento-anticaida-de-dia-sin-aclarado-122624.html'>\r\n        <img loading='async' src='https:\/\/cdn2.primor.eu\/media\/catalog\/product\/cache\/8d3aba296f7a18b5251ee30fa5db42b2\/4\/0\/406466684257_1_0b16.jpg' alt='COMPRAR AHORA'>\r\n            <div class=\"claim\">\r\n                COMPRAR AHORA            <\/div>\r\n        <\/a>\r\n    \n\n<div class=\"kk-star-ratings kksr-auto kksr-align-center kksr-valign-bottom\"\n    data-payload='{&quot;align&quot;:&quot;center&quot;,&quot;id&quot;:&quot;146819&quot;,&quot;slug&quot;:&quot;default&quot;,&quot;valign&quot;:&quot;bottom&quot;,&quot;ignore&quot;:&quot;&quot;,&quot;reference&quot;:&quot;auto&quot;,&quot;class&quot;:&quot;&quot;,&quot;count&quot;:&quot;0&quot;,&quot;legendonly&quot;:&quot;&quot;,&quot;readonly&quot;:&quot;&quot;,&quot;score&quot;:&quot;0&quot;,&quot;starsonly&quot;:&quot;&quot;,&quot;best&quot;:&quot;5&quot;,&quot;gap&quot;:&quot;5&quot;,&quot;greet&quot;:&quot;Valora este art\u00edculo&quot;,&quot;legend&quot;:&quot;0\\\/5 - (0 votos)&quot;,&quot;size&quot;:&quot;24&quot;,&quot;title&quot;:&quot;Los 5 mejores productos antica\u00edda para hombres&quot;,&quot;width&quot;:&quot;0&quot;,&quot;_legend&quot;:&quot;{score}\\\/{best} - ({count} {votes})&quot;,&quot;font_factor&quot;:&quot;1.25&quot;}'>\n            \n<div class=\"kksr-stars\">\n    \n<div class=\"kksr-stars-inactive\">\n            <div class=\"kksr-star\" data-star=\"1\" style=\"padding-right: 5px\">\n            \n\n<div class=\"kksr-icon\" style=\"width: 24px; height: 24px;\"><\/div>\n        <\/div>\n            <div class=\"kksr-star\" data-star=\"2\" style=\"padding-right: 5px\">\n            \n\n<div class=\"kksr-icon\" style=\"width: 24px; height: 24px;\"><\/div>\n        <\/div>\n            <div class=\"kksr-star\" data-star=\"3\" style=\"padding-right: 5px\">\n            \n\n<div class=\"kksr-icon\" style=\"width: 24px; height: 24px;\"><\/div>\n        <\/div>\n            <div class=\"kksr-star\" data-star=\"4\" style=\"padding-right: 5px\">\n            \n\n<div class=\"kksr-icon\" style=\"width: 24px; height: 24px;\"><\/div>\n        <\/div>\n            <div class=\"kksr-star\" data-star=\"5\" style=\"padding-right: 5px\">\n            \n\n<div class=\"kksr-icon\" style=\"width: 24px; height: 24px;\"><\/div>\n        <\/div>\n    <\/div>\n    \n<div class=\"kksr-stars-active\" style=\"width: 0px;\">\n            <div class=\"kksr-star\" style=\"padding-right: 5px\">\n            \n\n<div class=\"kksr-icon\" style=\"width: 24px; height: 24px;\"><\/div>\n        <\/div>\n            <div class=\"kksr-star\" style=\"padding-right: 5px\">\n            \n\n<div class=\"kksr-icon\" style=\"width: 24px; height: 24px;\"><\/div>\n        <\/div>\n            <div class=\"kksr-star\" style=\"padding-right: 5px\">\n            \n\n<div class=\"kksr-icon\" style=\"width: 24px; height: 24px;\"><\/div>\n        <\/div>\n            <div class=\"kksr-star\" style=\"padding-right: 5px\">\n            \n\n<div class=\"kksr-icon\" style=\"width: 24px; height: 24px;\"><\/div>\n        <\/div>\n            <div class=\"kksr-star\" style=\"padding-right: 5px\">\n            \n\n<div class=\"kksr-icon\" style=\"width: 24px; height: 24px;\"><\/div>\n        <\/div>\n    <\/div>\n<\/div>\n                \n\n<div class=\"kksr-legend\" style=\"font-size: 19.2px;\">\n            <span class=\"kksr-muted\">Valora este art\u00edculo<\/span>\n    <\/div>\n    <\/div>\n","protected":false},"excerpt":{"rendered":"<p>Si est\u00e1s buscando productos antica\u00edda para hombres est\u00e1s de suerte, porque en Primor tenemos los mejores a los mejores precios.&nbsp; El hecho de que se te caiga el pelo afecta a tu autoestima. Y lo entendemos completamente. Es cierto que el perder pelo no te quita valor ni tiene por qu\u00e9 quitarte atractivo, pero si [&hellip;]<\/p>\n","protected":false},"author":30,"featured_media":146820,"comment_status":"closed","ping_status":"closed","sticky":false,"template":"","format":"standard","meta":{"jnews-multi-image_gallery":[],"jnews_single_post":{"format":"standard"},"jnews_primary_category":[],"jnews_social_meta":[],"jnews_override_counter":[],"footnotes":""},"categories":[6311],"tags":[],"class_list":["post-146819","post","type-post","status-publish","format-standard","has-post-thumbnail","hentry","category-hombres"],"_links":{"self":[{"href":"https:\/\/www.primor.eu\/blog\/wp-json\/wp\/v2\/posts\/146819","targetHints":{"allow":["GET"]}}],"collection":[{"href":"https:\/\/www.primor.eu\/blog\/wp-json\/wp\/v2\/posts"}],"about":[{"href":"https:\/\/www.primor.eu\/blog\/wp-json\/wp\/v2\/types\/post"}],"author":[{"embeddable":true,"href":"https:\/\/www.primor.eu\/blog\/wp-json\/wp\/v2\/users\/30"}],"replies":[{"embeddable":true,"href":"https:\/\/www.primor.eu\/blog\/wp-json\/wp\/v2\/comments?post=146819"}],"version-history":[{"count":3,"href":"https:\/\/www.primor.eu\/blog\/wp-json\/wp\/v2\/posts\/146819\/revisions"}],"predecessor-version":[{"id":146829,"href":"https:\/\/www.primor.eu\/blog\/wp-json\/wp\/v2\/posts\/146819\/revisions\/146829"}],"wp:featuredmedia":[{"embeddable":true,"href":"https:\/\/www.primor.eu\/blog\/wp-json\/wp\/v2\/media\/146820"}],"wp:attachment":[{"href":"https:\/\/www.primor.eu\/blog\/wp-json\/wp\/v2\/media?parent=146819"}],"wp:term":[{"taxonomy":"category","embeddable":true,"href":"https:\/\/www.primor.eu\/blog\/wp-json\/wp\/v2\/categories?post=146819"},{"taxonomy":"post_tag","embeddable":true,"href":"https:\/\/www.primor.eu\/blog\/wp-json\/wp\/v2\/tags?post=146819"}],"curies":[{"name":"wp","href":"https:\/\/api.w.org\/{rel}","templated":true}]}}