{"id":146807,"date":"2026-08-29T12:00:00","date_gmt":"2026-08-29T12:00:00","guid":{"rendered":"https:\/\/www.primor.eu\/blog\/?p=146807"},"modified":"2026-08-22T10:17:23","modified_gmt":"2026-08-22T10:17:23","slug":"mejores-brumas-hombres","status":"publish","type":"post","link":"https:\/\/www.primor.eu\/blog\/mejores-brumas-hombres\/","title":{"rendered":"Las 5 mejores brumas que son perfectas para los hombres"},"content":{"rendered":"\n<p class=\"wp-block-paragraph\">Si est\u00e1s buscando <strong><a href=\"https:\/\/www.primor.eu\/blog\/mejores-brumas-corporales\/\" data-type=\"link\" data-id=\"https:\/\/www.primor.eu\/blog\/mejores-brumas-corporales\/\">brumas<\/a> para <a href=\"https:\/\/www.primor.eu\/es_es\/hombre\" data-type=\"link\" data-id=\"https:\/\/www.primor.eu\/es_es\/hombre\">hombre<\/a><\/strong>, has llegado al lugar correcto. Y es que en Primor siempre tenemos productos para mujer y hombre, pero tambi\u00e9n unisex. Esto hace que haya m\u00faltiples opciones a tu disposici\u00f3n.\u00a0<\/p>\n\n\n\n<p class=\"wp-block-paragraph\">Vamos a darte una lista de las 5 mejores brumas para hombre para que las puedas tener disponibles siempre y escojas m\u00e1s de una o la que te apetezca probar ahora mismo.&nbsp;<\/p>\n\n\n\n<h2 class=\"wp-block-heading\">5 mejores brumas para hombre de nuestra tienda<\/h2>\n\n\n        <product-table class=\"pr-slider\">\r\n            <product-headers class=\"grid-table-rows\">\r\n                <div>Foto<\/div>\r\n                <div>Producto<\/div>\r\n                <div>Marca<\/div>\r\n                <div>Valoraciones<\/div>\r\n                <div>Precio<\/div>\r\n            <\/product-headers>\r\n\r\n            <product-list>\r\n                                    <a href=\"https:\/\/www.primor.eu\/es_es\/revuele-bruma-corporal-ocean-breeze-11798.html\" class=\"product-item grid-table-rows\" target=\"_blank\">\r\n                        <div>\r\n                            <img decoding=\"async\" class=\"product-img\" width=\"80px\" height=\"80px\" src=\"https:\/\/cdn2.primor.eu\/media\/catalog\/product\/cache\/8d3aba296f7a18b5251ee30fa5db42b2\/0\/T\/0TF18673_1_0067.jpg\" alt=\"Bruma Corporal Ocean Breeze\">\r\n                        <\/div>\r\n\r\n                        <!-- Contenido de producto  -->\r\n                        <div>\r\n                            <div class=\"product-position\">\r\n                                #1 Top Ventas                            <\/div>\r\n\r\n                            <h2>\r\n                                Bruma Corporal Ocean Breeze                            <\/h2>\r\n                        <\/div>\r\n\r\n                        <!-- Imagen y\/o nombre de la marca -->\r\n                        <div class=\"brand-image-name\">\r\n                                                            <img decoding=\"async\" class=\"brand-image\" src=\"https:\/\/www.primor.eu\/media\/catalog\/category\/989_revuele_1.png\" alt=\"\">\r\n                                                    <\/div>\r\n\r\n                        <!-- Puntuaci\u00f3n del producto  -->\r\n                        <div class=\"rating\">\r\n                                                            <div class=\"rate\" style=\"--p:94;\"><\/div>\r\n                                <b>4.7\/5<\/b>\r\n                                <div class=\"rate-stars\">\r\n                                                                            <div\r\n                                            class=\"rate-star  \">\r\n                                        <\/div>\r\n                                                                            <div\r\n                                            class=\"rate-star  \">\r\n                                        <\/div>\r\n                                                                            <div\r\n                                            class=\"rate-star  \">\r\n                                        <\/div>\r\n                                                                            <div\r\n                                            class=\"rate-star  \">\r\n                                        <\/div>\r\n                                                                            <div\r\n                                            class=\"rate-star  \">\r\n                                        <\/div>\r\n                                                                    <\/div>\r\n                                                    <\/div>\r\n\r\n                        <!-- Bot\u00f3n de producto  -->\r\n                        <div>\r\n                            <span class=\"price-claim\">\r\n                                VER PRECIO                            <\/span>\r\n                        <\/div>\r\n                    <\/a>\r\n                                    <a href=\"https:\/\/www.primor.eu\/es_es\/playboy-midnight-guilt-body-mist-80803.html\" class=\"product-item grid-table-rows\" target=\"_blank\">\r\n                        <div>\r\n                            <img decoding=\"async\" class=\"product-img\" width=\"80px\" height=\"80px\" src=\"https:\/\/cdn2.primor.eu\/media\/catalog\/product\/cache\/8d3aba296f7a18b5251ee30fa5db42b2\/5\/0\/5050456006427__1__0f0d.jpg\" alt=\"Midnight Guilt Bruma Corporal\">\r\n                        <\/div>\r\n\r\n                        <!-- Contenido de producto  -->\r\n                        <div>\r\n                            <div class=\"product-position\">\r\n                                #2                            <\/div>\r\n\r\n                            <h2>\r\n                                Midnight Guilt Bruma Corporal                            <\/h2>\r\n                        <\/div>\r\n\r\n                        <!-- Imagen y\/o nombre de la marca -->\r\n                        <div class=\"brand-image-name\">\r\n                                                            <img decoding=\"async\" class=\"brand-image\" src=\"https:\/\/www.primor.eu\/media\/catalog\/category\/PBY_Fragrances_Secondary_RHD_Logo_Lock_Up_Horizontal_vSML_2024_Black.png\" alt=\"\">\r\n                                                    <\/div>\r\n\r\n                        <!-- Puntuaci\u00f3n del producto  -->\r\n                        <div class=\"rating\">\r\n                                                            <div class=\"rate\" style=\"--p:96;\"><\/div>\r\n                                <b>4.8\/5<\/b>\r\n                                <div class=\"rate-stars\">\r\n                                                                            <div\r\n                                            class=\"rate-star  \">\r\n                                        <\/div>\r\n                                                                            <div\r\n                                            class=\"rate-star  \">\r\n                                        <\/div>\r\n                                                                            <div\r\n                                            class=\"rate-star  \">\r\n                                        <\/div>\r\n                                                                            <div\r\n                                            class=\"rate-star  \">\r\n                                        <\/div>\r\n                                                                            <div\r\n                                            class=\"rate-star  \">\r\n                                        <\/div>\r\n                                                                    <\/div>\r\n                                                    <\/div>\r\n\r\n                        <!-- Bot\u00f3n de producto  -->\r\n                        <div>\r\n                            <span class=\"price-claim\">\r\n                                VER PRECIO                            <\/span>\r\n                        <\/div>\r\n                    <\/a>\r\n                                    <a href=\"https:\/\/www.primor.eu\/es_es\/roberto-cavalli-vibrant-aqua-bruma-para-cuerpo-y-cabello-115395.html\" class=\"product-item grid-table-rows\" target=\"_blank\">\r\n                        <div>\r\n                            <img decoding=\"async\" class=\"product-img\" width=\"80px\" height=\"80px\" src=\"https:\/\/cdn2.primor.eu\/media\/catalog\/product\/cache\/8d3aba296f7a18b5251ee30fa5db42b2\/8\/0\/8052464898107_fa1f.jpg\" alt=\"Vibrant Aqua Bruma para Cuerpo y Cabello\">\r\n                        <\/div>\r\n\r\n                        <!-- Contenido de producto  -->\r\n                        <div>\r\n                            <div class=\"product-position\">\r\n                                #3                            <\/div>\r\n\r\n                            <h2>\r\n                                Vibrant Aqua Bruma para Cuerpo y Cabello                            <\/h2>\r\n                        <\/div>\r\n\r\n                        <!-- Imagen y\/o nombre de la marca -->\r\n                        <div class=\"brand-image-name\">\r\n                                                            <img decoding=\"async\" class=\"brand-image\" src=\"https:\/\/www.primor.eu\/media\/catalog\/category\/Roberto_Cavalli.jpg\" alt=\"\">\r\n                                                    <\/div>\r\n\r\n                        <!-- Puntuaci\u00f3n del producto  -->\r\n                        <div class=\"rating\">\r\n                                                            <div class=\"rate\" style=\"--p:100;\"><\/div>\r\n                                <b>5\/5<\/b>\r\n                                <div class=\"rate-stars\">\r\n                                                                            <div\r\n                                            class=\"rate-star  \">\r\n                                        <\/div>\r\n                                                                            <div\r\n                                            class=\"rate-star  \">\r\n                                        <\/div>\r\n                                                                            <div\r\n                                            class=\"rate-star  \">\r\n                                        <\/div>\r\n                                                                            <div\r\n                                            class=\"rate-star  \">\r\n                                        <\/div>\r\n                                                                            <div\r\n                                            class=\"rate-star  \">\r\n                                        <\/div>\r\n                                                                    <\/div>\r\n                                                    <\/div>\r\n\r\n                        <!-- Bot\u00f3n de producto  -->\r\n                        <div>\r\n                            <span class=\"price-claim\">\r\n                                VER PRECIO                            <\/span>\r\n                        <\/div>\r\n                    <\/a>\r\n                                    <a href=\"https:\/\/www.primor.eu\/es_es\/take-care-divine-unique-bruma-corporal-130182.html\" class=\"product-item grid-table-rows\" target=\"_blank\">\r\n                        <div>\r\n                            <img decoding=\"async\" class=\"product-img\" width=\"80px\" height=\"80px\" src=\"https:\/\/cdn2.primor.eu\/media\/catalog\/product\/cache\/8d3aba296f7a18b5251ee30fa5db42b2\/4\/0\/40509823_8f1a.jpg\" alt=\"Divine - Unique Bruma Corporal\">\r\n                        <\/div>\r\n\r\n                        <!-- Contenido de producto  -->\r\n                        <div>\r\n                            <div class=\"product-position\">\r\n                                #4                            <\/div>\r\n\r\n                            <h2>\r\n                                Divine - Unique Bruma Corporal                            <\/h2>\r\n                        <\/div>\r\n\r\n                        <!-- Imagen y\/o nombre de la marca -->\r\n                        <div class=\"brand-image-name\">\r\n                                                            <img decoding=\"async\" class=\"brand-image\" src=\"https:\/\/www.primor.eu\/media\/catalog\/category\/LOGO_takecare.jpg\" alt=\"\">\r\n                                                    <\/div>\r\n\r\n                        <!-- Puntuaci\u00f3n del producto  -->\r\n                        <div class=\"rating\">\r\n                                                            <div class=\"rate\" style=\"--p:80;\"><\/div>\r\n                                <b>4\/5<\/b>\r\n                                <div class=\"rate-stars\">\r\n                                                                            <div\r\n                                            class=\"rate-star  \">\r\n                                        <\/div>\r\n                                                                            <div\r\n                                            class=\"rate-star  \">\r\n                                        <\/div>\r\n                                                                            <div\r\n                                            class=\"rate-star  \">\r\n                                        <\/div>\r\n                                                                            <div\r\n                                            class=\"rate-star  \">\r\n                                        <\/div>\r\n                                                                            <div\r\n                                            class=\"rate-star disable \">\r\n                                        <\/div>\r\n                                                                    <\/div>\r\n                                                    <\/div>\r\n\r\n                        <!-- Bot\u00f3n de producto  -->\r\n                        <div>\r\n                            <span class=\"price-claim\">\r\n                                VER PRECIO                            <\/span>\r\n                        <\/div>\r\n                    <\/a>\r\n                                    <a href=\"https:\/\/www.primor.eu\/es_es\/sensilis-the-cool-rescue-bruma-hidra-calmante-para-pieles-sensibles-y-reactivas-72368.html\" class=\"product-item grid-table-rows\" target=\"_blank\">\r\n                        <div>\r\n                            <img decoding=\"async\" class=\"product-img\" width=\"80px\" height=\"80px\" src=\"https:\/\/cdn2.primor.eu\/media\/catalog\/product\/cache\/8d3aba296f7a18b5251ee30fa5db42b2\/S\/S\/SSS_HIG_THE_COOL_RESCUE___8428749868309___D3001H220__1__bbdd.png\" alt=\"The Cool Rescue Bruma Hidra-Calmante para Pieles Sensibles y Reactivas\">\r\n                        <\/div>\r\n\r\n                        <!-- Contenido de producto  -->\r\n                        <div>\r\n                            <div class=\"product-position\">\r\n                                #5                            <\/div>\r\n\r\n                            <h2>\r\n                                The Cool Rescue Bruma Hidra-Calmante para Pieles Sensibles y Reactivas                            <\/h2>\r\n                        <\/div>\r\n\r\n                        <!-- Imagen y\/o nombre de la marca -->\r\n                        <div class=\"brand-image-name\">\r\n                                                            <img decoding=\"async\" class=\"brand-image\" src=\"https:\/\/www.primor.eu\/media\/catalog\/category\/LOGO_OK_SSL_Black.png\" alt=\"\">\r\n                                                    <\/div>\r\n\r\n                        <!-- Puntuaci\u00f3n del producto  -->\r\n                        <div class=\"rating\">\r\n                                                            <div class=\"rate\" style=\"--p:98;\"><\/div>\r\n                                <b>4.9\/5<\/b>\r\n                                <div class=\"rate-stars\">\r\n                                                                            <div\r\n                                            class=\"rate-star  \">\r\n                                        <\/div>\r\n                                                                            <div\r\n                                            class=\"rate-star  \">\r\n                                        <\/div>\r\n                                                                            <div\r\n                                            class=\"rate-star  \">\r\n                                        <\/div>\r\n                                                                            <div\r\n                                            class=\"rate-star  \">\r\n                                        <\/div>\r\n                                                                            <div\r\n                                            class=\"rate-star  \">\r\n                                        <\/div>\r\n                                                                    <\/div>\r\n                                                    <\/div>\r\n\r\n                        <!-- Bot\u00f3n de producto  -->\r\n                        <div>\r\n                            <span class=\"price-claim\">\r\n                                VER PRECIO                            <\/span>\r\n                        <\/div>\r\n                    <\/a>\r\n                            <\/product-list>\r\n        <\/product-table>\r\n\r\n        \n\n\n\n<h3 class=\"wp-block-heading\">Bruma Corporal Ocean Breeze de Revuele<\/h3>\n\n\n\n<p class=\"wp-block-paragraph\">Un aroma femenino \u00fanico y duradero con notas ligeras y frescas que recuerdan a la brisa del mar y permanece en la piel durante todo el d\u00eda.<\/p>\n\n\n\n<p class=\"wp-block-paragraph\">Se trata de una fragancia ideal para quienes no necesitan de perfumes pesados. La Bruma Corporal Ocean Breeze de Revuele tiene un agradable y delicado aroma que envuelve, mientras que sus ingredientes activos cuidan la piel.<\/p>\n\n\n\n<p class=\"wp-block-paragraph\">Cruelty Free<\/p>\n\n\n    <a class='product' target='_blank' href='https:\/\/www.primor.eu\/es_es\/revuele-bruma-corporal-ocean-breeze-11798.html'>\r\n        <img loading='async' src='https:\/\/cdn2.primor.eu\/media\/catalog\/product\/cache\/8d3aba296f7a18b5251ee30fa5db42b2\/0\/T\/0TF18673_1_0067.jpg' alt='COMPRAR AHORA'>\r\n            <div class=\"claim\">\r\n                COMPRAR AHORA            <\/div>\r\n        <\/a>\r\n    \n\n\n<h3 class=\"wp-block-heading\">Midnight Guilt Bruma Corporal de PlayBoy<\/h3>\n\n\n\n<p class=\"wp-block-paragraph\">Ad\u00e9ntrate en el misterio de la noche con esta fragancia vegana de Playboy, una mezcla envolvente de bayas silvestres dulces y vainilla cremosa, con un toque final de rosas. Cuando el mundo parece detenerse, t\u00fa te est\u00e1s despertando; deja que el aroma te envuelva en el enigma de la noche.<\/p>\n\n\n\n<p class=\"wp-block-paragraph\">Comb\u00ednala con otras brumas corporales de Playboy para resaltar tu esencia \u00fanica.<\/p>\n\n\n\n<p class=\"wp-block-paragraph\">Ideal para sorprender a tu c\u00edrculo cercano.<\/p>\n\n\n    <a class='product' target='_blank' href='https:\/\/www.primor.eu\/es_es\/playboy-midnight-guilt-body-mist-80803.html'>\r\n        <img loading='async' src='https:\/\/cdn2.primor.eu\/media\/catalog\/product\/cache\/8d3aba296f7a18b5251ee30fa5db42b2\/5\/0\/5050456006427__1__0f0d.jpg' alt='COMPRAR AHORA'>\r\n            <div class=\"claim\">\r\n                COMPRAR AHORA            <\/div>\r\n        <\/a>\r\n    \n\n\n<h3 class=\"wp-block-heading\">Vibrant Aqua Bruma para Cuerpo y Cabello de Roberto Cavalli<\/h3>\n\n\n\n<p class=\"wp-block-paragraph\">Inspirada en los ic\u00f3nicos estampados de la moda Just Cavalli, el dise\u00f1o de la ROBERTO CAVALLI Just Cavalli Vibrant Aqua Bruma Corporal refleja el estilo audaz y distintivo de la marca.<\/p>\n\n\n\n<p class=\"wp-block-paragraph\">Cada frasco de esta bruma corporal est\u00e1 decorado con un estampado de piel de serpiente, complementado por una serpiente que rodea el tap\u00f3n plateado. El enfoque de ROBERTO CAVALLI en los detalles refleja su compromiso con la originalidad y el estilo.<\/p>\n\n\n    <a class='product' target='_blank' href='https:\/\/www.primor.eu\/es_es\/roberto-cavalli-vibrant-aqua-bruma-para-cuerpo-y-cabello-115395.html'>\r\n        <img loading='async' src='https:\/\/cdn2.primor.eu\/media\/catalog\/product\/cache\/8d3aba296f7a18b5251ee30fa5db42b2\/8\/0\/8052464898107_fa1f.jpg' alt='COMPRAR AHORA'>\r\n            <div class=\"claim\">\r\n                COMPRAR AHORA            <\/div>\r\n        <\/a>\r\n    \n\n\n<h3 class=\"wp-block-heading\">Divine &amp; Unique Bruma Corporal de Take Care<\/h3>\n\n\n\n<p class=\"wp-block-paragraph\">Su aroma c\u00e1lido y goloso convierte cada aplicaci\u00f3n en un momento de puro placer sensorial, ideal para quienes adoran los perfumes dulces y sofisticados.<\/p>\n\n\n\n<p class=\"wp-block-paragraph\">Notas de salida: Una entrada dulce, lechosa y cremosa que acaricia la piel como un abrazo suave y reconfortante.<\/p>\n\n\n\n<p class=\"wp-block-paragraph\">Notas de coraz\u00f3n: El coraz\u00f3n se rinde ante la dulzura profunda de la vainilla y el caramelo, creando una sensaci\u00f3n deliciosa y c\u00e1lida.<\/p>\n\n\n\n<p class=\"wp-block-paragraph\">Notas de fondo: Una base intensa y duradera de vainilla y pralin\u00e9, que deja una estela gourmand irresistible.<\/p>\n\n\n\n<p class=\"wp-block-paragraph\">Perfecta para quienes buscan una bruma que exprese ternura, sensualidad y un toque de elegancia en cada rociada. Divine &amp; Unique es mucho m\u00e1s que un aroma: es una declaraci\u00f3n de estilo.<\/p>\n\n\n    <a class='product' target='_blank' href='https:\/\/www.primor.eu\/es_es\/take-care-divine-unique-bruma-corporal-130182.html'>\r\n        <img loading='async' src='https:\/\/cdn2.primor.eu\/media\/catalog\/product\/cache\/8d3aba296f7a18b5251ee30fa5db42b2\/4\/0\/40509823_8f1a.jpg' alt='COMPRAR AHORA'>\r\n            <div class=\"claim\">\r\n                COMPRAR AHORA            <\/div>\r\n        <\/a>\r\n    \n\n\n<h3 class=\"wp-block-heading\">The Cool Rescue Bruma Hidra-Calmante para Pieles Sensibles y Reactivas de Sensilis<\/h3>\n\n\n\n<p class=\"wp-block-paragraph\">The Cool Rescue es una Bruma-Esencia tonificante y refrescante, especialmente dise\u00f1ada para pieles sensibles, reactivas o irritadas. Con propiedades calmantes, suavizantes y desensibilizantes, se convierte en el cuidado esencial para aquellas pieles que requieren un trato delicado. Este producto envuelve y alivia la piel, proporcionando m\u00e1xima hidrataci\u00f3n, confort y una sensaci\u00f3n de suavidad incomparable.<\/p>\n\n\n    <a class='product' target='_blank' href='https:\/\/www.primor.eu\/es_es\/sensilis-the-cool-rescue-bruma-hidra-calmante-para-pieles-sensibles-y-reactivas-72368.html'>\r\n        <img loading='async' src='https:\/\/cdn2.primor.eu\/media\/catalog\/product\/cache\/8d3aba296f7a18b5251ee30fa5db42b2\/S\/S\/SSS_HIG_THE_COOL_RESCUE___8428749868309___D3001H220__1__bbdd.png' alt='COMPRAR AHORA'>\r\n            <div class=\"claim\">\r\n                COMPRAR AHORA            <\/div>\r\n        <\/a>\r\n    \n\n<div class=\"kk-star-ratings kksr-auto kksr-align-center kksr-valign-bottom\"\n    data-payload='{&quot;align&quot;:&quot;center&quot;,&quot;id&quot;:&quot;146807&quot;,&quot;slug&quot;:&quot;default&quot;,&quot;valign&quot;:&quot;bottom&quot;,&quot;ignore&quot;:&quot;&quot;,&quot;reference&quot;:&quot;auto&quot;,&quot;class&quot;:&quot;&quot;,&quot;count&quot;:&quot;0&quot;,&quot;legendonly&quot;:&quot;&quot;,&quot;readonly&quot;:&quot;&quot;,&quot;score&quot;:&quot;0&quot;,&quot;starsonly&quot;:&quot;&quot;,&quot;best&quot;:&quot;5&quot;,&quot;gap&quot;:&quot;5&quot;,&quot;greet&quot;:&quot;Valora este art\u00edculo&quot;,&quot;legend&quot;:&quot;0\\\/5 - (0 votos)&quot;,&quot;size&quot;:&quot;24&quot;,&quot;title&quot;:&quot;Las 5 mejores brumas que son perfectas para los hombres&quot;,&quot;width&quot;:&quot;0&quot;,&quot;_legend&quot;:&quot;{score}\\\/{best} - ({count} {votes})&quot;,&quot;font_factor&quot;:&quot;1.25&quot;}'>\n            \n<div class=\"kksr-stars\">\n    \n<div class=\"kksr-stars-inactive\">\n            <div class=\"kksr-star\" data-star=\"1\" style=\"padding-right: 5px\">\n            \n\n<div class=\"kksr-icon\" style=\"width: 24px; height: 24px;\"><\/div>\n        <\/div>\n            <div class=\"kksr-star\" data-star=\"2\" style=\"padding-right: 5px\">\n            \n\n<div class=\"kksr-icon\" style=\"width: 24px; height: 24px;\"><\/div>\n        <\/div>\n            <div class=\"kksr-star\" data-star=\"3\" style=\"padding-right: 5px\">\n            \n\n<div class=\"kksr-icon\" style=\"width: 24px; height: 24px;\"><\/div>\n        <\/div>\n            <div class=\"kksr-star\" data-star=\"4\" style=\"padding-right: 5px\">\n            \n\n<div class=\"kksr-icon\" style=\"width: 24px; height: 24px;\"><\/div>\n        <\/div>\n            <div class=\"kksr-star\" data-star=\"5\" style=\"padding-right: 5px\">\n            \n\n<div class=\"kksr-icon\" style=\"width: 24px; height: 24px;\"><\/div>\n        <\/div>\n    <\/div>\n    \n<div class=\"kksr-stars-active\" style=\"width: 0px;\">\n            <div class=\"kksr-star\" style=\"padding-right: 5px\">\n            \n\n<div class=\"kksr-icon\" style=\"width: 24px; height: 24px;\"><\/div>\n        <\/div>\n            <div class=\"kksr-star\" style=\"padding-right: 5px\">\n            \n\n<div class=\"kksr-icon\" style=\"width: 24px; height: 24px;\"><\/div>\n        <\/div>\n            <div class=\"kksr-star\" style=\"padding-right: 5px\">\n            \n\n<div class=\"kksr-icon\" style=\"width: 24px; height: 24px;\"><\/div>\n        <\/div>\n            <div class=\"kksr-star\" style=\"padding-right: 5px\">\n            \n\n<div class=\"kksr-icon\" style=\"width: 24px; height: 24px;\"><\/div>\n        <\/div>\n            <div class=\"kksr-star\" style=\"padding-right: 5px\">\n            \n\n<div class=\"kksr-icon\" style=\"width: 24px; height: 24px;\"><\/div>\n        <\/div>\n    <\/div>\n<\/div>\n                \n\n<div class=\"kksr-legend\" style=\"font-size: 19.2px;\">\n            <span class=\"kksr-muted\">Valora este art\u00edculo<\/span>\n    <\/div>\n    <\/div>\n","protected":false},"excerpt":{"rendered":"<p>Si est\u00e1s buscando brumas para hombre, has llegado al lugar correcto. Y es que en Primor siempre tenemos productos para mujer y hombre, pero tambi\u00e9n unisex. Esto hace que haya m\u00faltiples opciones a tu disposici\u00f3n.\u00a0 Vamos a darte una lista de las 5 mejores brumas para hombre para que las puedas tener disponibles siempre y [&hellip;]<\/p>\n","protected":false},"author":30,"featured_media":146808,"comment_status":"closed","ping_status":"closed","sticky":false,"template":"","format":"standard","meta":{"jnews-multi-image_gallery":[],"jnews_single_post":{"format":"standard"},"jnews_primary_category":[],"jnews_social_meta":[],"jnews_override_counter":[],"footnotes":""},"categories":[6311],"tags":[],"class_list":["post-146807","post","type-post","status-publish","format-standard","has-post-thumbnail","hentry","category-hombres"],"_links":{"self":[{"href":"https:\/\/www.primor.eu\/blog\/wp-json\/wp\/v2\/posts\/146807","targetHints":{"allow":["GET"]}}],"collection":[{"href":"https:\/\/www.primor.eu\/blog\/wp-json\/wp\/v2\/posts"}],"about":[{"href":"https:\/\/www.primor.eu\/blog\/wp-json\/wp\/v2\/types\/post"}],"author":[{"embeddable":true,"href":"https:\/\/www.primor.eu\/blog\/wp-json\/wp\/v2\/users\/30"}],"replies":[{"embeddable":true,"href":"https:\/\/www.primor.eu\/blog\/wp-json\/wp\/v2\/comments?post=146807"}],"version-history":[{"count":2,"href":"https:\/\/www.primor.eu\/blog\/wp-json\/wp\/v2\/posts\/146807\/revisions"}],"predecessor-version":[{"id":146816,"href":"https:\/\/www.primor.eu\/blog\/wp-json\/wp\/v2\/posts\/146807\/revisions\/146816"}],"wp:featuredmedia":[{"embeddable":true,"href":"https:\/\/www.primor.eu\/blog\/wp-json\/wp\/v2\/media\/146808"}],"wp:attachment":[{"href":"https:\/\/www.primor.eu\/blog\/wp-json\/wp\/v2\/media?parent=146807"}],"wp:term":[{"taxonomy":"category","embeddable":true,"href":"https:\/\/www.primor.eu\/blog\/wp-json\/wp\/v2\/categories?post=146807"},{"taxonomy":"post_tag","embeddable":true,"href":"https:\/\/www.primor.eu\/blog\/wp-json\/wp\/v2\/tags?post=146807"}],"curies":[{"name":"wp","href":"https:\/\/api.w.org\/{rel}","templated":true}]}}