{"id":145752,"date":"2026-07-20T12:29:47","date_gmt":"2026-07-20T12:29:47","guid":{"rendered":"https:\/\/www.primor.eu\/blog\/?p=145752"},"modified":"2026-08-03T14:02:56","modified_gmt":"2026-08-03T14:02:56","slug":"suede-skin-piel-aterciopelada-maquillaje","status":"publish","type":"post","link":"https:\/\/www.primor.eu\/blog\/suede-skin-piel-aterciopelada-maquillaje\/","title":{"rendered":"Nueva tendencia de maquillaje: llega la suede skin o piel aterciopelada"},"content":{"rendered":"\n<p class=\"wp-block-paragraph\">Despu\u00e9s de la fiebre por la <a href=\"https:\/\/www.primor.eu\/blog\/glass-skin\/\">glass skin<\/a>, la <a href=\"https:\/\/www.primor.eu\/blog\/cloud-skin-maquillaje-piel-de-nube\/\">cloud skin<\/a> o los <strong>acabados ultrabrillantes<\/strong>, el maquillaje vuelve a mirar hacia las <strong>texturas suaves y sofisticadas<\/strong>. La \u00faltima tendencia que ha conquistado las redes sociales y las alfombras rojas es la <strong>suede skin<\/strong> o <strong>piel aterciopelada<\/strong>, un acabado que consigue ese equilibrio tan dif\u00edcil <strong>entre luminosidad y efecto mate<\/strong>. El <strong>resultado <\/strong>recuerda al tacto del ante: una <strong>piel uniforme, difuminada y con un brillo muy sutil<\/strong> que parece salir desde el interior.<\/p>\n\n\n\n<p class=\"wp-block-paragraph\">Lo interesante de esta tendencia es que resulta mucho m\u00e1s f\u00e1cil de llevar en el d\u00eda a d\u00eda que otras propuestas virales. La suede skin no busca una piel completamente mate ni un rostro extremadamente jugoso, sino un <strong>punto intermedio que favorece pr\u00e1cticamente a todo el mundo<\/strong>. Adem\u00e1s, tiene una <strong>gran ventaja<\/strong> y es que hace que la piel parezca m\u00e1s uniforme, elegante y descansada sin dar la sensaci\u00f3n de llevar una gran cantidad de maquillaje.<\/p>\n\n\n\n<h2 class=\"wp-block-heading\">Qu\u00e9 es la suede skin y a qui\u00e9n favorece<\/h2>\n\n\n\n<p class=\"wp-block-paragraph\">La suede skin es una <strong>t\u00e9cnica de maquillaje<\/strong> que busca conseguir una piel con un acabado aterciopelado y difuminado. Piensa en una tez suave, sin exceso de brillo, pero tampoco completamente mate. La <strong>idea<\/strong> es que el rostro conserve dimensi\u00f3n y luminosidad, aunque de una forma mucho m\u00e1s discreta y sofisticada que la que ve\u00edamos en tendencias anteriores.<\/p>\n\n\n\n<p class=\"wp-block-paragraph\">Adem\u00e1s, una de las razones por las que esta tendencia se ha vuelto tan popular es su <strong>versatilidad<\/strong>. La suede skin favorece especialmente a quienes buscan una piel m\u00e1s uniforme o prefieren acabados naturales. Tambi\u00e9n funciona muy bien en pieles mixtas y grasas porque controla el exceso de brillo sin hacer que el rostro pierda frescura. En pieles secas tambi\u00e9n ofrece buenos resultados, siempre que se prepare bien la piel antes del maquillaje.<\/p>\n\n\n\n<h2 class=\"wp-block-heading\">C\u00f3mo conseguirla paso a paso<\/h2>\n\n\n\n<p class=\"wp-block-paragraph\">El primer paso es trabajar la <strong>preparaci\u00f3n de la piel<\/strong>. Una buena hidratante y un protector solar ligero crear\u00e1n una base uniforme. Despu\u00e9s, utiliza una <strong><a href=\"https:\/\/www.primor.eu\/es_es\/bases-de-maquillaje\">base de maquillaje<\/a><\/strong> de cobertura ligera o media con acabado natural y apl\u00edcala en capas finas para evitar el efecto m\u00e1scara.<\/p>\n\n\n\n<blockquote class=\"wp-block-quote is-layout-flow wp-block-quote-is-layout-flow\">\n<p class=\"wp-block-paragraph\"><strong><em>El maquillaje \"suede skin\" hace que la piel parezca m\u00e1s uniforme, elegante y descansada sin dar la sensaci\u00f3n de llevar una gran cantidad de maquillaje.<\/em><\/strong><\/p>\n<\/blockquote>\n\n\n\n<h3 class=\"wp-block-heading\">Los polvos vuelven a tener protagonismo<\/h3>\n\n\n\n<p class=\"wp-block-paragraph\">A diferencia de otras tendencias, aqu\u00ed los <strong><a href=\"https:\/\/www.primor.eu\/es_es\/polvos-compactos-y-polvos-sueltos\">polvos<\/a><\/strong> s\u00ed desempe\u00f1an un <strong>papel importante<\/strong>. La clave est\u00e1 en utilizarlos \u00fanicamente en las zonas necesarias, como la frente, la nariz o la barbilla. El objetivo no es eliminar toda la luminosidad, sino conseguir ese efecto suave y difuminado tan caracter\u00edstico.<\/p>\n\n\n\n<figure class=\"wp-block-image size-large\"><img decoding=\"async\" width=\"1024\" height=\"683\" src=\"https:\/\/www.primor.eu\/blog\/wp-content\/uploads\/2022\/02\/POLVOS-TRASLUCIDOS-1024x683.jpg\" alt=\"Estos son los mejores polvos trasl\u00facidos\" class=\"wp-image-84335\" srcset=\"https:\/\/www.primor.eu\/blog\/wp-content\/uploads\/2022\/02\/POLVOS-TRASLUCIDOS-1024x683.jpg 1024w, https:\/\/www.primor.eu\/blog\/wp-content\/uploads\/2022\/02\/POLVOS-TRASLUCIDOS-300x200.jpg 300w, https:\/\/www.primor.eu\/blog\/wp-content\/uploads\/2022\/02\/POLVOS-TRASLUCIDOS-768x512.jpg 768w, https:\/\/www.primor.eu\/blog\/wp-content\/uploads\/2022\/02\/POLVOS-TRASLUCIDOS-750x500.jpg 750w, https:\/\/www.primor.eu\/blog\/wp-content\/uploads\/2022\/02\/POLVOS-TRASLUCIDOS-1140x760.jpg 1140w, https:\/\/www.primor.eu\/blog\/wp-content\/uploads\/2022\/02\/POLVOS-TRASLUCIDOS.jpg 1200w\" sizes=\"(max-width: 1024px) 100vw, 1024px\" \/><\/figure>\n\n\n\n<h3 class=\"wp-block-heading\">El colorete debe integrarse con la piel<\/h3>\n\n\n\n<p class=\"wp-block-paragraph\">Los <strong>tonos rosados, melocot\u00f3n o tierra<\/strong> funcionan especialmente bien con este acabado. El <strong><a href=\"https:\/\/www.primor.eu\/es_es\/coloretes\">colorete<\/a><\/strong> debe fundirse con la piel y aportar un aspecto saludable, evitando l\u00edneas demasiado marcadas o acabados excesivamente brillantes.<\/p>\n\n\n\n<figure class=\"wp-block-image size-large\"><img decoding=\"async\" width=\"1024\" height=\"683\" src=\"https:\/\/www.primor.eu\/blog\/wp-content\/uploads\/2024\/12\/REJUVENECER-COLORETE-1024x683.jpg\" alt=\"v\" class=\"wp-image-117931\" srcset=\"https:\/\/www.primor.eu\/blog\/wp-content\/uploads\/2024\/12\/REJUVENECER-COLORETE-1024x683.jpg 1024w, https:\/\/www.primor.eu\/blog\/wp-content\/uploads\/2024\/12\/REJUVENECER-COLORETE-300x200.jpg 300w, https:\/\/www.primor.eu\/blog\/wp-content\/uploads\/2024\/12\/REJUVENECER-COLORETE-768x512.jpg 768w, https:\/\/www.primor.eu\/blog\/wp-content\/uploads\/2024\/12\/REJUVENECER-COLORETE-750x500.jpg 750w, https:\/\/www.primor.eu\/blog\/wp-content\/uploads\/2024\/12\/REJUVENECER-COLORETE-1140x760.jpg 1140w, https:\/\/www.primor.eu\/blog\/wp-content\/uploads\/2024\/12\/REJUVENECER-COLORETE.jpg 1200w\" sizes=\"(max-width: 1024px) 100vw, 1024px\" \/><\/figure>\n\n\n\n<h3 class=\"wp-block-heading\">Menos iluminador, m\u00e1s naturalidad<\/h3>\n\n\n\n<p class=\"wp-block-paragraph\">Si eres amante del <a href=\"https:\/\/www.primor.eu\/es_es\/iluminadores\"><strong>iluminador<\/strong><\/a>, <strong>toca moderarse.<\/strong> La suede skin apuesta por puntos de luz muy discretos. La piel debe parecer naturalmente bonita y uniforme, no excesivamente brillante.<\/p>\n\n\n\n<h3 class=\"wp-block-heading\">El resto del maquillaje acompa\u00f1a<\/h3>\n\n\n\n<p class=\"wp-block-paragraph\">Esta tendencia combina especialmente bien con <strong>labios naturales y sombras en tonos neutros. <\/strong>La idea es que todo el maquillaje siga la misma l\u00ednea: elegante, sencillo y f\u00e1cil de llevar tanto de d\u00eda como de noche.<\/p>\n\n\n\n<figure class=\"wp-block-image size-large\"><img decoding=\"async\" width=\"1024\" height=\"576\" src=\"https:\/\/www.primor.eu\/blog\/wp-content\/uploads\/2026\/06\/maquillaje-labios-1024x576.webp\" alt=\"labios maquillados look minimalista\" class=\"wp-image-144869\" srcset=\"https:\/\/www.primor.eu\/blog\/wp-content\/uploads\/2026\/06\/maquillaje-labios-1024x576.webp 1024w, https:\/\/www.primor.eu\/blog\/wp-content\/uploads\/2026\/06\/maquillaje-labios-300x169.webp 300w, https:\/\/www.primor.eu\/blog\/wp-content\/uploads\/2026\/06\/maquillaje-labios-768x432.webp 768w, https:\/\/www.primor.eu\/blog\/wp-content\/uploads\/2026\/06\/maquillaje-labios-392x220.webp 392w, https:\/\/www.primor.eu\/blog\/wp-content\/uploads\/2026\/06\/maquillaje-labios-384x216.webp 384w, https:\/\/www.primor.eu\/blog\/wp-content\/uploads\/2026\/06\/maquillaje-labios-336x189.webp 336w, https:\/\/www.primor.eu\/blog\/wp-content\/uploads\/2026\/06\/maquillaje-labios-750x422.webp 750w, https:\/\/www.primor.eu\/blog\/wp-content\/uploads\/2026\/06\/maquillaje-labios-1140x641.webp 1140w, https:\/\/www.primor.eu\/blog\/wp-content\/uploads\/2026\/06\/maquillaje-labios.webp 1200w\" sizes=\"(max-width: 1024px) 100vw, 1024px\" \/><\/figure>\n\n\n<div class=\"kk-star-ratings kksr-auto kksr-align-center kksr-valign-bottom\"\n    data-payload='{&quot;align&quot;:&quot;center&quot;,&quot;id&quot;:&quot;145752&quot;,&quot;slug&quot;:&quot;default&quot;,&quot;valign&quot;:&quot;bottom&quot;,&quot;ignore&quot;:&quot;&quot;,&quot;reference&quot;:&quot;auto&quot;,&quot;class&quot;:&quot;&quot;,&quot;count&quot;:&quot;5&quot;,&quot;legendonly&quot;:&quot;&quot;,&quot;readonly&quot;:&quot;&quot;,&quot;score&quot;:&quot;4.6&quot;,&quot;starsonly&quot;:&quot;&quot;,&quot;best&quot;:&quot;5&quot;,&quot;gap&quot;:&quot;5&quot;,&quot;greet&quot;:&quot;Valora este art\u00edculo&quot;,&quot;legend&quot;:&quot;4.6\\\/5 - (5 votos)&quot;,&quot;size&quot;:&quot;24&quot;,&quot;title&quot;:&quot;Nueva tendencia de maquillaje: llega la suede skin o piel aterciopelada&quot;,&quot;width&quot;:&quot;130.9&quot;,&quot;_legend&quot;:&quot;{score}\\\/{best} - ({count} {votes})&quot;,&quot;font_factor&quot;:&quot;1.25&quot;}'>\n            \n<div class=\"kksr-stars\">\n    \n<div class=\"kksr-stars-inactive\">\n            <div class=\"kksr-star\" data-star=\"1\" style=\"padding-right: 5px\">\n            \n\n<div class=\"kksr-icon\" style=\"width: 24px; height: 24px;\"><\/div>\n        <\/div>\n            <div class=\"kksr-star\" data-star=\"2\" style=\"padding-right: 5px\">\n            \n\n<div class=\"kksr-icon\" style=\"width: 24px; height: 24px;\"><\/div>\n        <\/div>\n            <div class=\"kksr-star\" data-star=\"3\" style=\"padding-right: 5px\">\n            \n\n<div class=\"kksr-icon\" style=\"width: 24px; height: 24px;\"><\/div>\n        <\/div>\n            <div class=\"kksr-star\" data-star=\"4\" style=\"padding-right: 5px\">\n            \n\n<div class=\"kksr-icon\" style=\"width: 24px; height: 24px;\"><\/div>\n        <\/div>\n            <div class=\"kksr-star\" data-star=\"5\" style=\"padding-right: 5px\">\n            \n\n<div class=\"kksr-icon\" style=\"width: 24px; height: 24px;\"><\/div>\n        <\/div>\n    <\/div>\n    \n<div class=\"kksr-stars-active\" style=\"width: 130.9px;\">\n            <div class=\"kksr-star\" style=\"padding-right: 5px\">\n            \n\n<div class=\"kksr-icon\" style=\"width: 24px; height: 24px;\"><\/div>\n        <\/div>\n            <div class=\"kksr-star\" style=\"padding-right: 5px\">\n            \n\n<div class=\"kksr-icon\" style=\"width: 24px; height: 24px;\"><\/div>\n        <\/div>\n            <div class=\"kksr-star\" style=\"padding-right: 5px\">\n            \n\n<div class=\"kksr-icon\" style=\"width: 24px; height: 24px;\"><\/div>\n        <\/div>\n            <div class=\"kksr-star\" style=\"padding-right: 5px\">\n            \n\n<div class=\"kksr-icon\" style=\"width: 24px; height: 24px;\"><\/div>\n        <\/div>\n            <div class=\"kksr-star\" style=\"padding-right: 5px\">\n            \n\n<div class=\"kksr-icon\" style=\"width: 24px; height: 24px;\"><\/div>\n        <\/div>\n    <\/div>\n<\/div>\n                \n\n<div class=\"kksr-legend\" style=\"font-size: 19.2px;\">\n            4.6\/5 - (5 votos)    <\/div>\n    <\/div>\n","protected":false},"excerpt":{"rendered":"<p>Despu\u00e9s de la fiebre por la glass skin, la cloud skin o los acabados ultrabrillantes, el maquillaje vuelve a mirar hacia las texturas suaves y sofisticadas. La \u00faltima tendencia que ha conquistado las redes sociales y las alfombras rojas es la suede skin o piel aterciopelada, un acabado que consigue ese equilibrio tan dif\u00edcil entre [&hellip;]<\/p>\n","protected":false},"author":14,"featured_media":145777,"comment_status":"closed","ping_status":"closed","sticky":false,"template":"","format":"standard","meta":{"jnews-multi-image_gallery":[],"jnews_single_post":{"format":"standard"},"jnews_primary_category":[],"jnews_social_meta":[],"jnews_override_counter":[],"footnotes":""},"categories":[41],"tags":[],"class_list":["post-145752","post","type-post","status-publish","format-standard","has-post-thumbnail","hentry","category-maquillaje"],"_links":{"self":[{"href":"https:\/\/www.primor.eu\/blog\/wp-json\/wp\/v2\/posts\/145752","targetHints":{"allow":["GET"]}}],"collection":[{"href":"https:\/\/www.primor.eu\/blog\/wp-json\/wp\/v2\/posts"}],"about":[{"href":"https:\/\/www.primor.eu\/blog\/wp-json\/wp\/v2\/types\/post"}],"author":[{"embeddable":true,"href":"https:\/\/www.primor.eu\/blog\/wp-json\/wp\/v2\/users\/14"}],"replies":[{"embeddable":true,"href":"https:\/\/www.primor.eu\/blog\/wp-json\/wp\/v2\/comments?post=145752"}],"version-history":[{"count":2,"href":"https:\/\/www.primor.eu\/blog\/wp-json\/wp\/v2\/posts\/145752\/revisions"}],"predecessor-version":[{"id":146320,"href":"https:\/\/www.primor.eu\/blog\/wp-json\/wp\/v2\/posts\/145752\/revisions\/146320"}],"wp:featuredmedia":[{"embeddable":true,"href":"https:\/\/www.primor.eu\/blog\/wp-json\/wp\/v2\/media\/145777"}],"wp:attachment":[{"href":"https:\/\/www.primor.eu\/blog\/wp-json\/wp\/v2\/media?parent=145752"}],"wp:term":[{"taxonomy":"category","embeddable":true,"href":"https:\/\/www.primor.eu\/blog\/wp-json\/wp\/v2\/categories?post=145752"},{"taxonomy":"post_tag","embeddable":true,"href":"https:\/\/www.primor.eu\/blog\/wp-json\/wp\/v2\/tags?post=145752"}],"curies":[{"name":"wp","href":"https:\/\/api.w.org\/{rel}","templated":true}]}}