{"id":141651,"date":"2026-04-27T12:49:35","date_gmt":"2026-04-27T12:49:35","guid":{"rendered":"https:\/\/www.primor.eu\/blog\/?p=141651"},"modified":"2026-04-27T14:21:14","modified_gmt":"2026-04-27T14:21:14","slug":"mejores-perfumes-con-tomillo","status":"publish","type":"post","link":"https:\/\/www.primor.eu\/blog\/mejores-perfumes-con-tomillo\/","title":{"rendered":"Los 5 mejores perfumes con tomillo: un toque natural para tu fragancia"},"content":{"rendered":"\n<p>Los <strong><a href=\"https:\/\/www.primor.eu\/es_es\/perfumes\">perfumes <\/a>con tomillo<\/strong> no son los m\u00e1s habituales, pero precisamente por eso tienen <strong>algo distinto<\/strong>. Esta nota <strong>aporta un perfil herb\u00e1ceo, verde y ligeramente especiado<\/strong>, que se aleja de lo <strong>dulce o floral m\u00e1s cl\u00e1sico<\/strong> y se acerca m\u00e1s a una sensaci\u00f3n natural, <strong>casi silvestre.<\/strong> No suele ser la protagonista absoluta, pero cuando aparece, <strong>cambia el car\u00e1cter de la fragancia<\/strong> y le da un <strong>punto m\u00e1s interesante<\/strong> y <strong>menos evidente<\/strong>.<\/p>\n\n\n\n<p>El tomillo en perfumer\u00eda tiene un equilibrio particular. Es <a href=\"https:\/\/www.primor.eu\/blog\/mejores-perfumes-con-olor-limpio\/\">fresco<\/a>, pero no c\u00edtrico; tiene presencia, pero no resulta pesado. <strong>Se mueve entre lo arom\u00e1tico y lo c\u00e1lido<\/strong>, con matices que pueden recordar a la tierra, a lo mediterr\u00e1neo o a notas m\u00e1s secas como la madera. Por eso se utiliza mucho para <strong>aportar estructura y profundidad<\/strong>, sobre todo en composiciones m\u00e1s trabajadas o menos comerciales.<\/p>\n\n\n\n<h2 class=\"wp-block-heading\">Los mejores perfumes con tomillo<\/h2>\n\n\n        <product-table class=\"pr-slider\">\r\n            <product-headers class=\"grid-table-rows\">\r\n                <div>Foto<\/div>\r\n                <div>Producto<\/div>\r\n                <div>Marca<\/div>\r\n                <div>Valoraciones<\/div>\r\n                <div>Precio<\/div>\r\n            <\/product-headers>\r\n\r\n            <product-list>\r\n                                    <a href=\"https:\/\/www.primor.eu\/es_es\/aramis-aramis-edt-51217.html\" class=\"product-item grid-table-rows\" target=\"_blank\">\r\n                        <div>\r\n                            <img decoding=\"async\" class=\"product-img\" width=\"80px\" height=\"80px\" src=\"https:\/\/cdn2.primor.eu\/media\/catalog\/product\/cache\/8d3aba296f7a18b5251ee30fa5db42b2\/4\/A\/4AM00089_1_1c1f.jpg\" alt=\"Aramis EDT\">\r\n                        <\/div>\r\n\r\n                        <!-- Contenido de producto  -->\r\n                        <div>\r\n                            <div class=\"product-position\">\r\n                                #1 Top Ventas                            <\/div>\r\n\r\n                            <h2>\r\n                                Aramis EDT                            <\/h2>\r\n                        <\/div>\r\n\r\n                        <!-- Imagen y\/o nombre de la marca -->\r\n                        <div>\r\n                                                            <img decoding=\"async\" width=\"70\" src=\"https:\/\/www.primor.eu\/media\/catalog\/category\/aramis.png\" alt=\"\">\r\n                                                    <\/div>\r\n\r\n                        <!-- Puntuaci\u00f3n del producto  -->\r\n                        <div class=\"rating\">\r\n                                                            <div class=\"rate\" style=\"--p:96;\"><\/div>\r\n                                <b>4.8\/5<\/b>\r\n                                <div class=\"rate-stars\">\r\n                                                                            <div\r\n                                            class=\"rate-star  \">\r\n                                        <\/div>\r\n                                                                            <div\r\n                                            class=\"rate-star  \">\r\n                                        <\/div>\r\n                                                                            <div\r\n                                            class=\"rate-star  \">\r\n                                        <\/div>\r\n                                                                            <div\r\n                                            class=\"rate-star  \">\r\n                                        <\/div>\r\n                                                                            <div\r\n                                            class=\"rate-star  \">\r\n                                        <\/div>\r\n                                                                    <\/div>\r\n                                                    <\/div>\r\n\r\n                        <!-- Bot\u00f3n de producto  -->\r\n                        <div>\r\n                            <span class=\"price-claim\">\r\n                                VER PRECIO                            <\/span>\r\n                        <\/div>\r\n                    <\/a>\r\n                                    <a href=\"https:\/\/www.primor.eu\/es_es\/victorio-lucchino-aguas-masculinas-v-l-selva-exotica-edicion-limitada-122005.html\" class=\"product-item grid-table-rows\" target=\"_blank\">\r\n                        <div>\r\n                            <img decoding=\"async\" class=\"product-img\" width=\"80px\" height=\"80px\" src=\"https:\/\/cdn2.primor.eu\/media\/catalog\/product\/cache\/8d3aba296f7a18b5251ee30fa5db42b2\/8\/4\/8411061105948_1_8f3c.jpg\" alt=\"Aguas Masculinas V-L Selva Ex\u00f3tica Edici\u00f3n Limitada\">\r\n                        <\/div>\r\n\r\n                        <!-- Contenido de producto  -->\r\n                        <div>\r\n                            <div class=\"product-position\">\r\n                                #2                            <\/div>\r\n\r\n                            <h2>\r\n                                Aguas Masculinas V-L Selva Ex\u00f3tica Edici\u00f3n Limitada                            <\/h2>\r\n                        <\/div>\r\n\r\n                        <!-- Imagen y\/o nombre de la marca -->\r\n                        <div>\r\n                                                            <img decoding=\"async\" width=\"70\" src=\"https:\/\/www.primor.eu\/media\/catalog\/category\/vitorio-y-luchino.png\" alt=\"\">\r\n                                                    <\/div>\r\n\r\n                        <!-- Puntuaci\u00f3n del producto  -->\r\n                        <div class=\"rating\">\r\n                                                            <div class=\"rate\" style=\"--p:100;\"><\/div>\r\n                                <b>5\/5<\/b>\r\n                                <div class=\"rate-stars\">\r\n                                                                            <div\r\n                                            class=\"rate-star  \">\r\n                                        <\/div>\r\n                                                                            <div\r\n                                            class=\"rate-star  \">\r\n                                        <\/div>\r\n                                                                            <div\r\n                                            class=\"rate-star  \">\r\n                                        <\/div>\r\n                                                                            <div\r\n                                            class=\"rate-star  \">\r\n                                        <\/div>\r\n                                                                            <div\r\n                                            class=\"rate-star  \">\r\n                                        <\/div>\r\n                                                                    <\/div>\r\n                                                    <\/div>\r\n\r\n                        <!-- Bot\u00f3n de producto  -->\r\n                        <div>\r\n                            <span class=\"price-claim\">\r\n                                VER PRECIO                            <\/span>\r\n                        <\/div>\r\n                    <\/a>\r\n                                    <a href=\"https:\/\/www.primor.eu\/es_es\/burberry-burberry-for-men-clasica-112262.html?#854=66333\" class=\"product-item grid-table-rows\" target=\"_blank\">\r\n                        <div>\r\n                            <img decoding=\"async\" class=\"product-img\" width=\"80px\" height=\"80px\" src=\"https:\/\/cdn2.primor.eu\/media\/catalog\/product\/cache\/8d3aba296f7a18b5251ee30fa5db42b2\/4\/A\/4AM00121_1_7a09.jpg\" alt=\"Burberry for Men Cl\u00e1sica\">\r\n                        <\/div>\r\n\r\n                        <!-- Contenido de producto  -->\r\n                        <div>\r\n                            <div class=\"product-position\">\r\n                                #3                            <\/div>\r\n\r\n                            <h2>\r\n                                Burberry for Men Cl\u00e1sica                            <\/h2>\r\n                        <\/div>\r\n\r\n                        <!-- Imagen y\/o nombre de la marca -->\r\n                        <div>\r\n                                                            <img decoding=\"async\" width=\"70\" src=\"https:\/\/www.primor.eu\/media\/catalog\/category\/Burberry_Personalizado_.jpg\" alt=\"Burberry\">\r\n                                                    <\/div>\r\n\r\n                        <!-- Puntuaci\u00f3n del producto  -->\r\n                        <div class=\"rating\">\r\n                                                            <div class=\"rate\" style=\"--p:94;\"><\/div>\r\n                                <b>4.7\/5<\/b>\r\n                                <div class=\"rate-stars\">\r\n                                                                            <div\r\n                                            class=\"rate-star  \">\r\n                                        <\/div>\r\n                                                                            <div\r\n                                            class=\"rate-star  \">\r\n                                        <\/div>\r\n                                                                            <div\r\n                                            class=\"rate-star  \">\r\n                                        <\/div>\r\n                                                                            <div\r\n                                            class=\"rate-star  \">\r\n                                        <\/div>\r\n                                                                            <div\r\n                                            class=\"rate-star  \">\r\n                                        <\/div>\r\n                                                                    <\/div>\r\n                                                    <\/div>\r\n\r\n                        <!-- Bot\u00f3n de producto  -->\r\n                        <div>\r\n                            <span class=\"price-claim\">\r\n                                VER PRECIO                            <\/span>\r\n                        <\/div>\r\n                    <\/a>\r\n                                    <a href=\"https:\/\/www.primor.eu\/es_es\/jimmy-choo-man-extreme-eau-de-parfum-120652.html?#863=66863\" class=\"product-item grid-table-rows\" target=\"_blank\">\r\n                        <div>\r\n                            <img decoding=\"async\" class=\"product-img\" width=\"80px\" height=\"80px\" src=\"https:\/\/cdn2.primor.eu\/media\/catalog\/product\/cache\/8d3aba296f7a18b5251ee30fa5db42b2\/M\/a\/Man_Extreme_EDP_76746_5708_detail_658a.jpg\" alt=\"Man Extreme Eau de Parfum\">\r\n                        <\/div>\r\n\r\n                        <!-- Contenido de producto  -->\r\n                        <div>\r\n                            <div class=\"product-position\">\r\n                                #4                            <\/div>\r\n\r\n                            <h2>\r\n                                Man Extreme Eau de Parfum                            <\/h2>\r\n                        <\/div>\r\n\r\n                        <!-- Imagen y\/o nombre de la marca -->\r\n                        <div>\r\n                                                            <img decoding=\"async\" width=\"70\" src=\"https:\/\/www.primor.eu\/media\/catalog\/category\/jimmy_choo.jpg\" alt=\"Jimmy Choo\">\r\n                                                    <\/div>\r\n\r\n                        <!-- Puntuaci\u00f3n del producto  -->\r\n                        <div class=\"rating\">\r\n                                                            <div class=\"rate\" style=\"--p:96;\"><\/div>\r\n                                <b>4.8\/5<\/b>\r\n                                <div class=\"rate-stars\">\r\n                                                                            <div\r\n                                            class=\"rate-star  \">\r\n                                        <\/div>\r\n                                                                            <div\r\n                                            class=\"rate-star  \">\r\n                                        <\/div>\r\n                                                                            <div\r\n                                            class=\"rate-star  \">\r\n                                        <\/div>\r\n                                                                            <div\r\n                                            class=\"rate-star  \">\r\n                                        <\/div>\r\n                                                                            <div\r\n                                            class=\"rate-star  \">\r\n                                        <\/div>\r\n                                                                    <\/div>\r\n                                                    <\/div>\r\n\r\n                        <!-- Bot\u00f3n de producto  -->\r\n                        <div>\r\n                            <span class=\"price-claim\">\r\n                                VER PRECIO                            <\/span>\r\n                        <\/div>\r\n                    <\/a>\r\n                                    <a href=\"https:\/\/www.primor.eu\/es_es\/naturel-art-cosmetics-314-for-her-eau-de-parfum-131717.html?#863=66994\" class=\"product-item grid-table-rows\" target=\"_blank\">\r\n                        <div>\r\n                            <img decoding=\"async\" class=\"product-img\" width=\"80px\" height=\"80px\" src=\"https:\/\/cdn2.primor.eu\/media\/catalog\/product\/cache\/8d3aba296f7a18b5251ee30fa5db42b2\/N\/E\/NEW_PERFUMES_200_NATUREL_314_712b.jpg\" alt=\"314 For Her Eau de Parfum\">\r\n                        <\/div>\r\n\r\n                        <!-- Contenido de producto  -->\r\n                        <div>\r\n                            <div class=\"product-position\">\r\n                                #5                            <\/div>\r\n\r\n                            <h2>\r\n                                314 For Her Eau de Parfum                            <\/h2>\r\n                        <\/div>\r\n\r\n                        <!-- Imagen y\/o nombre de la marca -->\r\n                        <div>\r\n                                                            <img decoding=\"async\" width=\"70\" src=\"https:\/\/www.primor.eu\/media\/catalog\/category\/Naturel-Art-Cosmetics.jpg\" alt=\"Naturel Art Cosmetics\">\r\n                                                    <\/div>\r\n\r\n                        <!-- Puntuaci\u00f3n del producto  -->\r\n                        <div class=\"rating\">\r\n                                                            <div class=\"rate\" style=\"--p:74;\"><\/div>\r\n                                <b>3.7\/5<\/b>\r\n                                <div class=\"rate-stars\">\r\n                                                                            <div\r\n                                            class=\"rate-star  \">\r\n                                        <\/div>\r\n                                                                            <div\r\n                                            class=\"rate-star  \">\r\n                                        <\/div>\r\n                                                                            <div\r\n                                            class=\"rate-star  \">\r\n                                        <\/div>\r\n                                                                            <div\r\n                                            class=\"rate-star  \">\r\n                                        <\/div>\r\n                                                                            <div\r\n                                            class=\"rate-star disable \">\r\n                                        <\/div>\r\n                                                                    <\/div>\r\n                                                    <\/div>\r\n\r\n                        <!-- Bot\u00f3n de producto  -->\r\n                        <div>\r\n                            <span class=\"price-claim\">\r\n                                VER PRECIO                            <\/span>\r\n                        <\/div>\r\n                    <\/a>\r\n                            <\/product-list>\r\n        <\/product-table>\r\n\r\n        \n\n\n\n<h3 class=\"wp-block-heading\">Aramis EDT<\/h3>\n\n\n\n<p><strong>Aramis EDT<\/strong> es un aut\u00e9ntico cl\u00e1sico de la <strong><a href=\"https:\/\/www.primor.eu\/es_es\/perfumes-para-hombres\">perfumer\u00eda masculina<\/a><\/strong> que destaca por su car\u00e1cter arom\u00e1tico y amaderado con un toque profundamente sofisticado. Desde su apertura, el tomillo se mezcla con notas como el tr\u00e9bol blanco y la mirra, creando una salida intensa y muy distintiva que transmite elegancia y personalidad desde el primer instante.<\/p>\n\n\n\n<p>A medida que evoluciona, aparecen acordes de cuero, s\u00e1ndalo y \u00e1mbar que aportan profundidad y calidez, construyendo una estela masculina, envolvente y atemporal. Es una fragancia ideal para quienes buscan un perfume con historia, presencia y un estilo cl\u00e1sico que nunca pasa de moda.<\/p>\n\n\n    <a class='product' target='_blank' href='https:\/\/www.primor.eu\/es_es\/aramis-aramis-edt-51217.html'>\r\n        <img loading='async' src='https:\/\/cdn2.primor.eu\/media\/catalog\/product\/cache\/8d3aba296f7a18b5251ee30fa5db42b2\/4\/A\/4AM00089_1_1c1f.jpg' alt='COMPRAR AHORA'>\r\n            <div class=\"claim\">\r\n                COMPRAR AHORA            <\/div>\r\n        <\/a>\r\n    \n\n\n<h3 class=\"wp-block-heading\">314 For Her Eau de Parfum de Naturel Art Cosmetics<\/h3>\n\n\n\n<p><strong>314 For Her<\/strong> es una <strong><a href=\"https:\/\/www.primor.eu\/es_es\/perfumes-de-mujer\">fragancia femenina <\/a><\/strong>con car\u00e1cter propio que combina el tomillo con notas inesperadas para crear un aroma \u00fanico. En su salida, el tomillo se mezcla con frambuesa y azafr\u00e1n, logrando un contraste entre frescura herbal y dulzura especiada muy original.<\/p>\n\n\n\n<p>El coraz\u00f3n de incienso y jazm\u00edn aporta profundidad y elegancia, mientras que el fondo de cuero, \u00e1mbar y maderas envuelve la piel con una estela c\u00e1lida y sofisticada. Es una opci\u00f3n perfecta para quienes buscan un perfume diferente, con personalidad y gran duraci\u00f3n.<\/p>\n\n\n    <a class='product' target='_blank' href='https:\/\/www.primor.eu\/es_es\/naturel-art-cosmetics-314-for-her-eau-de-parfum-131717.html?#863=66994'>\r\n        <img loading='async' src='https:\/\/cdn2.primor.eu\/media\/catalog\/product\/cache\/8d3aba296f7a18b5251ee30fa5db42b2\/N\/E\/NEW_PERFUMES_200_NATUREL_314_712b.jpg' alt='COMPRAR AHORA'>\r\n            <div class=\"claim\">\r\n                COMPRAR AHORA            <\/div>\r\n        <\/a>\r\n    \n\n\n<h3 class=\"wp-block-heading\">Aguas Masculinas V&amp;L Selva Ex\u00f3tica de Victorio &amp; Lucchino<\/h3>\n\n\n\n<p>Esta fragancia transporta directamente a un entorno natural vibrante, donde el tomillo juega un papel clave en su coraz\u00f3n arom\u00e1tico. Comienza con notas frescas de manzana verde y pimienta negra, que aportan energ\u00eda y dinamismo desde el primer momento.<\/p>\n\n\n\n<p>El tomillo se combina con el cipr\u00e9s para crear un acorde herbal intenso, que se asienta sobre un fondo amaderado de cedro y fir balsam. El resultado es un perfume sofisticado, con car\u00e1cter y una estela que evoca la fuerza y el misterio de la naturaleza.<\/p>\n\n\n    <a class='product' target='_blank' href='https:\/\/www.primor.eu\/es_es\/victorio-lucchino-aguas-masculinas-v-l-selva-exotica-edicion-limitada-122005.html'>\r\n        <img loading='async' src='https:\/\/cdn2.primor.eu\/media\/catalog\/product\/cache\/8d3aba296f7a18b5251ee30fa5db42b2\/8\/4\/8411061105948_1_8f3c.jpg' alt='COMPRAR AHORA'>\r\n            <div class=\"claim\">\r\n                COMPRAR AHORA            <\/div>\r\n        <\/a>\r\n    \n\n\n<h3 class=\"wp-block-heading\">Burberry For Men<\/h3>\n\n\n\n<p><strong>Burberry For Men<\/strong> es una fragancia ic\u00f3nica que equilibra perfectamente frescura y elegancia. El tomillo aparece en sus notas de salida junto a la bergamota, la lavanda y la menta, aportando un matiz arom\u00e1tico que resulta cl\u00e1sico pero muy actual.<\/p>\n\n\n\n<p>Su evoluci\u00f3n hacia un coraz\u00f3n amaderado y floral, seguido de un fondo c\u00e1lido con almizcle y \u00e1mbar, crea una fragancia vers\u00e1til y refinada. Es ideal para el hombre moderno que busca un perfume atemporal, f\u00e1cil de llevar y con una elegancia discreta.<\/p>\n\n\n    <a class='product' target='_blank' href='https:\/\/www.primor.eu\/es_es\/burberry-burberry-for-men-clasica-112262.html?#854=66333'>\r\n        <img loading='async' src='https:\/\/cdn2.primor.eu\/media\/catalog\/product\/cache\/8d3aba296f7a18b5251ee30fa5db42b2\/4\/A\/4AM00121_1_7a09.jpg' alt='COMPRAR AHORA'>\r\n            <div class=\"claim\">\r\n                COMPRAR AHORA            <\/div>\r\n        <\/a>\r\n    \n\n\n<h3 class=\"wp-block-heading\">Jimmy Choo Man Extreme<\/h3>\n\n\n\n<p><strong>Jimmy Choo Man Extreme<\/strong> destaca por su intensidad y personalidad, con el tomillo rojo como uno de sus protagonistas desde la salida. Esta nota aporta un car\u00e1cter especiado y vibrante que define la fragancia desde el primer momento.<\/p>\n\n\n\n<p>A lo largo de su desarrollo, el geranio introduce frescura y equilibrio, mientras que la haba tonka en el fondo a\u00f1ade una calidez envolvente y seductora. Es una fragancia moderna, potente y sofisticada, perfecta para quienes buscan dejar una impresi\u00f3n duradera.<\/p>\n\n\n    <a class='product' target='_blank' href='https:\/\/www.primor.eu\/es_es\/jimmy-choo-man-extreme-eau-de-parfum-120652.html?#863=66863'>\r\n        <img loading='async' src='https:\/\/cdn2.primor.eu\/media\/catalog\/product\/cache\/8d3aba296f7a18b5251ee30fa5db42b2\/M\/a\/Man_Extreme_EDP_76746_5708_detail_658a.jpg' alt='COMPRAR AHORA'>\r\n            <div class=\"claim\">\r\n                COMPRAR AHORA            <\/div>\r\n        <\/a>\r\n    \n\n<div class=\"kk-star-ratings kksr-auto kksr-align-center kksr-valign-bottom\"\n    data-payload='{&quot;align&quot;:&quot;center&quot;,&quot;id&quot;:&quot;141651&quot;,&quot;slug&quot;:&quot;default&quot;,&quot;valign&quot;:&quot;bottom&quot;,&quot;ignore&quot;:&quot;&quot;,&quot;reference&quot;:&quot;auto&quot;,&quot;class&quot;:&quot;&quot;,&quot;count&quot;:&quot;1&quot;,&quot;legendonly&quot;:&quot;&quot;,&quot;readonly&quot;:&quot;&quot;,&quot;score&quot;:&quot;5&quot;,&quot;starsonly&quot;:&quot;&quot;,&quot;best&quot;:&quot;5&quot;,&quot;gap&quot;:&quot;5&quot;,&quot;greet&quot;:&quot;Valora este art\u00edculo&quot;,&quot;legend&quot;:&quot;5\\\/5 - (1 voto)&quot;,&quot;size&quot;:&quot;24&quot;,&quot;title&quot;:&quot;Los 5 mejores perfumes con tomillo: un toque natural para tu fragancia&quot;,&quot;width&quot;:&quot;142.5&quot;,&quot;_legend&quot;:&quot;{score}\\\/{best} - ({count} {votes})&quot;,&quot;font_factor&quot;:&quot;1.25&quot;}'>\n            \n<div class=\"kksr-stars\">\n    \n<div class=\"kksr-stars-inactive\">\n            <div class=\"kksr-star\" data-star=\"1\" style=\"padding-right: 5px\">\n            \n\n<div class=\"kksr-icon\" style=\"width: 24px; height: 24px;\"><\/div>\n        <\/div>\n            <div class=\"kksr-star\" data-star=\"2\" style=\"padding-right: 5px\">\n            \n\n<div class=\"kksr-icon\" style=\"width: 24px; height: 24px;\"><\/div>\n        <\/div>\n            <div class=\"kksr-star\" data-star=\"3\" style=\"padding-right: 5px\">\n            \n\n<div class=\"kksr-icon\" style=\"width: 24px; height: 24px;\"><\/div>\n        <\/div>\n            <div class=\"kksr-star\" data-star=\"4\" style=\"padding-right: 5px\">\n            \n\n<div class=\"kksr-icon\" style=\"width: 24px; height: 24px;\"><\/div>\n        <\/div>\n            <div class=\"kksr-star\" data-star=\"5\" style=\"padding-right: 5px\">\n            \n\n<div class=\"kksr-icon\" style=\"width: 24px; height: 24px;\"><\/div>\n        <\/div>\n    <\/div>\n    \n<div class=\"kksr-stars-active\" style=\"width: 142.5px;\">\n            <div class=\"kksr-star\" style=\"padding-right: 5px\">\n            \n\n<div class=\"kksr-icon\" style=\"width: 24px; height: 24px;\"><\/div>\n        <\/div>\n            <div class=\"kksr-star\" style=\"padding-right: 5px\">\n            \n\n<div class=\"kksr-icon\" style=\"width: 24px; height: 24px;\"><\/div>\n        <\/div>\n            <div class=\"kksr-star\" style=\"padding-right: 5px\">\n            \n\n<div class=\"kksr-icon\" style=\"width: 24px; height: 24px;\"><\/div>\n        <\/div>\n            <div class=\"kksr-star\" style=\"padding-right: 5px\">\n            \n\n<div class=\"kksr-icon\" style=\"width: 24px; height: 24px;\"><\/div>\n        <\/div>\n            <div class=\"kksr-star\" style=\"padding-right: 5px\">\n            \n\n<div class=\"kksr-icon\" style=\"width: 24px; height: 24px;\"><\/div>\n        <\/div>\n    <\/div>\n<\/div>\n                \n\n<div class=\"kksr-legend\" style=\"font-size: 19.2px;\">\n            5\/5 - (1 voto)    <\/div>\n    <\/div>\n","protected":false},"excerpt":{"rendered":"<p>Los perfumes con tomillo no son los m\u00e1s habituales, pero precisamente por eso tienen algo distinto. Esta nota aporta un perfil herb\u00e1ceo, verde y ligeramente especiado, que se aleja de lo dulce o floral m\u00e1s cl\u00e1sico y se acerca m\u00e1s a una sensaci\u00f3n natural, casi silvestre. No suele ser la protagonista absoluta, pero cuando aparece, [&hellip;]<\/p>\n","protected":false},"author":14,"featured_media":141649,"comment_status":"closed","ping_status":"closed","sticky":false,"template":"","format":"standard","meta":{"jnews-multi-image_gallery":[],"jnews_single_post":{"format":"standard"},"jnews_primary_category":[],"jnews_social_meta":[],"jnews_override_counter":[],"footnotes":""},"categories":[6321,33],"tags":[],"class_list":["post-141651","post","type-post","status-publish","format-standard","has-post-thumbnail","hentry","category-banner-home","category-perfumes"],"_links":{"self":[{"href":"https:\/\/www.primor.eu\/blog\/wp-json\/wp\/v2\/posts\/141651","targetHints":{"allow":["GET"]}}],"collection":[{"href":"https:\/\/www.primor.eu\/blog\/wp-json\/wp\/v2\/posts"}],"about":[{"href":"https:\/\/www.primor.eu\/blog\/wp-json\/wp\/v2\/types\/post"}],"author":[{"embeddable":true,"href":"https:\/\/www.primor.eu\/blog\/wp-json\/wp\/v2\/users\/14"}],"replies":[{"embeddable":true,"href":"https:\/\/www.primor.eu\/blog\/wp-json\/wp\/v2\/comments?post=141651"}],"version-history":[{"count":2,"href":"https:\/\/www.primor.eu\/blog\/wp-json\/wp\/v2\/posts\/141651\/revisions"}],"predecessor-version":[{"id":141821,"href":"https:\/\/www.primor.eu\/blog\/wp-json\/wp\/v2\/posts\/141651\/revisions\/141821"}],"wp:featuredmedia":[{"embeddable":true,"href":"https:\/\/www.primor.eu\/blog\/wp-json\/wp\/v2\/media\/141649"}],"wp:attachment":[{"href":"https:\/\/www.primor.eu\/blog\/wp-json\/wp\/v2\/media?parent=141651"}],"wp:term":[{"taxonomy":"category","embeddable":true,"href":"https:\/\/www.primor.eu\/blog\/wp-json\/wp\/v2\/categories?post=141651"},{"taxonomy":"post_tag","embeddable":true,"href":"https:\/\/www.primor.eu\/blog\/wp-json\/wp\/v2\/tags?post=141651"}],"curies":[{"name":"wp","href":"https:\/\/api.w.org\/{rel}","templated":true}]}}