{"id":141647,"date":"2026-04-27T12:48:25","date_gmt":"2026-04-27T12:48:25","guid":{"rendered":"https:\/\/www.primor.eu\/blog\/?p=141647"},"modified":"2026-04-29T06:33:33","modified_gmt":"2026-04-29T06:33:33","slug":"mejores-correctores-con-tratamiento","status":"publish","type":"post","link":"https:\/\/www.primor.eu\/blog\/mejores-correctores-con-tratamiento\/","title":{"rendered":"Los 5 mejores correctores con tratamiento que s\u00ed funcionan"},"content":{"rendered":"\n<p>Los <strong><a href=\"https:\/\/www.primor.eu\/es_es\/correctores-lujo\">correctores <\/a>con tratamiento <\/strong>cubren, pero <strong>sin dejar de cuidar la piel.<\/strong> No se quedan solo en <strong><a href=\"https:\/\/www.primor.eu\/es_es\/correctores-de-maquillaje-para-ojeras-y-antiojeras\">disimular ojeras<\/a> <\/strong>o <strong>imperfecciones<\/strong>, sino que <strong>incorporan ingredientes que ayudan a hidratar, suavizar la textura o mejorar el aspecto<\/strong> con el uso continuado. Esto cambia <strong>bastante la forma de elegirlos,<\/strong> porque ya no solo importa el acabado o la cobertura, sino tambi\u00e9n c\u00f3mo<strong>se comportan a lo largo del d\u00eda<\/strong> y <strong>qu\u00e9 efecto tienen a medio plazo<\/strong>.<\/p>\n\n\n\n<p>Este tipo de correctores suele incluir activos<strong> como <\/strong><a href=\"https:\/\/www.primor.eu\/blog\/tipos-acido-hialuronico-escoger\/\"><strong>\u00e1cido hialur\u00f3nico<\/strong><\/a><strong>, <\/strong><a href=\"https:\/\/www.primor.eu\/blog\/mejores-serums-cafeina\/\"><strong>cafe\u00edna<\/strong><\/a> o <strong>antioxidantes<\/strong>, pensados para <strong>tratar la zona al mismo tiempo que maquillan<\/strong>. En la pr\u00e1ctica, eso se traduce en <strong>f\u00f3rmulas m\u00e1s c\u00f3modas<\/strong>, que no marcan tanto las l\u00edneas de expresi\u00f3n y que se adaptan mejor a la piel, sobre todo en el <a href=\"https:\/\/www.primor.eu\/es_es\/contorno-de-ojos-lujo\"><strong>contorno de ojos<\/strong>.<\/a> No hacen milagros por s\u00ed solos, pero s\u00ed <strong>ayudan a que la piel se vea m\u00e1s descansada<\/strong> y uniforme sin necesidad de sobrecargarla.<\/p>\n\n\n\n<p>Tambi\u00e9n <strong>hay un cambio en c\u00f3mo se usan.<\/strong> No hace falta aplicar mucha cantidad ni buscar una cobertura total si la f\u00f3rmula ya aporta ese extra de tratamiento. De hecho, <strong>funcionan mejor cuando se integran bien con la piel<\/strong> y se aplican de forma ligera. Aunque no todos son iguales. Y en <strong><a href=\"https:\/\/www.primor.eu\/es_es\/\">Primor <\/a><\/strong>tenemos nuestros favoritos.&nbsp;<\/p>\n\n\n\n<h2 class=\"wp-block-heading\">Los mejores correctores con tratamiento&nbsp;<\/h2>\n\n\n\n<h3 class=\"wp-block-heading\">Studio Radiance 24HR Luminous Lift Concealer de MAC<\/h3>\n\n\n\n<p>Este corrector de <strong><a href=\"https:\/\/www.primor.eu\/es_es\/mac\">MAC<\/a><\/strong> es una aut\u00e9ntica fusi\u00f3n entre maquillaje y tratamiento, dise\u00f1ado para iluminar, unificar y aportar un efecto lifting inmediato al rostro. Su cobertura modulable se adapta a cada necesidad, logrando un acabado luminoso que realza la piel sin sobrecargarla, perfecto para conseguir un look fresco y natural durante todo el d\u00eda.<\/p>\n\n\n\n<p>Su f\u00f3rmula, con un 80% de ingredientes de cuidado como \u00e1cido hialur\u00f3nico, niacinamida y vitamina C, hidrata intensamente y mejora visiblemente el aspecto de las ojeras. Adem\u00e1s, su textura fluida enriquecida con aceites permite una aplicaci\u00f3n suave y sin cuartearse, dejando la piel radiante hasta 24 horas.<\/p>\n\n\n    <a class='product' target='_blank' href='https:\/\/www.primor.eu\/es_es\/mac-corrector-studio-radiance-24hr-luminous-lift-concealer-110521.html?#803=71923'>\r\n        <img loading='async' src='https:\/\/cdn2.primor.eu\/media\/catalog\/product\/cache\/8d3aba296f7a18b5251ee30fa5db42b2\/7\/7\/773602657063_1_67d8.jpg' alt='COMPRAR AHORA'>\r\n            <div class=\"claim\">\r\n                COMPRAR AHORA            <\/div>\r\n        <\/a>\r\n    \n\n\n<h3 class=\"wp-block-heading\">Borrador corrector de ojeras de Maybelline<\/h3>\n\n\n\n<p>Este ic\u00f3nico corrector se ha convertido en un imprescindible por su capacidad para borrar signos de fatiga en una sola pasada. Ofrece una cobertura completa que unifica el tono, disimula imperfecciones y aporta un efecto buena cara inmediato, ideal para el d\u00eda a d\u00eda.<\/p>\n\n\n\n<p>Enriquecido con bayas de goji y Haloxyl, no solo cubre, sino que tambi\u00e9n trata el contorno de ojos, ayudando a hidratar y suavizar l\u00edneas de expresi\u00f3n. Su aplicador de microfibras facilita la aplicaci\u00f3n y aporta un acabado natural, c\u00f3modo y duradero sin resecar la piel.<\/p>\n\n\n    <a class='product' target='_blank' href='https:\/\/www.primor.eu\/es_es\/maybelline-new-york-corrector-el-borrador-109470.html?#803=44584'>\r\n        <img loading='async' src='https:\/\/cdn2.primor.eu\/media\/catalog\/product\/cache\/8d3aba296f7a18b5251ee30fa5db42b2\/0\/M\/0MO07837_1_4142.jpg' alt='COMPRAR AHORA'>\r\n            <div class=\"claim\">\r\n                COMPRAR AHORA            <\/div>\r\n        <\/a>\r\n    \n\n\n<h3 class=\"wp-block-heading\">Mini Radiant Creamy Concealer de NARS<\/h3>\n\n\n\n<p>Este corrector multiusos destaca por su textura cremosa y su acabado radiante, capaz de iluminar, corregir y perfeccionar la piel con una cobertura modulable de media a alta. Su formato mini lo convierte en el aliado perfecto para retoques en cualquier momento.<\/p>\n\n\n\n<p>Gracias a su tecnolog\u00eda difusora de luz, aten\u00faa l\u00edneas de expresi\u00f3n y signos de fatiga al instante. Adem\u00e1s, su f\u00f3rmula enriquecida con extractos bot\u00e1nicos y vitamina E hidrata, protege y mejora la apariencia de la piel, garantizando un resultado fresco y luminoso hasta 16 horas.<\/p>\n\n\n    <a class='product' target='_blank' href='https:\/\/www.primor.eu\/es_es\/nars-corrector-mini-radiant-creamy-concealer-110436.html?#803=60296'>\r\n        <img loading='async' src='https:\/\/cdn2.primor.eu\/media\/catalog\/product\/cache\/8d3aba296f7a18b5251ee30fa5db42b2\/6\/0\/607845058113_1_d807.jpg' alt='COMPRAR AHORA'>\r\n            <div class=\"claim\">\r\n                COMPRAR AHORA            <\/div>\r\n        <\/a>\r\n    \n\n\n<h3 class=\"wp-block-heading\">Accord Parfait S\u00e9rum Corrector Iluminador de L\u2019Or\u00e9al Paris<\/h3>\n\n\n\n<p>Este corrector h\u00edbrido combina maquillaje y tratamiento en una sola f\u00f3rmula, aportando luminosidad y corrigiendo imperfecciones al mismo tiempo. Su textura ligera permite una aplicaci\u00f3n precisa y c\u00f3moda, dejando la piel con un acabado natural y uniforme.<\/p>\n\n\n\n<p>Formulado con \u00e1cido hialur\u00f3nico y cafe\u00edna, ayuda a hidratar y a reducir visiblemente ojeras y l\u00edneas finas. Su f\u00f3rmula no comedog\u00e9nica y libre de aceites lo hace apto incluso para pieles sensibles, ofreciendo un resultado fresco y radiante sin obstruir los poros.<\/p>\n\n\n    <a class='product' target='_blank' href='https:\/\/www.primor.eu\/es_es\/l-oreal-paris-accord-parfait-serum-corrector-iluminador-104179.html?#803=85828'>\r\n        <img loading='async' src='https:\/\/cdn2.primor.eu\/media\/catalog\/product\/cache\/8d3aba296f7a18b5251ee30fa5db42b2\/0\/0\/0000030188174_1_81d5.jpg' alt='COMPRAR AHORA'>\r\n            <div class=\"claim\">\r\n                COMPRAR AHORA            <\/div>\r\n        <\/a>\r\n    \n\n\n<h3 class=\"wp-block-heading\">Corrector Multi-Tasker de Rimmel London<\/h3>\n\n\n\n<p>Este corrector destaca por su versatilidad, ya que corrige, ilumina y unifica la piel en un solo gesto. Su alta pigmentaci\u00f3n permite cubrir ojeras, manchas y otras imperfecciones, logrando un tono uniforme con un acabado luminoso y natural.<\/p>\n\n\n\n<p>Su textura ligera se funde perfectamente con la piel sin apelmazar, mientras que su f\u00f3rmula hidratante mantiene el confort durante horas. Adem\u00e1s, su resistencia al agua y su larga duraci\u00f3n lo convierten en una opci\u00f3n ideal para un maquillaje impecable durante todo el d\u00eda.<\/p>\n\n\n    <a class='product' target='_blank' href='https:\/\/www.primor.eu\/es_es\/rimmel-corrector-multitasker-waterproof-110197.html?#803=44750'>\r\n        <img loading='async' src='https:\/\/cdn2.primor.eu\/media\/catalog\/product\/cache\/8d3aba296f7a18b5251ee30fa5db42b2\/M\/A\/MAIN_3616301273127_ea29.png' alt='COMPRAR AHORA'>\r\n            <div class=\"claim\">\r\n                COMPRAR AHORA            <\/div>\r\n        <\/a>\r\n    \n\n<div class=\"kk-star-ratings kksr-auto kksr-align-center kksr-valign-bottom\"\n    data-payload='{&quot;align&quot;:&quot;center&quot;,&quot;id&quot;:&quot;141647&quot;,&quot;slug&quot;:&quot;default&quot;,&quot;valign&quot;:&quot;bottom&quot;,&quot;ignore&quot;:&quot;&quot;,&quot;reference&quot;:&quot;auto&quot;,&quot;class&quot;:&quot;&quot;,&quot;count&quot;:&quot;20&quot;,&quot;legendonly&quot;:&quot;&quot;,&quot;readonly&quot;:&quot;&quot;,&quot;score&quot;:&quot;3.9&quot;,&quot;starsonly&quot;:&quot;&quot;,&quot;best&quot;:&quot;5&quot;,&quot;gap&quot;:&quot;5&quot;,&quot;greet&quot;:&quot;Valora este art\u00edculo&quot;,&quot;legend&quot;:&quot;3.9\\\/5 - (20 votos)&quot;,&quot;size&quot;:&quot;24&quot;,&quot;title&quot;:&quot;Los 5 mejores correctores con tratamiento que s\u00ed funcionan&quot;,&quot;width&quot;:&quot;110.6&quot;,&quot;_legend&quot;:&quot;{score}\\\/{best} - ({count} {votes})&quot;,&quot;font_factor&quot;:&quot;1.25&quot;}'>\n            \n<div class=\"kksr-stars\">\n    \n<div class=\"kksr-stars-inactive\">\n            <div class=\"kksr-star\" data-star=\"1\" style=\"padding-right: 5px\">\n            \n\n<div class=\"kksr-icon\" style=\"width: 24px; height: 24px;\"><\/div>\n        <\/div>\n            <div class=\"kksr-star\" data-star=\"2\" style=\"padding-right: 5px\">\n            \n\n<div class=\"kksr-icon\" style=\"width: 24px; height: 24px;\"><\/div>\n        <\/div>\n            <div class=\"kksr-star\" data-star=\"3\" style=\"padding-right: 5px\">\n            \n\n<div class=\"kksr-icon\" style=\"width: 24px; height: 24px;\"><\/div>\n        <\/div>\n            <div class=\"kksr-star\" data-star=\"4\" style=\"padding-right: 5px\">\n            \n\n<div class=\"kksr-icon\" style=\"width: 24px; height: 24px;\"><\/div>\n        <\/div>\n            <div class=\"kksr-star\" data-star=\"5\" style=\"padding-right: 5px\">\n            \n\n<div class=\"kksr-icon\" style=\"width: 24px; height: 24px;\"><\/div>\n        <\/div>\n    <\/div>\n    \n<div class=\"kksr-stars-active\" style=\"width: 110.6px;\">\n            <div class=\"kksr-star\" style=\"padding-right: 5px\">\n            \n\n<div class=\"kksr-icon\" style=\"width: 24px; height: 24px;\"><\/div>\n        <\/div>\n            <div class=\"kksr-star\" style=\"padding-right: 5px\">\n            \n\n<div class=\"kksr-icon\" style=\"width: 24px; height: 24px;\"><\/div>\n        <\/div>\n            <div class=\"kksr-star\" style=\"padding-right: 5px\">\n            \n\n<div class=\"kksr-icon\" style=\"width: 24px; height: 24px;\"><\/div>\n        <\/div>\n            <div class=\"kksr-star\" style=\"padding-right: 5px\">\n            \n\n<div class=\"kksr-icon\" style=\"width: 24px; height: 24px;\"><\/div>\n        <\/div>\n            <div class=\"kksr-star\" style=\"padding-right: 5px\">\n            \n\n<div class=\"kksr-icon\" style=\"width: 24px; height: 24px;\"><\/div>\n        <\/div>\n    <\/div>\n<\/div>\n                \n\n<div class=\"kksr-legend\" style=\"font-size: 19.2px;\">\n            3.9\/5 - (20 votos)    <\/div>\n    <\/div>\n","protected":false},"excerpt":{"rendered":"<p>Los correctores con tratamiento cubren, pero sin dejar de cuidar la piel. No se quedan solo en disimular ojeras o imperfecciones, sino que incorporan ingredientes que ayudan a hidratar, suavizar la textura o mejorar el aspecto con el uso continuado. Esto cambia bastante la forma de elegirlos, porque ya no solo importa el acabado o [&hellip;]<\/p>\n","protected":false},"author":14,"featured_media":141650,"comment_status":"closed","ping_status":"closed","sticky":false,"template":"","format":"standard","meta":{"jnews-multi-image_gallery":[],"jnews_single_post":{"format":"standard"},"jnews_primary_category":[],"jnews_social_meta":[],"jnews_override_counter":[],"footnotes":""},"categories":[6321,41],"tags":[],"class_list":["post-141647","post","type-post","status-publish","format-standard","has-post-thumbnail","hentry","category-banner-home","category-maquillaje"],"_links":{"self":[{"href":"https:\/\/www.primor.eu\/blog\/wp-json\/wp\/v2\/posts\/141647","targetHints":{"allow":["GET"]}}],"collection":[{"href":"https:\/\/www.primor.eu\/blog\/wp-json\/wp\/v2\/posts"}],"about":[{"href":"https:\/\/www.primor.eu\/blog\/wp-json\/wp\/v2\/types\/post"}],"author":[{"embeddable":true,"href":"https:\/\/www.primor.eu\/blog\/wp-json\/wp\/v2\/users\/14"}],"replies":[{"embeddable":true,"href":"https:\/\/www.primor.eu\/blog\/wp-json\/wp\/v2\/comments?post=141647"}],"version-history":[{"count":3,"href":"https:\/\/www.primor.eu\/blog\/wp-json\/wp\/v2\/posts\/141647\/revisions"}],"predecessor-version":[{"id":141937,"href":"https:\/\/www.primor.eu\/blog\/wp-json\/wp\/v2\/posts\/141647\/revisions\/141937"}],"wp:featuredmedia":[{"embeddable":true,"href":"https:\/\/www.primor.eu\/blog\/wp-json\/wp\/v2\/media\/141650"}],"wp:attachment":[{"href":"https:\/\/www.primor.eu\/blog\/wp-json\/wp\/v2\/media?parent=141647"}],"wp:term":[{"taxonomy":"category","embeddable":true,"href":"https:\/\/www.primor.eu\/blog\/wp-json\/wp\/v2\/categories?post=141647"},{"taxonomy":"post_tag","embeddable":true,"href":"https:\/\/www.primor.eu\/blog\/wp-json\/wp\/v2\/tags?post=141647"}],"curies":[{"name":"wp","href":"https:\/\/api.w.org\/{rel}","templated":true}]}}