{"id":141389,"date":"2026-04-26T15:00:00","date_gmt":"2026-04-26T15:00:00","guid":{"rendered":"https:\/\/www.primor.eu\/blog\/?p=141389"},"modified":"2026-04-16T18:15:31","modified_gmt":"2026-04-16T18:15:31","slug":"mejores-cremas-hongos-piel","status":"publish","type":"post","link":"https:\/\/www.primor.eu\/blog\/mejores-cremas-hongos-piel\/","title":{"rendered":"Hongos en la piel: las 5 mejores cremas"},"content":{"rendered":"\n<p>Si est\u00e1s buscando <strong>cremas para los <a href=\"https:\/\/www.primor.eu\/blog\/hongos-piel\/\" data-type=\"link\" data-id=\"https:\/\/www.primor.eu\/blog\/hongos-piel\/\">hongos en la piel<\/a><\/strong>, te vamos a dar cinco opciones de nuestra tienda. No todas ellas son cremas.\u00a0<\/p>\n\n\n\n<p>Sin embargo, hay algunas <strong>soluciones naturales<\/strong> como el <strong>\u00e1rbol del t\u00e9<\/strong>, que puedes diluir en aceite de almendras o coco y aplicar en el cuerpo. De hecho, el \u00e1rbol del t\u00e9 es de lo m\u00e1s efectivo para los hongos en el cuerpo. Vamos a darte algunas <a href=\"https:\/\/www.primor.eu\/es_es\/parafarmacia\" data-type=\"link\" data-id=\"https:\/\/www.primor.eu\/es_es\/parafarmacia\">opciones<\/a> de cremas para los hongos en la piel y tambi\u00e9n aceites.<\/p>\n\n\n\n<h2 class=\"wp-block-heading\">Soluciones y cremas para los hongos en la piel<\/h2>\n\n\n\n<p>Vamos a darte antes de nada una lista de <strong>soluciones y cremas para los hongos en la piel <\/strong>para despu\u00e9s darte soluciones a trav\u00e9s de productos espec\u00edficos:<\/p>\n\n\n\n<ul class=\"wp-block-list\">\n<li>Aceite de coco<\/li>\n\n\n\n<li>Aloe vera<\/li>\n\n\n\n<li>\u00c1rbol del t\u00e9<\/li>\n\n\n\n<li>Bicarbonato de sodio<\/li>\n<\/ul>\n\n\n\n<h2 class=\"wp-block-heading\">Cremas para los hongos en la piel de nuestra tienda<\/h2>\n\n\n        <product-table class=\"pr-slider\">\r\n            <product-headers class=\"grid-table-rows\">\r\n                <div>Foto<\/div>\r\n                <div>Producto<\/div>\r\n                <div>Marca<\/div>\r\n                <div>Valoraciones<\/div>\r\n                <div>Precio<\/div>\r\n            <\/product-headers>\r\n\r\n            <product-list>\r\n                                    <a href=\"https:\/\/www.primor.eu\/es_es\/iunik-gel-crema-calmante-centella-84565.html\" class=\"product-item grid-table-rows\" target=\"_blank\">\r\n                        <div>\r\n                            <img decoding=\"async\" class=\"product-img\" width=\"80px\" height=\"80px\" src=\"https:\/\/cdn2.primor.eu\/media\/catalog\/product\/cache\/8d3aba296f7a18b5251ee30fa5db42b2\/C\/a\/Captura58558_2b3d.PNG\" alt=\"Gel Crema Calmante Centella\">\r\n                        <\/div>\r\n\r\n                        <!-- Contenido de producto  -->\r\n                        <div>\r\n                            <div class=\"product-position\">\r\n                                #1 Top Ventas                            <\/div>\r\n\r\n                            <h2>\r\n                                Gel Crema Calmante Centella                            <\/h2>\r\n                        <\/div>\r\n\r\n                        <!-- Imagen y\/o nombre de la marca -->\r\n                        <div>\r\n                                                            <img decoding=\"async\" width=\"70\" src=\"https:\/\/www.primor.eu\/media\/catalog\/category\/IUNIK.jpg\" alt=\"\">\r\n                                                    <\/div>\r\n\r\n                        <!-- Puntuaci\u00f3n del producto  -->\r\n                        <div class=\"rating\">\r\n                                                            <div class=\"rate\" style=\"--p:100;\"><\/div>\r\n                                <b>5\/5<\/b>\r\n                                <div class=\"rate-stars\">\r\n                                                                            <div\r\n                                            class=\"rate-star  \">\r\n                                        <\/div>\r\n                                                                            <div\r\n                                            class=\"rate-star  \">\r\n                                        <\/div>\r\n                                                                            <div\r\n                                            class=\"rate-star  \">\r\n                                        <\/div>\r\n                                                                            <div\r\n                                            class=\"rate-star  \">\r\n                                        <\/div>\r\n                                                                            <div\r\n                                            class=\"rate-star  \">\r\n                                        <\/div>\r\n                                                                    <\/div>\r\n                                                    <\/div>\r\n\r\n                        <!-- Bot\u00f3n de producto  -->\r\n                        <div>\r\n                            <span class=\"price-claim\">\r\n                                VER PRECIO                            <\/span>\r\n                        <\/div>\r\n                    <\/a>\r\n                                    <a href=\"https:\/\/www.primor.eu\/es_es\/dr-organic-tea-tree-crema-hidratante-control-16126.html\" class=\"product-item grid-table-rows\" target=\"_blank\">\r\n                        <div>\r\n                            <img decoding=\"async\" class=\"product-img\" width=\"80px\" height=\"80px\" src=\"https:\/\/cdn2.primor.eu\/media\/catalog\/product\/cache\/8d3aba296f7a18b5251ee30fa5db42b2\/D\/R\/DR00512S_Skin_Clear_Oil_Control_Moisturiser_Carton_and_Tube_FRONT_1d22.jpg\" alt=\"Tea Tree Crema Antis\u00e9ptica\">\r\n                        <\/div>\r\n\r\n                        <!-- Contenido de producto  -->\r\n                        <div>\r\n                            <div class=\"product-position\">\r\n                                #2                            <\/div>\r\n\r\n                            <h2>\r\n                                Tea Tree Crema Antis\u00e9ptica                            <\/h2>\r\n                        <\/div>\r\n\r\n                        <!-- Imagen y\/o nombre de la marca -->\r\n                        <div>\r\n                                                            <img decoding=\"async\" width=\"70\" src=\"https:\/\/www.primor.eu\/media\/catalog\/category\/Dr-Organic.jpg\" alt=\"\">\r\n                                                    <\/div>\r\n\r\n                        <!-- Puntuaci\u00f3n del producto  -->\r\n                        <div class=\"rating\">\r\n                                                            <div class=\"rate\" style=\"--p:100;\"><\/div>\r\n                                <b>5\/5<\/b>\r\n                                <div class=\"rate-stars\">\r\n                                                                            <div\r\n                                            class=\"rate-star  \">\r\n                                        <\/div>\r\n                                                                            <div\r\n                                            class=\"rate-star  \">\r\n                                        <\/div>\r\n                                                                            <div\r\n                                            class=\"rate-star  \">\r\n                                        <\/div>\r\n                                                                            <div\r\n                                            class=\"rate-star  \">\r\n                                        <\/div>\r\n                                                                            <div\r\n                                            class=\"rate-star  \">\r\n                                        <\/div>\r\n                                                                    <\/div>\r\n                                                    <\/div>\r\n\r\n                        <!-- Bot\u00f3n de producto  -->\r\n                        <div>\r\n                            <span class=\"price-claim\">\r\n                                VER PRECIO                            <\/span>\r\n                        <\/div>\r\n                    <\/a>\r\n                                    <a href=\"https:\/\/www.primor.eu\/es_es\/phytorelax-aloe-vera-crema-multiuso-12079.html\" class=\"product-item grid-table-rows\" target=\"_blank\">\r\n                        <div>\r\n                            <img decoding=\"async\" class=\"product-img\" width=\"80px\" height=\"80px\" src=\"https:\/\/cdn2.primor.eu\/media\/catalog\/product\/cache\/8d3aba296f7a18b5251ee30fa5db42b2\/0\/T\/0TN00814_1_b9b6.jpg\" alt=\"Aloe Vera Crema Multiuso\">\r\n                        <\/div>\r\n\r\n                        <!-- Contenido de producto  -->\r\n                        <div>\r\n                            <div class=\"product-position\">\r\n                                #3                            <\/div>\r\n\r\n                            <h2>\r\n                                Aloe Vera Crema Multiuso                            <\/h2>\r\n                        <\/div>\r\n\r\n                        <!-- Imagen y\/o nombre de la marca -->\r\n                        <div>\r\n                                                            <img decoding=\"async\" width=\"70\" src=\"https:\/\/www.primor.eu\/media\/catalog\/category\/276.png\" alt=\"\">\r\n                                                    <\/div>\r\n\r\n                        <!-- Puntuaci\u00f3n del producto  -->\r\n                        <div class=\"rating\">\r\n                                                            <div class=\"rate\" style=\"--p:92;\"><\/div>\r\n                                <b>4.6\/5<\/b>\r\n                                <div class=\"rate-stars\">\r\n                                                                            <div\r\n                                            class=\"rate-star  \">\r\n                                        <\/div>\r\n                                                                            <div\r\n                                            class=\"rate-star  \">\r\n                                        <\/div>\r\n                                                                            <div\r\n                                            class=\"rate-star  \">\r\n                                        <\/div>\r\n                                                                            <div\r\n                                            class=\"rate-star  \">\r\n                                        <\/div>\r\n                                                                            <div\r\n                                            class=\"rate-star  \">\r\n                                        <\/div>\r\n                                                                    <\/div>\r\n                                                    <\/div>\r\n\r\n                        <!-- Bot\u00f3n de producto  -->\r\n                        <div>\r\n                            <span class=\"price-claim\">\r\n                                VER PRECIO                            <\/span>\r\n                        <\/div>\r\n                    <\/a>\r\n                                    <a href=\"https:\/\/www.primor.eu\/es_es\/idc-institute-aloe-vera-on-the-go-duo-crema-de-manos-balsamo-de-labios-142804.html\" class=\"product-item grid-table-rows\" target=\"_blank\">\r\n                        <div>\r\n                            <img decoding=\"async\" class=\"product-img\" width=\"80px\" height=\"80px\" src=\"https:\/\/cdn2.primor.eu\/media\/catalog\/product\/cache\/8d3aba296f7a18b5251ee30fa5db42b2\/8\/4\/8436609398170__7__cf89.jpg\" alt=\"Aloe Vera On The Go Duo Crema de Manos & B\u00e1lsamo de Labios\">\r\n                        <\/div>\r\n\r\n                        <!-- Contenido de producto  -->\r\n                        <div>\r\n                            <div class=\"product-position\">\r\n                                #4                            <\/div>\r\n\r\n                            <h2>\r\n                                Aloe Vera On The Go Duo Crema de Manos & B\u00e1lsamo de Labios                            <\/h2>\r\n                        <\/div>\r\n\r\n                        <!-- Imagen y\/o nombre de la marca -->\r\n                        <div>\r\n                                                            <img decoding=\"async\" width=\"70\" src=\"https:\/\/www.primor.eu\/media\/catalog\/category\/media\/catalog\/category\/793.jpg\" alt=\"IDC INSTITUTE\">\r\n                                                    <\/div>\r\n\r\n                        <!-- Puntuaci\u00f3n del producto  -->\r\n                        <div class=\"rating\">\r\n                                                            <p>No hay valoraciones disponibles<\/p>\r\n                                                    <\/div>\r\n\r\n                        <!-- Bot\u00f3n de producto  -->\r\n                        <div>\r\n                            <span class=\"price-claim\">\r\n                                VER PRECIO                            <\/span>\r\n                        <\/div>\r\n                    <\/a>\r\n                                    <a href=\"https:\/\/www.primor.eu\/es_es\/foamie-crema-corporal-en-barra-con-aceite-de-coco-y-manteca-de-cacao-81324.html\" class=\"product-item grid-table-rows\" target=\"_blank\">\r\n                        <div>\r\n                            <img decoding=\"async\" class=\"product-img\" width=\"80px\" height=\"80px\" src=\"https:\/\/cdn2.primor.eu\/media\/catalog\/product\/cache\/8d3aba296f7a18b5251ee30fa5db42b2\/2\/B\/2BL03673_29d9.jpg\" alt=\"Crema Corporal en Barra con Aceite de Coco y Manteca de Cacao\">\r\n                        <\/div>\r\n\r\n                        <!-- Contenido de producto  -->\r\n                        <div>\r\n                            <div class=\"product-position\">\r\n                                #5                            <\/div>\r\n\r\n                            <h2>\r\n                                Crema Corporal en Barra con Aceite de Coco y Manteca de Cacao                            <\/h2>\r\n                        <\/div>\r\n\r\n                        <!-- Imagen y\/o nombre de la marca -->\r\n                        <div>\r\n                                                            <img decoding=\"async\" width=\"70\" src=\"https:\/\/www.primor.eu\/media\/catalog\/category\/download.png\" alt=\"\">\r\n                                                    <\/div>\r\n\r\n                        <!-- Puntuaci\u00f3n del producto  -->\r\n                        <div class=\"rating\">\r\n                                                            <div class=\"rate\" style=\"--p:100;\"><\/div>\r\n                                <b>5\/5<\/b>\r\n                                <div class=\"rate-stars\">\r\n                                                                            <div\r\n                                            class=\"rate-star  \">\r\n                                        <\/div>\r\n                                                                            <div\r\n                                            class=\"rate-star  \">\r\n                                        <\/div>\r\n                                                                            <div\r\n                                            class=\"rate-star  \">\r\n                                        <\/div>\r\n                                                                            <div\r\n                                            class=\"rate-star  \">\r\n                                        <\/div>\r\n                                                                            <div\r\n                                            class=\"rate-star  \">\r\n                                        <\/div>\r\n                                                                    <\/div>\r\n                                                    <\/div>\r\n\r\n                        <!-- Bot\u00f3n de producto  -->\r\n                        <div>\r\n                            <span class=\"price-claim\">\r\n                                VER PRECIO                            <\/span>\r\n                        <\/div>\r\n                    <\/a>\r\n                            <\/product-list>\r\n        <\/product-table>\r\n\r\n        \n\n\n\n<h3 class=\"wp-block-heading\">Gel Crema Calmante Centella de Iunik<\/h3>\n\n\n\n<p>Gel hidratante que calma la piel sensible, estresada o con tendencia acn\u00e9ica. Este gel est\u00e1 formulado con un 70% de agua de centella asi\u00e1tica y un 10% de agua de \u00e1rbol de t\u00e9, dos ingredientes ideales para calmar la piel y prevenir los brotes de acn\u00e9. Adem\u00e1s, ayuda a tratar las manchas, iluminar la piel y combatir las arrugas.<\/p>\n\n\n    <a class='product' target='_blank' href='https:\/\/www.primor.eu\/es_es\/iunik-gel-crema-calmante-centella-84565.html'>\r\n        <img loading='async' src='https:\/\/cdn2.primor.eu\/media\/catalog\/product\/cache\/8d3aba296f7a18b5251ee30fa5db42b2\/C\/a\/Captura58558_2b3d.PNG' alt='COMPRAR AHORA'>\r\n            <div class=\"claim\">\r\n                COMPRAR AHORA            <\/div>\r\n        <\/a>\r\n    \n\n\n<h3 class=\"wp-block-heading\">Tea Tree Crema Antis\u00e9ptica de Dr. Organic<\/h3>\n\n\n\n<p>Crema purificante de \u00e1rbol de t\u00e9 para ayudar a calmar la piel. Proporciona una soluci\u00f3n natural para ayudar a limpiar y calmar la piel con jugo de aloe vera.&nbsp;<\/p>\n\n\n\n<p>Contiene propiedades antiinflamatorias que ayudan a tratar el acn\u00e9. Tambi\u00e9n contiene propiedades antis\u00e9pticas para ayudar a combatir la piel grasa.<\/p>\n\n\n\n<p>Impregnado con manteca de cacao para nutrir la piel.<\/p>\n\n\n    <a class='product' target='_blank' href='https:\/\/www.primor.eu\/es_es\/dr-organic-tea-tree-crema-hidratante-control-16126.html'>\r\n        <img loading='async' src='https:\/\/cdn2.primor.eu\/media\/catalog\/product\/cache\/8d3aba296f7a18b5251ee30fa5db42b2\/D\/R\/DR00512S_Skin_Clear_Oil_Control_Moisturiser_Carton_and_Tube_FRONT_1d22.jpg' alt='COMPRAR AHORA'>\r\n            <div class=\"claim\">\r\n                COMPRAR AHORA            <\/div>\r\n        <\/a>\r\n    \n\n\n<h3 class=\"wp-block-heading\">Aloe Vera Crema Multiuso de Phytorelax<\/h3>\n\n\n\n<p>Una crema especialmente formulada para hidratar las pieles sensibles, delicadas e irritables.<\/p>\n\n\n\n<p>Phytorelax Multi-Action Aloe Cream se puede aplicar en la cara, el cuerpo y las manos. Se absorbe r\u00e1pido y da una sensaci\u00f3n de comodidad inmediata.<\/p>\n\n\n\n<p>La crema multiuso de Aloe Vera de Phytorelax puede ser usada por toda la familia. Contiene 20% de jugo de Aloe Vera org\u00e1nico.<\/p>\n\n\n    <a class='product' target='_blank' href='https:\/\/www.primor.eu\/es_es\/phytorelax-aloe-vera-crema-multiuso-12079.html'>\r\n        <img loading='async' src='https:\/\/cdn2.primor.eu\/media\/catalog\/product\/cache\/8d3aba296f7a18b5251ee30fa5db42b2\/0\/T\/0TN00814_1_b9b6.jpg' alt='COMPRAR AHORA'>\r\n            <div class=\"claim\">\r\n                COMPRAR AHORA            <\/div>\r\n        <\/a>\r\n    \n\n\n<h3 class=\"wp-block-heading\">Aloe Vera On The Go Duo Crema de Manos &amp; B\u00e1lsamo de Labios de IDC Institute<\/h3>\n\n\n\n<p>Ayuda a hidratar la piel, favoreciendo una sensaci\u00f3n de suavidad y confort. Por su parte, el b\u00e1lsamo labial complementa el cuidado, aportando hidrataci\u00f3n continua para mantener los labios en buen estado. Este conjunto permite integrar f\u00e1cilmente ambos productos en la rutina diaria.<\/p>\n\n\n    <a class='product' target='_blank' href='https:\/\/www.primor.eu\/es_es\/idc-institute-aloe-vera-on-the-go-duo-crema-de-manos-balsamo-de-labios-142804.html'>\r\n        <img loading='async' src='https:\/\/cdn2.primor.eu\/media\/catalog\/product\/cache\/8d3aba296f7a18b5251ee30fa5db42b2\/8\/4\/8436609398170__7__cf89.jpg' alt='COMPRAR AHORA'>\r\n            <div class=\"claim\">\r\n                COMPRAR AHORA            <\/div>\r\n        <\/a>\r\n    \n\n\n<h3 class=\"wp-block-heading\">Crema Corporal en Barra con Aceite de Coco y Manteca de Cacao de Foamie<\/h3>\n\n\n\n<p>Completa tu rutina de ba\u00f1o con esta crema corporal s\u00f3lida. Nutre la piel, le aporta hidrataci\u00f3n y la deja suave al tacto.<\/p>\n\n\n\n<p>Enriquecida con manteca de cacao y aceite de coco para una sensaci\u00f3n de piel suave.<\/p>\n\n\n\n<p>Principales beneficios:<\/p>\n\n\n\n<ul class=\"wp-block-list\">\n<li>Nutre intensamente y suaviza.<\/li>\n\n\n\n<li>Piel aterciopelada al tacto.<\/li>\n\n\n\n<li>Previene el secado de la piel<\/li>\n\n\n\n<li>0% pl\u00e1stico, 0% jab\u00f3n, 0% siliconas y 0% sulfatos.<\/li>\n\n\n\n<li>Testado dermatol\u00f3gicamente.<\/li>\n\n\n\n<li>100% vegano.<\/li>\n\n\n\n<li>Cruelty free<\/li>\n\n\n\n<li>Ideal para viajes.<\/li>\n<\/ul>\n\n\n    <a class='product' target='_blank' href='https:\/\/www.primor.eu\/es_es\/foamie-crema-corporal-en-barra-con-aceite-de-coco-y-manteca-de-cacao-81324.html'>\r\n        <img loading='async' src='https:\/\/cdn2.primor.eu\/media\/catalog\/product\/cache\/8d3aba296f7a18b5251ee30fa5db42b2\/2\/B\/2BL03673_29d9.jpg' alt='COMPRAR AHORA'>\r\n            <div class=\"claim\">\r\n                COMPRAR AHORA            <\/div>\r\n        <\/a>\r\n    \n\n<div class=\"kk-star-ratings kksr-auto kksr-align-center kksr-valign-bottom\"\n    data-payload='{&quot;align&quot;:&quot;center&quot;,&quot;id&quot;:&quot;141389&quot;,&quot;slug&quot;:&quot;default&quot;,&quot;valign&quot;:&quot;bottom&quot;,&quot;ignore&quot;:&quot;&quot;,&quot;reference&quot;:&quot;auto&quot;,&quot;class&quot;:&quot;&quot;,&quot;count&quot;:&quot;1&quot;,&quot;legendonly&quot;:&quot;&quot;,&quot;readonly&quot;:&quot;&quot;,&quot;score&quot;:&quot;1&quot;,&quot;starsonly&quot;:&quot;&quot;,&quot;best&quot;:&quot;5&quot;,&quot;gap&quot;:&quot;5&quot;,&quot;greet&quot;:&quot;Valora este art\u00edculo&quot;,&quot;legend&quot;:&quot;1\\\/5 - (1 voto)&quot;,&quot;size&quot;:&quot;24&quot;,&quot;title&quot;:&quot;Hongos en la piel: las 5 mejores cremas&quot;,&quot;width&quot;:&quot;26.5&quot;,&quot;_legend&quot;:&quot;{score}\\\/{best} - ({count} {votes})&quot;,&quot;font_factor&quot;:&quot;1.25&quot;}'>\n            \n<div class=\"kksr-stars\">\n    \n<div class=\"kksr-stars-inactive\">\n            <div class=\"kksr-star\" data-star=\"1\" style=\"padding-right: 5px\">\n            \n\n<div class=\"kksr-icon\" style=\"width: 24px; height: 24px;\"><\/div>\n        <\/div>\n            <div class=\"kksr-star\" data-star=\"2\" style=\"padding-right: 5px\">\n            \n\n<div class=\"kksr-icon\" style=\"width: 24px; height: 24px;\"><\/div>\n        <\/div>\n            <div class=\"kksr-star\" data-star=\"3\" style=\"padding-right: 5px\">\n            \n\n<div class=\"kksr-icon\" style=\"width: 24px; height: 24px;\"><\/div>\n        <\/div>\n            <div class=\"kksr-star\" data-star=\"4\" style=\"padding-right: 5px\">\n            \n\n<div class=\"kksr-icon\" style=\"width: 24px; height: 24px;\"><\/div>\n        <\/div>\n            <div class=\"kksr-star\" data-star=\"5\" style=\"padding-right: 5px\">\n            \n\n<div class=\"kksr-icon\" style=\"width: 24px; height: 24px;\"><\/div>\n        <\/div>\n    <\/div>\n    \n<div class=\"kksr-stars-active\" style=\"width: 26.5px;\">\n            <div class=\"kksr-star\" style=\"padding-right: 5px\">\n            \n\n<div class=\"kksr-icon\" style=\"width: 24px; height: 24px;\"><\/div>\n        <\/div>\n            <div class=\"kksr-star\" style=\"padding-right: 5px\">\n            \n\n<div class=\"kksr-icon\" style=\"width: 24px; height: 24px;\"><\/div>\n        <\/div>\n            <div class=\"kksr-star\" style=\"padding-right: 5px\">\n            \n\n<div class=\"kksr-icon\" style=\"width: 24px; height: 24px;\"><\/div>\n        <\/div>\n            <div class=\"kksr-star\" style=\"padding-right: 5px\">\n            \n\n<div class=\"kksr-icon\" style=\"width: 24px; height: 24px;\"><\/div>\n        <\/div>\n            <div class=\"kksr-star\" style=\"padding-right: 5px\">\n            \n\n<div class=\"kksr-icon\" style=\"width: 24px; height: 24px;\"><\/div>\n        <\/div>\n    <\/div>\n<\/div>\n                \n\n<div class=\"kksr-legend\" style=\"font-size: 19.2px;\">\n            1\/5 - (1 voto)    <\/div>\n    <\/div>\n","protected":false},"excerpt":{"rendered":"<p>Si est\u00e1s buscando cremas para los hongos en la piel, te vamos a dar cinco opciones de nuestra tienda. No todas ellas son cremas.\u00a0 Sin embargo, hay algunas soluciones naturales como el \u00e1rbol del t\u00e9, que puedes diluir en aceite de almendras o coco y aplicar en el cuerpo. De hecho, el \u00e1rbol del t\u00e9 [&hellip;]<\/p>\n","protected":false},"author":30,"featured_media":141390,"comment_status":"closed","ping_status":"closed","sticky":false,"template":"","format":"standard","meta":{"jnews-multi-image_gallery":[],"jnews_single_post":{"format":"standard"},"jnews_primary_category":[],"jnews_social_meta":[],"jnews_override_counter":[],"footnotes":""},"categories":[151],"tags":[],"class_list":["post-141389","post","type-post","status-publish","format-standard","has-post-thumbnail","hentry","category-corporales"],"_links":{"self":[{"href":"https:\/\/www.primor.eu\/blog\/wp-json\/wp\/v2\/posts\/141389","targetHints":{"allow":["GET"]}}],"collection":[{"href":"https:\/\/www.primor.eu\/blog\/wp-json\/wp\/v2\/posts"}],"about":[{"href":"https:\/\/www.primor.eu\/blog\/wp-json\/wp\/v2\/types\/post"}],"author":[{"embeddable":true,"href":"https:\/\/www.primor.eu\/blog\/wp-json\/wp\/v2\/users\/30"}],"replies":[{"embeddable":true,"href":"https:\/\/www.primor.eu\/blog\/wp-json\/wp\/v2\/comments?post=141389"}],"version-history":[{"count":2,"href":"https:\/\/www.primor.eu\/blog\/wp-json\/wp\/v2\/posts\/141389\/revisions"}],"predecessor-version":[{"id":141398,"href":"https:\/\/www.primor.eu\/blog\/wp-json\/wp\/v2\/posts\/141389\/revisions\/141398"}],"wp:featuredmedia":[{"embeddable":true,"href":"https:\/\/www.primor.eu\/blog\/wp-json\/wp\/v2\/media\/141390"}],"wp:attachment":[{"href":"https:\/\/www.primor.eu\/blog\/wp-json\/wp\/v2\/media?parent=141389"}],"wp:term":[{"taxonomy":"category","embeddable":true,"href":"https:\/\/www.primor.eu\/blog\/wp-json\/wp\/v2\/categories?post=141389"},{"taxonomy":"post_tag","embeddable":true,"href":"https:\/\/www.primor.eu\/blog\/wp-json\/wp\/v2\/tags?post=141389"}],"curies":[{"name":"wp","href":"https:\/\/api.w.org\/{rel}","templated":true}]}}