{"id":141267,"date":"2026-04-25T18:00:00","date_gmt":"2026-04-25T18:00:00","guid":{"rendered":"https:\/\/www.primor.eu\/blog\/?p=141267"},"modified":"2026-04-15T07:51:04","modified_gmt":"2026-04-15T07:51:04","slug":"unas-permanentes","status":"publish","type":"post","link":"https:\/\/www.primor.eu\/blog\/unas-permanentes\/","title":{"rendered":"Gu\u00eda completa sobre las u\u00f1as permanentes: todo lo que debes saber"},"content":{"rendered":"\n<p>No s\u00e9 si est\u00e1s leyendo este art\u00edculo porque llevas <a href=\"https:\/\/www.primor.eu\/blog\/manicura-permanente-en-casa-con-gel-iq-paso-a-paso\/\" data-type=\"link\" data-id=\"https:\/\/www.primor.eu\/blog\/manicura-permanente-en-casa-con-gel-iq-paso-a-paso\/\"><strong>u\u00f1as permanentes<\/strong> <\/a>y quieres saber m\u00e1s sobre este estilo de manicura o porque te est\u00e1s planteando comenzar a llevarlas. El caso es que, sea como sea, hay puntos que es importante que sepas y entiendas sobre ellas y c\u00f3mo afectan a tus u\u00f1as.<\/p>\n\n\n\n<p>Y es que las <strong>u\u00f1as permanentes<\/strong>, aunque han sido un boom porque los esmaltes convencionales duran mucho menos, pueden tener implicaciones para tus <a href=\"https:\/\/www.primor.eu\/es_es\/esmaltes-de-unas-lujo\" data-type=\"link\" data-id=\"https:\/\/www.primor.eu\/es_es\/esmaltes-de-unas-lujo\">u\u00f1as <\/a>y su salud de las que no est\u00e1s enterada.\u00a0<\/p>\n\n\n\n<h2 class=\"wp-block-heading\">Tipos de u\u00f1as permanentes<\/h2>\n\n\n\n<p>Antes de nada, vamos a ver cu\u00e1les son los tipos de u\u00f1as permanentes que existen, para que puedas identificar si tu <strong><a href=\"https:\/\/www.primor.eu\/es_es\/cuidado-de-unas-lujo\" data-type=\"link\" data-id=\"https:\/\/www.primor.eu\/es_es\/cuidado-de-unas-lujo\">manicura<\/a><\/strong> entra dentro de esta definici\u00f3n. Tambi\u00e9n para que veas las diferentes opciones que hay y c\u00f3mo son.<\/p>\n\n\n\n<ul class=\"wp-block-list\">\n<li><strong>U\u00f1as semipermanentes<\/strong>: es un esmalte que se pone sobre la u\u00f1a natural y es ideal para quienes buscan un acabado natural con mayor duraci\u00f3n.<\/li>\n\n\n\n<li><strong>U\u00f1as de gel<\/strong>: son de las m\u00e1s comunes y lo que pretenden es alargar la u\u00f1a y aportar un acabado m\u00e1s permanente en cuanto a color.<\/li>\n\n\n\n<li><strong>U\u00f1as acr\u00edlicas<\/strong>: sin duda son las m\u00e1s duraderas y resistentes. Por ello son perfectas para dise\u00f1os m\u00e1s elaborados o si quieres llevar las u\u00f1as largas y postizas.\u00a0<\/li>\n<\/ul>\n\n\n\n<h2 class=\"wp-block-heading\">U\u00f1as permanentes: ventajas<\/h2>\n\n\n\n<p>Ahora vamos a ver cu\u00e1les son las ventajas de elegir u\u00f1as permanentes. Estos son los beneficios que aportan:<\/p>\n\n\n\n<ul class=\"wp-block-list\">\n<li><strong>Resistencia<\/strong>: ya que no suelen astillarse o romperse.<\/li>\n\n\n\n<li><strong>Variedad<\/strong>: porque permiten elegir una gran creatividad en colores y estilos.<\/li>\n\n\n\n<li><strong>Duraci\u00f3n<\/strong>: porque a diferencia de la manicura normal, duran semanas.<\/li>\n\n\n\n<li><strong>Brillo<\/strong>: el brillo en este caso no pierde intensidad con el paso del tiempo.<\/li>\n<\/ul>\n\n\n\n<h2 class=\"wp-block-heading\">\u00bfC\u00f3mo cuidar las u\u00f1as permanentes?<\/h2>\n\n\n\n<p>Y ahora viene la parte m\u00e1s importante. Porque si llevas u\u00f1as permanentes y lo haces siempre, debes saber las implicaciones que tienen. Tambi\u00e9n si te est\u00e1s planteando pon\u00e9rtelas por primera vez. Para cuidarlas sigue estos consejos:<\/p>\n\n\n\n<ol class=\"wp-block-list\">\n<li><strong>Hidrata tus cut\u00edculas<\/strong> con aceites espec\u00edficos que puedes encontrar en el mercado.<\/li>\n\n\n\n<li><strong>Descansa entre manicuras<\/strong> y cuida tus u\u00f1as con s\u00e9rums hidratantes y fortalecedores.<\/li>\n\n\n\n<li><strong>Utiliza guantes<\/strong> para proteger tus manos de productos qu\u00edmicos y hacer que duren m\u00e1s en buen estado tus u\u00f1as permanentes.<\/li>\n\n\n\n<li><strong>No te las quites t\u00fa misma<\/strong> para evitar da\u00f1ar la u\u00f1a natural.<\/li>\n<\/ol>\n\n\n\n<h2 class=\"wp-block-heading\">Los mejores productos para tus u\u00f1as y cut\u00edculas<\/h2>\n\n\n\n<h3 class=\"wp-block-heading\">Nature Strong S\u00e9rum para U\u00f1as y Cut\u00edculas de Opi<\/h3>\n\n\n\n<p>Contiene glicerina y utiliza la tecnolog\u00eda Mood Bloom Scent Technology\u2122 desarrollada por OPI. Gracias a su textura en gel, el OPI Nature Strong S\u00e9rum para U\u00f1as y Cut\u00edculas se absorbe con rapidez y puede aplicarse tanto en manos como en pies. Es de origen vegetal, no incluye ingredientes ni derivados animales.<\/p>\n\n\n\n<p>Est\u00e1 dise\u00f1ado para usarse en cualquier momento, ayudando a mantener la piel alrededor de las u\u00f1as en condiciones \u00f3ptimas. Contiene un 91.6% de ingredientes de origen natural y contribuye a prevenir la sequedad de la zona tratada.<\/p>\n\n\n    <a class='product' target='_blank' href='https:\/\/www.primor.eu\/es_es\/opi-nature-strong-serum-para-unas-y-cuticulas-129617.html'>\r\n        <img loading='async' src='https:\/\/cdn2.primor.eu\/media\/catalog\/product\/cache\/8d3aba296f7a18b5251ee30fa5db42b2\/4\/0\/4064665233544_1_2296.jpg' alt='COMPRAR AHORA'>\r\n            <div class=\"claim\">\r\n                COMPRAR AHORA            <\/div>\r\n        <\/a>\r\n    \n\n\n<h3 class=\"wp-block-heading\">Huile Abricot S\u00e9rum para u\u00f1as y cut\u00edculas de Dior<\/h3>\n\n\n\n<p>Para cuidar las u\u00f1as y las cut\u00edculas, Dior ha creado Huile Abricot, un aceite hidratante enriquecido con aceite de hueso de albaricoque.<\/p>\n\n\n\n<p>Su textura sedosa y confortable no deja efecto graso, es apta para diversos tipos de u\u00f1as y puede utilizarse a diario. Las u\u00f1as se fortalecen, el riesgo de que se rompan o se agrieten se reduce. Las cut\u00edculas se suavizan.<\/p>\n\n\n    <a class='product' target='_blank' href='https:\/\/www.primor.eu\/es_es\/dior-huile-abricot-serum-para-unas-y-cuticulas-84919.html'>\r\n        <img loading='async' src='https:\/\/cdn2.primor.eu\/media\/catalog\/product\/cache\/8d3aba296f7a18b5251ee30fa5db42b2\/3\/3\/3348901672184_1641.jpg' alt='COMPRAR AHORA'>\r\n            <div class=\"claim\">\r\n                COMPRAR AHORA            <\/div>\r\n        <\/a>\r\n    \n\n<div class=\"kk-star-ratings kksr-auto kksr-align-center kksr-valign-bottom\"\n    data-payload='{&quot;align&quot;:&quot;center&quot;,&quot;id&quot;:&quot;141267&quot;,&quot;slug&quot;:&quot;default&quot;,&quot;valign&quot;:&quot;bottom&quot;,&quot;ignore&quot;:&quot;&quot;,&quot;reference&quot;:&quot;auto&quot;,&quot;class&quot;:&quot;&quot;,&quot;count&quot;:&quot;0&quot;,&quot;legendonly&quot;:&quot;&quot;,&quot;readonly&quot;:&quot;&quot;,&quot;score&quot;:&quot;0&quot;,&quot;starsonly&quot;:&quot;&quot;,&quot;best&quot;:&quot;5&quot;,&quot;gap&quot;:&quot;5&quot;,&quot;greet&quot;:&quot;Valora este art\u00edculo&quot;,&quot;legend&quot;:&quot;0\\\/5 - (0 votos)&quot;,&quot;size&quot;:&quot;24&quot;,&quot;title&quot;:&quot;Gu\u00eda completa sobre las u\u00f1as permanentes: todo lo que debes saber&quot;,&quot;width&quot;:&quot;0&quot;,&quot;_legend&quot;:&quot;{score}\\\/{best} - ({count} {votes})&quot;,&quot;font_factor&quot;:&quot;1.25&quot;}'>\n            \n<div class=\"kksr-stars\">\n    \n<div class=\"kksr-stars-inactive\">\n            <div class=\"kksr-star\" data-star=\"1\" style=\"padding-right: 5px\">\n            \n\n<div class=\"kksr-icon\" style=\"width: 24px; height: 24px;\"><\/div>\n        <\/div>\n            <div class=\"kksr-star\" data-star=\"2\" style=\"padding-right: 5px\">\n            \n\n<div class=\"kksr-icon\" style=\"width: 24px; height: 24px;\"><\/div>\n        <\/div>\n            <div class=\"kksr-star\" data-star=\"3\" style=\"padding-right: 5px\">\n            \n\n<div class=\"kksr-icon\" style=\"width: 24px; height: 24px;\"><\/div>\n        <\/div>\n            <div class=\"kksr-star\" data-star=\"4\" style=\"padding-right: 5px\">\n            \n\n<div class=\"kksr-icon\" style=\"width: 24px; height: 24px;\"><\/div>\n        <\/div>\n            <div class=\"kksr-star\" data-star=\"5\" style=\"padding-right: 5px\">\n            \n\n<div class=\"kksr-icon\" style=\"width: 24px; height: 24px;\"><\/div>\n        <\/div>\n    <\/div>\n    \n<div class=\"kksr-stars-active\" style=\"width: 0px;\">\n            <div class=\"kksr-star\" style=\"padding-right: 5px\">\n            \n\n<div class=\"kksr-icon\" style=\"width: 24px; height: 24px;\"><\/div>\n        <\/div>\n            <div class=\"kksr-star\" style=\"padding-right: 5px\">\n            \n\n<div class=\"kksr-icon\" style=\"width: 24px; height: 24px;\"><\/div>\n        <\/div>\n            <div class=\"kksr-star\" style=\"padding-right: 5px\">\n            \n\n<div class=\"kksr-icon\" style=\"width: 24px; height: 24px;\"><\/div>\n        <\/div>\n            <div class=\"kksr-star\" style=\"padding-right: 5px\">\n            \n\n<div class=\"kksr-icon\" style=\"width: 24px; height: 24px;\"><\/div>\n        <\/div>\n            <div class=\"kksr-star\" style=\"padding-right: 5px\">\n            \n\n<div class=\"kksr-icon\" style=\"width: 24px; height: 24px;\"><\/div>\n        <\/div>\n    <\/div>\n<\/div>\n                \n\n<div class=\"kksr-legend\" style=\"font-size: 19.2px;\">\n            <span class=\"kksr-muted\">Valora este art\u00edculo<\/span>\n    <\/div>\n    <\/div>\n","protected":false},"excerpt":{"rendered":"<p>No s\u00e9 si est\u00e1s leyendo este art\u00edculo porque llevas u\u00f1as permanentes y quieres saber m\u00e1s sobre este estilo de manicura o porque te est\u00e1s planteando comenzar a llevarlas. El caso es que, sea como sea, hay puntos que es importante que sepas y entiendas sobre ellas y c\u00f3mo afectan a tus u\u00f1as. Y es que [&hellip;]<\/p>\n","protected":false},"author":30,"featured_media":141272,"comment_status":"closed","ping_status":"closed","sticky":false,"template":"","format":"standard","meta":{"jnews-multi-image_gallery":[],"jnews_single_post":{"format":"standard"},"jnews_primary_category":[],"jnews_social_meta":[],"jnews_override_counter":[],"footnotes":""},"categories":[1831],"tags":[],"class_list":["post-141267","post","type-post","status-publish","format-standard","has-post-thumbnail","hentry","category-manicuras"],"_links":{"self":[{"href":"https:\/\/www.primor.eu\/blog\/wp-json\/wp\/v2\/posts\/141267","targetHints":{"allow":["GET"]}}],"collection":[{"href":"https:\/\/www.primor.eu\/blog\/wp-json\/wp\/v2\/posts"}],"about":[{"href":"https:\/\/www.primor.eu\/blog\/wp-json\/wp\/v2\/types\/post"}],"author":[{"embeddable":true,"href":"https:\/\/www.primor.eu\/blog\/wp-json\/wp\/v2\/users\/30"}],"replies":[{"embeddable":true,"href":"https:\/\/www.primor.eu\/blog\/wp-json\/wp\/v2\/comments?post=141267"}],"version-history":[{"count":2,"href":"https:\/\/www.primor.eu\/blog\/wp-json\/wp\/v2\/posts\/141267\/revisions"}],"predecessor-version":[{"id":141277,"href":"https:\/\/www.primor.eu\/blog\/wp-json\/wp\/v2\/posts\/141267\/revisions\/141277"}],"wp:featuredmedia":[{"embeddable":true,"href":"https:\/\/www.primor.eu\/blog\/wp-json\/wp\/v2\/media\/141272"}],"wp:attachment":[{"href":"https:\/\/www.primor.eu\/blog\/wp-json\/wp\/v2\/media?parent=141267"}],"wp:term":[{"taxonomy":"category","embeddable":true,"href":"https:\/\/www.primor.eu\/blog\/wp-json\/wp\/v2\/categories?post=141267"},{"taxonomy":"post_tag","embeddable":true,"href":"https:\/\/www.primor.eu\/blog\/wp-json\/wp\/v2\/tags?post=141267"}],"curies":[{"name":"wp","href":"https:\/\/api.w.org\/{rel}","templated":true}]}}