{"id":141224,"date":"2026-04-25T12:00:00","date_gmt":"2026-04-25T12:00:00","guid":{"rendered":"https:\/\/www.primor.eu\/blog\/?p=141224"},"modified":"2026-04-14T09:44:48","modified_gmt":"2026-04-14T09:44:48","slug":"tratar-granos-oreja","status":"publish","type":"post","link":"https:\/\/www.primor.eu\/blog\/tratar-granos-oreja\/","title":{"rendered":"Por qu\u00e9 aparecen granos en la oreja y c\u00f3mo tratarlos"},"content":{"rendered":"\n<p>Tener <a href=\"https:\/\/www.primor.eu\/blog\/eliminar-espinillas-puntos-negros-oreja\/\" data-type=\"link\" data-id=\"https:\/\/www.primor.eu\/blog\/eliminar-espinillas-puntos-negros-oreja\/\"><strong>granos en la oreja<\/strong> <\/a>es algo muy inc\u00f3modo. Y es que en muchos casos, no solamente es cuesti\u00f3n de est\u00e9tica, sino que llegan incluso a ser dolorosos o molestar. La buena noticia es que en este art\u00edculo vamos a ver por qu\u00e9 salen <a href=\"https:\/\/www.primor.eu\/es_es\/?query=granos&amp;scroll=6xs09933\" data-type=\"link\" data-id=\"https:\/\/www.primor.eu\/es_es\/?query=granos&amp;scroll=6xs09933\">granos<\/a> en la oreja y c\u00f3mo tratarlos.<\/p>\n\n\n\n<p>Vamos a ver primero las <strong>causas de este problema<\/strong>, porque lo m\u00e1s importante siempre es conocer la ra\u00edz de lo que ocurre, para poder erradicarlo de verdad. Despu\u00e9s, iremos a las soluciones directas para esa zona.<\/p>\n\n\n\n<h2 class=\"wp-block-heading\">\u00bfPor qu\u00e9 salen granos en la oreja?<\/h2>\n\n\n\n<p>Antes de nada vamos a ver, como hemos dicho, por qu\u00e9 salen granos en la oreja. Estos son los principales motivos:<\/p>\n\n\n\n<ul class=\"wp-block-list\">\n<li><strong>Exceso de grasa: <\/strong>ya que las gl\u00e1ndulas<strong> <\/strong>seb\u00e1ceas pueden obstruirse y es lo que genera los granos.<\/li>\n\n\n\n<li><strong>Suciedad o bacterias: <\/strong>por ejemplo, por el uso de<strong> <\/strong>cascos, dispositivos o el simple contacto de las manos sucias con la zona.<\/li>\n\n\n\n<li><strong>Foliculitis: <\/strong>o dicho de otro modo, inflamaci\u00f3n de un fol\u00edculo piloso dentro o cerca del o\u00eddo.<\/li>\n\n\n\n<li><strong>Cambios hormonales: <\/strong>sobre todo en la etapa adolescente o en algunas fases del ciclo de la mujer.<\/li>\n\n\n\n<li><strong>Mala alimentaci\u00f3n: <\/strong>ya que una alimentaci\u00f3n que sea demasiado rica en grasas saturadas de las que no son saludables o en alimentos como la lactosa, puede ser muy perjudicial.<\/li>\n\n\n\n<li><strong>Estr\u00e9s: <\/strong>el estr\u00e9s hace que se den s\u00edntomas f\u00edsicos como estos, aunque en algunos casos no se sepa que la \u00fanica causa es som\u00e1tica y emocional.<\/li>\n<\/ul>\n\n\n\n<h2 class=\"wp-block-heading\">C\u00f3mo tratar los granos en la oreja<\/h2>\n\n\n\n<p>Para tratar los granos en la oreja es importante tener en cuenta que hay tratamientos espec\u00edficos, pero tambi\u00e9n algunas medidas preventivas para que el problema no vaya a m\u00e1s.&nbsp;<\/p>\n\n\n\n<p>Vamos a ver primero las medidas preventivas y, despu\u00e9s, te recomendaremos dos productos de nuestra tienda espec\u00edficos para tratar granos locales como estos. Esto es lo que debes tener en cuenta para que el problema no vaya a m\u00e1s y para comenzar a atenuarlo:&nbsp;<\/p>\n\n\n\n<ul class=\"wp-block-list\">\n<li><strong>No los aprietes<\/strong> para evitar causar infecci\u00f3n\u00a0<\/li>\n\n\n\n<li><strong>Limpia la zona <\/strong>con agua tibia y jab\u00f3n neutro para que se purifique y no se infecte<\/li>\n\n\n\n<li><strong>Evita tocarte la oreja\u00a0<\/strong><\/li>\n<\/ul>\n\n\n\n<h2 class=\"wp-block-heading\">Dos productos perfectos para eliminar granos en la oreja<\/h2>\n\n\n\n<h3 class=\"wp-block-heading\">Pimple Patches Parches Transparentes Anti-Imperfecciones de Biov\u00e8ne<\/h3>\n\n\n\n<p>Ofrecen una soluci\u00f3n pr\u00e1ctica y eficaz para cubrir, proteger y tratar espinillas superficiales de forma discreta y r\u00e1pida. Dise\u00f1ados con tecnolog\u00eda de hidrocoloide e infundidos con \u00c1cido Salic\u00edlico, estos parches act\u00faan directamente sobre el brote, ayudando a reducir su tama\u00f1o, enrojecimiento y visibilidad.<\/p>\n\n\n    <a class='product' target='_blank' href='https:\/\/www.primor.eu\/es_es\/biovene-pimple-patches-parches-transparentes-anti-imperfecciones-125065.html'>\r\n        <img loading='async' src='https:\/\/cdn2.primor.eu\/media\/catalog\/product\/cache\/8d3aba296f7a18b5251ee30fa5db42b2\/8\/4\/8436575098142_4_BLEMISH_PATCHES_BV_AWAY_1_4ef7.jpg' alt='COMPRAR AHORA'>\r\n            <div class=\"claim\">\r\n                COMPRAR AHORA            <\/div>\r\n        <\/a>\r\n    \n\n\n<h3 class=\"wp-block-heading\">Parches Sos Granos de Iroha Nature<\/h3>\n\n\n\n<p>Acaba con los granos de una forma r\u00e1pida y efectiva con estos parches hidrocoloides. Ayudan a absorber el sebo&nbsp; para promover una r\u00e1pida recuperaci\u00f3n, reduciendo as\u00ed la inflamaci\u00f3n de la zona. La tecnolog\u00eda hidrocoloide crea un entorno que ofrece las condiciones \u00f3ptimas para la curaci\u00f3n de los granos. Compuestos por una mezcla \u00fanica de ingredientes como el \u00e1cido salic\u00edlico, el \u00e1rbol de t\u00e9 y la centella asi\u00e1tica, los activos id\u00f3neos para combatir las imperfecciones. Despu\u00e9s de 8 horas el grano habr\u00e1 reducido significativamente. Resulta ideal para pieles normal-mixta y grasa. Se recomienda utilizar 1 parche al d\u00eda.&nbsp;<\/p>\n\n\n\n<p>Contiene 18 unidades<\/p>\n\n\n    <a class='product' target='_blank' href='https:\/\/www.primor.eu\/es_es\/iroha-nature-parches-sos-granos-60633.html'>\r\n        <img loading='async' src='https:\/\/cdn2.primor.eu\/media\/catalog\/product\/cache\/8d3aba296f7a18b5251ee30fa5db42b2\/8\/4\/8436036436421_01_2d0c.jpg' alt='COMPRAR AHORA'>\r\n            <div class=\"claim\">\r\n                COMPRAR AHORA            <\/div>\r\n        <\/a>\r\n    \n\n<div class=\"kk-star-ratings kksr-auto kksr-align-center kksr-valign-bottom\"\n    data-payload='{&quot;align&quot;:&quot;center&quot;,&quot;id&quot;:&quot;141224&quot;,&quot;slug&quot;:&quot;default&quot;,&quot;valign&quot;:&quot;bottom&quot;,&quot;ignore&quot;:&quot;&quot;,&quot;reference&quot;:&quot;auto&quot;,&quot;class&quot;:&quot;&quot;,&quot;count&quot;:&quot;0&quot;,&quot;legendonly&quot;:&quot;&quot;,&quot;readonly&quot;:&quot;&quot;,&quot;score&quot;:&quot;0&quot;,&quot;starsonly&quot;:&quot;&quot;,&quot;best&quot;:&quot;5&quot;,&quot;gap&quot;:&quot;5&quot;,&quot;greet&quot;:&quot;Valora este art\u00edculo&quot;,&quot;legend&quot;:&quot;0\\\/5 - (0 votos)&quot;,&quot;size&quot;:&quot;24&quot;,&quot;title&quot;:&quot;Por qu\u00e9 aparecen granos en la oreja y c\u00f3mo tratarlos&quot;,&quot;width&quot;:&quot;0&quot;,&quot;_legend&quot;:&quot;{score}\\\/{best} - ({count} {votes})&quot;,&quot;font_factor&quot;:&quot;1.25&quot;}'>\n            \n<div class=\"kksr-stars\">\n    \n<div class=\"kksr-stars-inactive\">\n            <div class=\"kksr-star\" data-star=\"1\" style=\"padding-right: 5px\">\n            \n\n<div class=\"kksr-icon\" style=\"width: 24px; height: 24px;\"><\/div>\n        <\/div>\n            <div class=\"kksr-star\" data-star=\"2\" style=\"padding-right: 5px\">\n            \n\n<div class=\"kksr-icon\" style=\"width: 24px; height: 24px;\"><\/div>\n        <\/div>\n            <div class=\"kksr-star\" data-star=\"3\" style=\"padding-right: 5px\">\n            \n\n<div class=\"kksr-icon\" style=\"width: 24px; height: 24px;\"><\/div>\n        <\/div>\n            <div class=\"kksr-star\" data-star=\"4\" style=\"padding-right: 5px\">\n            \n\n<div class=\"kksr-icon\" style=\"width: 24px; height: 24px;\"><\/div>\n        <\/div>\n            <div class=\"kksr-star\" data-star=\"5\" style=\"padding-right: 5px\">\n            \n\n<div class=\"kksr-icon\" style=\"width: 24px; height: 24px;\"><\/div>\n        <\/div>\n    <\/div>\n    \n<div class=\"kksr-stars-active\" style=\"width: 0px;\">\n            <div class=\"kksr-star\" style=\"padding-right: 5px\">\n            \n\n<div class=\"kksr-icon\" style=\"width: 24px; height: 24px;\"><\/div>\n        <\/div>\n            <div class=\"kksr-star\" style=\"padding-right: 5px\">\n            \n\n<div class=\"kksr-icon\" style=\"width: 24px; height: 24px;\"><\/div>\n        <\/div>\n            <div class=\"kksr-star\" style=\"padding-right: 5px\">\n            \n\n<div class=\"kksr-icon\" style=\"width: 24px; height: 24px;\"><\/div>\n        <\/div>\n            <div class=\"kksr-star\" style=\"padding-right: 5px\">\n            \n\n<div class=\"kksr-icon\" style=\"width: 24px; height: 24px;\"><\/div>\n        <\/div>\n            <div class=\"kksr-star\" style=\"padding-right: 5px\">\n            \n\n<div class=\"kksr-icon\" style=\"width: 24px; height: 24px;\"><\/div>\n        <\/div>\n    <\/div>\n<\/div>\n                \n\n<div class=\"kksr-legend\" style=\"font-size: 19.2px;\">\n            <span class=\"kksr-muted\">Valora este art\u00edculo<\/span>\n    <\/div>\n    <\/div>\n","protected":false},"excerpt":{"rendered":"<p>Tener granos en la oreja es algo muy inc\u00f3modo. Y es que en muchos casos, no solamente es cuesti\u00f3n de est\u00e9tica, sino que llegan incluso a ser dolorosos o molestar. La buena noticia es que en este art\u00edculo vamos a ver por qu\u00e9 salen granos en la oreja y c\u00f3mo tratarlos. Vamos a ver primero [&hellip;]<\/p>\n","protected":false},"author":30,"featured_media":141225,"comment_status":"closed","ping_status":"closed","sticky":false,"template":"","format":"standard","meta":{"jnews-multi-image_gallery":[],"jnews_single_post":{"format":"standard"},"jnews_primary_category":[],"jnews_social_meta":[],"jnews_override_counter":[],"footnotes":""},"categories":[6312],"tags":[],"class_list":["post-141224","post","type-post","status-publish","format-standard","has-post-thumbnail","hentry","category-acne"],"_links":{"self":[{"href":"https:\/\/www.primor.eu\/blog\/wp-json\/wp\/v2\/posts\/141224","targetHints":{"allow":["GET"]}}],"collection":[{"href":"https:\/\/www.primor.eu\/blog\/wp-json\/wp\/v2\/posts"}],"about":[{"href":"https:\/\/www.primor.eu\/blog\/wp-json\/wp\/v2\/types\/post"}],"author":[{"embeddable":true,"href":"https:\/\/www.primor.eu\/blog\/wp-json\/wp\/v2\/users\/30"}],"replies":[{"embeddable":true,"href":"https:\/\/www.primor.eu\/blog\/wp-json\/wp\/v2\/comments?post=141224"}],"version-history":[{"count":2,"href":"https:\/\/www.primor.eu\/blog\/wp-json\/wp\/v2\/posts\/141224\/revisions"}],"predecessor-version":[{"id":141229,"href":"https:\/\/www.primor.eu\/blog\/wp-json\/wp\/v2\/posts\/141224\/revisions\/141229"}],"wp:featuredmedia":[{"embeddable":true,"href":"https:\/\/www.primor.eu\/blog\/wp-json\/wp\/v2\/media\/141225"}],"wp:attachment":[{"href":"https:\/\/www.primor.eu\/blog\/wp-json\/wp\/v2\/media?parent=141224"}],"wp:term":[{"taxonomy":"category","embeddable":true,"href":"https:\/\/www.primor.eu\/blog\/wp-json\/wp\/v2\/categories?post=141224"},{"taxonomy":"post_tag","embeddable":true,"href":"https:\/\/www.primor.eu\/blog\/wp-json\/wp\/v2\/tags?post=141224"}],"curies":[{"name":"wp","href":"https:\/\/api.w.org\/{rel}","templated":true}]}}