{"id":140511,"date":"2026-03-29T15:00:00","date_gmt":"2026-03-29T15:00:00","guid":{"rendered":"https:\/\/www.primor.eu\/blog\/?p=140511"},"modified":"2026-03-23T07:24:55","modified_gmt":"2026-03-23T07:24:55","slug":"mejores-colores-pelo-rejuvenecer","status":"publish","type":"post","link":"https:\/\/www.primor.eu\/blog\/mejores-colores-pelo-rejuvenecer\/","title":{"rendered":"Los 5 mejores colores de pelo que te quitar\u00e1n a\u00f1os de encima"},"content":{"rendered":"\n<p>Si est\u00e1s buscando <strong><a href=\"https:\/\/www.primor.eu\/blog\/mejores-tintes-temporales\" data-type=\"link\" data-id=\"https:\/\/www.primor.eu\/blog\/mejores-tintes-temporales\">colores de pelo <\/a>para rejuvenecer,<\/strong> te damos algunos que no te fallar\u00e1n, por el efecto que tendr\u00e1n en tus facciones y tu aspecto en general. Vamos a darte los que hemos seleccionado y despu\u00e9s te daremos los <a href=\"https:\/\/www.primor.eu\/es_es\/tintes-permanentes\" data-type=\"link\" data-id=\"https:\/\/www.primor.eu\/es_es\/tintes-permanentes\">mejores de nuestra tienda<\/a>, para que puedas salir con tinte al leer este art\u00edculo y plan de peluquer\u00eda en casa.\u00a0<\/p>\n\n\n\n<p>Recuerda que siempre, si eliges hacerlo en casa, puede ayudarte una amiga o alguien a quien se le d\u00e9 bien\u2026<\/p>\n\n\n\n<h2 class=\"wp-block-heading\">Los 5 mejores colores de pelo para rejuvenecer<\/h2>\n\n\n\n<h3 class=\"wp-block-heading\">Chocolate con mechas doradas<\/h3>\n\n\n\n<p>El marr\u00f3n chocolate es un tinte que sin duda es bello y se est\u00e1 poniendo muy de moda. Pero, si quieres que te haga parecer m\u00e1s joven, a\u00f1ade unas mechas o unos reflejos dorados.<\/p>\n\n\n\n<h3 class=\"wp-block-heading\">Casta\u00f1o Cobrizo&nbsp;<\/h3>\n\n\n\n<p>Otro tono que te har\u00e1 rejuvenecer es el casta\u00f1o cobrizo. Y es que este tono en el cabello, aporta calidez y vitalidad al rostro. Un cobrizo sutil ya ilumina mucho, no hace falta que apuestes por colores extremos. Es perfecto si quieres que te marque las facciones.<\/p>\n\n\n\n<h3 class=\"wp-block-heading\">Rubio oscuro dorado<\/h3>\n\n\n\n<p>Este tono es genial, porque es m\u00e1s natural que el rubio platino, pero tambi\u00e9n suaviza las facciones y aporta frescura y jovialidad a los rasgos. Es perfecto si lo que quieres conseguir es un look elegante pero juvenil.<\/p>\n\n\n\n<h3 class=\"wp-block-heading\">Rubio miel&nbsp;<\/h3>\n\n\n\n<p>Este tono es sin duda irresistible para muchas. Lo es porque adem\u00e1s de ser precioso y muy favorecedor, aporta luz al rostro sin endurecer los rasgos. Adem\u00e1s es m\u00e1s natural que los rubios muy fr\u00edos y queda bien a personas con muchos tonos de piel.<\/p>\n\n\n\n<h3 class=\"wp-block-heading\">Casta\u00f1o claro con reflejos rubio oscuro<\/h3>\n\n\n\n<p>Sin duda, un casta\u00f1o claro con reflejos rubio oscuro, como las mechas balayage, conseguir\u00e1 darte dimensi\u00f3n y evitar\u00e1 el efecto plano que envejece. Es una de las mejores opciones si no quieres alejarte mucho de tu color natural.<\/p>\n\n\n\n<h2 class=\"wp-block-heading\">Los mejores colores de pelo para rejuvenecer de nuestra tienda<\/h2>\n\n\n\n<h3 class=\"wp-block-heading\">Good Coloraci\u00f3n Permanente Sin Amoniaco de Garnier<\/h3>\n\n\n\n<p>Es la elecci\u00f3n perfecta para te\u00f1ir tu cabello de manera efectiva y natural. Con un 90% de origen natural en su f\u00f3rmula, este tinte vegano ofrece una experiencia de coloraci\u00f3n f\u00e1cil y placentera.<\/p>\n\n\n\n<p>Un innovador tinte que permite que mezcles el colorante con la crema directamente en el estuche y apliques la mezcla con tus manos, como si fuera una mascarilla, mientras disfrutas de un agradable aroma natural. Adem\u00e1s, est\u00e1 libre de amoniaco y es cruelty-free, lo que significa que no se ha probado en animales. Proporciona una cobertura del 100% de las canas y un color natural y brillante que dura hasta 8 semanas.<\/p>\n\n\n\n<p>Conseguir\u00e1s un resultado natural con reflejos luminosos, adem\u00e1s de un cabello visiblemente saludable y revitalizado gracias a la nutritiva Manteca de Karit\u00e9.<\/p>\n\n\n    <a class='product' target='_blank' href='https:\/\/www.primor.eu\/es_es\/garnier-good-coloracion-permanente-sin-amoniaco-113100.html?#755=80075'>\r\n        <img loading='async' src='https:\/\/cdn2.primor.eu\/media\/catalog\/product\/cache\/8d3aba296f7a18b5251ee30fa5db42b2\/3\/6\/3600542518864_6670.jpg' alt='COMPRAR AHORA'>\r\n            <div class=\"claim\">\r\n                COMPRAR AHORA            <\/div>\r\n        <\/a>\r\n    \n\n\n<h3 class=\"wp-block-heading\">Excellence Creme Tintes Universal Nudes de L\u2019Or\u00e8al Par\u00eds<\/h3>\n\n\n\n<p>Ahora sin amon\u00edaco y con pro-Keratina. Este tinte ofrece una protecci\u00f3n completa para tu cabello antes, durante y despu\u00e9s de la coloraci\u00f3n, con un 100% de cobertura de canas.<\/p>\n\n\n\n<p>La f\u00f3rmula de cuidado avanzado cuida tu color, cuero cabelludo y pelo, proporcionando un color radiante y duradero. Adem\u00e1s, es compatible con todos los tonos de piel, seg\u00fan evaluaci\u00f3n realizada por inteligencia artificial en un amplio espectro de tonos de piel.<\/p>\n\n\n    <a class='product' target='_blank' href='https:\/\/www.primor.eu\/es_es\/l-oreal-paris-excellence-creme-tintes-universal-nudes-113098.html?#755=40385'>\r\n        <img loading='async' src='https:\/\/cdn2.primor.eu\/media\/catalog\/product\/cache\/8d3aba296f7a18b5251ee30fa5db42b2\/2\/C\/2CT02430_1_4c15.jpg' alt='COMPRAR AHORA'>\r\n            <div class=\"claim\">\r\n                COMPRAR AHORA            <\/div>\r\n        <\/a>\r\n    \n\n<div class=\"kk-star-ratings kksr-auto kksr-align-center kksr-valign-bottom\"\n    data-payload='{&quot;align&quot;:&quot;center&quot;,&quot;id&quot;:&quot;140511&quot;,&quot;slug&quot;:&quot;default&quot;,&quot;valign&quot;:&quot;bottom&quot;,&quot;ignore&quot;:&quot;&quot;,&quot;reference&quot;:&quot;auto&quot;,&quot;class&quot;:&quot;&quot;,&quot;count&quot;:&quot;4&quot;,&quot;legendonly&quot;:&quot;&quot;,&quot;readonly&quot;:&quot;&quot;,&quot;score&quot;:&quot;4&quot;,&quot;starsonly&quot;:&quot;&quot;,&quot;best&quot;:&quot;5&quot;,&quot;gap&quot;:&quot;5&quot;,&quot;greet&quot;:&quot;Valora este art\u00edculo&quot;,&quot;legend&quot;:&quot;4\\\/5 - (4 votos)&quot;,&quot;size&quot;:&quot;24&quot;,&quot;title&quot;:&quot;Los 5 mejores colores de pelo que te quitar\u00e1n a\u00f1os de encima&quot;,&quot;width&quot;:&quot;113.5&quot;,&quot;_legend&quot;:&quot;{score}\\\/{best} - ({count} {votes})&quot;,&quot;font_factor&quot;:&quot;1.25&quot;}'>\n            \n<div class=\"kksr-stars\">\n    \n<div class=\"kksr-stars-inactive\">\n            <div class=\"kksr-star\" data-star=\"1\" style=\"padding-right: 5px\">\n            \n\n<div class=\"kksr-icon\" style=\"width: 24px; height: 24px;\"><\/div>\n        <\/div>\n            <div class=\"kksr-star\" data-star=\"2\" style=\"padding-right: 5px\">\n            \n\n<div class=\"kksr-icon\" style=\"width: 24px; height: 24px;\"><\/div>\n        <\/div>\n            <div class=\"kksr-star\" data-star=\"3\" style=\"padding-right: 5px\">\n            \n\n<div class=\"kksr-icon\" style=\"width: 24px; height: 24px;\"><\/div>\n        <\/div>\n            <div class=\"kksr-star\" data-star=\"4\" style=\"padding-right: 5px\">\n            \n\n<div class=\"kksr-icon\" style=\"width: 24px; height: 24px;\"><\/div>\n        <\/div>\n            <div class=\"kksr-star\" data-star=\"5\" style=\"padding-right: 5px\">\n            \n\n<div class=\"kksr-icon\" style=\"width: 24px; height: 24px;\"><\/div>\n        <\/div>\n    <\/div>\n    \n<div class=\"kksr-stars-active\" style=\"width: 113.5px;\">\n            <div class=\"kksr-star\" style=\"padding-right: 5px\">\n            \n\n<div class=\"kksr-icon\" style=\"width: 24px; height: 24px;\"><\/div>\n        <\/div>\n            <div class=\"kksr-star\" style=\"padding-right: 5px\">\n            \n\n<div class=\"kksr-icon\" style=\"width: 24px; height: 24px;\"><\/div>\n        <\/div>\n            <div class=\"kksr-star\" style=\"padding-right: 5px\">\n            \n\n<div class=\"kksr-icon\" style=\"width: 24px; height: 24px;\"><\/div>\n        <\/div>\n            <div class=\"kksr-star\" style=\"padding-right: 5px\">\n            \n\n<div class=\"kksr-icon\" style=\"width: 24px; height: 24px;\"><\/div>\n        <\/div>\n            <div class=\"kksr-star\" style=\"padding-right: 5px\">\n            \n\n<div class=\"kksr-icon\" style=\"width: 24px; height: 24px;\"><\/div>\n        <\/div>\n    <\/div>\n<\/div>\n                \n\n<div class=\"kksr-legend\" style=\"font-size: 19.2px;\">\n            4\/5 - (4 votos)    <\/div>\n    <\/div>\n","protected":false},"excerpt":{"rendered":"<p>Si est\u00e1s buscando colores de pelo para rejuvenecer, te damos algunos que no te fallar\u00e1n, por el efecto que tendr\u00e1n en tus facciones y tu aspecto en general. Vamos a darte los que hemos seleccionado y despu\u00e9s te daremos los mejores de nuestra tienda, para que puedas salir con tinte al leer este art\u00edculo y [&hellip;]<\/p>\n","protected":false},"author":30,"featured_media":140512,"comment_status":"closed","ping_status":"closed","sticky":false,"template":"","format":"standard","meta":{"jnews-multi-image_gallery":[],"jnews_single_post":{"format":"standard"},"jnews_primary_category":[],"jnews_social_meta":[],"jnews_override_counter":[],"footnotes":""},"categories":[35],"tags":[],"class_list":["post-140511","post","type-post","status-publish","format-standard","has-post-thumbnail","hentry","category-cabello"],"_links":{"self":[{"href":"https:\/\/www.primor.eu\/blog\/wp-json\/wp\/v2\/posts\/140511","targetHints":{"allow":["GET"]}}],"collection":[{"href":"https:\/\/www.primor.eu\/blog\/wp-json\/wp\/v2\/posts"}],"about":[{"href":"https:\/\/www.primor.eu\/blog\/wp-json\/wp\/v2\/types\/post"}],"author":[{"embeddable":true,"href":"https:\/\/www.primor.eu\/blog\/wp-json\/wp\/v2\/users\/30"}],"replies":[{"embeddable":true,"href":"https:\/\/www.primor.eu\/blog\/wp-json\/wp\/v2\/comments?post=140511"}],"version-history":[{"count":2,"href":"https:\/\/www.primor.eu\/blog\/wp-json\/wp\/v2\/posts\/140511\/revisions"}],"predecessor-version":[{"id":140516,"href":"https:\/\/www.primor.eu\/blog\/wp-json\/wp\/v2\/posts\/140511\/revisions\/140516"}],"wp:featuredmedia":[{"embeddable":true,"href":"https:\/\/www.primor.eu\/blog\/wp-json\/wp\/v2\/media\/140512"}],"wp:attachment":[{"href":"https:\/\/www.primor.eu\/blog\/wp-json\/wp\/v2\/media?parent=140511"}],"wp:term":[{"taxonomy":"category","embeddable":true,"href":"https:\/\/www.primor.eu\/blog\/wp-json\/wp\/v2\/categories?post=140511"},{"taxonomy":"post_tag","embeddable":true,"href":"https:\/\/www.primor.eu\/blog\/wp-json\/wp\/v2\/tags?post=140511"}],"curies":[{"name":"wp","href":"https:\/\/api.w.org\/{rel}","templated":true}]}}