{"id":139985,"date":"2026-03-10T13:51:29","date_gmt":"2026-03-10T13:51:29","guid":{"rendered":"https:\/\/www.primor.eu\/blog\/?p=139985"},"modified":"2026-03-08T13:57:33","modified_gmt":"2026-03-08T13:57:33","slug":"cerezoterapia-capilar","status":"publish","type":"post","link":"https:\/\/www.primor.eu\/blog\/cerezoterapia-capilar\/","title":{"rendered":"Recupera el brillo y la vitalidad en tu pelo con la cerezoterapia capilar"},"content":{"rendered":"\n<p>En el <a href=\"https:\/\/www.primor.eu\/blog\/cabello\/\">cuidado capilar<\/a>, cada vez hay m\u00e1s inter\u00e9s por ingredientes naturales capaces de aportar beneficios visibles sin recurrir a tratamientos agresivos. En este contexto, la <strong>cerezoterapia capilar <\/strong>ha empezado a ganar protagonismo. Inspirada en las propiedades nutritivas de la cereza, esta tendencia combina extractos ricos en antioxidantes con f\u00f3rmulas dise\u00f1adas para devolver brillo, suavidad y vitalidad al cabello.<\/p>\n\n\n\n<p>Aunque pueda parecer una novedad, el uso de frutas ricas en vitaminas dentro del cuidado capilar tiene una larga tradici\u00f3n. La diferencia es que hoy se integran en productos cosm\u00e9ticos m\u00e1s sofisticados que aprovechan mejor sus propiedades.<\/p>\n\n\n\n<h2 class=\"wp-block-heading\">Qu\u00e9 es la cerezoterapia capilar<\/h2>\n\n\n\n<p>La<strong> cerezoterapia capilar<\/strong> es un enfoque de cuidado del cabello basado en el uso de extractos de cereza en champ\u00fas, mascarillas y tratamientos nutritivos. Estos extractos aportan compuestos antioxidantes, vitaminas y nutrientes que ayudan a mejorar el aspecto del cabello. M\u00e1s all\u00e1 del ingrediente en s\u00ed, la cerezoterapia tambi\u00e9n se asocia a una experiencia sensorial agradable: aromas suaves, texturas ligeras y tratamientos pensados para revitalizar el cabello sin apelmazarlo. El <strong>objetivo<\/strong> no es transformar el cabello de forma inmediata, sino ayudar a recuperar su brillo y vitalidad de forma progresiva.<\/p>\n\n\n\n<h2 class=\"wp-block-heading\">Beneficios de la cerezoterapia capilar<\/h2>\n\n\n\n<p>La cereza es una fruta <strong>rica en vitamina C, polifenoles y antocianinas<\/strong>, compuestos conocidos por su capacidad antioxidante. Estos elementos ayudan a proteger frente al estr\u00e9s oxidativo, un factor que tambi\u00e9n influye en la salud del cabello.<\/p>\n\n\n\n<p>Cuando se utilizan en productos capilares, los extractos de cereza contribuyen a mantener la fibra capilar protegida frente a agresiones externas como la contaminaci\u00f3n, el calor o los cambios ambientales.<\/p>\n\n\n\n<h3 class=\"wp-block-heading\">M\u00e1s brillo y suavidad<\/h3>\n\n\n\n<p>Uno de los efectos m\u00e1s buscados en la cerezoterapia capilar es el <strong>brillo<\/strong>. Cuando la fibra capilar est\u00e1 hidratada y protegida, la cut\u00edcula se mantiene m\u00e1s alineada, lo que permite que la luz se refleje mejor. El <strong>resultado<\/strong> es un cabello con aspecto m\u00e1s luminoso, suave y saludable.<\/p>\n\n\n\n<h2 class=\"wp-block-heading\">Hidrataci\u00f3n sin peso<\/h2>\n\n\n\n<p>Las f\u00f3rmulas capilares con extracto de cereza suelen tener una<strong> textura ligera<\/strong> que aporta <strong>hidrataci\u00f3n<\/strong> sin dejar sensaci\u00f3n pesada en el cabello. Esto las hace adecuadas para distintos tipos de cabello, incluso aquellos que tienden a perder volumen con productos demasiado densos. La hidrataci\u00f3n equilibrada es <strong>clave<\/strong> para mantener la flexibilidad de la fibra capilar y evitar el aspecto apagado.<\/p>\n\n\n\n<h3 class=\"wp-block-heading\">Protecci\u00f3n frente a agresiones externas<\/h3>\n\n\n\n<p>El cabello est\u00e1 expuesto diariamente a factores que pueden debilitarlo: herramientas de calor, radiaci\u00f3n solar, contaminaci\u00f3n o productos qu\u00edmicos. Los antioxidantes presentes en la cereza ayudan a reforzar la resistencia de la fibra capilar frente a estas agresiones. Aunque no sustituyen otras medidas de cuidado, pueden contribuir a<strong> mantener el cabello en mejores condiciones.<\/strong><\/p>\n\n\n\n<h3 class=\"wp-block-heading\">Una experiencia sensorial<\/h3>\n\n\n\n<p>La cerezoterapia capilar no solo se basa en propiedades cosm\u00e9ticas. El aroma de la cereza aporta una <strong>dimensi\u00f3n sensorial agradable <\/strong>que convierte el cuidado del cabello en un momento de bienestar. Este componente sensorial forma parte de una tendencia creciente en belleza, con el <strong>objetivo <\/strong>de transformar la rutina de cuidado en un peque\u00f1o ritual.<\/p>\n\n\n\n<h2 class=\"wp-block-heading\">C\u00f3mo incorporarla a tu rutina capilar<\/h2>\n\n\n\n<p>Los productos con extracto de cereza suelen encontrarse en<strong> champ\u00fas revitalizantes, acondicionadores o mascarillas nutritivas<\/strong>. Integrarlos en la rutina es sencillo. Basta con utilizarlos como cualquier otro producto capilar, adapt\u00e1ndolos a las necesidades del cabello. Ahora bien, la <strong>constancia<\/strong> es lo que permite notar mejoras progresivas en brillo y textura.<\/p>\n\n\n<div class=\"kk-star-ratings kksr-auto kksr-align-center kksr-valign-bottom\"\n    data-payload='{&quot;align&quot;:&quot;center&quot;,&quot;id&quot;:&quot;139985&quot;,&quot;slug&quot;:&quot;default&quot;,&quot;valign&quot;:&quot;bottom&quot;,&quot;ignore&quot;:&quot;&quot;,&quot;reference&quot;:&quot;auto&quot;,&quot;class&quot;:&quot;&quot;,&quot;count&quot;:&quot;0&quot;,&quot;legendonly&quot;:&quot;&quot;,&quot;readonly&quot;:&quot;&quot;,&quot;score&quot;:&quot;0&quot;,&quot;starsonly&quot;:&quot;&quot;,&quot;best&quot;:&quot;5&quot;,&quot;gap&quot;:&quot;5&quot;,&quot;greet&quot;:&quot;Valora este art\u00edculo&quot;,&quot;legend&quot;:&quot;0\\\/5 - (0 votos)&quot;,&quot;size&quot;:&quot;24&quot;,&quot;title&quot;:&quot;Recupera el brillo y la vitalidad en tu pelo con la cerezoterapia capilar&quot;,&quot;width&quot;:&quot;0&quot;,&quot;_legend&quot;:&quot;{score}\\\/{best} - ({count} {votes})&quot;,&quot;font_factor&quot;:&quot;1.25&quot;}'>\n            \n<div class=\"kksr-stars\">\n    \n<div class=\"kksr-stars-inactive\">\n            <div class=\"kksr-star\" data-star=\"1\" style=\"padding-right: 5px\">\n            \n\n<div class=\"kksr-icon\" style=\"width: 24px; height: 24px;\"><\/div>\n        <\/div>\n            <div class=\"kksr-star\" data-star=\"2\" style=\"padding-right: 5px\">\n            \n\n<div class=\"kksr-icon\" style=\"width: 24px; height: 24px;\"><\/div>\n        <\/div>\n            <div class=\"kksr-star\" data-star=\"3\" style=\"padding-right: 5px\">\n            \n\n<div class=\"kksr-icon\" style=\"width: 24px; height: 24px;\"><\/div>\n        <\/div>\n            <div class=\"kksr-star\" data-star=\"4\" style=\"padding-right: 5px\">\n            \n\n<div class=\"kksr-icon\" style=\"width: 24px; height: 24px;\"><\/div>\n        <\/div>\n            <div class=\"kksr-star\" data-star=\"5\" style=\"padding-right: 5px\">\n            \n\n<div class=\"kksr-icon\" style=\"width: 24px; height: 24px;\"><\/div>\n        <\/div>\n    <\/div>\n    \n<div class=\"kksr-stars-active\" style=\"width: 0px;\">\n            <div class=\"kksr-star\" style=\"padding-right: 5px\">\n            \n\n<div class=\"kksr-icon\" style=\"width: 24px; height: 24px;\"><\/div>\n        <\/div>\n            <div class=\"kksr-star\" style=\"padding-right: 5px\">\n            \n\n<div class=\"kksr-icon\" style=\"width: 24px; height: 24px;\"><\/div>\n        <\/div>\n            <div class=\"kksr-star\" style=\"padding-right: 5px\">\n            \n\n<div class=\"kksr-icon\" style=\"width: 24px; height: 24px;\"><\/div>\n        <\/div>\n            <div class=\"kksr-star\" style=\"padding-right: 5px\">\n            \n\n<div class=\"kksr-icon\" style=\"width: 24px; height: 24px;\"><\/div>\n        <\/div>\n            <div class=\"kksr-star\" style=\"padding-right: 5px\">\n            \n\n<div class=\"kksr-icon\" style=\"width: 24px; height: 24px;\"><\/div>\n        <\/div>\n    <\/div>\n<\/div>\n                \n\n<div class=\"kksr-legend\" style=\"font-size: 19.2px;\">\n            <span class=\"kksr-muted\">Valora este art\u00edculo<\/span>\n    <\/div>\n    <\/div>\n","protected":false},"excerpt":{"rendered":"<p>En el cuidado capilar, cada vez hay m\u00e1s inter\u00e9s por ingredientes naturales capaces de aportar beneficios visibles sin recurrir a tratamientos agresivos. En este contexto, la cerezoterapia capilar ha empezado a ganar protagonismo. Inspirada en las propiedades nutritivas de la cereza, esta tendencia combina extractos ricos en antioxidantes con f\u00f3rmulas dise\u00f1adas para devolver brillo, suavidad [&hellip;]<\/p>\n","protected":false},"author":14,"featured_media":139997,"comment_status":"closed","ping_status":"closed","sticky":false,"template":"","format":"standard","meta":{"jnews-multi-image_gallery":[],"jnews_single_post":{"format":"standard"},"jnews_primary_category":[],"jnews_social_meta":[],"jnews_override_counter":[],"footnotes":""},"categories":[35],"tags":[],"class_list":["post-139985","post","type-post","status-publish","format-standard","has-post-thumbnail","hentry","category-cabello"],"_links":{"self":[{"href":"https:\/\/www.primor.eu\/blog\/wp-json\/wp\/v2\/posts\/139985","targetHints":{"allow":["GET"]}}],"collection":[{"href":"https:\/\/www.primor.eu\/blog\/wp-json\/wp\/v2\/posts"}],"about":[{"href":"https:\/\/www.primor.eu\/blog\/wp-json\/wp\/v2\/types\/post"}],"author":[{"embeddable":true,"href":"https:\/\/www.primor.eu\/blog\/wp-json\/wp\/v2\/users\/14"}],"replies":[{"embeddable":true,"href":"https:\/\/www.primor.eu\/blog\/wp-json\/wp\/v2\/comments?post=139985"}],"version-history":[{"count":1,"href":"https:\/\/www.primor.eu\/blog\/wp-json\/wp\/v2\/posts\/139985\/revisions"}],"predecessor-version":[{"id":140007,"href":"https:\/\/www.primor.eu\/blog\/wp-json\/wp\/v2\/posts\/139985\/revisions\/140007"}],"wp:featuredmedia":[{"embeddable":true,"href":"https:\/\/www.primor.eu\/blog\/wp-json\/wp\/v2\/media\/139997"}],"wp:attachment":[{"href":"https:\/\/www.primor.eu\/blog\/wp-json\/wp\/v2\/media?parent=139985"}],"wp:term":[{"taxonomy":"category","embeddable":true,"href":"https:\/\/www.primor.eu\/blog\/wp-json\/wp\/v2\/categories?post=139985"},{"taxonomy":"post_tag","embeddable":true,"href":"https:\/\/www.primor.eu\/blog\/wp-json\/wp\/v2\/tags?post=139985"}],"curies":[{"name":"wp","href":"https:\/\/api.w.org\/{rel}","templated":true}]}}