{"id":139981,"date":"2026-03-09T13:49:12","date_gmt":"2026-03-09T13:49:12","guid":{"rendered":"https:\/\/www.primor.eu\/blog\/?p=139981"},"modified":"2026-03-08T13:55:01","modified_gmt":"2026-03-08T13:55:01","slug":"mejores-perfumes-oud","status":"publish","type":"post","link":"https:\/\/www.primor.eu\/blog\/mejores-perfumes-oud\/","title":{"rendered":"Los 5 mejores perfumes con oud"},"content":{"rendered":"\n<p>El <strong>oud<\/strong> es uno de los ingredientes m\u00e1s fascinantes (y misteriosos) del mundo de la <a href=\"https:\/\/www.primor.eu\/blog\/perfumes\/\">perfumer\u00eda<\/a>. Profundo, c\u00e1lido y envolvente, este aroma procedente de la resina de ciertos \u00e1rboles del sudeste asi\u00e1tico se ha convertido en sin\u00f3nimo de lujo y sofisticaci\u00f3n. Durante siglos ha sido un tesoro olfativo en <strong>Oriente Medio,<\/strong> y hoy ocupa un lugar privilegiado tambi\u00e9n en las fragancias m\u00e1s exclusivas del mercado.<\/p>\n\n\n\n<p>Su car\u00e1cter intenso y complejo lo hace inconfundible. Con matices amaderados, ahumados y ligeramente bals\u00e1micos, el oud aporta profundidad a cualquier composici\u00f3n y transforma un perfume en una experiencia sensorial \u00fanica. No es un ingrediente discreto: cuando aparece en una fragancia, suele convertirse en su protagonista absoluto.<\/p>\n\n\n\n<p>Por eso, cada vez m\u00e1s casas de perfumer\u00eda lo incorporan en sus creaciones, combin\u00e1ndolo con rosas, especias o \u00e1mbar para crear perfumes elegantes y memorables. Si te gustan las fragancias con personalidad y un toque sofisticado, estos son <strong>los 5 mejores perfumes con oud<\/strong> que merece la pena descubrir.<\/p>\n\n\n\n<h2 class=\"wp-block-heading\">Los mejores perfumes con oud<\/h2>\n\n\n        <product-table class=\"pr-slider\">\r\n            <product-headers class=\"grid-table-rows\">\r\n                <div>Foto<\/div>\r\n                <div>Producto<\/div>\r\n                <div>Marca<\/div>\r\n                <div>Valoraciones<\/div>\r\n                <div>Precio<\/div>\r\n            <\/product-headers>\r\n\r\n            <product-list>\r\n                                    <a href=\"https:\/\/www.primor.eu\/es_es\/loewe-loewe-earth-elixir-eau-de-parfum-114303.html?#863=67139\" class=\"product-item grid-table-rows\" target=\"_blank\">\r\n                        <div>\r\n                            <img decoding=\"async\" class=\"product-img\" width=\"80px\" height=\"80px\" src=\"https:\/\/cdn2.primor.eu\/media\/catalog\/product\/cache\/8d3aba296f7a18b5251ee30fa5db42b2\/8\/4\/8426017080675_1_a7a0.jpg\" alt=\"Loewe Earth Elixir Eau de Parfum\">\r\n                        <\/div>\r\n\r\n                        <!-- Contenido de producto  -->\r\n                        <div>\r\n                            <div class=\"product-position\">\r\n                                #1 Top Ventas                            <\/div>\r\n\r\n                            <h2>\r\n                                Loewe Earth Elixir Eau de Parfum                            <\/h2>\r\n                        <\/div>\r\n\r\n                        <!-- Imagen y\/o nombre de la marca -->\r\n                        <div>\r\n                                                            <img decoding=\"async\" width=\"70\" src=\"https:\/\/www.primor.eu\/media\/catalog\/category\/loewe.png\" alt=\"Loewe\">\r\n                                                    <\/div>\r\n\r\n                        <!-- Puntuaci\u00f3n del producto  -->\r\n                        <div class=\"rating\">\r\n                                                            <div class=\"rate\" style=\"--p:94;\"><\/div>\r\n                                <b>4.7\/5<\/b>\r\n                                <div class=\"rate-stars\">\r\n                                                                            <div\r\n                                            class=\"rate-star  \">\r\n                                        <\/div>\r\n                                                                            <div\r\n                                            class=\"rate-star  \">\r\n                                        <\/div>\r\n                                                                            <div\r\n                                            class=\"rate-star  \">\r\n                                        <\/div>\r\n                                                                            <div\r\n                                            class=\"rate-star  \">\r\n                                        <\/div>\r\n                                                                            <div\r\n                                            class=\"rate-star  \">\r\n                                        <\/div>\r\n                                                                    <\/div>\r\n                                                    <\/div>\r\n\r\n                        <!-- Bot\u00f3n de producto  -->\r\n                        <div>\r\n                            <span class=\"price-claim\">\r\n                                VER PRECIO                            <\/span>\r\n                        <\/div>\r\n                    <\/a>\r\n                                    <a href=\"https:\/\/www.primor.eu\/es_es\/tom-ford-ombre-leather-112377.html?#854=66330\" class=\"product-item grid-table-rows\" target=\"_blank\">\r\n                        <div>\r\n                            <img decoding=\"async\" class=\"product-img\" width=\"80px\" height=\"80px\" src=\"https:\/\/cdn2.primor.eu\/media\/catalog\/product\/cache\/8d3aba296f7a18b5251ee30fa5db42b2\/4\/A\/4AM02343_1_7778.jpg\" alt=\"Ombr\u00e9 Leather\">\r\n                        <\/div>\r\n\r\n                        <!-- Contenido de producto  -->\r\n                        <div>\r\n                            <div class=\"product-position\">\r\n                                #2                            <\/div>\r\n\r\n                            <h2>\r\n                                Ombr\u00e9 Leather                            <\/h2>\r\n                        <\/div>\r\n\r\n                        <!-- Imagen y\/o nombre de la marca -->\r\n                        <div>\r\n                                                            <img decoding=\"async\" width=\"70\" src=\"https:\/\/www.primor.eu\/media\/catalog\/category\/tom-ford-logopng.png\" alt=\"Tom Ford\">\r\n                                                    <\/div>\r\n\r\n                        <!-- Puntuaci\u00f3n del producto  -->\r\n                        <div class=\"rating\">\r\n                                                            <div class=\"rate\" style=\"--p:96;\"><\/div>\r\n                                <b>4.8\/5<\/b>\r\n                                <div class=\"rate-stars\">\r\n                                                                            <div\r\n                                            class=\"rate-star  \">\r\n                                        <\/div>\r\n                                                                            <div\r\n                                            class=\"rate-star  \">\r\n                                        <\/div>\r\n                                                                            <div\r\n                                            class=\"rate-star  \">\r\n                                        <\/div>\r\n                                                                            <div\r\n                                            class=\"rate-star  \">\r\n                                        <\/div>\r\n                                                                            <div\r\n                                            class=\"rate-star  \">\r\n                                        <\/div>\r\n                                                                    <\/div>\r\n                                                    <\/div>\r\n\r\n                        <!-- Bot\u00f3n de producto  -->\r\n                        <div>\r\n                            <span class=\"price-claim\">\r\n                                VER PRECIO                            <\/span>\r\n                        <\/div>\r\n                    <\/a>\r\n                                    <a href=\"https:\/\/www.primor.eu\/es_es\/yves-saint-laurent-m7-oud-absolu-51114.html\" class=\"product-item grid-table-rows\" target=\"_blank\">\r\n                        <div>\r\n                            <img decoding=\"async\" class=\"product-img\" width=\"80px\" height=\"80px\" src=\"https:\/\/cdn2.primor.eu\/media\/catalog\/product\/cache\/8d3aba296f7a18b5251ee30fa5db42b2\/4\/A\/4AM01266_1_9026.jpg\" alt=\"M7 Oud Absolu\">\r\n                        <\/div>\r\n\r\n                        <!-- Contenido de producto  -->\r\n                        <div>\r\n                            <div class=\"product-position\">\r\n                                #3                            <\/div>\r\n\r\n                            <h2>\r\n                                M7 Oud Absolu                            <\/h2>\r\n                        <\/div>\r\n\r\n                        <!-- Imagen y\/o nombre de la marca -->\r\n                        <div>\r\n                                                            <img decoding=\"async\" width=\"70\" src=\"https:\/\/www.primor.eu\/media\/catalog\/category\/yves.png\" alt=\"\">\r\n                                                    <\/div>\r\n\r\n                        <!-- Puntuaci\u00f3n del producto  -->\r\n                        <div class=\"rating\">\r\n                                                            <div class=\"rate\" style=\"--p:96;\"><\/div>\r\n                                <b>4.8\/5<\/b>\r\n                                <div class=\"rate-stars\">\r\n                                                                            <div\r\n                                            class=\"rate-star  \">\r\n                                        <\/div>\r\n                                                                            <div\r\n                                            class=\"rate-star  \">\r\n                                        <\/div>\r\n                                                                            <div\r\n                                            class=\"rate-star  \">\r\n                                        <\/div>\r\n                                                                            <div\r\n                                            class=\"rate-star  \">\r\n                                        <\/div>\r\n                                                                            <div\r\n                                            class=\"rate-star  \">\r\n                                        <\/div>\r\n                                                                    <\/div>\r\n                                                    <\/div>\r\n\r\n                        <!-- Bot\u00f3n de producto  -->\r\n                        <div>\r\n                            <span class=\"price-claim\">\r\n                                VER PRECIO                            <\/span>\r\n                        <\/div>\r\n                    <\/a>\r\n                                    <a href=\"https:\/\/www.primor.eu\/es_es\/lattafa-bade-e-al-oud-amethyst-eau-de-parfum-mujer-129950.html\" class=\"product-item grid-table-rows\" target=\"_blank\">\r\n                        <div>\r\n                            <img decoding=\"async\" class=\"product-img\" width=\"80px\" height=\"80px\" src=\"https:\/\/cdn2.primor.eu\/media\/catalog\/product\/cache\/8d3aba296f7a18b5251ee30fa5db42b2\/4\/A\/4AF08923_eb60.JPG\" alt=\"Bade e Al Oud Amethyst Eau de Parfum Mujer\">\r\n                        <\/div>\r\n\r\n                        <!-- Contenido de producto  -->\r\n                        <div>\r\n                            <div class=\"product-position\">\r\n                                #4                            <\/div>\r\n\r\n                            <h2>\r\n                                Bade e Al Oud Amethyst Eau de Parfum Mujer                            <\/h2>\r\n                        <\/div>\r\n\r\n                        <!-- Imagen y\/o nombre de la marca -->\r\n                        <div>\r\n                                                            <img decoding=\"async\" width=\"70\" src=\"https:\/\/www.primor.eu\/media\/catalog\/category\/lattafa-logo.png\" alt=\"\">\r\n                                                    <\/div>\r\n\r\n                        <!-- Puntuaci\u00f3n del producto  -->\r\n                        <div class=\"rating\">\r\n                                                            <div class=\"rate\" style=\"--p:100;\"><\/div>\r\n                                <b>5\/5<\/b>\r\n                                <div class=\"rate-stars\">\r\n                                                                            <div\r\n                                            class=\"rate-star  \">\r\n                                        <\/div>\r\n                                                                            <div\r\n                                            class=\"rate-star  \">\r\n                                        <\/div>\r\n                                                                            <div\r\n                                            class=\"rate-star  \">\r\n                                        <\/div>\r\n                                                                            <div\r\n                                            class=\"rate-star  \">\r\n                                        <\/div>\r\n                                                                            <div\r\n                                            class=\"rate-star  \">\r\n                                        <\/div>\r\n                                                                    <\/div>\r\n                                                    <\/div>\r\n\r\n                        <!-- Bot\u00f3n de producto  -->\r\n                        <div>\r\n                            <span class=\"price-claim\">\r\n                                VER PRECIO                            <\/span>\r\n                        <\/div>\r\n                    <\/a>\r\n                            <\/product-list>\r\n        <\/product-table>\r\n\r\n        \n\n\n\n<h3 class=\"wp-block-heading\">Loewe LOEWE Earth Elixir<\/h3>\n\n\n\n<p>Lo especial de LOEWE Earth Elixir es su interpretaci\u00f3n moderna y sofisticada del oud dentro de una composici\u00f3n floral ambarada. Con una mayor concentraci\u00f3n de aceites esenciales, este perfume unisex combina notas de pera, mimosa, violeta y trufa con el car\u00e1cter profundo del oud y el exclusivo Acorde LOEWE inspirado en la jara silvestre espa\u00f1ola. El resultado es una fragancia envolvente, elegante y muy sensorial.<\/p>\n\n\n\n<p>Es perfecta para quienes buscan un perfume diferente y art\u00edstico. Forma parte de la colecci\u00f3n LOEWE Botanical Rainbow, donde naturaleza y creatividad se unen para crear aromas \u00fanicos, convirti\u00e9ndolo en un detalle sofisticado y muy especial.<\/p>\n\n\n    <a class='product' target='_blank' href='https:\/\/www.primor.eu\/es_es\/loewe-loewe-earth-elixir-eau-de-parfum-114303.html?#863=67139'>\r\n        <img loading='async' src='https:\/\/cdn2.primor.eu\/media\/catalog\/product\/cache\/8d3aba296f7a18b5251ee30fa5db42b2\/8\/4\/8426017080675_1_a7a0.jpg' alt='COMPRAR AHORA'>\r\n            <div class=\"claim\">\r\n                COMPRAR AHORA            <\/div>\r\n        <\/a>\r\n    \n\n\n<h3 class=\"wp-block-heading\">Tom Ford Ombr\u00e9 Leather Eau de Parfum<\/h3>\n\n\n\n<p>Ombr\u00e9 Leather destaca por su car\u00e1cter intenso y elegante, donde el cuero se convierte en el gran protagonista de la composici\u00f3n. La fragancia se desarrolla en capas, creando una sensaci\u00f3n profunda y sofisticada que combina fuerza y refinamiento, ideal para quienes buscan un perfume con personalidad.<\/p>\n\n\n\n<p>Es una apuesta segura para amantes de las fragancias con car\u00e1cter. Es moderno, duradero y muy distintivo, perfecto para hombres que quieren un aroma elegante que los acompa\u00f1e durante todo el d\u00eda.<\/p>\n\n\n    <a class='product' target='_blank' href='https:\/\/www.primor.eu\/es_es\/tom-ford-ombre-leather-112377.html?#854=66330'>\r\n        <img loading='async' src='https:\/\/cdn2.primor.eu\/media\/catalog\/product\/cache\/8d3aba296f7a18b5251ee30fa5db42b2\/4\/A\/4AM02343_1_7778.jpg' alt='COMPRAR AHORA'>\r\n            <div class=\"claim\">\r\n                COMPRAR AHORA            <\/div>\r\n        <\/a>\r\n    \n\n\n<h3 class=\"wp-block-heading\">Yves Saint Laurent M7 Eau de Toilette<\/h3>\n\n\n\n<p>M7 es una fragancia ic\u00f3nica dentro de la perfumer\u00eda masculina, conocida por su audaz uso del oud en una composici\u00f3n \u00e1mbar amaderada. Lanzada en 2002 por los perfumistas Jacques Cavallier y Alberto Morillas, destaca por su car\u00e1cter intenso, c\u00e1lido y sofisticado. Es perfecta para quienes valoran los perfumes con historia y personalidad. Es elegante, masculino y atemporal, ideal para quienes buscan un aroma profundo y distintivo.<\/p>\n\n\n    <a class='product' target='_blank' href='https:\/\/www.primor.eu\/es_es\/yves-saint-laurent-m7-oud-absolu-51114.html'>\r\n        <img loading='async' src='https:\/\/cdn2.primor.eu\/media\/catalog\/product\/cache\/8d3aba296f7a18b5251ee30fa5db42b2\/4\/A\/4AM01266_1_9026.jpg' alt='COMPRAR AHORA'>\r\n            <div class=\"claim\">\r\n                COMPRAR AHORA            <\/div>\r\n        <\/a>\r\n    \n\n\n<h3 class=\"wp-block-heading\">Lattafa Bade\u2019e Al Oud Amethyst<\/h3>\n\n\n\n<p>Este perfume destaca por su opulencia oriental y su uso protagonista del oud, una de las materias m\u00e1s apreciadas de la perfumer\u00eda. Bade\u2019e Al Oud Amethyst combina notas florales, amaderadas y orientales para crear un aroma rico, misterioso y elegante que evoca el lujo de Oriente.&nbsp;<\/p>\n\n\n\n<p>Es una opci\u00f3n perfecta para quienes disfrutan de perfumes intensos y seductores. Es sofisticado, envolvente y con una estela memorable, ideal para quienes quieren destacar con un aroma diferente.<\/p>\n\n\n    <a class='product' target='_blank' href='https:\/\/www.primor.eu\/es_es\/lattafa-bade-e-al-oud-amethyst-eau-de-parfum-mujer-129950.html'>\r\n        <img loading='async' src='https:\/\/cdn2.primor.eu\/media\/catalog\/product\/cache\/8d3aba296f7a18b5251ee30fa5db42b2\/4\/A\/4AF08923_eb60.JPG' alt='COMPRAR AHORA'>\r\n            <div class=\"claim\">\r\n                COMPRAR AHORA            <\/div>\r\n        <\/a>\r\n    \n\n\n<h3 class=\"wp-block-heading\">Guerlain Aqua Allegoria Forte Oud Yuzu Eau de Parfum<\/h3>\n\n\n\n<p>Oud Yuzu Forte sorprende por su contraste entre la profundidad de la madera de oud y la frescura vibrante del yuzu. Esta combinaci\u00f3n inesperada crea una fragancia luminosa y sofisticada, donde c\u00edtricos y maderas se equilibran para ofrecer un perfume elegante y moderno.<\/p>\n\n\n\n<p>Es ideal para quienes buscan un perfume refinado pero original. Adem\u00e1s, su f\u00f3rmula con m\u00e1s del 90 % de ingredientes de origen natural y su formato recargable lo convierten en una opci\u00f3n sostenible y muy especial.<\/p>\n\n\n    <a class='product' target='_blank' href='https:\/\/www.primor.eu\/es_es\/guerlain-aqua-allegoria-forte-oud-yuzu-eau-de-parfum-112124.html?#854=66504'>\r\n        <img loading='async' src='https:\/\/cdn2.primor.eu\/media\/catalog\/product\/cache\/8d3aba296f7a18b5251ee30fa5db42b2\/3\/3\/3346470147430_0d1f.jpg' alt='COMPRAR AHORA'>\r\n            <div class=\"claim\">\r\n                COMPRAR AHORA            <\/div>\r\n        <\/a>\r\n    \n\n<div class=\"kk-star-ratings kksr-auto kksr-align-center kksr-valign-bottom\"\n    data-payload='{&quot;align&quot;:&quot;center&quot;,&quot;id&quot;:&quot;139981&quot;,&quot;slug&quot;:&quot;default&quot;,&quot;valign&quot;:&quot;bottom&quot;,&quot;ignore&quot;:&quot;&quot;,&quot;reference&quot;:&quot;auto&quot;,&quot;class&quot;:&quot;&quot;,&quot;count&quot;:&quot;0&quot;,&quot;legendonly&quot;:&quot;&quot;,&quot;readonly&quot;:&quot;&quot;,&quot;score&quot;:&quot;0&quot;,&quot;starsonly&quot;:&quot;&quot;,&quot;best&quot;:&quot;5&quot;,&quot;gap&quot;:&quot;5&quot;,&quot;greet&quot;:&quot;Valora este art\u00edculo&quot;,&quot;legend&quot;:&quot;0\\\/5 - (0 votos)&quot;,&quot;size&quot;:&quot;24&quot;,&quot;title&quot;:&quot;Los 5 mejores perfumes con oud&quot;,&quot;width&quot;:&quot;0&quot;,&quot;_legend&quot;:&quot;{score}\\\/{best} - ({count} {votes})&quot;,&quot;font_factor&quot;:&quot;1.25&quot;}'>\n            \n<div class=\"kksr-stars\">\n    \n<div class=\"kksr-stars-inactive\">\n            <div class=\"kksr-star\" data-star=\"1\" style=\"padding-right: 5px\">\n            \n\n<div class=\"kksr-icon\" style=\"width: 24px; height: 24px;\"><\/div>\n        <\/div>\n            <div class=\"kksr-star\" data-star=\"2\" style=\"padding-right: 5px\">\n            \n\n<div class=\"kksr-icon\" style=\"width: 24px; height: 24px;\"><\/div>\n        <\/div>\n            <div class=\"kksr-star\" data-star=\"3\" style=\"padding-right: 5px\">\n            \n\n<div class=\"kksr-icon\" style=\"width: 24px; height: 24px;\"><\/div>\n        <\/div>\n            <div class=\"kksr-star\" data-star=\"4\" style=\"padding-right: 5px\">\n            \n\n<div class=\"kksr-icon\" style=\"width: 24px; height: 24px;\"><\/div>\n        <\/div>\n            <div class=\"kksr-star\" data-star=\"5\" style=\"padding-right: 5px\">\n            \n\n<div class=\"kksr-icon\" style=\"width: 24px; height: 24px;\"><\/div>\n        <\/div>\n    <\/div>\n    \n<div class=\"kksr-stars-active\" style=\"width: 0px;\">\n            <div class=\"kksr-star\" style=\"padding-right: 5px\">\n            \n\n<div class=\"kksr-icon\" style=\"width: 24px; height: 24px;\"><\/div>\n        <\/div>\n            <div class=\"kksr-star\" style=\"padding-right: 5px\">\n            \n\n<div class=\"kksr-icon\" style=\"width: 24px; height: 24px;\"><\/div>\n        <\/div>\n            <div class=\"kksr-star\" style=\"padding-right: 5px\">\n            \n\n<div class=\"kksr-icon\" style=\"width: 24px; height: 24px;\"><\/div>\n        <\/div>\n            <div class=\"kksr-star\" style=\"padding-right: 5px\">\n            \n\n<div class=\"kksr-icon\" style=\"width: 24px; height: 24px;\"><\/div>\n        <\/div>\n            <div class=\"kksr-star\" style=\"padding-right: 5px\">\n            \n\n<div class=\"kksr-icon\" style=\"width: 24px; height: 24px;\"><\/div>\n        <\/div>\n    <\/div>\n<\/div>\n                \n\n<div class=\"kksr-legend\" style=\"font-size: 19.2px;\">\n            <span class=\"kksr-muted\">Valora este art\u00edculo<\/span>\n    <\/div>\n    <\/div>\n","protected":false},"excerpt":{"rendered":"<p>El oud es uno de los ingredientes m\u00e1s fascinantes (y misteriosos) del mundo de la perfumer\u00eda. Profundo, c\u00e1lido y envolvente, este aroma procedente de la resina de ciertos \u00e1rboles del sudeste asi\u00e1tico se ha convertido en sin\u00f3nimo de lujo y sofisticaci\u00f3n. Durante siglos ha sido un tesoro olfativo en Oriente Medio, y hoy ocupa un [&hellip;]<\/p>\n","protected":false},"author":14,"featured_media":140001,"comment_status":"closed","ping_status":"","sticky":false,"template":"","format":"standard","meta":{"jnews-multi-image_gallery":[],"jnews_single_post":[],"jnews_primary_category":[],"jnews_social_meta":[],"jnews_override_counter":[],"footnotes":""},"categories":[33],"tags":[],"class_list":["post-139981","post","type-post","status-publish","format-standard","has-post-thumbnail","hentry","category-perfumes"],"_links":{"self":[{"href":"https:\/\/www.primor.eu\/blog\/wp-json\/wp\/v2\/posts\/139981","targetHints":{"allow":["GET"]}}],"collection":[{"href":"https:\/\/www.primor.eu\/blog\/wp-json\/wp\/v2\/posts"}],"about":[{"href":"https:\/\/www.primor.eu\/blog\/wp-json\/wp\/v2\/types\/post"}],"author":[{"embeddable":true,"href":"https:\/\/www.primor.eu\/blog\/wp-json\/wp\/v2\/users\/14"}],"replies":[{"embeddable":true,"href":"https:\/\/www.primor.eu\/blog\/wp-json\/wp\/v2\/comments?post=139981"}],"version-history":[{"count":1,"href":"https:\/\/www.primor.eu\/blog\/wp-json\/wp\/v2\/posts\/139981\/revisions"}],"predecessor-version":[{"id":140004,"href":"https:\/\/www.primor.eu\/blog\/wp-json\/wp\/v2\/posts\/139981\/revisions\/140004"}],"wp:featuredmedia":[{"embeddable":true,"href":"https:\/\/www.primor.eu\/blog\/wp-json\/wp\/v2\/media\/140001"}],"wp:attachment":[{"href":"https:\/\/www.primor.eu\/blog\/wp-json\/wp\/v2\/media?parent=139981"}],"wp:term":[{"taxonomy":"category","embeddable":true,"href":"https:\/\/www.primor.eu\/blog\/wp-json\/wp\/v2\/categories?post=139981"},{"taxonomy":"post_tag","embeddable":true,"href":"https:\/\/www.primor.eu\/blog\/wp-json\/wp\/v2\/tags?post=139981"}],"curies":[{"name":"wp","href":"https:\/\/api.w.org\/{rel}","templated":true}]}}