{"id":139912,"date":"2026-03-15T21:00:00","date_gmt":"2026-03-15T21:00:00","guid":{"rendered":"https:\/\/www.primor.eu\/blog\/?p=139912"},"modified":"2026-03-03T10:58:07","modified_gmt":"2026-03-03T10:58:07","slug":"maquillaje-editorial","status":"publish","type":"post","link":"https:\/\/www.primor.eu\/blog\/maquillaje-editorial\/","title":{"rendered":"Lo has visto todo el rato pero no sabes c\u00f3mo se llama: qu\u00e9 es el maquillaje editorial"},"content":{"rendered":"\n<p>El <strong><a href=\"https:\/\/www.primor.eu\/blog\/maquillaje-para-piel-sensible\/\" data-type=\"link\" data-id=\"https:\/\/www.primor.eu\/blog\/maquillaje-para-piel-sensible\/\">maquillaje<\/a> editorial <\/strong>es una tendencia que te puede sonar exc\u00e9ntrica o fuera de lo com\u00fan, pero lo has visto m\u00e1s de una vez. El <a href=\"https:\/\/www.primor.eu\/es_es\/maquillaje-de-lujo\" data-type=\"link\" data-id=\"https:\/\/www.primor.eu\/es_es\/maquillaje-de-lujo\">maquillaje<\/a> editorial es muy com\u00fan en redes sociales, desfiles y <strong>campa\u00f1as de moda <\/strong>y en <strong>revistas<\/strong>.\u00a0<\/p>\n\n\n\n<p>Hoy te vamos a contar en detalle qu\u00e9 es el maquillaje editorial, cu\u00e1les son sus bases y ejemplos de medios en los que lo has podido ver.<\/p>\n\n\n\n<h2 class=\"wp-block-heading\">Qu\u00e9 es el maquillaje editorial<\/h2>\n\n\n\n<p>El maquillaje editorial es t\u00edpico en contextos art\u00edsticos como revistas, pasarelas o campa\u00f1as publicitarias. Y es que est\u00e1 hecho para sellar una <strong>est\u00e9tica en particular,<\/strong> no para crear una tendencia de maquillaje que se pueda replicar en el d\u00eda a d\u00eda.<\/p>\n\n\n\n<p>El maquillaje editorial est\u00e1 pensado para <strong>impactar en c\u00e1mara<\/strong> y complementar una narrativa est\u00e9tica. Por eso, en muchos casos se ve en campa\u00f1as publicitarias o revistas de moda y trata de subcomunicar de forma profunda sobre una corriente est\u00e9tica.<\/p>\n\n\n\n<h2 class=\"wp-block-heading\">D\u00f3nde se usa el maquillaje editorial<\/h2>\n\n\n\n<p>Es por eso que, a no ser que elijas llevar maquillaje editorial porque te apetezca hacerlo, este estilo se suele usar en este tipo de medios:<\/p>\n\n\n\n<ul class=\"wp-block-list\">\n<li>Revistas de moda prestigiosas como Vogue o Harper's Bazaar<\/li>\n\n\n\n<li>Desfiles de moda de alta costura<br>Campa\u00f1as publicitarias de belleza<\/li>\n\n\n\n<li>Cine de autor\/a\u00a0<\/li>\n\n\n\n<li>Producciones creativas para redes sociales<\/li>\n<\/ul>\n\n\n\n<h2 class=\"wp-block-heading\">Caracter\u00edsticas del maquillaje editorial<\/h2>\n\n\n\n<p>Las caracter\u00edsticas del maquillaje editorial como estamos viendo, son sin duda el arte y la creatividad. De hecho, como el buen <strong>arte<\/strong>, ni siquiera persigue la armon\u00eda, la belleza o la colorimetr\u00eda como otras tendencias de maquillaje, sino hacer <strong>sentir emociones.<\/strong><\/p>\n\n\n\n<p>Est\u00e1 pensado para la fotograf\u00eda o el audiovisual creativo. Es por eso que en muchos casos lo podemos ver tambi\u00e9n en el cine de autor o las series alternativas.<br>En pocos casos se usa para ser replicado en el d\u00eda a d\u00eda, aunque si te apetece probarlo o quieres hacerte una sesi\u00f3n de fotos creativa, as\u00ed como si eres artista o, simplemente quieres explorarlo, \u00a1te decimos qu\u00e9 productos te pueden ayudar con ello!<br><\/p>\n\n\n\n<h2 class=\"wp-block-heading\">Productos para conseguir un maquillaje editorial<\/h2>\n\n\n        <product-table class=\"pr-slider\">\r\n            <product-headers class=\"grid-table-rows\">\r\n                <div>Foto<\/div>\r\n                <div>Producto<\/div>\r\n                <div>Marca<\/div>\r\n                <div>Valoraciones<\/div>\r\n                <div>Precio<\/div>\r\n            <\/product-headers>\r\n\r\n            <product-list>\r\n                                    <a href=\"https:\/\/www.primor.eu\/es_es\/nars-quad-eyeshadow-paleta-de-sombra-de-ojos-127551.html?#803=56887\" class=\"product-item grid-table-rows\" target=\"_blank\">\r\n                        <div>\r\n                            <img decoding=\"async\" class=\"product-img\" width=\"80px\" height=\"80px\" src=\"https:\/\/cdn2.primor.eu\/media\/catalog\/product\/cache\/8d3aba296f7a18b5251ee30fa5db42b2\/1\/9\/194251151106_1_a3a5.jpg\" alt=\"Quad Eyeshadow Paleta de Sombras de Ojos\">\r\n                        <\/div>\r\n\r\n                        <!-- Contenido de producto  -->\r\n                        <div>\r\n                            <div class=\"product-position\">\r\n                                #1 Top Ventas                            <\/div>\r\n\r\n                            <h2>\r\n                                Quad Eyeshadow Paleta de Sombras de Ojos                            <\/h2>\r\n                        <\/div>\r\n\r\n                        <!-- Imagen y\/o nombre de la marca -->\r\n                        <div>\r\n                                                            <img decoding=\"async\" width=\"70\" src=\"https:\/\/www.primor.eu\/media\/catalog\/category\/Nars.png\" alt=\"Nars\">\r\n                                                    <\/div>\r\n\r\n                        <!-- Puntuaci\u00f3n del producto  -->\r\n                        <div class=\"rating\">\r\n                                                            <p>No hay valoraciones disponibles<\/p>\r\n                                                    <\/div>\r\n\r\n                        <!-- Bot\u00f3n de producto  -->\r\n                        <div>\r\n                            <span class=\"price-claim\">\r\n                                VER PRECIO                            <\/span>\r\n                        <\/div>\r\n                    <\/a>\r\n                                    <a href=\"https:\/\/www.primor.eu\/es_es\/guerlain-paleta-de-sombras-ombres-g-110489.html?#803=71737\" class=\"product-item grid-table-rows\" target=\"_blank\">\r\n                        <div>\r\n                            <img decoding=\"async\" class=\"product-img\" width=\"80px\" height=\"80px\" src=\"https:\/\/cdn2.primor.eu\/media\/catalog\/product\/cache\/8d3aba296f7a18b5251ee30fa5db42b2\/0\/M\/0MO23763_1_7159.jpg\" alt=\"Ombres G Paleta de Sombras de Ojos\">\r\n                        <\/div>\r\n\r\n                        <!-- Contenido de producto  -->\r\n                        <div>\r\n                            <div class=\"product-position\">\r\n                                #2                            <\/div>\r\n\r\n                            <h2>\r\n                                Ombres G Paleta de Sombras de Ojos                            <\/h2>\r\n                        <\/div>\r\n\r\n                        <!-- Imagen y\/o nombre de la marca -->\r\n                        <div>\r\n                                                            <img decoding=\"async\" width=\"70\" src=\"https:\/\/www.primor.eu\/media\/catalog\/category\/Guerlain.png\" alt=\"Guerlain\">\r\n                                                    <\/div>\r\n\r\n                        <!-- Puntuaci\u00f3n del producto  -->\r\n                        <div class=\"rating\">\r\n                                                            <div class=\"rate\" style=\"--p:100;\"><\/div>\r\n                                <b>5\/5<\/b>\r\n                                <div class=\"rate-stars\">\r\n                                                                            <div\r\n                                            class=\"rate-star  \">\r\n                                        <\/div>\r\n                                                                            <div\r\n                                            class=\"rate-star  \">\r\n                                        <\/div>\r\n                                                                            <div\r\n                                            class=\"rate-star  \">\r\n                                        <\/div>\r\n                                                                            <div\r\n                                            class=\"rate-star  \">\r\n                                        <\/div>\r\n                                                                            <div\r\n                                            class=\"rate-star  \">\r\n                                        <\/div>\r\n                                                                    <\/div>\r\n                                                    <\/div>\r\n\r\n                        <!-- Bot\u00f3n de producto  -->\r\n                        <div>\r\n                            <span class=\"price-claim\">\r\n                                VER PRECIO                            <\/span>\r\n                        <\/div>\r\n                    <\/a>\r\n                                    <a href=\"https:\/\/www.primor.eu\/es_es\/sensai-lasting-plump-lipstick-barra-de-labios-108701.html?#803=43719\" class=\"product-item grid-table-rows\" target=\"_blank\">\r\n                        <div>\r\n                            <img decoding=\"async\" class=\"product-img\" width=\"80px\" height=\"80px\" src=\"https:\/\/cdn2.primor.eu\/media\/catalog\/product\/cache\/8d3aba296f7a18b5251ee30fa5db42b2\/4\/9\/4973167501405_1_43ea.jpg\" alt=\"Lasting Plump Lipstick Recarga Barra de labios\">\r\n                        <\/div>\r\n\r\n                        <!-- Contenido de producto  -->\r\n                        <div>\r\n                            <div class=\"product-position\">\r\n                                #3                            <\/div>\r\n\r\n                            <h2>\r\n                                Lasting Plump Lipstick Recarga Barra de labios                            <\/h2>\r\n                        <\/div>\r\n\r\n                        <!-- Imagen y\/o nombre de la marca -->\r\n                        <div>\r\n                                                            <img decoding=\"async\" width=\"70\" src=\"https:\/\/www.primor.eu\/media\/catalog\/category\/sensai.png\" alt=\"Sensai\">\r\n                                                    <\/div>\r\n\r\n                        <!-- Puntuaci\u00f3n del producto  -->\r\n                        <div class=\"rating\">\r\n                                                            <div class=\"rate\" style=\"--p:86;\"><\/div>\r\n                                <b>4.3\/5<\/b>\r\n                                <div class=\"rate-stars\">\r\n                                                                            <div\r\n                                            class=\"rate-star  \">\r\n                                        <\/div>\r\n                                                                            <div\r\n                                            class=\"rate-star  \">\r\n                                        <\/div>\r\n                                                                            <div\r\n                                            class=\"rate-star  \">\r\n                                        <\/div>\r\n                                                                            <div\r\n                                            class=\"rate-star  \">\r\n                                        <\/div>\r\n                                                                            <div\r\n                                            class=\"rate-star  \">\r\n                                        <\/div>\r\n                                                                    <\/div>\r\n                                                    <\/div>\r\n\r\n                        <!-- Bot\u00f3n de producto  -->\r\n                        <div>\r\n                            <span class=\"price-claim\">\r\n                                VER PRECIO                            <\/span>\r\n                        <\/div>\r\n                    <\/a>\r\n                            <\/product-list>\r\n        <\/product-table>\r\n\r\n        \n\n\n\n<h3 class=\"wp-block-heading\">Quad Eyeshadow Paleta de sombra de ojos de Nars<\/h3>\n\n\n\n<p>La paleta de sombras de ojos NARS Quad Eyeshadow ofrece una selecci\u00f3n de tonos dise\u00f1ada para crear una experiencia vers\u00e1til en la mirada. La marca NARS presenta Quad Eyeshadow en una composici\u00f3n que combina rosa, topo, azul gris\u00e1ceo y marr\u00f3n, con una aplicaci\u00f3n uniforme gracias a su sistema de uni\u00f3n l\u00edquida. La propuesta de NARS permite trabajar cada tono de Quad Eyeshadow de forma precisa, manteniendo una estructura crom\u00e1tica pensada para diversos estilos.<\/p>\n\n\n    <a class='product' target='_blank' href='https:\/\/www.primor.eu\/es_es\/nars-quad-eyeshadow-paleta-de-sombra-de-ojos-127551.html?#803=56887'>\r\n        <img loading='async' src='https:\/\/cdn2.primor.eu\/media\/catalog\/product\/cache\/8d3aba296f7a18b5251ee30fa5db42b2\/1\/9\/194251151106_1_a3a5.jpg' alt='COMPRAR AHORA'>\r\n            <div class=\"claim\">\r\n                COMPRAR AHORA            <\/div>\r\n        <\/a>\r\n    \n\n\n<h3 class=\"wp-block-heading\">Ombres G Paleta de Sombras de Ojos de Guerlain<\/h3>\n\n\n\n<p>Descubre Ombres G, la paleta de sombras de ojos de Guerlain que viste la mirada con 4 tonos de alta costura. Cada paleta combina acabados satinados, mates, met\u00e1licos y nacarados para crear infinitas posibilidades, desde looks naturales hasta maquillajes sofisticados de noche.<\/p>\n\n\n\n<p>RESULTADO DE ALTO IMPACTO<\/p>\n\n\n\n<ul class=\"wp-block-list\">\n<li>Pigmentos intensos para un color vibrante y duradero.<\/li>\n\n\n\n<li>Textura ultrafina que se desliza suavemente sobre el p\u00e1rpado.<\/li>\n\n\n\n<li>Acabados variados: satinado, mate, met\u00e1lico y nacarado.<\/li>\n\n\n\n<li>Permite modular la intensidad y multiplicar los efectos.<\/li>\n<\/ul>\n\n\n\n<p>F\u00d3RMULA DE TRATAMIENTO<\/p>\n\n\n\n<p>Enriquecida con aceite de rosa de invierno, conocido por sus propiedades suavizantes y confortables.<\/p>\n\n\n    <a class='product' target='_blank' href='https:\/\/www.primor.eu\/es_es\/guerlain-paleta-de-sombras-ombres-g-110489.html?#803=71737'>\r\n        <img loading='async' src='https:\/\/cdn2.primor.eu\/media\/catalog\/product\/cache\/8d3aba296f7a18b5251ee30fa5db42b2\/0\/M\/0MO23763_1_7159.jpg' alt='COMPRAR AHORA'>\r\n            <div class=\"claim\">\r\n                COMPRAR AHORA            <\/div>\r\n        <\/a>\r\n    \n\n\n<h3 class=\"wp-block-heading\">Lasting Plump Lipstick Recarga Barra de labios de Sensai<\/h3>\n\n\n\n<p>Su textura cremosa se transforma en un velo gelificado que suaviza las l\u00edneas y aporta un efecto volumen, dejando los labios con un acabado jugoso, liso y radiante.<\/p>\n\n\n\n<p>Inspirada en la t\u00e9cnica tradicional roiro-nuri, esta barra de labios ofrece un acabado brillante y duradero que envuelve los labios en una pel\u00edcula ligera, no pegajosa y altamente hidratante.&nbsp;<\/p>\n\n\n    <a class='product' target='_blank' href='https:\/\/www.primor.eu\/es_es\/sensai-lasting-plump-lipstick-barra-de-labios-108701.html?#803=43719'>\r\n        <img loading='async' src='https:\/\/cdn2.primor.eu\/media\/catalog\/product\/cache\/8d3aba296f7a18b5251ee30fa5db42b2\/4\/9\/4973167501405_1_43ea.jpg' alt='COMPRAR AHORA'>\r\n            <div class=\"claim\">\r\n                COMPRAR AHORA            <\/div>\r\n        <\/a>\r\n    \n\n<div class=\"kk-star-ratings kksr-auto kksr-align-center kksr-valign-bottom\"\n    data-payload='{&quot;align&quot;:&quot;center&quot;,&quot;id&quot;:&quot;139912&quot;,&quot;slug&quot;:&quot;default&quot;,&quot;valign&quot;:&quot;bottom&quot;,&quot;ignore&quot;:&quot;&quot;,&quot;reference&quot;:&quot;auto&quot;,&quot;class&quot;:&quot;&quot;,&quot;count&quot;:&quot;0&quot;,&quot;legendonly&quot;:&quot;&quot;,&quot;readonly&quot;:&quot;&quot;,&quot;score&quot;:&quot;0&quot;,&quot;starsonly&quot;:&quot;&quot;,&quot;best&quot;:&quot;5&quot;,&quot;gap&quot;:&quot;5&quot;,&quot;greet&quot;:&quot;Valora este art\u00edculo&quot;,&quot;legend&quot;:&quot;0\\\/5 - (0 votos)&quot;,&quot;size&quot;:&quot;24&quot;,&quot;title&quot;:&quot;Lo has visto todo el rato pero no sabes c\u00f3mo se llama: qu\u00e9 es el maquillaje editorial&quot;,&quot;width&quot;:&quot;0&quot;,&quot;_legend&quot;:&quot;{score}\\\/{best} - ({count} {votes})&quot;,&quot;font_factor&quot;:&quot;1.25&quot;}'>\n            \n<div class=\"kksr-stars\">\n    \n<div class=\"kksr-stars-inactive\">\n            <div class=\"kksr-star\" data-star=\"1\" style=\"padding-right: 5px\">\n            \n\n<div class=\"kksr-icon\" style=\"width: 24px; height: 24px;\"><\/div>\n        <\/div>\n            <div class=\"kksr-star\" data-star=\"2\" style=\"padding-right: 5px\">\n            \n\n<div class=\"kksr-icon\" style=\"width: 24px; height: 24px;\"><\/div>\n        <\/div>\n            <div class=\"kksr-star\" data-star=\"3\" style=\"padding-right: 5px\">\n            \n\n<div class=\"kksr-icon\" style=\"width: 24px; height: 24px;\"><\/div>\n        <\/div>\n            <div class=\"kksr-star\" data-star=\"4\" style=\"padding-right: 5px\">\n            \n\n<div class=\"kksr-icon\" style=\"width: 24px; height: 24px;\"><\/div>\n        <\/div>\n            <div class=\"kksr-star\" data-star=\"5\" style=\"padding-right: 5px\">\n            \n\n<div class=\"kksr-icon\" style=\"width: 24px; height: 24px;\"><\/div>\n        <\/div>\n    <\/div>\n    \n<div class=\"kksr-stars-active\" style=\"width: 0px;\">\n            <div class=\"kksr-star\" style=\"padding-right: 5px\">\n            \n\n<div class=\"kksr-icon\" style=\"width: 24px; height: 24px;\"><\/div>\n        <\/div>\n            <div class=\"kksr-star\" style=\"padding-right: 5px\">\n            \n\n<div class=\"kksr-icon\" style=\"width: 24px; height: 24px;\"><\/div>\n        <\/div>\n            <div class=\"kksr-star\" style=\"padding-right: 5px\">\n            \n\n<div class=\"kksr-icon\" style=\"width: 24px; height: 24px;\"><\/div>\n        <\/div>\n            <div class=\"kksr-star\" style=\"padding-right: 5px\">\n            \n\n<div class=\"kksr-icon\" style=\"width: 24px; height: 24px;\"><\/div>\n        <\/div>\n            <div class=\"kksr-star\" style=\"padding-right: 5px\">\n            \n\n<div class=\"kksr-icon\" style=\"width: 24px; height: 24px;\"><\/div>\n        <\/div>\n    <\/div>\n<\/div>\n                \n\n<div class=\"kksr-legend\" style=\"font-size: 19.2px;\">\n            <span class=\"kksr-muted\">Valora este art\u00edculo<\/span>\n    <\/div>\n    <\/div>\n","protected":false},"excerpt":{"rendered":"<p>El maquillaje editorial es una tendencia que te puede sonar exc\u00e9ntrica o fuera de lo com\u00fan, pero lo has visto m\u00e1s de una vez. El maquillaje editorial es muy com\u00fan en redes sociales, desfiles y campa\u00f1as de moda y en revistas.\u00a0 Hoy te vamos a contar en detalle qu\u00e9 es el maquillaje editorial, cu\u00e1les son [&hellip;]<\/p>\n","protected":false},"author":30,"featured_media":139915,"comment_status":"closed","ping_status":"closed","sticky":false,"template":"","format":"standard","meta":{"jnews-multi-image_gallery":[],"jnews_single_post":{"format":"standard"},"jnews_primary_category":[],"jnews_social_meta":[],"jnews_override_counter":[],"footnotes":""},"categories":[41],"tags":[],"class_list":["post-139912","post","type-post","status-publish","format-standard","has-post-thumbnail","hentry","category-maquillaje"],"_links":{"self":[{"href":"https:\/\/www.primor.eu\/blog\/wp-json\/wp\/v2\/posts\/139912","targetHints":{"allow":["GET"]}}],"collection":[{"href":"https:\/\/www.primor.eu\/blog\/wp-json\/wp\/v2\/posts"}],"about":[{"href":"https:\/\/www.primor.eu\/blog\/wp-json\/wp\/v2\/types\/post"}],"author":[{"embeddable":true,"href":"https:\/\/www.primor.eu\/blog\/wp-json\/wp\/v2\/users\/30"}],"replies":[{"embeddable":true,"href":"https:\/\/www.primor.eu\/blog\/wp-json\/wp\/v2\/comments?post=139912"}],"version-history":[{"count":2,"href":"https:\/\/www.primor.eu\/blog\/wp-json\/wp\/v2\/posts\/139912\/revisions"}],"predecessor-version":[{"id":139918,"href":"https:\/\/www.primor.eu\/blog\/wp-json\/wp\/v2\/posts\/139912\/revisions\/139918"}],"wp:featuredmedia":[{"embeddable":true,"href":"https:\/\/www.primor.eu\/blog\/wp-json\/wp\/v2\/media\/139915"}],"wp:attachment":[{"href":"https:\/\/www.primor.eu\/blog\/wp-json\/wp\/v2\/media?parent=139912"}],"wp:term":[{"taxonomy":"category","embeddable":true,"href":"https:\/\/www.primor.eu\/blog\/wp-json\/wp\/v2\/categories?post=139912"},{"taxonomy":"post_tag","embeddable":true,"href":"https:\/\/www.primor.eu\/blog\/wp-json\/wp\/v2\/tags?post=139912"}],"curies":[{"name":"wp","href":"https:\/\/api.w.org\/{rel}","templated":true}]}}