{"id":139904,"date":"2026-03-15T18:00:00","date_gmt":"2026-03-15T18:00:00","guid":{"rendered":"https:\/\/www.primor.eu\/blog\/?p=139904"},"modified":"2026-04-28T11:50:21","modified_gmt":"2026-04-28T11:50:21","slug":"manicura-funcional","status":"publish","type":"post","link":"https:\/\/www.primor.eu\/blog\/manicura-funcional\/","title":{"rendered":"Adi\u00f3s al nail art exagerado: la manicura funcional es tendencia"},"content":{"rendered":"\n<p>La <a href=\"https:\/\/www.primor.eu\/blog\/manicura-natural\/\" data-type=\"link\" data-id=\"https:\/\/www.primor.eu\/blog\/manicura-natural\/\"><strong>manicura funcional<\/strong> <\/a>es una de las tendencias que m\u00e1s est\u00e1n pegando ahora mismo. Lo mejor de esto es que es mucho m\u00e1s sencilla y lleva menos trabajo que dise\u00f1os de nail art o similares.&nbsp;<\/p>\n\n\n\n<p>Y que, tambi\u00e9n, en algunos casos se basa en la naturalidad y la oportunidad de que las u\u00f1as se puedan recuperar. Y es que una manicura funcional tambi\u00e9n puede ser una opci\u00f3n sin <a href=\"https:\/\/www.primor.eu\/es_es\/esmaltes-de-unas-lujo\" data-type=\"link\" data-id=\"https:\/\/www.primor.eu\/es_es\/esmaltes-de-unas-lujo\"><strong>esmaltes<\/strong><\/a>, en la que las u\u00f1as se regeneren con <strong><a href=\"https:\/\/www.primor.eu\/es_es\/cuidado-de-unas-lujo\" data-type=\"link\" data-id=\"https:\/\/www.primor.eu\/es_es\/cuidado-de-unas-lujo\">s\u00e9rums<\/a> <\/strong>y simplemente se lleven bien cuidadas y limadas.<\/p>\n\n\n\n<h2 class=\"wp-block-heading\">Qu\u00e9 es la manicura funcional<\/h2>\n\n\n\n<p>Antes de entrar a ver por qu\u00e9 es tendencia la <strong>manicura funcional<\/strong>, vamos a contarte un poco de qu\u00e9 se trata por si no la conoces. Se trata de una tendencia que apuesta por los colores neutros o monocrom\u00e1ticos como los tonos nude, suaves rosados o empolvados, que funcionan con cualquier look. Incluso quiz\u00e1s sin color para que descansen las u\u00f1as.<\/p>\n\n\n\n<p>Por otro lado, y en cuanto a formas se refiere, la componen tama\u00f1os y formas pr\u00e1cticas. Esto quiere decir u\u00f1as de longitud moderada o corta que, como su propio nombre indica, son funcionales para realizar nuestras tareas cotidianas manuales o los trabajos en el ordenador.\u00a0<\/p>\n\n\n\n<h2 class=\"wp-block-heading\">Por qu\u00e9 es tendencia a la manicura funcional<\/h2>\n\n\n\n<p>Y es que la tendencia hacia lo natural es cada vez m\u00e1s marcada. En <strong><a href=\"https:\/\/www.primor.eu\/es_es\/\">Primor <\/a><\/strong>somos de la opini\u00f3n de que cada persona debe elegir sus tendencias de belleza acorde con su personalidad. Yo en particular, apuesto por la belleza natural y si t\u00fa tambi\u00e9n, seguro que te encanta la manicura funcional.<\/p>\n\n\n\n<p>De hecho, cada vez vemos m\u00e1s <strong>tendencias de maquillaje<\/strong> y cabello naturales y minimalistas. Un rostro sin base, bien cuidado e hidratado y apenas con un toque de m\u00e1scara de pesta\u00f1as o labial. Un cabello sin mechas, ya que estamos volviendo a la belleza natural de las melenas casta\u00f1as.<\/p>\n\n\n\n<p>Por tanto, la tendencia en manicuras va hacia el mismo lugar y ese es el motivo de que la <strong>manicura funcional <\/strong>est\u00e9 pegando fuerte. Y es que una de las ventajas es que la est\u00e9tica sencilla y elegante nunca pasar\u00e1 de moda, porque la belleza natural y el estilo casual son sello de personalidad, ya lo instauraron iconos de la moda y la belleza como Coco Chanel.<\/p>\n\n\n\n<h2 class=\"wp-block-heading\">La manicura funcional, un paso m\u00e1s hacia el minimal<\/h2>\n\n\n\n<p>De hecho, estamos viendo que la <strong>manicura funcional<\/strong> es un paso m\u00e1s en estas tendencias de belleza cada vez m\u00e1s casual y minimalista. Y es que en los \u00faltimos tiempos hemos visto que las tendencias en manicura miraban hacia el nail art, aunque ahora el maximalismo en el \u00e1mbito de manicuras, tambi\u00e9n est\u00e1 siendo desbancado.\u00a0<\/p>\n\n\n\n<p>No obstante, el nail art y las manicuras grandilocuentes no son para todo el mundo. Por lo que esas tendencias no han sido replicadas por muchas mujeres para las que la bandera sigue siendo la sencillez y la belleza sofisticada.&nbsp;<\/p>\n\n\n\n<p>Y es por eso que esas mismas mujeres, ahora est\u00e1n de enhorabuena con esta tendencia de <strong>manicura funcional<\/strong>, con la que se sienten mucho m\u00e1s alineadas. Y es que entra dentro de la tendencia <strong>quiet luxury<\/strong> (lujo silencioso), cuya bandera es la simplicidad refinada que realza las manos en este caso, sin llegar a verse llamativas.<\/p>\n\n\n<div class=\"kk-star-ratings kksr-auto kksr-align-center kksr-valign-bottom\"\n    data-payload='{&quot;align&quot;:&quot;center&quot;,&quot;id&quot;:&quot;139904&quot;,&quot;slug&quot;:&quot;default&quot;,&quot;valign&quot;:&quot;bottom&quot;,&quot;ignore&quot;:&quot;&quot;,&quot;reference&quot;:&quot;auto&quot;,&quot;class&quot;:&quot;&quot;,&quot;count&quot;:&quot;1&quot;,&quot;legendonly&quot;:&quot;&quot;,&quot;readonly&quot;:&quot;&quot;,&quot;score&quot;:&quot;5&quot;,&quot;starsonly&quot;:&quot;&quot;,&quot;best&quot;:&quot;5&quot;,&quot;gap&quot;:&quot;5&quot;,&quot;greet&quot;:&quot;Valora este art\u00edculo&quot;,&quot;legend&quot;:&quot;5\\\/5 - (1 voto)&quot;,&quot;size&quot;:&quot;24&quot;,&quot;title&quot;:&quot;Adi\u00f3s al nail art exagerado: la manicura funcional es tendencia&quot;,&quot;width&quot;:&quot;142.5&quot;,&quot;_legend&quot;:&quot;{score}\\\/{best} - ({count} {votes})&quot;,&quot;font_factor&quot;:&quot;1.25&quot;}'>\n            \n<div class=\"kksr-stars\">\n    \n<div class=\"kksr-stars-inactive\">\n            <div class=\"kksr-star\" data-star=\"1\" style=\"padding-right: 5px\">\n            \n\n<div class=\"kksr-icon\" style=\"width: 24px; height: 24px;\"><\/div>\n        <\/div>\n            <div class=\"kksr-star\" data-star=\"2\" style=\"padding-right: 5px\">\n            \n\n<div class=\"kksr-icon\" style=\"width: 24px; height: 24px;\"><\/div>\n        <\/div>\n            <div class=\"kksr-star\" data-star=\"3\" style=\"padding-right: 5px\">\n            \n\n<div class=\"kksr-icon\" style=\"width: 24px; height: 24px;\"><\/div>\n        <\/div>\n            <div class=\"kksr-star\" data-star=\"4\" style=\"padding-right: 5px\">\n            \n\n<div class=\"kksr-icon\" style=\"width: 24px; height: 24px;\"><\/div>\n        <\/div>\n            <div class=\"kksr-star\" data-star=\"5\" style=\"padding-right: 5px\">\n            \n\n<div class=\"kksr-icon\" style=\"width: 24px; height: 24px;\"><\/div>\n        <\/div>\n    <\/div>\n    \n<div class=\"kksr-stars-active\" style=\"width: 142.5px;\">\n            <div class=\"kksr-star\" style=\"padding-right: 5px\">\n            \n\n<div class=\"kksr-icon\" style=\"width: 24px; height: 24px;\"><\/div>\n        <\/div>\n            <div class=\"kksr-star\" style=\"padding-right: 5px\">\n            \n\n<div class=\"kksr-icon\" style=\"width: 24px; height: 24px;\"><\/div>\n        <\/div>\n            <div class=\"kksr-star\" style=\"padding-right: 5px\">\n            \n\n<div class=\"kksr-icon\" style=\"width: 24px; height: 24px;\"><\/div>\n        <\/div>\n            <div class=\"kksr-star\" style=\"padding-right: 5px\">\n            \n\n<div class=\"kksr-icon\" style=\"width: 24px; height: 24px;\"><\/div>\n        <\/div>\n            <div class=\"kksr-star\" style=\"padding-right: 5px\">\n            \n\n<div class=\"kksr-icon\" style=\"width: 24px; height: 24px;\"><\/div>\n        <\/div>\n    <\/div>\n<\/div>\n                \n\n<div class=\"kksr-legend\" style=\"font-size: 19.2px;\">\n            5\/5 - (1 voto)    <\/div>\n    <\/div>\n","protected":false},"excerpt":{"rendered":"<p>La manicura funcional es una de las tendencias que m\u00e1s est\u00e1n pegando ahora mismo. Lo mejor de esto es que es mucho m\u00e1s sencilla y lleva menos trabajo que dise\u00f1os de nail art o similares.&nbsp; Y que, tambi\u00e9n, en algunos casos se basa en la naturalidad y la oportunidad de que las u\u00f1as se puedan [&hellip;]<\/p>\n","protected":false},"author":30,"featured_media":139905,"comment_status":"closed","ping_status":"closed","sticky":false,"template":"","format":"standard","meta":{"jnews-multi-image_gallery":[],"jnews_single_post":{"format":"standard"},"jnews_primary_category":[],"jnews_social_meta":[],"jnews_override_counter":[],"footnotes":""},"categories":[1831],"tags":[],"class_list":["post-139904","post","type-post","status-publish","format-standard","has-post-thumbnail","hentry","category-manicuras"],"_links":{"self":[{"href":"https:\/\/www.primor.eu\/blog\/wp-json\/wp\/v2\/posts\/139904","targetHints":{"allow":["GET"]}}],"collection":[{"href":"https:\/\/www.primor.eu\/blog\/wp-json\/wp\/v2\/posts"}],"about":[{"href":"https:\/\/www.primor.eu\/blog\/wp-json\/wp\/v2\/types\/post"}],"author":[{"embeddable":true,"href":"https:\/\/www.primor.eu\/blog\/wp-json\/wp\/v2\/users\/30"}],"replies":[{"embeddable":true,"href":"https:\/\/www.primor.eu\/blog\/wp-json\/wp\/v2\/comments?post=139904"}],"version-history":[{"count":4,"href":"https:\/\/www.primor.eu\/blog\/wp-json\/wp\/v2\/posts\/139904\/revisions"}],"predecessor-version":[{"id":141903,"href":"https:\/\/www.primor.eu\/blog\/wp-json\/wp\/v2\/posts\/139904\/revisions\/141903"}],"wp:featuredmedia":[{"embeddable":true,"href":"https:\/\/www.primor.eu\/blog\/wp-json\/wp\/v2\/media\/139905"}],"wp:attachment":[{"href":"https:\/\/www.primor.eu\/blog\/wp-json\/wp\/v2\/media?parent=139904"}],"wp:term":[{"taxonomy":"category","embeddable":true,"href":"https:\/\/www.primor.eu\/blog\/wp-json\/wp\/v2\/categories?post=139904"},{"taxonomy":"post_tag","embeddable":true,"href":"https:\/\/www.primor.eu\/blog\/wp-json\/wp\/v2\/tags?post=139904"}],"curies":[{"name":"wp","href":"https:\/\/api.w.org\/{rel}","templated":true}]}}